{"id":115068,"date":"2025-11-19T07:05:28","date_gmt":"2025-11-19T11:05:28","guid":{"rendered":"https:\/\/lasprimeras.com.do\/?p=115068"},"modified":"2025-11-19T07:05:29","modified_gmt":"2025-11-19T11:05:29","slug":"corte-apelaciones-argentina-confirma-cargos-contra-expresidente-fernandez-por-corrupcion","status":"publish","type":"post","link":"https:\/\/lasprimeras.com.do\/index.php\/2025\/11\/19\/corte-apelaciones-argentina-confirma-cargos-contra-expresidente-fernandez-por-corrupcion\/","title":{"rendered":"Corte apelaciones argentina confirma cargos contra expresidente Fern\u00e1ndez por corrupci\u00f3n"},"content":{"rendered":"\n<p>BUENOS AIRES (AP) \u2014 Un tribunal de apelaciones de Argentina confirm\u00f3 el martes los cargos contra el ex presidente de centro-izquierda Alberto Fern\u00e1ndez por supuesto desfalco al Estado en la contrataci\u00f3n de seguros para el sector p\u00fablico durante su mandato (2019-2023) y lo dej\u00f3 al borde del juicio oral.<\/p>\n\n\n\n<p>La C\u00e1mara Federal de Apelaciones de la Naci\u00f3n convalid\u00f3 el procesamiento sin prisi\u00f3n preventiva del exmandatario de 66 a\u00f1os por el delito de negociaciones incompatibles con el ejercicio de la funci\u00f3n p\u00fablica, castigado por el C\u00f3digo Penal argentino con una pena de uno a seis a\u00f1os de c\u00e1rcel e inhabilitaci\u00f3n perpetua para ejercer cargos p\u00fablicos.<\/p>\n\n\n\n<p>El tribunal tambi\u00e9n trab\u00f3 embargo sobre sus bienes de Fern\u00e1ndez por el equivalente a 10 millones de d\u00f3lares y le prohibi\u00f3 salir del pa\u00eds sin autorizaci\u00f3n.<\/p>\n\n\n\n<p>El fallo difundido el martes fue en respuesta a las apelaciones interpuestas por la defensa de Fern\u00e1ndez y de casi una veintena de exfuncionarios y empresarios vinculados al negocio de los seguros contra la investigaci\u00f3n que llev\u00f3 adelante un juez de primera instancia desde principios de 2024.<\/p>\n\n\n\n<p>La justicia determin\u00f3 que a partir de un decreto firmado por Fern\u00e1ndez en diciembre de 2021 \u2014en la mitad de su gesti\u00f3n\u2014 se impuso la obligaci\u00f3n al sector p\u00fablico nacional de contratar servicios de seguros exclusivamente a trav\u00e9s de la empresa p\u00fablica \u201cNaci\u00f3n Seguros S.A.\u201d, sin permitirse que se pueda contratar a otras empresas mediante una licitaci\u00f3n p\u00fablica.<\/p>\n\n\n\n<p>El mismo decreto facult\u00f3 a esa entidad a dar intervenci\u00f3n a otras aseguradoras privadas en forma de coaseguro y ello habr\u00eda permitido el direccionamiento de porcentajes de los contratos a las aseguradoras privadas que eran seleccionadas de forma arbitraria.<\/p>\n\n\n\n<p>Estas resoluciones habr\u00edan dado lugar a que gran parte de las contrataciones contasen con la intervenci\u00f3n de personas f\u00edsicas o jur\u00eddicas que actuaron como intermediarios, los cuales se habr\u00edan beneficiado con la percepci\u00f3n de importantes comisiones.<\/p>\n\n\n\n<p>Uno de los intermediarios m\u00e1s beneficiados fue H\u00e9ctor Mart\u00ednez Sosa, quien adem\u00e1s es el esposo de la secretaria privada de Fern\u00e1ndez, Mar\u00eda Cantero. Ambos tambi\u00e9n est\u00e1n acusados en el caso.<\/p>\n\n\n\n<p>En calidad de productor asesor directo, Sosa percibi\u00f3 un equivalente al 59,6% de las comisiones liquidadas por \u201cNaci\u00f3n Seguros S.A.\u201d<\/p>\n\n\n\n<p>Para el tribunal de apelaciones, hubo \u201cuna participaci\u00f3n directa de Fern\u00e1ndez en el entramado de negociaciones y ejercicio de influencias\u201d.<\/p>\n\n\n\n<p>El fallo de este martes da luz verde al juez federal Sebasti\u00e1n Casanello, quien lleva la pesquisa, a elevar el caso a juicio oral.<\/p>\n\n\n\n<p>No obstante, en la misma resoluci\u00f3n, el tribunal le encomend\u00f3 al magistrado profundizar la causa para establecer el circuito del dinero.<\/p>\n\n\n\n<p>El expresidente no se pronunci\u00f3 sobre el fallo. Su defensa hab\u00eda planteado la nulidad del proceso por afectaci\u00f3n de los principios de congruencia y de imparcialidad por parte del primer juez del caso, que fue desplazado.<\/p>\n\n\n\n<p>Fern\u00e1ndez tambi\u00e9n enfrenta otra causa por lesiones leves y graves y amenazas coactivas contra su expareja, Fabiola Y\u00e1\u00f1ez. El fiscal del caso ya pidi\u00f3 la elevaci\u00f3n a juicio del expediente.<\/p>\n","protected":false},"excerpt":{"rendered":"<p>BUENOS AIRES (AP) \u2014 Un tribunal de apelaciones de Argentina confirm\u00f3 el martes los cargos contra el ex presidente de centro-izquierda Alberto Fern\u00e1ndez por supuesto desfalco al Estado en la&hellip;<\/p>\n","protected":false},"author":10,"featured_media":115069,"comment_status":"open","ping_status":"open","sticky":false,"template":"","format":"standard","meta":{"content-type":"","jetpack_post_was_ever_published":false,"_jetpack_newsletter_access":"","_jetpack_dont_email_post_to_subs":false,"_jetpack_newsletter_tier_id":0,"_jetpack_memberships_contains_paywalled_content":false,"_jetpack_memberships_contains_paid_content":false,"footnotes":""},"categories":[16289],"tags":[9693,3545,1841,27430],"class_list":["post-115068","post","type-post","status-publish","format-standard","has-post-thumbnail","hentry","category-internacionales","tag-alberto-fernandez","tag-cargos","tag-corrupcion","tag-corte-apelaciones-argentina"],"jetpack_featured_media_url":"https:\/\/lasprimeras.com.do\/wp-content\/uploads\/2025\/11\/Alberto-Fernandez.jpg","jetpack-related-posts":[{"id":103010,"url":"https:\/\/lasprimeras.com.do\/index.php\/2025\/07\/10\/argentina-acusa-al-expresidente-alberto-fernandez-de-corrupcion\/","url_meta":{"origin":115068,"position":0},"title":"Argentina acusa al expresidente Alberto Fern\u00e1ndez de corrupci\u00f3n","author":"Nelson Feliz","date":"10 de julio de 2025","format":false,"excerpt":"BUENOS AIRES, Argentina (AP) \u2014 La Fiscal\u00eda de Argentina acus\u00f3 formalmente el jueves al expresidente Alberto Fern\u00e1ndez de irregularidades en la contrataci\u00f3n de seguros para el sector p\u00fablico durante su administraci\u00f3n. Sin embargo, el juez federal Sebasti\u00e1n Casanello permiti\u00f3 que Fern\u00e1ndez permanezca en libertad mientras avanza el caso contra el\u2026","rel":"","context":"En \u00abINTERNACIONALES\u00bb","block_context":{"text":"INTERNACIONALES","link":"https:\/\/lasprimeras.com.do\/index.php\/category\/sin-categoria\/internacionales\/"},"img":{"alt_text":"Alberto Fern\u00e1ndez","src":"https:\/\/i0.wp.com\/lasprimeras.com.do\/wp-content\/uploads\/2025\/07\/Alberto-Fernandez.jpg?resize=350%2C200&ssl=1","width":350,"height":200,"srcset":"https:\/\/i0.wp.com\/lasprimeras.com.do\/wp-content\/uploads\/2025\/07\/Alberto-Fernandez.jpg?resize=350%2C200&ssl=1 1x, https:\/\/i0.wp.com\/lasprimeras.com.do\/wp-content\/uploads\/2025\/07\/Alberto-Fernandez.jpg?resize=525%2C300&ssl=1 1.5x, https:\/\/i0.wp.com\/lasprimeras.com.do\/wp-content\/uploads\/2025\/07\/Alberto-Fernandez.jpg?resize=700%2C400&ssl=1 2x"},"classes":[]},{"id":68076,"url":"https:\/\/lasprimeras.com.do\/index.php\/2023\/11\/21\/transicion-en-argentina-empieza-sin-encuentro-previsto-entre-alberto-fernandez-y-milei\/","url_meta":{"origin":115068,"position":1},"title":"Transici\u00f3n en Argentina empieza sin encuentro previsto entre Alberto Fern\u00e1ndez y Milei","author":"Nelson Feliz","date":"21 de noviembre de 2023","format":false,"excerpt":"Argentina, EFE.-. El excandidato oficialista a la Presidencia, Sergio Massa, seguir\u00e1 como ministro de Econom\u00eda y dispuso un equipo de transici\u00f3n que apoye a Fern\u00e1ndez en sus contactos con Milei. La transici\u00f3n en Argentina hacia el nuevo Ejecutivo que tomar\u00e1 posesi\u00f3n el 10 de diciembre comienza sin el previsto encuentro\u2026","rel":"","context":"En \u00abSin categor\u00eda\u00bb","block_context":{"text":"Sin categor\u00eda","link":"https:\/\/lasprimeras.com.do\/index.php\/category\/sin-categoria\/"},"img":{"alt_text":"Alberto Fern\u00e1ndez","src":"https:\/\/i0.wp.com\/lasprimeras.com.do\/wp-content\/uploads\/2023\/11\/Alberto-Fernandez.jpeg?resize=350%2C200&ssl=1","width":350,"height":200,"srcset":"https:\/\/i0.wp.com\/lasprimeras.com.do\/wp-content\/uploads\/2023\/11\/Alberto-Fernandez.jpeg?resize=350%2C200&ssl=1 1x, https:\/\/i0.wp.com\/lasprimeras.com.do\/wp-content\/uploads\/2023\/11\/Alberto-Fernandez.jpeg?resize=525%2C300&ssl=1 1.5x, https:\/\/i0.wp.com\/lasprimeras.com.do\/wp-content\/uploads\/2023\/11\/Alberto-Fernandez.jpeg?resize=700%2C400&ssl=1 2x"},"classes":[]},{"id":100704,"url":"https:\/\/lasprimeras.com.do\/index.php\/2025\/06\/11\/expresidenta-argentina-fernandez-arremete-contra-jueces-de-corte-suprema-que-ratificaron-su-condena\/","url_meta":{"origin":115068,"position":2},"title":"Expresidenta argentina Fern\u00e1ndez arremete contra jueces de Corte Suprema que ratificaron su condena","author":"Nelson Feliz","date":"11 de junio de 2025","format":false,"excerpt":"POR ALMUDENA CALATRAVA and D\u00c9BORA REY BUENOS AIRES (AP) \u2014 La expresidenta argentina Cristina Fern\u00e1ndez calific\u00f3 de \u201cmonigotes\u201d del poder econ\u00f3mico a los tres jueces de la Corte Suprema que el martes ratificaron la condena en su contra a seis a\u00f1os de prisi\u00f3n e inhabilitaci\u00f3n para ocupar cargos p\u00fablicos por\u2026","rel":"","context":"En \u00abINTERNACIONALES\u00bb","block_context":{"text":"INTERNACIONALES","link":"https:\/\/lasprimeras.com.do\/index.php\/category\/sin-categoria\/internacionales\/"},"img":{"alt_text":"","src":"https:\/\/i0.wp.com\/lasprimeras.com.do\/wp-content\/uploads\/2025\/06\/Cristina-Fernandez.jpg?resize=350%2C200&ssl=1","width":350,"height":200,"srcset":"https:\/\/i0.wp.com\/lasprimeras.com.do\/wp-content\/uploads\/2025\/06\/Cristina-Fernandez.jpg?resize=350%2C200&ssl=1 1x, https:\/\/i0.wp.com\/lasprimeras.com.do\/wp-content\/uploads\/2025\/06\/Cristina-Fernandez.jpg?resize=525%2C300&ssl=1 1.5x, https:\/\/i0.wp.com\/lasprimeras.com.do\/wp-content\/uploads\/2025\/06\/Cristina-Fernandez.jpg?resize=700%2C400&ssl=1 2x"},"classes":[]},{"id":92175,"url":"https:\/\/lasprimeras.com.do\/index.php\/2024\/12\/31\/javier-milei-promete-motosierra-profunda-en-2025-podra-frenarlo-la-oposicion\/","url_meta":{"origin":115068,"position":3},"title":"Javier Milei promete \u201cmotosierra profunda\u201d en 2025, \u00bfpodr\u00e1 frenarlo la oposici\u00f3n?","author":"Nelson Feliz","date":"31 de diciembre de 2024","format":false,"excerpt":"By D\u00c9BORA REY BUENOS AIRES (AP) \u2014 En su a\u00f1o de estreno como presidente, el ultraderechista argentino Javier Milei ejecut\u00f3 el ajuste \u201cm\u00e1s grande de la historia de la humanidad\u201d, como lo calific\u00f3, sobre el gasto p\u00fablico y con apenas un pu\u00f1ado de legisladores en el Congreso y ning\u00fan gobernador\u2026","rel":"","context":"En \u00abINTERNACIONALES\u00bb","block_context":{"text":"INTERNACIONALES","link":"https:\/\/lasprimeras.com.do\/index.php\/category\/sin-categoria\/internacionales\/"},"img":{"alt_text":"Javier Milei","src":"https:\/\/i0.wp.com\/lasprimeras.com.do\/wp-content\/uploads\/2024\/12\/Javier-Milei.jpg?resize=350%2C200&ssl=1","width":350,"height":200,"srcset":"https:\/\/i0.wp.com\/lasprimeras.com.do\/wp-content\/uploads\/2024\/12\/Javier-Milei.jpg?resize=350%2C200&ssl=1 1x, https:\/\/i0.wp.com\/lasprimeras.com.do\/wp-content\/uploads\/2024\/12\/Javier-Milei.jpg?resize=525%2C300&ssl=1 1.5x, https:\/\/i0.wp.com\/lasprimeras.com.do\/wp-content\/uploads\/2024\/12\/Javier-Milei.jpg?resize=700%2C400&ssl=1 2x"},"classes":[]},{"id":78033,"url":"https:\/\/lasprimeras.com.do\/index.php\/2024\/02\/27\/gobernadores-en-pie-de-guerra-que-hay-detras-de-la-disputa-entre-milei-y-las-provincias-argentinas\/","url_meta":{"origin":115068,"position":4},"title":"Gobernadores en pie de guerra: qu\u00e9 hay detr\u00e1s de la disputa entre Milei y las provincias argentinas","author":"Nelson Feliz","date":"27 de febrero de 2024","format":false,"excerpt":"Emmanuel Gentile Varios mandatarios del interior recurrieron a la Justicia por fondos federales que dejaron de recibir. En la Patagonia, paralizar\u00edan la producci\u00f3n de petr\u00f3leo como respuesta a la \"extorsi\u00f3n\" del presidente. \"Los voy a dejar sin un peso, los voy a fundir a todos\". La frase es del presidente\u2026","rel":"","context":"En \u00abSin categor\u00eda\u00bb","block_context":{"text":"Sin categor\u00eda","link":"https:\/\/lasprimeras.com.do\/index.php\/category\/sin-categoria\/"},"img":{"alt_text":"El presidente argentino Javier Milei en la Universidad de Buenos Aires, el 8 de octubre de 2023 Agustin Marcarian \/ Pool \/ Gettyimages.ru","src":"https:\/\/i0.wp.com\/lasprimeras.com.do\/wp-content\/uploads\/2024\/02\/Javier-Milei-2.jpg?resize=350%2C200&ssl=1","width":350,"height":200,"srcset":"https:\/\/i0.wp.com\/lasprimeras.com.do\/wp-content\/uploads\/2024\/02\/Javier-Milei-2.jpg?resize=350%2C200&ssl=1 1x, https:\/\/i0.wp.com\/lasprimeras.com.do\/wp-content\/uploads\/2024\/02\/Javier-Milei-2.jpg?resize=525%2C300&ssl=1 1.5x, https:\/\/i0.wp.com\/lasprimeras.com.do\/wp-content\/uploads\/2024\/02\/Javier-Milei-2.jpg?resize=700%2C400&ssl=1 2x"},"classes":[]},{"id":87820,"url":"https:\/\/lasprimeras.com.do\/index.php\/2024\/08\/18\/crecen-denuncias-de-violencia-de-genero-en-argentina-tras-acusaciones-contra-fernandez\/","url_meta":{"origin":115068,"position":5},"title":"Crecen denuncias de violencia de g\u00e9nero en Argentina tras acusaciones contra Fern\u00e1ndez","author":"Nelson Feliz","date":"18 de agosto de 2024","format":false,"excerpt":"Ver\u00f3nica DaltoAgencia EFE Buenos Aires, (EFE).- Las llamadas a la l\u00ednea telef\u00f3nica de atenci\u00f3n a v\u00edctimas de violencia machista aumentaron significativamente en Argentina tras la denuncia contra el expresidente Alberto Fern\u00e1ndez (2019-2023) por parte de la ex primera dama, Fabiola Y\u00e1\u00f1ez, seg\u00fan indican cifras oficiales a las que tuvo acceso\u2026","rel":"","context":"En \u00abSin categor\u00eda\u00bb","block_context":{"text":"Sin categor\u00eda","link":"https:\/\/lasprimeras.com.do\/index.php\/category\/sin-categoria\/"},"img":{"alt_text":"Alberto Fern\u00e1ndez","src":"https:\/\/i0.wp.com\/lasprimeras.com.do\/wp-content\/uploads\/2024\/08\/Alberto-Fernandez.jpg?resize=350%2C200&ssl=1","width":350,"height":200},"classes":[]}],"jetpack_sharing_enabled":true,"_links":{"self":[{"href":"https:\/\/lasprimeras.com.do\/index.php\/wp-json\/wp\/v2\/posts\/115068","targetHints":{"allow":["GET"]}}],"collection":[{"href":"https:\/\/lasprimeras.com.do\/index.php\/wp-json\/wp\/v2\/posts"}],"about":[{"href":"https:\/\/lasprimeras.com.do\/index.php\/wp-json\/wp\/v2\/types\/post"}],"author":[{"embeddable":true,"href":"https:\/\/lasprimeras.com.do\/index.php\/wp-json\/wp\/v2\/users\/10"}],"replies":[{"embeddable":true,"href":"https:\/\/lasprimeras.com.do\/index.php\/wp-json\/wp\/v2\/comments?post=115068"}],"version-history":[{"count":1,"href":"https:\/\/lasprimeras.com.do\/index.php\/wp-json\/wp\/v2\/posts\/115068\/revisions"}],"predecessor-version":[{"id":115070,"href":"https:\/\/lasprimeras.com.do\/index.php\/wp-json\/wp\/v2\/posts\/115068\/revisions\/115070"}],"wp:featuredmedia":[{"embeddable":true,"href":"https:\/\/lasprimeras.com.do\/index.php\/wp-json\/wp\/v2\/media\/115069"}],"wp:attachment":[{"href":"https:\/\/lasprimeras.com.do\/index.php\/wp-json\/wp\/v2\/media?parent=115068"}],"wp:term":[{"taxonomy":"category","embeddable":true,"href":"https:\/\/lasprimeras.com.do\/index.php\/wp-json\/wp\/v2\/categories?post=115068"},{"taxonomy":"post_tag","embeddable":true,"href":"https:\/\/lasprimeras.com.do\/index.php\/wp-json\/wp\/v2\/tags?post=115068"}],"curies":[{"name":"wp","href":"https:\/\/api.w.org\/{rel}","templated":true}]}}