{"id":115083,"date":"2025-11-19T08:03:49","date_gmt":"2025-11-19T12:03:49","guid":{"rendered":"https:\/\/lasprimeras.com.do\/?p=115083"},"modified":"2025-11-19T08:03:51","modified_gmt":"2025-11-19T12:03:51","slug":"lebron-james-debuta-en-temporada-historica-lakers-doblegan-140-125-a-jazz","status":"publish","type":"post","link":"https:\/\/lasprimeras.com.do\/index.php\/2025\/11\/19\/lebron-james-debuta-en-temporada-historica-lakers-doblegan-140-125-a-jazz\/","title":{"rendered":"LeBron James debuta en temporada hist\u00f3rica; Lakers doblegan 140-125 a Jazz"},"content":{"rendered":"\n<p>LOS \u00c1NGELES (AP) \u2014 LeBron James totaliz\u00f3 11 puntos y 12 asistencias en el primer partido de su in\u00e9dita 23\u00ba temporada en la NBA, y Luka Doncic a\u00f1adi\u00f3 37 unidades y diez asistencias por los Lakers de Los \u00c1ngeles, que doblegaron el martes 140-125 al Jazz de Utah.<\/p>\n\n\n\n<p>James, de 40 a\u00f1os, hizo su debut en la temporada dentro de la alineaci\u00f3n titular de los Lakers y jug\u00f3 30 minutos despu\u00e9s de perderse el campamento de pr\u00e1cticas y sus primeros 14 duelos debido a la ci\u00e1tica.<\/p>\n\n\n\n<p>Vince Carter era el otro jugador en la historia de la NBA que ha participado en 22 temporadas, pero James lo super\u00f3 al abrir el siguiente cap\u00edtulo de una carrera profesional que comenz\u00f3 en 2003.<\/p>\n\n\n\n<p>El astro no tard\u00f3 en encontrar el ritmo: ofreci\u00f3 una c\u00e1tedra de juego en equipo en la segunda mitad, y Doncic anot\u00f3 17 puntos en el tercer cuarto para que los Lakers se alejaran de Utah.<\/p>\n\n\n\n<p>Austin Reaves agreg\u00f3 26 puntos a la causa de los Lakers, que mejoraron a 11-4 con su tercera victoria consecutiva.<\/p>\n\n\n\n<p>Keyonte George, quien naci\u00f3 diez d\u00edas despu\u00e9s del debut de James en la NBA, igual\u00f3 su m\u00e1ximo n\u00famero de la temporada con 33 puntos para el Jazz dos noches despu\u00e9s de encestar el triple ganador en un emocionante partido de doble tiempo extra contra Chicago.<\/p>\n\n\n\n<p>James no anot\u00f3 en sus primeros 11 minutos en la cancha, pero sus dos triples en la primera mitad lo colocaron por delante de Reggie Miller como el sexto con m\u00e1s encestes de tres puntos en la historia de la NBA.<\/p>\n\n\n\n<p>Su hijo Bronny James jug\u00f3 los \u00faltimos 3:33 minutos y encest\u00f3 un triple.<\/p>\n","protected":false},"excerpt":{"rendered":"<p>LOS \u00c1NGELES (AP) \u2014 LeBron James totaliz\u00f3 11 puntos y 12 asistencias en el primer partido de su in\u00e9dita 23\u00ba temporada en la NBA, y Luka Doncic a\u00f1adi\u00f3 37 unidades&hellip;<\/p>\n","protected":false},"author":10,"featured_media":115084,"comment_status":"open","ping_status":"open","sticky":false,"template":"","format":"standard","meta":{"content-type":"","jetpack_post_was_ever_published":false,"_jetpack_newsletter_access":"","_jetpack_dont_email_post_to_subs":false,"_jetpack_newsletter_tier_id":0,"_jetpack_memberships_contains_paywalled_content":false,"_jetpack_memberships_contains_paid_content":false,"footnotes":""},"categories":[630],"tags":[27436,27435],"class_list":["post-115083","post","type-post","status-publish","format-standard","has-post-thumbnail","hentry","category-deportes","tag-lakers-doblegan-140-125-a-jazz","tag-lebron-james-debuta-en-temporada-historica"],"jetpack_featured_media_url":"https:\/\/lasprimeras.com.do\/wp-content\/uploads\/2025\/11\/LeBron-James.jpg","jetpack-related-posts":[{"id":64467,"url":"https:\/\/lasprimeras.com.do\/index.php\/2023\/10\/20\/lebron-james-de-los-lakers-esta-redefiniendo-la-longevidad-de-la-nba-al-llegar-a-su-temporada-numero-21\/","url_meta":{"origin":115083,"position":0},"title":"LeBron James de los Lakers est\u00e1 redefiniendo la longevidad de la NBA al llegar a su temporada n\u00famero 21","author":"Nelson Feliz","date":"20 de octubre de 2023","format":false,"excerpt":"POR GREG BEACHAM EL SEGUNDO, California (AP) \u2014 LeBron James ya es la figura que define esta era del baloncesto con su fuerza, habilidades, inteligencia y voluntad implacable de ganar. La superestrella de Los Angeles Lakers ahora parece decidida a redefinir cu\u00e1nto tiempo puede permanecer en la cima un jugador\u2026","rel":"","context":"En \u00abSin categor\u00eda\u00bb","block_context":{"text":"Sin categor\u00eda","link":"https:\/\/lasprimeras.com.do\/index.php\/category\/sin-categoria\/"},"img":{"alt_text":"LeBron James","src":"https:\/\/i0.wp.com\/lasprimeras.com.do\/wp-content\/uploads\/2023\/10\/LeBron-James.jpg?resize=350%2C200&ssl=1","width":350,"height":200,"srcset":"https:\/\/i0.wp.com\/lasprimeras.com.do\/wp-content\/uploads\/2023\/10\/LeBron-James.jpg?resize=350%2C200&ssl=1 1x, https:\/\/i0.wp.com\/lasprimeras.com.do\/wp-content\/uploads\/2023\/10\/LeBron-James.jpg?resize=525%2C300&ssl=1 1.5x, https:\/\/i0.wp.com\/lasprimeras.com.do\/wp-content\/uploads\/2023\/10\/LeBron-James.jpg?resize=700%2C400&ssl=1 2x"},"classes":[]},{"id":94387,"url":"https:\/\/lasprimeras.com.do\/index.php\/2025\/02\/28\/lebron-james-guia-a-lakers-hacia-su-4ta-victoria-consecutiva-111-102-sobre-timberwolves\/","url_meta":{"origin":115083,"position":1},"title":"LeBron James gu\u00eda a Lakers hacia su 4ta victoria consecutiva, 111-102 sobre Timberwolves","author":"Nelson Feliz","date":"28 de febrero de 2025","format":false,"excerpt":"LOS \u00c1NGELES (AP) \u2014 LeBron James anot\u00f3 33 puntos y captur\u00f3 17 rebotes por los Lakers de Los \u00c1ngeles, quienes doblegaron el jueves 111-102 a los Timberwolves de Minnesota, para enhebrar su cuarto triunfo. Austin Reeves agreg\u00f3 23 unidades, mientras que Luka Doncic totaliz\u00f3 21 tantos y 13 rebotes para\u2026","rel":"","context":"En \u00abDEPORTES\u00bb","block_context":{"text":"DEPORTES","link":"https:\/\/lasprimeras.com.do\/index.php\/category\/deportes\/"},"img":{"alt_text":"","src":"https:\/\/i0.wp.com\/lasprimeras.com.do\/wp-content\/uploads\/2025\/02\/LeBron-James-alero-de-los-Lakers-de-Los-Angeles-festeja-con-el-esloveno-Luka-Doncic.webp?resize=350%2C200&ssl=1","width":350,"height":200,"srcset":"https:\/\/i0.wp.com\/lasprimeras.com.do\/wp-content\/uploads\/2025\/02\/LeBron-James-alero-de-los-Lakers-de-Los-Angeles-festeja-con-el-esloveno-Luka-Doncic.webp?resize=350%2C200&ssl=1 1x, https:\/\/i0.wp.com\/lasprimeras.com.do\/wp-content\/uploads\/2025\/02\/LeBron-James-alero-de-los-Lakers-de-Los-Angeles-festeja-con-el-esloveno-Luka-Doncic.webp?resize=525%2C300&ssl=1 1.5x, https:\/\/i0.wp.com\/lasprimeras.com.do\/wp-content\/uploads\/2025\/02\/LeBron-James-alero-de-los-Lakers-de-Los-Angeles-festeja-con-el-esloveno-Luka-Doncic.webp?resize=700%2C400&ssl=1 2x"},"classes":[]},{"id":65318,"url":"https:\/\/lasprimeras.com.do\/index.php\/2023\/10\/27\/davis-y-lebron-conducen-a-los-lakers-ante-los-suns-durant-supera-a-olajuwon-en-puntos\/","url_meta":{"origin":115083,"position":2},"title":"Davis y LeBron conducen a los Lakers ante los Suns, Durant supera a Olajuwon en puntos","author":"Nelson Feliz","date":"27 de octubre de 2023","format":false,"excerpt":"Anthony Davis sum\u00f3 30 puntos y 13 rebotes, LeBron James anot\u00f3 10 de sus 21 unidades en el cuarto periodo, que jug\u00f3 de principio a fin, y los Lakers de Los \u00c1ngeles resolvieron en los \u00faltimos minutos para vencer el jueves 100-95 a los diezmados Suns de Phoenix. James rompi\u00f3\u2026","rel":"","context":"En \u00abSin categor\u00eda\u00bb","block_context":{"text":"Sin categor\u00eda","link":"https:\/\/lasprimeras.com.do\/index.php\/category\/sin-categoria\/"},"img":{"alt_text":"LeBron James, alero de los Lakers de Los \u00c1ngeles, atrapa un rebote ante Josh Okogie, de los Suns de Phoenix","src":"https:\/\/i0.wp.com\/lasprimeras.com.do\/wp-content\/uploads\/2023\/10\/LeBron-James-alero-de-los-Lakers-de-Los-Angeles-atrapa-un-rebote-ante-Josh-Okogie-de-los-Suns-de-Phoenix.jpeg?resize=350%2C200&ssl=1","width":350,"height":200,"srcset":"https:\/\/i0.wp.com\/lasprimeras.com.do\/wp-content\/uploads\/2023\/10\/LeBron-James-alero-de-los-Lakers-de-Los-Angeles-atrapa-un-rebote-ante-Josh-Okogie-de-los-Suns-de-Phoenix.jpeg?resize=350%2C200&ssl=1 1x, https:\/\/i0.wp.com\/lasprimeras.com.do\/wp-content\/uploads\/2023\/10\/LeBron-James-alero-de-los-Lakers-de-Los-Angeles-atrapa-un-rebote-ante-Josh-Okogie-de-los-Suns-de-Phoenix.jpeg?resize=525%2C300&ssl=1 1.5x, https:\/\/i0.wp.com\/lasprimeras.com.do\/wp-content\/uploads\/2023\/10\/LeBron-James-alero-de-los-Lakers-de-Los-Angeles-atrapa-un-rebote-ante-Josh-Okogie-de-los-Suns-de-Phoenix.jpeg?resize=700%2C400&ssl=1 2x"},"classes":[]},{"id":77247,"url":"https:\/\/lasprimeras.com.do\/index.php\/2024\/02\/19\/lebron-james-sigue-comprometido-con-los-juegos-olimpicos-de-paris\/","url_meta":{"origin":115083,"position":3},"title":"LeBron James sigue comprometido con los Juegos Ol\u00edmpicos de Par\u00eds","author":"BIMARY DE JES\u00daS Matos","date":"19 de febrero de 2024","format":false,"excerpt":"Paris.-LeBron James todav\u00eda quiere participar en los Juegos Ol\u00edmpicos de Par\u00eds este verano, parece que extender su carrera en la NBA por al menos un par de temporadas m\u00e1s es una opci\u00f3n y dijo que le gustar\u00eda ver terminar sus d\u00edas como jugador como miembro de los Lakers de Los\u2026","rel":"","context":"En \u00abSin categor\u00eda\u00bb","block_context":{"text":"Sin categor\u00eda","link":"https:\/\/lasprimeras.com.do\/index.php\/category\/sin-categoria\/"},"img":{"alt_text":"","src":"https:\/\/i0.wp.com\/lasprimeras.com.do\/wp-content\/uploads\/2024\/02\/leBron.webp?resize=350%2C200&ssl=1","width":350,"height":200,"srcset":"https:\/\/i0.wp.com\/lasprimeras.com.do\/wp-content\/uploads\/2024\/02\/leBron.webp?resize=350%2C200&ssl=1 1x, https:\/\/i0.wp.com\/lasprimeras.com.do\/wp-content\/uploads\/2024\/02\/leBron.webp?resize=525%2C300&ssl=1 1.5x, https:\/\/i0.wp.com\/lasprimeras.com.do\/wp-content\/uploads\/2024\/02\/leBron.webp?resize=700%2C400&ssl=1 2x, https:\/\/i0.wp.com\/lasprimeras.com.do\/wp-content\/uploads\/2024\/02\/leBron.webp?resize=1050%2C600&ssl=1 3x, https:\/\/i0.wp.com\/lasprimeras.com.do\/wp-content\/uploads\/2024\/02\/leBron.webp?resize=1400%2C800&ssl=1 4x"},"classes":[]},{"id":65037,"url":"https:\/\/lasprimeras.com.do\/index.php\/2023\/10\/25\/los-nuggets-celebran-el-primer-campeonato-de-la-nba-con-pancarta-anillos-y-triunfo-119-107-sobre-los-lakers\/","url_meta":{"origin":115083,"position":4},"title":"Los Nuggets celebran el primer campeonato de la NBA con pancarta, anillos y triunfo 119-107 sobre los Lakers","author":"Nelson Feliz","date":"25 de octubre de 2023","format":false,"excerpt":"POR ARNIE MELENDREZ STAPLETON DENVER (AP) \u2014 Las joyas y el cartel estaban bonitos. Sin embargo, lo que realmente disfrutaron los Denver Nuggets fue abrir la defensa del primer t\u00edtulo de la NBA de la franquicia con una victoria por 119-107 sobre Los Angeles Lakers el martes por la noche.\u2026","rel":"","context":"En \u00abSin categor\u00eda\u00bb","block_context":{"text":"Sin categor\u00eda","link":"https:\/\/lasprimeras.com.do\/index.php\/category\/sin-categoria\/"},"img":{"alt_text":"Los Nuggets","src":"https:\/\/i0.wp.com\/lasprimeras.com.do\/wp-content\/uploads\/2023\/10\/Los-Nuggets.jpg?resize=350%2C200&ssl=1","width":350,"height":200,"srcset":"https:\/\/i0.wp.com\/lasprimeras.com.do\/wp-content\/uploads\/2023\/10\/Los-Nuggets.jpg?resize=350%2C200&ssl=1 1x, https:\/\/i0.wp.com\/lasprimeras.com.do\/wp-content\/uploads\/2023\/10\/Los-Nuggets.jpg?resize=525%2C300&ssl=1 1.5x, https:\/\/i0.wp.com\/lasprimeras.com.do\/wp-content\/uploads\/2023\/10\/Los-Nuggets.jpg?resize=700%2C400&ssl=1 2x"},"classes":[]},{"id":72478,"url":"https:\/\/lasprimeras.com.do\/index.php\/2023\/12\/30\/lebron-james-celebra-su-39-cumpleanos-en-plena-vigencia\/","url_meta":{"origin":115083,"position":5},"title":"LeBron James celebra su 39 cumplea\u00f1os en plena vigencia","author":"BIMARY DE JES\u00daS Matos","date":"30 de diciembre de 2023","format":false,"excerpt":"LeBron James cumple este s\u00e1bado 39 primaveras y lo hace en un momento de su carrera en el que quiz\u00e1s no sea el mejor de la liga, pero desde luego s\u00ed tiene un nivel tan elevado que sorprende la vigencia con la que a\u00fan domina en pista. El tiempo no\u2026","rel":"","context":"En \u00abSin categor\u00eda\u00bb","block_context":{"text":"Sin categor\u00eda","link":"https:\/\/lasprimeras.com.do\/index.php\/category\/sin-categoria\/"},"img":{"alt_text":"","src":"https:\/\/i0.wp.com\/lasprimeras.com.do\/wp-content\/uploads\/2023\/12\/WhatsApp-Image-2023-12-29-at-9.00.36-AM-770x540-4.jpeg?resize=350%2C200&ssl=1","width":350,"height":200,"srcset":"https:\/\/i0.wp.com\/lasprimeras.com.do\/wp-content\/uploads\/2023\/12\/WhatsApp-Image-2023-12-29-at-9.00.36-AM-770x540-4.jpeg?resize=350%2C200&ssl=1 1x, https:\/\/i0.wp.com\/lasprimeras.com.do\/wp-content\/uploads\/2023\/12\/WhatsApp-Image-2023-12-29-at-9.00.36-AM-770x540-4.jpeg?resize=525%2C300&ssl=1 1.5x"},"classes":[]}],"jetpack_sharing_enabled":true,"_links":{"self":[{"href":"https:\/\/lasprimeras.com.do\/index.php\/wp-json\/wp\/v2\/posts\/115083","targetHints":{"allow":["GET"]}}],"collection":[{"href":"https:\/\/lasprimeras.com.do\/index.php\/wp-json\/wp\/v2\/posts"}],"about":[{"href":"https:\/\/lasprimeras.com.do\/index.php\/wp-json\/wp\/v2\/types\/post"}],"author":[{"embeddable":true,"href":"https:\/\/lasprimeras.com.do\/index.php\/wp-json\/wp\/v2\/users\/10"}],"replies":[{"embeddable":true,"href":"https:\/\/lasprimeras.com.do\/index.php\/wp-json\/wp\/v2\/comments?post=115083"}],"version-history":[{"count":1,"href":"https:\/\/lasprimeras.com.do\/index.php\/wp-json\/wp\/v2\/posts\/115083\/revisions"}],"predecessor-version":[{"id":115085,"href":"https:\/\/lasprimeras.com.do\/index.php\/wp-json\/wp\/v2\/posts\/115083\/revisions\/115085"}],"wp:featuredmedia":[{"embeddable":true,"href":"https:\/\/lasprimeras.com.do\/index.php\/wp-json\/wp\/v2\/media\/115084"}],"wp:attachment":[{"href":"https:\/\/lasprimeras.com.do\/index.php\/wp-json\/wp\/v2\/media?parent=115083"}],"wp:term":[{"taxonomy":"category","embeddable":true,"href":"https:\/\/lasprimeras.com.do\/index.php\/wp-json\/wp\/v2\/categories?post=115083"},{"taxonomy":"post_tag","embeddable":true,"href":"https:\/\/lasprimeras.com.do\/index.php\/wp-json\/wp\/v2\/tags?post=115083"}],"curies":[{"name":"wp","href":"https:\/\/api.w.org\/{rel}","templated":true}]}}