{"id":115098,"date":"2025-11-19T09:17:16","date_gmt":"2025-11-19T13:17:16","guid":{"rendered":"https:\/\/lasprimeras.com.do\/?p=115098"},"modified":"2025-11-19T09:17:18","modified_gmt":"2025-11-19T13:17:18","slug":"caminero-reafirma-compromiso-etico-y-cero-tolerancia-a-la-corrupcion-impulsada-por-el-presidente-abinader","status":"publish","type":"post","link":"https:\/\/lasprimeras.com.do\/index.php\/2025\/11\/19\/caminero-reafirma-compromiso-etico-y-cero-tolerancia-a-la-corrupcion-impulsada-por-el-presidente-abinader\/","title":{"rendered":"Caminero reafirma compromiso \u00e9tico y cero tolerancia a la corrupci\u00f3n impulsada por el presidente Abinader"},"content":{"rendered":"\n<p>La Direcci\u00f3n de Prensa del Presidente junto a la Direcci\u00f3n General de Bellas Artes, celebraron este jueves el Foro \u201cTransparencia y Responsabilidad P\u00fablica: Nuevos Desaf\u00edos del Estado de Derecho\u201d, un espacio en el que el director de Prensa del presidente, Carlos Alberto Caminero, destac\u00f3 el compromiso \u00e9tico y la pol\u00edtica de cero tolerancia a la corrupci\u00f3n del presidente la Rep\u00fablica, Luis Abinader.<\/p>\n\n\n\n<p>Durante su intervenci\u00f3n, Caminero se\u00f1al\u00f3 que la transparencia y la responsabilidad p\u00fablica son temas que trascienden instituciones y periodos de gobierno, y que constituyen pilares esenciales del Estado de Derecho.<\/p>\n\n\n\n<p>Indic\u00f3 que este foro, organizado por la Direcci\u00f3n de Prensa del Presidente en coordinaci\u00f3n con la Direcci\u00f3n General de Bellas Artes, busca abrir un espacio de reflexi\u00f3n y compromiso sobre la manera en que el Estado comunica, act\u00faa y rinde cuentas ante la ciudadan\u00eda.<\/p>\n\n\n\n<p>El director de Prensa del Presidente, resalt\u00f3 que la instituci\u00f3n ha alcanzado el primer lugar en transparencia, cumplimiento que atribuy\u00f3 al trabajo de equipo.<\/p>\n\n\n\n<p>Enfatiz\u00f3 que la transparencia \u201ces mucho m\u00e1s que publicar datos o responder solicitudes\u201d, y la defini\u00f3 como una actitud institucional basada en el respeto del Estado hacia la ciudadan\u00eda.<\/p>\n\n\n\n<p>Afirm\u00f3 que, desde la Direcci\u00f3n de Prensa, cada mensaje, nota o declaraci\u00f3n oficial refleja claridad, veracidad y coherencia con los valores que defienden desde la administraci\u00f3n p\u00fablica.<\/p>\n\n\n\n<p>Caminero record\u00f3 que la Ley 200-04 establece que la informaci\u00f3n p\u00fablica pertenece al ciudadano y no a las oficinas del Estado.<\/p>\n\n\n\n<p>Se\u00f1al\u00f3 que la transparencia informativa es un acto de justicia que permite conocer c\u00f3mo se administran los recursos p\u00fablicos, c\u00f3mo se toman decisiones y cu\u00e1les son los resultados del trabajo gubernamental.<\/p>\n\n\n\n<p>Agradeci\u00f3 a los expositores del foro y subray\u00f3 que el cumplimiento de esta ley, junto con la \u00e9tica y el compromiso moral, es responsabilidad de todos los ciudadanos para construir una mejor sociedad.<\/p>\n\n\n\n<p>En el Foro que se realiz\u00f3 en la sede de la Direcci\u00f3n General de Bellas Artes y que abord\u00f3 temas que van de la mano con el Buen Gobierno y Buenas pr\u00e1cticas en la Administraci\u00f3n P\u00fablica, aplicado a la Ley 200-04, participaron 150 instituciones, representadas por los Responsables de Libre Acceso a la Informaci\u00f3n P\u00fablica (RAI) e integrantes de sus comisiones de integridad.<\/p>\n\n\n\n<p>El objetivo de la actividad fue actualizar conocimientos en virtud de las nuevas normativas aprobadas, que van de la mano con la \u00e9tica, las buenas pr\u00e1cticas y la transparencia, as\u00ed como el fortalecimiento de las relaciones interinstitucionales.<\/p>\n\n\n\n<p>Asimismo, el subdirector de la Direcci\u00f3n de Estrategia y Comunicaci\u00f3n Gubernamental (DIECOM), Abel Guzm\u00e1n Then, destac\u00f3 el compromiso bandera del presidente Abinader con la \u00e9tica y la transparencia, al tiempo que afirm\u00f3 que la comunicaci\u00f3n del gobierno mantiene acceso directo y abierto a todo lo relacionado con la administraci\u00f3n del Estado, incluidas situaciones de crisis como tormentas o apagones, con boletines permanentes y transparentes.<\/p>\n\n\n\n<p>Guzm\u00e1n Then sostuvo que no existe mayor s\u00edmbolo de compromiso que trabajar \u201cde cara al sol\u201d hacia la poblaci\u00f3n y los medios, resaltando que esta ha sido la l\u00ednea de la Direcci\u00f3n de Prensa del Presidente junto al equipo de la DIECOM.<\/p>\n\n\n\n<p>Concluy\u00f3 que la poblaci\u00f3n ver\u00e1 un antes y un despu\u00e9s marcado por la \u00e9tica y la apertura institucional, felicitando al equipo de prensa y a la Direcci\u00f3n de Bellas Artes por acoger el foro.<\/p>\n\n\n\n<p>Esta es la cuarta edici\u00f3n del panel-foro, que cont\u00f3 con las intervenciones del magistrado Merlin Mateo S\u00e1nchez, quien expuso el tema \u201cLa funci\u00f3n del Ministerio P\u00fablico en el \u00e1mbito de la persecuci\u00f3n de los delitos de corrupci\u00f3n\u201d; del magistrado Rafael Cipri\u00e1n, con la ponencia \u201cImpacto de la Constituci\u00f3n en la Administraci\u00f3n P\u00fablica\u201d; y del experto en compras y contrataciones y catedr\u00e1tico Babaji Cruz Pe\u00f1al\u00f3, quien abord\u00f3 los \u201cPrincipios rectores de la nueva Ley de Compras y Contrataciones: transparencia, eficiencia y sostenibilidad\u201d.<\/p>\n\n\n\n<p>Las palabras de bienvenida estuvieron a cargo de la directora General de Bellas Artes, Marianela Sallent.<\/p>\n","protected":false},"excerpt":{"rendered":"<p>La Direcci\u00f3n de Prensa del Presidente junto a la Direcci\u00f3n General de Bellas Artes, celebraron este jueves el Foro \u201cTransparencia y Responsabilidad P\u00fablica: Nuevos Desaf\u00edos del Estado de Derecho\u201d, un&hellip;<\/p>\n","protected":false},"author":10,"featured_media":115099,"comment_status":"open","ping_status":"open","sticky":false,"template":"","format":"standard","meta":{"content-type":"","jetpack_post_was_ever_published":false,"_jetpack_newsletter_access":"","_jetpack_dont_email_post_to_subs":false,"_jetpack_newsletter_tier_id":0,"_jetpack_memberships_contains_paywalled_content":false,"_jetpack_memberships_contains_paid_content":false,"footnotes":""},"categories":[35],"tags":[23434,27443,27444,1841,27445,67],"class_list":["post-115098","post","type-post","status-publish","format-standard","has-post-thumbnail","hentry","category-nacionales","tag-alberto-caminero","tag-cero-tolerancia","tag-compromiso-etico","tag-corrupcion","tag-foro-sobre-transparencia-y-responsabilidad-publica","tag-luis-abinader"],"jetpack_featured_media_url":"https:\/\/lasprimeras.com.do\/wp-content\/uploads\/2025\/11\/Alberto-Caminero.jpg","jetpack-related-posts":[{"id":106910,"url":"https:\/\/lasprimeras.com.do\/index.php\/2025\/08\/20\/ministro-andres-bautista-juramenta-a-alberto-caminero-como-director-de-prensa-del-presidente\/","url_meta":{"origin":115098,"position":0},"title":"Ministro Andr\u00e9s Bautista juramenta a Alberto Caminero como director de Prensa del Presidente","author":"Nelson Feliz","date":"20 de agosto de 2025","format":false,"excerpt":"El ministro administrativo de la Presidencia, Andr\u00e9s Bautista, jurament\u00f3 este mi\u00e9rcoles a Carlos Alberto Caminero S\u00e1nchez, designado por el presidente Luis Abinader mediante el Decreto 461-25, como director de la Direcci\u00f3n de Prensa del Presidente (DPP). La ceremonia se realiz\u00f3 en el despacho de la Direcci\u00f3n de Prensa del Presidente,\u2026","rel":"","context":"En \u00abNACIONALES\u00bb","block_context":{"text":"NACIONALES","link":"https:\/\/lasprimeras.com.do\/index.php\/category\/nacionales\/"},"img":{"alt_text":"","src":"https:\/\/i0.wp.com\/lasprimeras.com.do\/wp-content\/uploads\/2025\/08\/caminero-1.jpg?resize=350%2C200&ssl=1","width":350,"height":200,"srcset":"https:\/\/i0.wp.com\/lasprimeras.com.do\/wp-content\/uploads\/2025\/08\/caminero-1.jpg?resize=350%2C200&ssl=1 1x, https:\/\/i0.wp.com\/lasprimeras.com.do\/wp-content\/uploads\/2025\/08\/caminero-1.jpg?resize=525%2C300&ssl=1 1.5x, https:\/\/i0.wp.com\/lasprimeras.com.do\/wp-content\/uploads\/2025\/08\/caminero-1.jpg?resize=700%2C400&ssl=1 2x"},"classes":[]},{"id":109464,"url":"https:\/\/lasprimeras.com.do\/index.php\/2025\/09\/18\/director-de-prensa-presidencia-rd-se-reune-en-ny-con-medio-centenar-de-periodistas\/","url_meta":{"origin":115098,"position":1},"title":"Director de Prensa Presidencia RD se re\u00fane en NY con medio centenar de periodistas","author":"Nelson Feliz","date":"18 de septiembre de 2025","format":false,"excerpt":"https:\/\/www.youtube.com\/watch?v=SjlGMj6Z-3Q Por Ram\u00f3n Mercedes NUEVA YORK.- El director de prensa de la Presidencia de la Rep\u00fablica Dominicana, Alberto Caminero, sostuvo un encuentro la ma\u00f1ana de mi\u00e9rcoles con m\u00e1s de 50 periodistas y comunicadores dominicanos que ejercen para diferentes medios y residen en esta ciudad. Caminero, un periodista de larga data,\u2026","rel":"","context":"En \u00abINTERNACIONALES\u00bb","block_context":{"text":"INTERNACIONALES","link":"https:\/\/lasprimeras.com.do\/index.php\/category\/sin-categoria\/internacionales\/"},"img":{"alt_text":"","src":"https:\/\/i0.wp.com\/lasprimeras.com.do\/wp-content\/uploads\/2025\/09\/WhatsApp-Image-2025-09-18-at-7.28.40-AM-1.jpeg?resize=350%2C200&ssl=1","width":350,"height":200,"srcset":"https:\/\/i0.wp.com\/lasprimeras.com.do\/wp-content\/uploads\/2025\/09\/WhatsApp-Image-2025-09-18-at-7.28.40-AM-1.jpeg?resize=350%2C200&ssl=1 1x, https:\/\/i0.wp.com\/lasprimeras.com.do\/wp-content\/uploads\/2025\/09\/WhatsApp-Image-2025-09-18-at-7.28.40-AM-1.jpeg?resize=525%2C300&ssl=1 1.5x, https:\/\/i0.wp.com\/lasprimeras.com.do\/wp-content\/uploads\/2025\/09\/WhatsApp-Image-2025-09-18-at-7.28.40-AM-1.jpeg?resize=700%2C400&ssl=1 2x, https:\/\/i0.wp.com\/lasprimeras.com.do\/wp-content\/uploads\/2025\/09\/WhatsApp-Image-2025-09-18-at-7.28.40-AM-1.jpeg?resize=1050%2C600&ssl=1 3x"},"classes":[]},{"id":109085,"url":"https:\/\/lasprimeras.com.do\/index.php\/2025\/09\/14\/abinader-dispone-entrega-de-informe-con-irregularidades-de-senasa-ante-procuraduria\/","url_meta":{"origin":115098,"position":2},"title":"Abinader dispone entrega de informe con irregularidades de SENASA ante Procuradur\u00eda","author":"Nelson Feliz","date":"14 de septiembre de 2025","format":false,"excerpt":"Ejecutivos de SISALRIL Y SENASA lo llevan a la procuradora Yeni Berenice. El presidente Luis Abinader dispuso que el Superintendente de Salud y Riesgos Laborales (SISALRIL), Miguel Ceara Hatton, y el director ejecutivo del Seguro Nacional de Salud (SENASA), Edward Guzm\u00e1n, entreguen ante la Procuradur\u00eda General de la Rep\u00fablica un\u2026","rel":"","context":"En \u00abJUSTICIA\u00bb","block_context":{"text":"JUSTICIA","link":"https:\/\/lasprimeras.com.do\/index.php\/category\/justicia\/"},"img":{"alt_text":"","src":"https:\/\/i0.wp.com\/lasprimeras.com.do\/wp-content\/uploads\/2025\/09\/Felix-Reyna.jpg?resize=350%2C200&ssl=1","width":350,"height":200,"srcset":"https:\/\/i0.wp.com\/lasprimeras.com.do\/wp-content\/uploads\/2025\/09\/Felix-Reyna.jpg?resize=350%2C200&ssl=1 1x, https:\/\/i0.wp.com\/lasprimeras.com.do\/wp-content\/uploads\/2025\/09\/Felix-Reyna.jpg?resize=525%2C300&ssl=1 1.5x, https:\/\/i0.wp.com\/lasprimeras.com.do\/wp-content\/uploads\/2025\/09\/Felix-Reyna.jpg?resize=700%2C400&ssl=1 2x"},"classes":[]},{"id":123906,"url":"https:\/\/lasprimeras.com.do\/index.php\/2026\/03\/06\/abinader-en-miami-agenda-para-la-cumbre-convocada-por-trump-este-sabado\/","url_meta":{"origin":115098,"position":3},"title":"Abinader en Miami: Agenda para la cumbre convocada por Trump este s\u00e1bado","author":"Nelson Feliz","date":"6 de marzo de 2026","format":false,"excerpt":"Director de Prensa del presidente detalla agenda de Abinader en cumbre de alto nivel convocada por Donald Trump en Miami para este s\u00e1bado Miami. \u2013 El director de Prensa del presidente, Alberto Caminero, inform\u00f3 este viernes sobre la agenda que desarrollar\u00e1 el presidente Luis Abinader durante la cumbre de alto\u2026","rel":"","context":"En \u00abNACIONALES\u00bb","block_context":{"text":"NACIONALES","link":"https:\/\/lasprimeras.com.do\/index.php\/category\/nacionales\/"},"img":{"alt_text":"Alberto Caminero,","src":"https:\/\/i0.wp.com\/lasprimeras.com.do\/wp-content\/uploads\/2026\/03\/Alberto-Caminero-1.jpg?resize=350%2C200&ssl=1","width":350,"height":200,"srcset":"https:\/\/i0.wp.com\/lasprimeras.com.do\/wp-content\/uploads\/2026\/03\/Alberto-Caminero-1.jpg?resize=350%2C200&ssl=1 1x, https:\/\/i0.wp.com\/lasprimeras.com.do\/wp-content\/uploads\/2026\/03\/Alberto-Caminero-1.jpg?resize=525%2C300&ssl=1 1.5x, https:\/\/i0.wp.com\/lasprimeras.com.do\/wp-content\/uploads\/2026\/03\/Alberto-Caminero-1.jpg?resize=700%2C400&ssl=1 2x"},"classes":[]},{"id":117175,"url":"https:\/\/lasprimeras.com.do\/index.php\/2025\/12\/08\/empresarios-de-herrera-exigen-cero-tolerancia-a-la-corrupcion-sin-excepciones-en-caso-senasa\/","url_meta":{"origin":115098,"position":4},"title":"Empresarios de Herrera exigen cero tolerancia a la corrupci\u00f3n sin excepciones en caso Senasa","author":"Nelson Feliz","date":"8 de diciembre de 2025","format":false,"excerpt":"A prop\u00f3sito de los apresamientos por el fraude millonario en el Seguro Nacional de Salud (Senasa), la Asociaci\u00f3n Nacional de Empresas e Industrias Herrera (ANEIH) pidi\u00f3 a la Procuradur\u00eda General de la Rep\u00fablica (PGR) mantener su compromiso con una pol\u00edtica de cero tolerancia a la corrupci\u00f3n, sin excepciones ni distinciones.\u2026","rel":"","context":"En \u00abNACIONALES\u00bb","block_context":{"text":"NACIONALES","link":"https:\/\/lasprimeras.com.do\/index.php\/category\/nacionales\/"},"img":{"alt_text":"","src":"https:\/\/i0.wp.com\/lasprimeras.com.do\/wp-content\/uploads\/2025\/02\/SeNaSa.jpg?resize=350%2C200&ssl=1","width":350,"height":200,"srcset":"https:\/\/i0.wp.com\/lasprimeras.com.do\/wp-content\/uploads\/2025\/02\/SeNaSa.jpg?resize=350%2C200&ssl=1 1x, https:\/\/i0.wp.com\/lasprimeras.com.do\/wp-content\/uploads\/2025\/02\/SeNaSa.jpg?resize=525%2C300&ssl=1 1.5x, https:\/\/i0.wp.com\/lasprimeras.com.do\/wp-content\/uploads\/2025\/02\/SeNaSa.jpg?resize=700%2C400&ssl=1 2x"},"classes":[]},{"id":122097,"url":"https:\/\/lasprimeras.com.do\/index.php\/2026\/02\/13\/luis-abinader-desarrollara-agenda-internacional-en-marzo\/","url_meta":{"origin":115098,"position":5},"title":"Luis Abinader desarrollar\u00e1 agenda internacional en marzo","author":"Nelson Feliz","date":"13 de febrero de 2026","format":false,"excerpt":"El director de Prensa del Presidente, Carlos Alberto Caminero, inform\u00f3 que el presidente Luis Abinader agotar\u00e1 una agenda internacional en el mes de marzo que incluye tres encuentros de alto nivel, en los que sostendr\u00e1 reuniones con los presidentes de Estados Unidos, Donald Trump; de Chile, Jos\u00e9 Antonio Kast; y\u2026","rel":"","context":"En \u00abNACIONALES\u00bb","block_context":{"text":"NACIONALES","link":"https:\/\/lasprimeras.com.do\/index.php\/category\/nacionales\/"},"img":{"alt_text":"","src":"https:\/\/i0.wp.com\/lasprimeras.com.do\/wp-content\/uploads\/2026\/01\/Luis-Abinader-2.jpg?resize=350%2C200&ssl=1","width":350,"height":200,"srcset":"https:\/\/i0.wp.com\/lasprimeras.com.do\/wp-content\/uploads\/2026\/01\/Luis-Abinader-2.jpg?resize=350%2C200&ssl=1 1x, https:\/\/i0.wp.com\/lasprimeras.com.do\/wp-content\/uploads\/2026\/01\/Luis-Abinader-2.jpg?resize=525%2C300&ssl=1 1.5x, https:\/\/i0.wp.com\/lasprimeras.com.do\/wp-content\/uploads\/2026\/01\/Luis-Abinader-2.jpg?resize=700%2C400&ssl=1 2x"},"classes":[]}],"jetpack_sharing_enabled":true,"_links":{"self":[{"href":"https:\/\/lasprimeras.com.do\/index.php\/wp-json\/wp\/v2\/posts\/115098","targetHints":{"allow":["GET"]}}],"collection":[{"href":"https:\/\/lasprimeras.com.do\/index.php\/wp-json\/wp\/v2\/posts"}],"about":[{"href":"https:\/\/lasprimeras.com.do\/index.php\/wp-json\/wp\/v2\/types\/post"}],"author":[{"embeddable":true,"href":"https:\/\/lasprimeras.com.do\/index.php\/wp-json\/wp\/v2\/users\/10"}],"replies":[{"embeddable":true,"href":"https:\/\/lasprimeras.com.do\/index.php\/wp-json\/wp\/v2\/comments?post=115098"}],"version-history":[{"count":1,"href":"https:\/\/lasprimeras.com.do\/index.php\/wp-json\/wp\/v2\/posts\/115098\/revisions"}],"predecessor-version":[{"id":115100,"href":"https:\/\/lasprimeras.com.do\/index.php\/wp-json\/wp\/v2\/posts\/115098\/revisions\/115100"}],"wp:featuredmedia":[{"embeddable":true,"href":"https:\/\/lasprimeras.com.do\/index.php\/wp-json\/wp\/v2\/media\/115099"}],"wp:attachment":[{"href":"https:\/\/lasprimeras.com.do\/index.php\/wp-json\/wp\/v2\/media?parent=115098"}],"wp:term":[{"taxonomy":"category","embeddable":true,"href":"https:\/\/lasprimeras.com.do\/index.php\/wp-json\/wp\/v2\/categories?post=115098"},{"taxonomy":"post_tag","embeddable":true,"href":"https:\/\/lasprimeras.com.do\/index.php\/wp-json\/wp\/v2\/tags?post=115098"}],"curies":[{"name":"wp","href":"https:\/\/api.w.org\/{rel}","templated":true}]}}