{"id":115142,"date":"2025-11-19T12:33:30","date_gmt":"2025-11-19T16:33:30","guid":{"rendered":"https:\/\/lasprimeras.com.do\/?p=115142"},"modified":"2025-11-19T12:33:31","modified_gmt":"2025-11-19T16:33:31","slug":"fuerza-aerea-primer-lugar-en-los-juegos-deportivos-de-cadetes-y-guardiamarinas-2025","status":"publish","type":"post","link":"https:\/\/lasprimeras.com.do\/index.php\/2025\/11\/19\/fuerza-aerea-primer-lugar-en-los-juegos-deportivos-de-cadetes-y-guardiamarinas-2025\/","title":{"rendered":"Fuerza A\u00e9rea: primer lugar en los Juegos Deportivos de Cadetes y Guardiamarinas 2025"},"content":{"rendered":"\n<p>La Academia A\u00e9rea \u201cGeneral de Brigada Piloto Frank Andr\u00e9s Feliz Miranda\u201d, de la Fuerza A\u00e9rea de Rep\u00fablica Dominicana, se alz\u00f3 con la copa del primer lugar de la XXVIII edici\u00f3n de los Juegos Deportivos de Cadetes y Guardiamarinas 2025, cuya ceremonia de clausura estuvo encabezada por el teniente general Carlos Antonio Fern\u00e1ndez Onofre, ministro de Defensa.<\/p>\n\n\n\n<p>El acto de cierre, celebrado en el Polideportivo de la Base A\u00e9rea San Isidro, cont\u00f3 con la presencia de miembros del Estado Mayor General de las Fuerzas Armadas, entre ellos el comandante general de la Fuerza A\u00e9rea de Rep\u00fablica Dominicana; el rector de la Universidad Nacional para la Defensa (UNADE); el presidente de la Confederaci\u00f3n Deportiva de las Fuerzas Armadas y la Polic\u00eda Nacional; oficiales generales, oficiales superiores \u2014incluyendo miembros del Estado Mayor Ampliado de la FARD\u2014, as\u00ed como otras autoridades militares.<\/p>\n\n\n\n<p>El ministro de Defensa, acompa\u00f1ado por el general de brigada Jos\u00e9 Manuel Dur\u00e1n Ynfante, ERD, presidente de la Confederaci\u00f3n Deportiva, entreg\u00f3 la copa a los campeones, la cual fue recibida por el mayor general piloto Floreal Su\u00e1rez Mart\u00ednez, FARD, comandante general de la Fuerza A\u00e9rea, junto al coronel piloto Francisco De Los Santos \u00c1lvarez, FARD (DEM), quienes la enarbolaron con orgullo.<\/p>\n\n\n\n<figure class=\"wp-block-image size-full\"><img decoding=\"async\" width=\"900\" height=\"599\" src=\"https:\/\/lasprimeras.com.do\/wp-content\/uploads\/2025\/11\/Fuerza-Aerea-1.jpg\" alt=\"\" class=\"wp-image-115144\" srcset=\"https:\/\/lasprimeras.com.do\/wp-content\/uploads\/2025\/11\/Fuerza-Aerea-1.jpg 900w, https:\/\/lasprimeras.com.do\/wp-content\/uploads\/2025\/11\/Fuerza-Aerea-1-300x200.jpg 300w, https:\/\/lasprimeras.com.do\/wp-content\/uploads\/2025\/11\/Fuerza-Aerea-1-768x511.jpg 768w\" sizes=\"(max-width: 900px) 100vw, 900px\" \/><\/figure>\n\n\n\n<p>El segundo lugar correspondi\u00f3 a la Academia Militar \u201cBatalla de Las Carreras\u201d, del Ej\u00e9rcito de Rep\u00fablica Dominicana, y el tercer lugar a la Escuela para Cadetes General (r) Jos\u00e9 Rafael Hermida Gonz\u00e1lez, de la Polic\u00eda Nacional.<\/p>\n\n\n\n<p>Durante la jornada, fue reconocido como mejor atleta masculino el Cadete de tercer a\u00f1o Roberto Mariscal Cubilla, FARD, quien obtuvo medallas en diversas categor\u00edas.<\/p>\n\n\n\n<p>En la rama femenina, la Cadete de segundo a\u00f1o Esther Mezquita, ERD, fue destacada como atleta sobresaliente por su notable desempe\u00f1o en m\u00faltiples pruebas de nataci\u00f3n y relevos.<\/p>\n\n\n\n<p>Con la copa 2025, la Fuerza A\u00e9rea suma 13 victorias en la historia de los Juegos Deportivos de Cadetes y Guardiamarinas.<\/p>\n","protected":false},"excerpt":{"rendered":"<p>La Academia A\u00e9rea \u201cGeneral de Brigada Piloto Frank Andr\u00e9s Feliz Miranda\u201d, de la Fuerza A\u00e9rea de Rep\u00fablica Dominicana, se alz\u00f3 con la copa del primer lugar de la XXVIII edici\u00f3n&hellip;<\/p>\n","protected":false},"author":10,"featured_media":115143,"comment_status":"open","ping_status":"open","sticky":false,"template":"","format":"standard","meta":{"content-type":"","jetpack_post_was_ever_published":false,"_jetpack_newsletter_access":"","_jetpack_dont_email_post_to_subs":false,"_jetpack_newsletter_tier_id":0,"_jetpack_memberships_contains_paywalled_content":false,"_jetpack_memberships_contains_paid_content":false,"footnotes":""},"categories":[630],"tags":[2332,3843,27462,8935],"class_list":["post-115142","post","type-post","status-publish","format-standard","has-post-thumbnail","hentry","category-deportes","tag-fuerza-aerea","tag-guardiamarinas","tag-juegos-deportivos-de-cadetes","tag-primer-lugar"],"jetpack_featured_media_url":"https:\/\/lasprimeras.com.do\/wp-content\/uploads\/2025\/11\/Fuerza-Aerea.jpg","jetpack-related-posts":[{"id":90552,"url":"https:\/\/lasprimeras.com.do\/index.php\/2024\/10\/23\/academia-batalla-de-las-carreras-del-ejercito-gana-juegos-deportivos-cadetes-y-guardiamarinas\/","url_meta":{"origin":115142,"position":0},"title":"Academia Batalla de las Carreras del Ej\u00e9rcito gana Juegos Deportivos Cadetes y Guardiamarinas","author":"Nelson Feliz","date":"23 de octubre de 2024","format":false,"excerpt":"El ministro de Defensa teniente general, Carlos Antonio Fern\u00e1ndez Onofre, proclam\u00f3 a la Academia Militar \u201cBatalla de Las Carreras\u201d del Ej\u00e9rcito de Rep\u00fablica Dominicana, como la instituci\u00f3n ganadora de los XXVII Juegos Deportivos de Cadetes y Guardiamarinas 2024, acumulando sus atletas 24 medallas de oro, 17 de plata y 13\u2026","rel":"","context":"En \u00abMILITARES\u00bb","block_context":{"text":"MILITARES","link":"https:\/\/lasprimeras.com.do\/index.php\/category\/militares\/"},"img":{"alt_text":"","src":"https:\/\/i0.wp.com\/lasprimeras.com.do\/wp-content\/uploads\/2024\/10\/batalla-1.jpg?resize=350%2C200&ssl=1","width":350,"height":200,"srcset":"https:\/\/i0.wp.com\/lasprimeras.com.do\/wp-content\/uploads\/2024\/10\/batalla-1.jpg?resize=350%2C200&ssl=1 1x, https:\/\/i0.wp.com\/lasprimeras.com.do\/wp-content\/uploads\/2024\/10\/batalla-1.jpg?resize=525%2C300&ssl=1 1.5x"},"classes":[]},{"id":49792,"url":"https:\/\/lasprimeras.com.do\/index.php\/2023\/05\/14\/pn-logra-oro-y-plata-en-competencia-de-tiro-para-cadetes\/","url_meta":{"origin":115142,"position":1},"title":"PN logra oro y plata en competencia de tiro para cadetes","author":"prenxa100","date":"14 de mayo de 2023","format":false,"excerpt":"Por Wilson Perez Santo Domingo, RD.- La Polic\u00eda Nacional obtuvo medallas de oro y plata en la competencia de tiro para cadetes y guardiamarinas femeninas, al participar en los quincuag\u00e9simo segundo (LII) juegos deportivos de las Fuerzas Armas y esta instituci\u00f3n, celebrados hoy en el municipio Santo Domingo Norte. La\u2026","rel":"","context":"En \u00abSin categor\u00eda\u00bb","block_context":{"text":"Sin categor\u00eda","link":"https:\/\/lasprimeras.com.do\/index.php\/category\/sin-categoria\/"},"img":{"alt_text":"","src":"","width":0,"height":0},"classes":[]},{"id":54088,"url":"https:\/\/lasprimeras.com.do\/index.php\/2023\/07\/06\/armada-de-rd-despide-al-crucero-de-instruccion-para-guardiamarinas-verano-2023\/","url_meta":{"origin":115142,"position":2},"title":"Armada de RD despide al crucero de instrucci\u00f3n para guardiamarinas &#8220;Verano 2023&#8221;","author":"Nelson Feliz","date":"6 de julio de 2023","format":false,"excerpt":"La Armada de Rep\u00fablica Dominicana, inici\u00f3 hoy su tradicional programa de despedida en el apostadero naval Sans Souc\u00ed, del crucero de instrucci\u00f3n internacional para guardiamarinas \"Verano 2023\", 31 guardiamarinas a bordo, entre ellos tres de nacionalidad extranjera. Esta traves\u00eda ser\u00e1 realizada a bordo del buque escuela Almirante Juan Bautista Cambiaso,\u2026","rel":"","context":"En \u00abNACIONALES\u00bb","block_context":{"text":"NACIONALES","link":"https:\/\/lasprimeras.com.do\/index.php\/category\/nacionales\/"},"img":{"alt_text":"Armada de Rep\u00fablica Dominicana","src":"https:\/\/i0.wp.com\/lasprimeras.com.do\/wp-content\/uploads\/2023\/07\/Armada-de-Republica-Dominicana-1.jpg?resize=350%2C200&ssl=1","width":350,"height":200,"srcset":"https:\/\/i0.wp.com\/lasprimeras.com.do\/wp-content\/uploads\/2023\/07\/Armada-de-Republica-Dominicana-1.jpg?resize=350%2C200&ssl=1 1x, https:\/\/i0.wp.com\/lasprimeras.com.do\/wp-content\/uploads\/2023\/07\/Armada-de-Republica-Dominicana-1.jpg?resize=525%2C300&ssl=1 1.5x, https:\/\/i0.wp.com\/lasprimeras.com.do\/wp-content\/uploads\/2023\/07\/Armada-de-Republica-Dominicana-1.jpg?resize=700%2C400&ssl=1 2x"},"classes":[]},{"id":71584,"url":"https:\/\/lasprimeras.com.do\/index.php\/2023\/12\/21\/abinader-dice-estar-de-acuerdo-con-tregua-por-navidad\/","url_meta":{"origin":115142,"position":3},"title":"Abinader dice estar de acuerdo con tregua por Navidad","author":"BIMARY DE JES\u00daS Matos","date":"21 de diciembre de 2023","format":false,"excerpt":"Santo Domingo.-Luego de presidir ayer una graduaci\u00f3n de 25 cadetes de la Fuerza A\u00e9rea, el presidente Luis Abinader dijo estar de acuerdo con la tregua de las actividades pol\u00edticas durante la \u00e9poca navide\u00f1a, tal como sugirieron esta semana legisladores de diferentes partidos. \u201cEstamos de acuerdo con la tregua\u201d, manifest\u00f3 el\u2026","rel":"","context":"En \u00abSin categor\u00eda\u00bb","block_context":{"text":"Sin categor\u00eda","link":"https:\/\/lasprimeras.com.do\/index.php\/category\/sin-categoria\/"},"img":{"alt_text":"","src":"https:\/\/i0.wp.com\/lasprimeras.com.do\/wp-content\/uploads\/2023\/12\/WhatsApp-Image-2023-12-20-at-3.59.43-PM.jpeg?resize=350%2C200&ssl=1","width":350,"height":200,"srcset":"https:\/\/i0.wp.com\/lasprimeras.com.do\/wp-content\/uploads\/2023\/12\/WhatsApp-Image-2023-12-20-at-3.59.43-PM.jpeg?resize=350%2C200&ssl=1 1x, https:\/\/i0.wp.com\/lasprimeras.com.do\/wp-content\/uploads\/2023\/12\/WhatsApp-Image-2023-12-20-at-3.59.43-PM.jpeg?resize=525%2C300&ssl=1 1.5x"},"classes":[]},{"id":94345,"url":"https:\/\/lasprimeras.com.do\/index.php\/2025\/02\/27\/abinader-encabeza-desfile-militar-por-el-181-aniversario-de-la-independencia-nacional\/","url_meta":{"origin":115142,"position":4},"title":"Abinader encabeza desfile militar por el 181 aniversario de la Independencia Nacional","author":"Nelson Feliz","date":"27 de febrero de 2025","format":false,"excerpt":"Muchos de los veh\u00edculos participantes los entreg\u00f3 el mandatario a los cuerpos especializados de seguridad y las tres ramas de las Fuerzas Armadas recientemente. El presidente Luis Abinader encabez\u00f3 el desfile militar en conmemoraci\u00f3n del 181 aniversario de la Independencia Nacional, con el cual culminaron este 27 de febrero las\u2026","rel":"","context":"En \u00abNACIONALES\u00bb","block_context":{"text":"NACIONALES","link":"https:\/\/lasprimeras.com.do\/index.php\/category\/nacionales\/"},"img":{"alt_text":"Luis Abinader","src":"https:\/\/i0.wp.com\/lasprimeras.com.do\/wp-content\/uploads\/2025\/02\/Luis-Abinader-13.jpg?resize=350%2C200&ssl=1","width":350,"height":200,"srcset":"https:\/\/i0.wp.com\/lasprimeras.com.do\/wp-content\/uploads\/2025\/02\/Luis-Abinader-13.jpg?resize=350%2C200&ssl=1 1x, https:\/\/i0.wp.com\/lasprimeras.com.do\/wp-content\/uploads\/2025\/02\/Luis-Abinader-13.jpg?resize=525%2C300&ssl=1 1.5x"},"classes":[]},{"id":101071,"url":"https:\/\/lasprimeras.com.do\/index.php\/2025\/06\/15\/fard-obtiene-primer-lugar-en-los-juegos-deportivos-de-las-ff-aa-y-pn-2025\/","url_meta":{"origin":115142,"position":5},"title":"FARD obtiene primer lugar en los Juegos Deportivos de las FF.AA y PN 2025","author":"Nelson Feliz","date":"15 de junio de 2025","format":false,"excerpt":"Con una ceremonia celebrada en la sede del Ministerio de Defensa, concluyeron los Juegos Deportivos de las Fuerzas Armadas y la Polic\u00eda Nacional 2025, evento coordinado por la Confederaci\u00f3n Deportiva de las Fuerzas Armadas y la Polic\u00eda Nacional (CONFEDFAPNRD). El acto fue presidido por el teniente general Carlos Antonio Fern\u00e1ndez\u2026","rel":"","context":"En \u00abDEPORTES\u00bb","block_context":{"text":"DEPORTES","link":"https:\/\/lasprimeras.com.do\/index.php\/category\/deportes\/"},"img":{"alt_text":"","src":"https:\/\/i0.wp.com\/lasprimeras.com.do\/wp-content\/uploads\/2025\/06\/FARD.jpg?resize=350%2C200&ssl=1","width":350,"height":200,"srcset":"https:\/\/i0.wp.com\/lasprimeras.com.do\/wp-content\/uploads\/2025\/06\/FARD.jpg?resize=350%2C200&ssl=1 1x, https:\/\/i0.wp.com\/lasprimeras.com.do\/wp-content\/uploads\/2025\/06\/FARD.jpg?resize=525%2C300&ssl=1 1.5x, https:\/\/i0.wp.com\/lasprimeras.com.do\/wp-content\/uploads\/2025\/06\/FARD.jpg?resize=700%2C400&ssl=1 2x"},"classes":[]}],"jetpack_sharing_enabled":true,"_links":{"self":[{"href":"https:\/\/lasprimeras.com.do\/index.php\/wp-json\/wp\/v2\/posts\/115142","targetHints":{"allow":["GET"]}}],"collection":[{"href":"https:\/\/lasprimeras.com.do\/index.php\/wp-json\/wp\/v2\/posts"}],"about":[{"href":"https:\/\/lasprimeras.com.do\/index.php\/wp-json\/wp\/v2\/types\/post"}],"author":[{"embeddable":true,"href":"https:\/\/lasprimeras.com.do\/index.php\/wp-json\/wp\/v2\/users\/10"}],"replies":[{"embeddable":true,"href":"https:\/\/lasprimeras.com.do\/index.php\/wp-json\/wp\/v2\/comments?post=115142"}],"version-history":[{"count":1,"href":"https:\/\/lasprimeras.com.do\/index.php\/wp-json\/wp\/v2\/posts\/115142\/revisions"}],"predecessor-version":[{"id":115145,"href":"https:\/\/lasprimeras.com.do\/index.php\/wp-json\/wp\/v2\/posts\/115142\/revisions\/115145"}],"wp:featuredmedia":[{"embeddable":true,"href":"https:\/\/lasprimeras.com.do\/index.php\/wp-json\/wp\/v2\/media\/115143"}],"wp:attachment":[{"href":"https:\/\/lasprimeras.com.do\/index.php\/wp-json\/wp\/v2\/media?parent=115142"}],"wp:term":[{"taxonomy":"category","embeddable":true,"href":"https:\/\/lasprimeras.com.do\/index.php\/wp-json\/wp\/v2\/categories?post=115142"},{"taxonomy":"post_tag","embeddable":true,"href":"https:\/\/lasprimeras.com.do\/index.php\/wp-json\/wp\/v2\/tags?post=115142"}],"curies":[{"name":"wp","href":"https:\/\/api.w.org\/{rel}","templated":true}]}}