{"id":115184,"date":"2025-11-19T20:22:50","date_gmt":"2025-11-20T00:22:50","guid":{"rendered":"https:\/\/lasprimeras.com.do\/?p=115184"},"modified":"2025-11-19T20:22:51","modified_gmt":"2025-11-20T00:22:51","slug":"otro-fallo-en-el-metro-deja-a-pasajeros-varados-y-caminando-en-los-rieles-el-segundo-del-dia","status":"publish","type":"post","link":"https:\/\/lasprimeras.com.do\/index.php\/2025\/11\/19\/otro-fallo-en-el-metro-deja-a-pasajeros-varados-y-caminando-en-los-rieles-el-segundo-del-dia\/","title":{"rendered":"Otro fallo en el metro deja a pasajeros varados y caminando en los rieles; el segundo del d\u00eda"},"content":{"rendered":"\n<p>Un tramo de la L\u00ednea 1 del Metro de Santo Domingo presenta problemas la noche de este mi\u00e9rcoles, lo que ha obligado a cientos de personas a desplazarse a pie por la avenida Hermanas Mirabal y el puente Francisco J. Peynado, luego de ser evacuadas del sistema de transporte. Es el segundo fallo que registra este d\u00eda.<\/p>\n\n\n\n<p>Videos enviados a la redacci\u00f3n de Diario Libre muestran la ca\u00f3tica situaci\u00f3n que est\u00e1n pasando los pasajeros del metro. Las personas atribuyen la falla a &#8220;un problema el\u00e9ctrico&#8221;.<\/p>\n\n\n\n<p>&#8220;Sin electricidad el metro, de nuevo&#8221;, dice un hombre luego de preguntar qu\u00e9 estaba pasando.<\/p>\n\n\n\n<p>Un usuario dijo que los estaban sacando de los vagones por los rieles.<\/p>\n\n\n\n<p>Estaci\u00f3n M\u00e1ximo G\u00f3mez<\/p>\n\n\n\n<p>En otras im\u00e1genes suministradas al medio se observan a miles de personas apes\u00f1ucadas en la estaci\u00f3n de la M\u00e1ximo G\u00f3mez.<\/p>\n\n\n\n<p>Aparentemente est\u00e1n &#8220;quedados&#8221;. Esa es la estaci\u00f3n en la cual se hace la transferencia hacia la L\u00ednea 2 del Metro de Santo Domingo.<\/p>\n\n\n\n<p>Gran tap\u00f3n<\/p>\n\n\n\n<p>Adem\u00e1s de la situaci\u00f3n de los usuarios del metro, ciudadanos que circulan en veh\u00edculos reportan un gran tap\u00f3n para ir a Villa Mella.<\/p>\n\n\n\n<p>&#8220;Est\u00e1 intransitable&#8221;, dijo una conductora que se dirig\u00eda a Villa Mella desde la avenida Paseo de los Reyes Cat\u00f3licos y tuvo que desviarse.<\/p>\n\n\n\n<p>&#8220;El congestionamiento es m\u00e1s grande que cuando ocurri\u00f3 el apag\u00f3n que par\u00f3 el metro&#8221;, explic\u00f3.<\/p>\n\n\n\n<p>Opret: se trat\u00f3 de una aver\u00eda<\/p>\n\n\n\n<p>La Oficina para el Reordenamiento del Transporte (Opret) inform\u00f3 que pasadas las seis de la tarde una &#8220;aver\u00eda&#8221; afect\u00f3 la L\u00ednea 1, lo que provoc\u00f3 &#8220;la suspensi\u00f3n temporal&#8221; en el tramo entre las Mam\u00e1 Ting\u00f3 y Hermanas Mirabal, ubicado en Villa Mella, Santo Domingo Norte.<\/p>\n\n\n\n<p>&#8220;Informamos que siendo las 7:20 de la noche, fue restablecido el servicio&#8221;, indic\u00f3 la Opret en un comunicado sobre el evento.<\/p>\n\n\n\n<p>Dijo que durante ese proceso, las estaciones de la L\u00ednea 2 no resultaron afectadas y se mantuvieron operando.<\/p>\n","protected":false},"excerpt":{"rendered":"<p>Un tramo de la L\u00ednea 1 del Metro de Santo Domingo presenta problemas la noche de este mi\u00e9rcoles, lo que ha obligado a cientos de personas a desplazarse a pie&hellip;<\/p>\n","protected":false},"author":10,"featured_media":85629,"comment_status":"open","ping_status":"open","sticky":false,"template":"","format":"standard","meta":{"content-type":"","jetpack_post_was_ever_published":false,"_jetpack_newsletter_access":"","_jetpack_dont_email_post_to_subs":false,"_jetpack_newsletter_tier_id":0,"_jetpack_memberships_contains_paywalled_content":false,"_jetpack_memberships_contains_paid_content":false,"footnotes":""},"categories":[35],"tags":[20166],"class_list":["post-115184","post","type-post","status-publish","format-standard","has-post-thumbnail","hentry","category-nacionales","tag-metro-de-santo-domingo"],"jetpack_featured_media_url":"https:\/\/lasprimeras.com.do\/wp-content\/uploads\/2024\/07\/METRO-SD.jpg","jetpack-related-posts":[{"id":51872,"url":"https:\/\/lasprimeras.com.do\/index.php\/2023\/06\/04\/heroe-latino-premian-a-trabajador-mta-que-rescato-a-pasajero-empujado-a-los-rieles-del-metro-de-nueva-york\/","url_meta":{"origin":115184,"position":0},"title":"H\u00e9roe latino: premian a trabajador MTA que rescat\u00f3 a pasajero empujado a los rieles del Metro de Nueva York","author":"prenxa100","date":"4 de junio de 2023","format":false,"excerpt":"El trabajador de la MTA, \u00c1ngel Oquendo fue honrado como h\u00e9roe por saltar a la acci\u00f3n para salvar a un hombre que fue empujado a las v\u00edas del Metro de Nueva York en Brooklyn segundos antes de que un tren arribara. El incidente ocurri\u00f3 en la parada 25th Street de\u2026","rel":"","context":"En \u00abSin categor\u00eda\u00bb","block_context":{"text":"Sin categor\u00eda","link":"https:\/\/lasprimeras.com.do\/index.php\/category\/sin-categoria\/"},"img":{"alt_text":"","src":"https:\/\/i0.wp.com\/atento.com.do\/wp-content\/uploads\/2023\/06\/Heroe-Latino.jpg?resize=350%2C200&ssl=1","width":350,"height":200,"srcset":"https:\/\/i0.wp.com\/atento.com.do\/wp-content\/uploads\/2023\/06\/Heroe-Latino.jpg?resize=350%2C200&ssl=1 1x, https:\/\/i0.wp.com\/atento.com.do\/wp-content\/uploads\/2023\/06\/Heroe-Latino.jpg?resize=525%2C300&ssl=1 1.5x, https:\/\/i0.wp.com\/atento.com.do\/wp-content\/uploads\/2023\/06\/Heroe-Latino.jpg?resize=700%2C400&ssl=1 2x"},"classes":[]},{"id":117289,"url":"https:\/\/lasprimeras.com.do\/index.php\/2025\/12\/09\/otra-vez-falla-en-en-linea-1-del-metro-provoca-evacuacion-de-pasajeros\/","url_meta":{"origin":115184,"position":1},"title":"Otra vez: Falla en en l\u00ednea 1 del metro provoca evacuaci\u00f3n de pasajeros","author":"Nelson Feliz","date":"9 de diciembre de 2025","format":false,"excerpt":"El hecho ocurri\u00f3 en la estaci\u00f3n Pedro Livio Cede\u00f1o. La Opret dijo que se trat\u00f3 de una incidencia en una puerta y que el servicio fue restablecido en minutos. La L\u00ednea 1 del Metro de Santo Domingo registr\u00f3 una falla que oblig\u00f3 al desmonte de los pasajeros en la estaci\u00f3n\u2026","rel":"","context":"En \u00abNACIONALES\u00bb","block_context":{"text":"NACIONALES","link":"https:\/\/lasprimeras.com.do\/index.php\/category\/nacionales\/"},"img":{"alt_text":"","src":"https:\/\/i0.wp.com\/lasprimeras.com.do\/wp-content\/uploads\/2025\/12\/metro.jpg?resize=350%2C200&ssl=1","width":350,"height":200,"srcset":"https:\/\/i0.wp.com\/lasprimeras.com.do\/wp-content\/uploads\/2025\/12\/metro.jpg?resize=350%2C200&ssl=1 1x, https:\/\/i0.wp.com\/lasprimeras.com.do\/wp-content\/uploads\/2025\/12\/metro.jpg?resize=525%2C300&ssl=1 1.5x, https:\/\/i0.wp.com\/lasprimeras.com.do\/wp-content\/uploads\/2025\/12\/metro.jpg?resize=700%2C400&ssl=1 2x"},"classes":[]},{"id":128140,"url":"https:\/\/lasprimeras.com.do\/index.php\/2026\/04\/20\/falla-electrica-deja-fuera-de-servicio-las-lineas-1-y-2-del-metro-de-santo-domingo\/","url_meta":{"origin":115184,"position":2},"title":"Falla el\u00e9ctrica deja fuera de servicio las L\u00edneas 1 y 2 del Metro de Santo Domingo","author":"Nelson Feliz","date":"20 de abril de 2026","format":false,"excerpt":"La Direcci\u00f3n General de Seguridad de Tr\u00e1nsito y Transporte Terrestre (DIGESETT) informa a la ciudadan\u00eda que las L\u00edneas 1 y 2 del Metro de Santo Domingo se encuentran temporalmente fuera de servicio debido a una falla el\u00e9ctrica. Se recomienda a los usuarios tomar v\u00edas y medios de transporte alternativos mientras\u2026","rel":"","context":"En \u00abNACIONALES\u00bb","block_context":{"text":"NACIONALES","link":"https:\/\/lasprimeras.com.do\/index.php\/category\/nacionales\/"},"img":{"alt_text":"","src":"https:\/\/i0.wp.com\/lasprimeras.com.do\/wp-content\/uploads\/2024\/07\/METRO-SD.jpg?resize=350%2C200&ssl=1","width":350,"height":200,"srcset":"https:\/\/i0.wp.com\/lasprimeras.com.do\/wp-content\/uploads\/2024\/07\/METRO-SD.jpg?resize=350%2C200&ssl=1 1x, https:\/\/i0.wp.com\/lasprimeras.com.do\/wp-content\/uploads\/2024\/07\/METRO-SD.jpg?resize=525%2C300&ssl=1 1.5x, https:\/\/i0.wp.com\/lasprimeras.com.do\/wp-content\/uploads\/2024\/07\/METRO-SD.jpg?resize=700%2C400&ssl=1 2x"},"classes":[]},{"id":114799,"url":"https:\/\/lasprimeras.com.do\/index.php\/2025\/11\/17\/pericles-feliz-critica-descuido-de-plantas-de-emergencia-del-metro\/","url_meta":{"origin":115184,"position":3},"title":"Pericles F\u00e9liz critica descuido de plantas de emergencia del Metro","author":"Nelson Feliz","date":"17 de noviembre de 2025","format":false,"excerpt":"El dirigente pol\u00edtico y experto en temas de infraestructura, Pericles F\u00e9liz, ofreci\u00f3 declaraciones contundentes sobre el reciente fallo el\u00e9ctrico que afect\u00f3 al Metro de Santo Domingo. F\u00e9liz atribuy\u00f3 el incidente a un \"error humano\" y a a\u00f1os de \"descuido\" en el mantenimiento de las infraestructuras cr\u00edticas del sistema de transporte.\u2026","rel":"","context":"En \u00abNACIONALES\u00bb","block_context":{"text":"NACIONALES","link":"https:\/\/lasprimeras.com.do\/index.php\/category\/nacionales\/"},"img":{"alt_text":"","src":"","width":0,"height":0},"classes":[]},{"id":100165,"url":"https:\/\/lasprimeras.com.do\/index.php\/2025\/06\/02\/opret-asegura-seguridad-del-metro-de-los-alcarrizos-esta-completamente-garantizada\/","url_meta":{"origin":115184,"position":4},"title":"OPRET asegura seguridad del Metro de Los Alcarrizos est\u00e1 completamente garantizada","author":"Nelson Feliz","date":"2 de junio de 2025","format":false,"excerpt":"El asistente t\u00e9cnico del director ejecutivo de la Oficina para el Reordenamiento del Transporte (OPRET),ingeniero Jos\u00e9 Adolfo Herrera, afirm\u00f3 este lunes que la seguridad del Metro de Santo Domingo, especialmente la extensi\u00f3n hacia Los Alcarrizos est\u00e1 completamente garantizada. \u201cLa seguridad del Metro est\u00e1 garantizada, sin ning\u00fan problema. Yo ser\u00e9 el\u2026","rel":"","context":"En \u00abECONOM\u00cdA\u00bb","block_context":{"text":"ECONOM\u00cdA","link":"https:\/\/lasprimeras.com.do\/index.php\/category\/economia\/"},"img":{"alt_text":"Jos\u00e9 Adolfo Herrera","src":"https:\/\/i0.wp.com\/lasprimeras.com.do\/wp-content\/uploads\/2025\/06\/Jose-Adolfo-Herrera.jpg?resize=350%2C200&ssl=1","width":350,"height":200,"srcset":"https:\/\/i0.wp.com\/lasprimeras.com.do\/wp-content\/uploads\/2025\/06\/Jose-Adolfo-Herrera.jpg?resize=350%2C200&ssl=1 1x, https:\/\/i0.wp.com\/lasprimeras.com.do\/wp-content\/uploads\/2025\/06\/Jose-Adolfo-Herrera.jpg?resize=525%2C300&ssl=1 1.5x, https:\/\/i0.wp.com\/lasprimeras.com.do\/wp-content\/uploads\/2025\/06\/Jose-Adolfo-Herrera.jpg?resize=700%2C400&ssl=1 2x"},"classes":[]},{"id":48663,"url":"https:\/\/lasprimeras.com.do\/index.php\/2023\/05\/03\/un-muerto-estrangulado-y-un-herido-apunalado-en-el-metro-de-nueva-york\/","url_meta":{"origin":115184,"position":5},"title":"Un muerto estrangulado y un herido apu\u00f1alado en el Metro de Nueva York","author":"prenxa100","date":"3 de mayo de 2023","format":false,"excerpt":"Un hombre de 30 a\u00f1os muri\u00f3 estrangulado en medio de una discusi\u00f3n a bordo de un tren del Metro de Nueva York ayer a media tarde en el Bajo Manhattan. Horas despu\u00e9s otro pasajero fue apu\u00f1alado en Queens. Nueva York.-. Un hombre de 30 a\u00f1os con antecedentes penales muri\u00f3 estrangulado\u2026","rel":"","context":"En \u00abSin categor\u00eda\u00bb","block_context":{"text":"Sin categor\u00eda","link":"https:\/\/lasprimeras.com.do\/index.php\/category\/sin-categoria\/"},"img":{"alt_text":"","src":"","width":0,"height":0},"classes":[]}],"jetpack_sharing_enabled":true,"_links":{"self":[{"href":"https:\/\/lasprimeras.com.do\/index.php\/wp-json\/wp\/v2\/posts\/115184","targetHints":{"allow":["GET"]}}],"collection":[{"href":"https:\/\/lasprimeras.com.do\/index.php\/wp-json\/wp\/v2\/posts"}],"about":[{"href":"https:\/\/lasprimeras.com.do\/index.php\/wp-json\/wp\/v2\/types\/post"}],"author":[{"embeddable":true,"href":"https:\/\/lasprimeras.com.do\/index.php\/wp-json\/wp\/v2\/users\/10"}],"replies":[{"embeddable":true,"href":"https:\/\/lasprimeras.com.do\/index.php\/wp-json\/wp\/v2\/comments?post=115184"}],"version-history":[{"count":1,"href":"https:\/\/lasprimeras.com.do\/index.php\/wp-json\/wp\/v2\/posts\/115184\/revisions"}],"predecessor-version":[{"id":115185,"href":"https:\/\/lasprimeras.com.do\/index.php\/wp-json\/wp\/v2\/posts\/115184\/revisions\/115185"}],"wp:featuredmedia":[{"embeddable":true,"href":"https:\/\/lasprimeras.com.do\/index.php\/wp-json\/wp\/v2\/media\/85629"}],"wp:attachment":[{"href":"https:\/\/lasprimeras.com.do\/index.php\/wp-json\/wp\/v2\/media?parent=115184"}],"wp:term":[{"taxonomy":"category","embeddable":true,"href":"https:\/\/lasprimeras.com.do\/index.php\/wp-json\/wp\/v2\/categories?post=115184"},{"taxonomy":"post_tag","embeddable":true,"href":"https:\/\/lasprimeras.com.do\/index.php\/wp-json\/wp\/v2\/tags?post=115184"}],"curies":[{"name":"wp","href":"https:\/\/api.w.org\/{rel}","templated":true}]}}