{"id":115191,"date":"2025-11-19T20:37:33","date_gmt":"2025-11-20T00:37:33","guid":{"rendered":"https:\/\/lasprimeras.com.do\/?p=115191"},"modified":"2025-11-19T20:37:34","modified_gmt":"2025-11-20T00:37:34","slug":"un-adolescente-de-15-anos-mata-a-joven-de-18-en-san-francisco-de-macoris","status":"publish","type":"post","link":"https:\/\/lasprimeras.com.do\/index.php\/2025\/11\/19\/un-adolescente-de-15-anos-mata-a-joven-de-18-en-san-francisco-de-macoris\/","title":{"rendered":"Un adolescente de 15 a\u00f1os mata a joven de 18 en San Francisco de Macor\u00eds"},"content":{"rendered":"\n<p>Un adolescente de 15 a\u00f1os mat\u00f3 de una estocada a un joven de 18 durante un hecho ocurrido ayer, en el municipio San Francisco de Macor\u00eds, en la provincia Duarte.<\/p>\n\n\n\n<p>La v\u00edctima fue identificada como Stacy Emmanuel N\u00fa\u00f1ez, quien falleci\u00f3 a causa de una herida ocasionada con un arma blanca.<\/p>\n\n\n\n<p>De acuerdo con informes preliminares, el menor de edad hab\u00eda contra\u00eddo una deuda de 3,000 pesos con el hoy occiso, y el suceso se produjo en medio de una acalorada discusi\u00f3n por el cobro del dinero.<\/p>\n\n\n\n<p>Piden apresar al responsable<\/p>\n\n\n\n<p>Tras cometer el hecho, el agresor huy\u00f3 de la escena.<\/p>\n\n\n\n<p>La Polic\u00eda Nacional inform\u00f3 que mantiene el caso bajo investigaci\u00f3n para dar con el paradero del adolescente y esclarecer las circunstancias que rodean el homicidio.<\/p>\n\n\n\n<p>Familiares de la v\u00edctima pidieron a las autoridades actuar con rapidez para capturar al responsable y evitar que el crimen quede impune.<\/p>\n\n\n\n<p>El cad\u00e1ver de Stacy Emmanuel N\u00fa\u00f1ez fue enviado al Instituto Nacional de Ciencias Forenses (Inacif), para los fines de autopsia.<\/p>\n","protected":false},"excerpt":{"rendered":"<p>Un adolescente de 15 a\u00f1os mat\u00f3 de una estocada a un joven de 18 durante un hecho ocurrido ayer, en el municipio San Francisco de Macor\u00eds, en la provincia Duarte.&hellip;<\/p>\n","protected":false},"author":10,"featured_media":53897,"comment_status":"open","ping_status":"open","sticky":false,"template":"","format":"standard","meta":{"content-type":"","jetpack_post_was_ever_published":false,"_jetpack_newsletter_access":"","_jetpack_dont_email_post_to_subs":false,"_jetpack_newsletter_tier_id":0,"_jetpack_memberships_contains_paywalled_content":false,"_jetpack_memberships_contains_paid_content":false,"footnotes":""},"categories":[35],"tags":[2974,1127,755,3530],"class_list":["post-115191","post","type-post","status-publish","format-standard","has-post-thumbnail","hentry","category-nacionales","tag-adolescente","tag-joven","tag-mata","tag-san-francisco-de-macoris"],"jetpack_featured_media_url":"https:\/\/lasprimeras.com.do\/wp-content\/uploads\/2023\/07\/Cuchillo.jpg","jetpack-related-posts":[{"id":52615,"url":"https:\/\/lasprimeras.com.do\/index.php\/2023\/06\/12\/encuentran-ahorcado-joven-de-14-anos-en-san-francisco-de-macoris\/","url_meta":{"origin":115191,"position":0},"title":"Encuentran ahorcado joven de 14 a\u00f1os en San Francisco de Macor\u00eds","author":"prenxa100","date":"12 de junio de 2023","format":false,"excerpt":"Un adolescente de 17 a\u00f1os fue encontrado ahorcado en la parte trasera de su vivienda la en el sector Los Rieles de esta ciudad de San Francisco de Marcoris el pasado s\u00e1bado. El fallecido joven fue identificado como Fraylin Garc\u00eda Cabrera, quien habr\u00eda utilizado una soga, atandola al cuello, amarrada\u2026","rel":"","context":"En \u00abNACIONALES\u00bb","block_context":{"text":"NACIONALES","link":"https:\/\/lasprimeras.com.do\/index.php\/category\/nacionales\/"},"img":{"alt_text":"","src":"https:\/\/i0.wp.com\/lasprimeras.com.do\/wp-content\/uploads\/2023\/06\/encuentran-ahorcado-joven-de-14-anos-en-san-francisco-de-macoris.jpg?resize=350%2C200&ssl=1","width":350,"height":200,"srcset":"https:\/\/i0.wp.com\/lasprimeras.com.do\/wp-content\/uploads\/2023\/06\/encuentran-ahorcado-joven-de-14-anos-en-san-francisco-de-macoris.jpg?resize=350%2C200&ssl=1 1x, https:\/\/i0.wp.com\/lasprimeras.com.do\/wp-content\/uploads\/2023\/06\/encuentran-ahorcado-joven-de-14-anos-en-san-francisco-de-macoris.jpg?resize=525%2C300&ssl=1 1.5x"},"classes":[]},{"id":52410,"url":"https:\/\/lasprimeras.com.do\/index.php\/2023\/06\/10\/salud-de-adolescente-operado-de-mano-cercenada-evoluciona-satisfactoriamente\/","url_meta":{"origin":115191,"position":1},"title":"Salud de adolescente operado de mano cercenada evoluciona satisfactoriamente","author":"prenxa100","date":"10 de junio de 2023","format":false,"excerpt":"El adolescente de 15 a\u00f1os perdi\u00f3 la mano izquierda luego de que otro joven de 19 a\u00f1os le atacara mientras este sal\u00eda de una escuela en San Pedro de Macor\u00eds. La recuperaci\u00f3n del adolescente que result\u00f3 con su mano izquierda cercenada contin\u00faa avanzando satisfactoriamente y se ha mantenido en condiciones\u2026","rel":"","context":"En \u00abPORTADA\u00bb","block_context":{"text":"PORTADA","link":"https:\/\/lasprimeras.com.do\/index.php\/category\/portada\/"},"img":{"alt_text":"","src":"","width":0,"height":0},"classes":[]},{"id":120940,"url":"https:\/\/lasprimeras.com.do\/index.php\/2026\/01\/29\/sfmhermana-de-adolescente-fallecida-asegura-disparo-iba-dirigido-a-su-cunado-y-no-a-la-menor\/","url_meta":{"origin":115191,"position":2},"title":"SFM:Hermana de adolescente fallecida asegura disparo iba dirigido a su cu\u00f1ado y no a la menor","author":"Nelson Feliz","date":"29 de enero de 2026","format":false,"excerpt":"La joven se\u00f1alada como presunta responsable de la muerte de una adolescente de 13 a\u00f1os ofreci\u00f3 su versi\u00f3n de los hechos, asegurando que el disparo que provoc\u00f3 el fallecimiento de la menor no iba dirigido contra ella, sino contra el esposo de su hermana, a quien acusa de presuntos maltratos\u2026","rel":"","context":"En \u00abNACIONALES\u00bb","block_context":{"text":"NACIONALES","link":"https:\/\/lasprimeras.com.do\/index.php\/category\/nacionales\/"},"img":{"alt_text":"","src":"https:\/\/i0.wp.com\/lasprimeras.com.do\/wp-content\/uploads\/2026\/01\/ankelsy.jpg?resize=350%2C200&ssl=1","width":350,"height":200,"srcset":"https:\/\/i0.wp.com\/lasprimeras.com.do\/wp-content\/uploads\/2026\/01\/ankelsy.jpg?resize=350%2C200&ssl=1 1x, https:\/\/i0.wp.com\/lasprimeras.com.do\/wp-content\/uploads\/2026\/01\/ankelsy.jpg?resize=525%2C300&ssl=1 1.5x"},"classes":[]},{"id":115125,"url":"https:\/\/lasprimeras.com.do\/index.php\/2025\/11\/19\/prestamista-asesina-joven-por-supuesta-deuda-rd3000\/","url_meta":{"origin":115191,"position":3},"title":"Prestamista asesina joven por supuesta deuda RD$3,000","author":"Nelson Feliz","date":"19 de noviembre de 2025","format":false,"excerpt":"Un hombre ultim\u00f3 ayer de una cuchillada a un joven en un sector Urbano de San Francisco de Macor\u00eds porque se neg\u00f3 a pagarle tres mil pesos que le hab\u00eda tomado a t\u00edtulo de pr\u00e9stamo. El occiso fue identificado como Stacy Enmanuel N\u00fa\u00f1ez, de 18 a\u00f1os de edad, mientras que\u2026","rel":"","context":"En \u00abNACIONALES\u00bb","block_context":{"text":"NACIONALES","link":"https:\/\/lasprimeras.com.do\/index.php\/category\/nacionales\/"},"img":{"alt_text":"","src":"https:\/\/i0.wp.com\/lasprimeras.com.do\/wp-content\/uploads\/2023\/07\/Cuchillo.jpg?resize=350%2C200&ssl=1","width":350,"height":200,"srcset":"https:\/\/i0.wp.com\/lasprimeras.com.do\/wp-content\/uploads\/2023\/07\/Cuchillo.jpg?resize=350%2C200&ssl=1 1x, https:\/\/i0.wp.com\/lasprimeras.com.do\/wp-content\/uploads\/2023\/07\/Cuchillo.jpg?resize=525%2C300&ssl=1 1.5x"},"classes":[]},{"id":70730,"url":"https:\/\/lasprimeras.com.do\/index.php\/2023\/12\/13\/muere-adolescente-de-16-anos-en-accidente-de-transito-en-carretera-spm\/","url_meta":{"origin":115191,"position":4},"title":"Muere adolescente de 16 a\u00f1os en accidente de tr\u00e1nsito en carretera SPM","author":"Nelson Feliz","date":"13 de diciembre de 2023","format":false,"excerpt":"Un adolescente de 16 a\u00f1os perdi\u00f3 la vida la tarde de este martes, producto de un accidente de tr\u00e1nsito. El hecho ocurri\u00f3 en la carretera Consuelo-San Pedro de Macor\u00eds. La v\u00edctima fue identificada como Junior Taveras, quien muri\u00f3 tras colisionar su motocicleta con un veh\u00edculo, de datos desconocidos. Taveras resid\u00eda\u2026","rel":"","context":"En \u00abNACIONALES\u00bb","block_context":{"text":"NACIONALES","link":"https:\/\/lasprimeras.com.do\/index.php\/category\/nacionales\/"},"img":{"alt_text":"MOTO","src":"https:\/\/i0.wp.com\/lasprimeras.com.do\/wp-content\/uploads\/2023\/12\/MOTO.jpg?resize=350%2C200&ssl=1","width":350,"height":200,"srcset":"https:\/\/i0.wp.com\/lasprimeras.com.do\/wp-content\/uploads\/2023\/12\/MOTO.jpg?resize=350%2C200&ssl=1 1x, https:\/\/i0.wp.com\/lasprimeras.com.do\/wp-content\/uploads\/2023\/12\/MOTO.jpg?resize=525%2C300&ssl=1 1.5x, https:\/\/i0.wp.com\/lasprimeras.com.do\/wp-content\/uploads\/2023\/12\/MOTO.jpg?resize=700%2C400&ssl=1 2x"},"classes":[]},{"id":86620,"url":"https:\/\/lasprimeras.com.do\/index.php\/2024\/07\/28\/identifican-hombre-que-mato-otro-en-sfm\/","url_meta":{"origin":115191,"position":5},"title":"Identifican hombre que mato otro en SFM","author":"Nelson Feliz","date":"28 de julio de 2024","format":false,"excerpt":"Identifican hombre que mat\u00f3 de 16 disparos otro en el municipio de las Guaran\u00e1s en San Francisco de Macor\u00eds. Se trata de Noelvis Duarte alias (Coco) el supuesto asesino del joven Antonio Tavares de 38 a\u00f1os de edad. Seg\u00fan los familiares del occiso, el homicida ten\u00eda un resentimiento desde ni\u00f1o\u2026","rel":"","context":"En \u00abNACIONALES\u00bb","block_context":{"text":"NACIONALES","link":"https:\/\/lasprimeras.com.do\/index.php\/category\/nacionales\/"},"img":{"alt_text":"","src":"","width":0,"height":0},"classes":[]}],"jetpack_sharing_enabled":true,"_links":{"self":[{"href":"https:\/\/lasprimeras.com.do\/index.php\/wp-json\/wp\/v2\/posts\/115191","targetHints":{"allow":["GET"]}}],"collection":[{"href":"https:\/\/lasprimeras.com.do\/index.php\/wp-json\/wp\/v2\/posts"}],"about":[{"href":"https:\/\/lasprimeras.com.do\/index.php\/wp-json\/wp\/v2\/types\/post"}],"author":[{"embeddable":true,"href":"https:\/\/lasprimeras.com.do\/index.php\/wp-json\/wp\/v2\/users\/10"}],"replies":[{"embeddable":true,"href":"https:\/\/lasprimeras.com.do\/index.php\/wp-json\/wp\/v2\/comments?post=115191"}],"version-history":[{"count":1,"href":"https:\/\/lasprimeras.com.do\/index.php\/wp-json\/wp\/v2\/posts\/115191\/revisions"}],"predecessor-version":[{"id":115192,"href":"https:\/\/lasprimeras.com.do\/index.php\/wp-json\/wp\/v2\/posts\/115191\/revisions\/115192"}],"wp:featuredmedia":[{"embeddable":true,"href":"https:\/\/lasprimeras.com.do\/index.php\/wp-json\/wp\/v2\/media\/53897"}],"wp:attachment":[{"href":"https:\/\/lasprimeras.com.do\/index.php\/wp-json\/wp\/v2\/media?parent=115191"}],"wp:term":[{"taxonomy":"category","embeddable":true,"href":"https:\/\/lasprimeras.com.do\/index.php\/wp-json\/wp\/v2\/categories?post=115191"},{"taxonomy":"post_tag","embeddable":true,"href":"https:\/\/lasprimeras.com.do\/index.php\/wp-json\/wp\/v2\/tags?post=115191"}],"curies":[{"name":"wp","href":"https:\/\/api.w.org\/{rel}","templated":true}]}}