{"id":115193,"date":"2025-11-19T20:41:33","date_gmt":"2025-11-20T00:41:33","guid":{"rendered":"https:\/\/lasprimeras.com.do\/?p=115193"},"modified":"2025-11-19T20:41:34","modified_gmt":"2025-11-20T00:41:34","slug":"eliminan-limite-de-edad-y-plazo-para-reclamar-pension-tras-sentencia-del-tc","status":"publish","type":"post","link":"https:\/\/lasprimeras.com.do\/index.php\/2025\/11\/19\/eliminan-limite-de-edad-y-plazo-para-reclamar-pension-tras-sentencia-del-tc\/","title":{"rendered":"Eliminan l\u00edmite de edad y plazo para reclamar pensi\u00f3n tras sentencia del TC"},"content":{"rendered":"\n<p><strong>CNSS adapt\u00f3 el Contrato P\u00f3liza de Discapacidad y Sobrevivencia a la sentencia del Tribunal Constitucional.<\/strong><\/p>\n\n\n\n<p>El Consejo Nacional de Seguridad Social (CNSS) hizo varios cambios al Contrato P\u00f3liza de Discapacidad y Sobrevivencia del r\u00e9gimen contributivo para cumplir con la sentencia con la que el Tribunal Constitucional declar\u00f3 inconstitucionales el l\u00edmite de edad y el plazo establecido para reclamar una pensi\u00f3n.<\/p>\n\n\n\n<p>El alto tribunal elimin\u00f3 de la Resoluci\u00f3n 569-03 del CNSS el art\u00edculo que daba un plazo de 20 a\u00f1os para reclamar una pensi\u00f3n por discapacidad y por sobrevivencia a partir de la fecha en que ocurre el evento inhabilitante o el fallecimiento. Esta \u00faltima se entrega a los familiares del asegurado cuando este muere.<\/p>\n\n\n\n<p>Los jueces consideraron que el CNSS excedi\u00f3 los poderes que le otorga la Ley n\u00famero 87-01, que cre\u00f3 el Sistema Dominicano de Seguridad Social (SDSS), porque esta no establece un plazo que limite el ejercicio del derecho a acceder a una pensi\u00f3n por sobrevivencia y tampoco contempla una reserva reglamentaria a su favor que le otorgue la facultad de crear limitaciones o disposiciones no previstas en la ley.<\/p>\n\n\n\n<p>&#8220;El CNSS no solo ha excedido los poderes que le otorga la Ley n\u00famero 87-01, sino que, adem\u00e1s, se ha arrogado atribuciones exclusivas del Congreso Nacional. Ello es as\u00ed debido a que el CNSS ha modificado, mediante una resoluci\u00f3n, una ley org\u00e1nica, al pretender regular el derecho fundamental a la seguridad social, desconociendo su contenido esencial&#8221;, reza la sentencia.<\/p>\n\n\n\n<p>Este plazo se hab\u00eda ampliado desde los dos hasta los 20 a\u00f1os, pero el TC estim\u00f3 que la restricci\u00f3n, sin importar su duraci\u00f3n, era ilegal.<\/p>\n\n\n\n<p>El TC tambi\u00e9n expuls\u00f3 de la Resoluci\u00f3n 569-03 el tope de 65 a\u00f1os para recibir una pensi\u00f3n por discapacidad.<\/p>\n\n\n\n<p>Anteriormente tambi\u00e9n se hab\u00eda quitado el l\u00edmite de 55 a\u00f1os y un d\u00eda para que el familiar de un pensionado recibiera la pensi\u00f3n vitalicia con la sentencia TC\/0405\/19.<\/p>\n\n\n\n<p>En respuesta a esos dict\u00e1menes, el CNSS dispuso en su Resoluci\u00f3n 624-05 que a los 65 a\u00f1os el afiliado con discapacidad contin\u00fae con la pensi\u00f3n asignada y permanezca con su cobertura de salud.<\/p>\n\n\n\n<p>Adecuaci\u00f3n de la normativa<\/p>\n\n\n\n<p>El contrato p\u00f3liza es un acuerdo entre las Administradoras de Fondos de Pensiones (AFP) y las compa\u00f1\u00edas de seguro para proveer una pensi\u00f3n al afiliado del Sistema Dominicano de Seguridad Social (SDSS) ante una discapacidad y en caso de fallecimiento una pensi\u00f3n para sus familiares.<\/p>\n\n\n\n<p>La resoluci\u00f3n establece que para adecuar la normativa complementaria al nuevo Contrato P\u00f3liza la Superintendencia de Pensiones (SIPEN) deber\u00e1 realizar, en un plazo de 60 d\u00edas calendario, las modificaciones correspondientes.<\/p>\n\n\n\n<p>El CNSS instruye a la Tesorer\u00eda de la Seguridad Social (TSS) y a la Empresa Procesadora de Base de Datos (UNIPAGO) para que en un plazo no mayor a 10 d\u00edas h\u00e1biles realicen las adecuaciones tecnol\u00f3gicas necesarias que permitan que los aportes al Seguro de Discapacidad y Sobrevivencia de los trabajadores con edad igual o superior a los 65 a\u00f1os sean dispersados al rubro correspondiente a dicho seguro.<\/p>\n\n\n\n<p>Se dispuso que la TSS, en un plazo no mayor a 10 d\u00edas h\u00e1biles, realice las adecuaciones necesarias a fin de permitir que las compa\u00f1\u00edas de seguro puedan realizar los pagos de las retenciones de la Seguridad Social al momento de ejecuci\u00f3n del primer pago, sin la generaci\u00f3n de moras e intereses.<\/p>\n\n\n\n<p>Qued\u00f3 establecido que el Contrato P\u00f3liza aprobado mediante la presente resoluci\u00f3n tendr\u00e1 car\u00e1cter temporal, hasta tanto se produzca una modificaci\u00f3n de la Ley 87-01 vigente en lo relativo a este beneficio, atendiendo a los principios de sostenibilidad financiera, equidad y dem\u00e1s fundamentos que rigen el Sistema Dominicano de Seguridad Social.<\/p>\n\n\n\n<p>La decisi\u00f3n del TC es producto de una acci\u00f3n directa de inconstitucionalidad que interpusieron los ciudadanos Namphi A. Rodr\u00edguez, Domingo Porfirio Rojas Nina y \u00c1ngel Juli\u00e1n Serulle, y las entidades Fundaci\u00f3n Prensa y Derecho, Inc.; Alianza Ciudadana para la Defensa de los Derechos Fundamentales, Inc., y el Consejo Dominicano de Derechos Humanos (CODEH).<\/p>\n","protected":false},"excerpt":{"rendered":"<p>CNSS adapt\u00f3 el Contrato P\u00f3liza de Discapacidad y Sobrevivencia a la sentencia del Tribunal Constitucional. El Consejo Nacional de Seguridad Social (CNSS) hizo varios cambios al Contrato P\u00f3liza de Discapacidad&hellip;<\/p>\n","protected":false},"author":10,"featured_media":115194,"comment_status":"open","ping_status":"open","sticky":false,"template":"","format":"standard","meta":{"content-type":"","jetpack_post_was_ever_published":false,"_jetpack_newsletter_access":"","_jetpack_dont_email_post_to_subs":false,"_jetpack_newsletter_tier_id":0,"_jetpack_memberships_contains_paywalled_content":false,"_jetpack_memberships_contains_paid_content":false,"footnotes":""},"categories":[35,25],"tags":[27490,8147,2708,27491,2304,2523],"class_list":["post-115193","post","type-post","status-publish","format-standard","has-post-thumbnail","hentry","category-nacionales","category-portada","tag-eliminan-limite-de-edad","tag-pension","tag-plazo","tag-reclamar","tag-sentencia","tag-tribunal-constitucional"],"jetpack_featured_media_url":"https:\/\/lasprimeras.com.do\/wp-content\/uploads\/2025\/11\/CNSS-1.jpg","jetpack-related-posts":[{"id":117006,"url":"https:\/\/lasprimeras.com.do\/index.php\/2025\/12\/07\/dida-objeta-resolucion-624-05-de-contrato-poliza-del-cnss-por-violar-derechos-de-los-afiliados\/","url_meta":{"origin":115193,"position":0},"title":"DIDA objeta Resoluci\u00f3n 624-05 de Contrato P\u00f3liza del CNSS por violar derechos de los afiliados","author":"Nelson Feliz","date":"7 de diciembre de 2025","format":false,"excerpt":"\u00a0Solicita dejar sin efecto dicha Resoluci\u00f3n y su Contrato P\u00f3liza alegando que el mismo vulnera derechos fundamentales de los afiliados y contradice el mandato Constitucional de ampliar la cobertura, no de restringirla. La Direcci\u00f3n General de Informaci\u00f3n y Defensa de los Afiliados a la Seguridad Social (DIDA) someti\u00f3 ante el\u2026","rel":"","context":"En \u00abNACIONALES\u00bb","block_context":{"text":"NACIONALES","link":"https:\/\/lasprimeras.com.do\/index.php\/category\/nacionales\/"},"img":{"alt_text":"El\u00edas B\u00e1ez","src":"https:\/\/i0.wp.com\/lasprimeras.com.do\/wp-content\/uploads\/2025\/12\/Elias-Baez-1.jpg?resize=350%2C200&ssl=1","width":350,"height":200,"srcset":"https:\/\/i0.wp.com\/lasprimeras.com.do\/wp-content\/uploads\/2025\/12\/Elias-Baez-1.jpg?resize=350%2C200&ssl=1 1x, https:\/\/i0.wp.com\/lasprimeras.com.do\/wp-content\/uploads\/2025\/12\/Elias-Baez-1.jpg?resize=525%2C300&ssl=1 1.5x, https:\/\/i0.wp.com\/lasprimeras.com.do\/wp-content\/uploads\/2025\/12\/Elias-Baez-1.jpg?resize=700%2C400&ssl=1 2x"},"classes":[]},{"id":54113,"url":"https:\/\/lasprimeras.com.do\/index.php\/2023\/07\/07\/cnss-aprueba-traspaso-a-mas-20-mil-servidores-publicos-al-sistema-de-reparto\/","url_meta":{"origin":115193,"position":1},"title":"CNSS aprueba traspaso a m\u00e1s 20 mil servidores p\u00fablicos al Sistema de Reparto","author":"Nelson Feliz","date":"7 de julio de 2023","format":false,"excerpt":"El Consejo Nacional de Seguridad Social (CNSS), a trav\u00e9s de la resoluci\u00f3n No. 572-07 aprob\u00f3 que m\u00e1s de 20 mil servidores p\u00fablicos puedan optar por un retorno voluntario al Sistema de Reparto, dichos trabajadores fueron afiliados en el 2003 en el Seguro de Vejez, Discapacidad y Sobrevivencia, que establece la\u2026","rel":"","context":"En \u00abECONOM\u00cdA\u00bb","block_context":{"text":"ECONOM\u00cdA","link":"https:\/\/lasprimeras.com.do\/index.php\/category\/economia\/"},"img":{"alt_text":"Administradora de Fondos de Pensiones","src":"https:\/\/i0.wp.com\/lasprimeras.com.do\/wp-content\/uploads\/2023\/07\/Luis-Miguel-De-Camps.jpg?resize=350%2C200&ssl=1","width":350,"height":200,"srcset":"https:\/\/i0.wp.com\/lasprimeras.com.do\/wp-content\/uploads\/2023\/07\/Luis-Miguel-De-Camps.jpg?resize=350%2C200&ssl=1 1x, https:\/\/i0.wp.com\/lasprimeras.com.do\/wp-content\/uploads\/2023\/07\/Luis-Miguel-De-Camps.jpg?resize=525%2C300&ssl=1 1.5x, https:\/\/i0.wp.com\/lasprimeras.com.do\/wp-content\/uploads\/2023\/07\/Luis-Miguel-De-Camps.jpg?resize=700%2C400&ssl=1 2x"},"classes":[]},{"id":67958,"url":"https:\/\/lasprimeras.com.do\/index.php\/2023\/11\/20\/cnss-aprueba-manual-de-reparto-de-pension\/","url_meta":{"origin":115193,"position":2},"title":"CNSS aprueba manual de reparto de pensi\u00f3n","author":"Nelson Feliz","date":"20 de noviembre de 2023","format":false,"excerpt":"Unos 20,000 trabajadores p\u00fablicos podr\u00e1n realizar el traspaso desde las AFP al Sistema de Reparto Estatal. El Consejo Nacional de Seguridad Social (CNSS) aprob\u00f3 el Manual de Procedimientos para el Traspaso desde el Sistema de Cuenta de Capitalizaci\u00f3n Individual (CCI) al Sistema de Reparto Estatal, para que unos 20,000 trabajadores\u2026","rel":"","context":"En \u00abECONOM\u00cdA\u00bb","block_context":{"text":"ECONOM\u00cdA","link":"https:\/\/lasprimeras.com.do\/index.php\/category\/economia\/"},"img":{"alt_text":"DIDA recibir\u00e1 las solicitudes de traspasos voluntarios","src":"https:\/\/i0.wp.com\/lasprimeras.com.do\/wp-content\/uploads\/2023\/11\/DIDA-recibira-las-solicitudes-de-traspasos-voluntarios.jpg?resize=350%2C200&ssl=1","width":350,"height":200,"srcset":"https:\/\/i0.wp.com\/lasprimeras.com.do\/wp-content\/uploads\/2023\/11\/DIDA-recibira-las-solicitudes-de-traspasos-voluntarios.jpg?resize=350%2C200&ssl=1 1x, https:\/\/i0.wp.com\/lasprimeras.com.do\/wp-content\/uploads\/2023\/11\/DIDA-recibira-las-solicitudes-de-traspasos-voluntarios.jpg?resize=525%2C300&ssl=1 1.5x, https:\/\/i0.wp.com\/lasprimeras.com.do\/wp-content\/uploads\/2023\/11\/DIDA-recibira-las-solicitudes-de-traspasos-voluntarios.jpg?resize=700%2C400&ssl=1 2x"},"classes":[]},{"id":49519,"url":"https:\/\/lasprimeras.com.do\/index.php\/2023\/05\/11\/presidenta-de-copardom-cita-avances-del-sistema-de-seguridad-social\/","url_meta":{"origin":115193,"position":3},"title":"Presidenta de Copardom cita avances del sistema de seguridad social","author":"prenxa100","date":"11 de mayo de 2023","format":false,"excerpt":"Santo Domingo, RD.- La presidenta de la Confederaci\u00f3n Patronal de la Rep\u00fablica Dominicana, Laura Pe\u00f1a Izquierdo, destac\u00f3 los logros del sistema de pensiones entre los cuales cit\u00f3 los 9,548 jubilados por discapacidad, 28,370 beneficiarios de pensiones por sobrevivencia, la entrega de 5,117 millones de pesos por herencia a familiares de\u2026","rel":"","context":"En \u00abECONOM\u00cdA\u00bb","block_context":{"text":"ECONOM\u00cdA","link":"https:\/\/lasprimeras.com.do\/index.php\/category\/economia\/"},"img":{"alt_text":"","src":"","width":0,"height":0},"classes":[]},{"id":107572,"url":"https:\/\/lasprimeras.com.do\/index.php\/2025\/08\/28\/dida-ofrece-detalles-sobre-requisitos-para-pension-de-sobrevivencia-y-devolucion-de-saldo-a-herederos-legales\/","url_meta":{"origin":115193,"position":4},"title":"DIDA ofrece detalles sobre requisitos para pensi\u00f3n de sobrevivencia y devoluci\u00f3n de saldo a herederos legales","author":"Nelson Feliz","date":"28 de agosto de 2025","format":false,"excerpt":"El director de la Direcci\u00f3n de Informaci\u00f3n y Defensa de los Afiliados a la Seguridad Social (DIDA), El\u00edas B\u00e1ez, ofreci\u00f3 en el d\u00eda de hoy importantes informaciones a los medios de comunicaci\u00f3n sobre los requisitos que deben cumplir los familiares de un afiliado fallecido para acceder a la pensi\u00f3n de\u2026","rel":"","context":"En \u00abECONOM\u00cdA\u00bb","block_context":{"text":"ECONOM\u00cdA","link":"https:\/\/lasprimeras.com.do\/index.php\/category\/economia\/"},"img":{"alt_text":"","src":"https:\/\/i0.wp.com\/lasprimeras.com.do\/wp-content\/uploads\/2025\/08\/Elias-Baez.jpg?resize=350%2C200&ssl=1","width":350,"height":200,"srcset":"https:\/\/i0.wp.com\/lasprimeras.com.do\/wp-content\/uploads\/2025\/08\/Elias-Baez.jpg?resize=350%2C200&ssl=1 1x, https:\/\/i0.wp.com\/lasprimeras.com.do\/wp-content\/uploads\/2025\/08\/Elias-Baez.jpg?resize=525%2C300&ssl=1 1.5x, https:\/\/i0.wp.com\/lasprimeras.com.do\/wp-content\/uploads\/2025\/08\/Elias-Baez.jpg?resize=700%2C400&ssl=1 2x"},"classes":[]},{"id":49868,"url":"https:\/\/lasprimeras.com.do\/index.php\/2023\/05\/15\/presidente-de-copardom-destaca-logros-en-el-sistema-de-pensiones\/","url_meta":{"origin":115193,"position":5},"title":"Presidente de Copardom destaca logros en el sistema de pensiones","author":"prenxa100","date":"15 de mayo de 2023","format":false,"excerpt":"Santo Domingo.-. La presidenta de la Confederaci\u00f3n Patronal de la Rep\u00fablica Dominicana, Laura Pe\u00f1a Izquierdo, destac\u00f3 los logros del sistema de pensiones entre los cuales cit\u00f3 los 9,548 jubilados por discapacidad, y 28,370 beneficiarios de pensiones por sobrevivencia. Asimismo, la entrega de 5,117 millones de pesos por herencia a familiares\u2026","rel":"","context":"En \u00abECONOM\u00cdA\u00bb","block_context":{"text":"ECONOM\u00cdA","link":"https:\/\/lasprimeras.com.do\/index.php\/category\/economia\/"},"img":{"alt_text":"","src":"","width":0,"height":0},"classes":[]}],"jetpack_sharing_enabled":true,"_links":{"self":[{"href":"https:\/\/lasprimeras.com.do\/index.php\/wp-json\/wp\/v2\/posts\/115193","targetHints":{"allow":["GET"]}}],"collection":[{"href":"https:\/\/lasprimeras.com.do\/index.php\/wp-json\/wp\/v2\/posts"}],"about":[{"href":"https:\/\/lasprimeras.com.do\/index.php\/wp-json\/wp\/v2\/types\/post"}],"author":[{"embeddable":true,"href":"https:\/\/lasprimeras.com.do\/index.php\/wp-json\/wp\/v2\/users\/10"}],"replies":[{"embeddable":true,"href":"https:\/\/lasprimeras.com.do\/index.php\/wp-json\/wp\/v2\/comments?post=115193"}],"version-history":[{"count":1,"href":"https:\/\/lasprimeras.com.do\/index.php\/wp-json\/wp\/v2\/posts\/115193\/revisions"}],"predecessor-version":[{"id":115195,"href":"https:\/\/lasprimeras.com.do\/index.php\/wp-json\/wp\/v2\/posts\/115193\/revisions\/115195"}],"wp:featuredmedia":[{"embeddable":true,"href":"https:\/\/lasprimeras.com.do\/index.php\/wp-json\/wp\/v2\/media\/115194"}],"wp:attachment":[{"href":"https:\/\/lasprimeras.com.do\/index.php\/wp-json\/wp\/v2\/media?parent=115193"}],"wp:term":[{"taxonomy":"category","embeddable":true,"href":"https:\/\/lasprimeras.com.do\/index.php\/wp-json\/wp\/v2\/categories?post=115193"},{"taxonomy":"post_tag","embeddable":true,"href":"https:\/\/lasprimeras.com.do\/index.php\/wp-json\/wp\/v2\/tags?post=115193"}],"curies":[{"name":"wp","href":"https:\/\/api.w.org\/{rel}","templated":true}]}}