{"id":115246,"date":"2025-11-13T09:25:24","date_gmt":"2025-11-13T13:25:24","guid":{"rendered":"https:\/\/lasprimeras.com.do\/?p=115246"},"modified":"2025-11-20T09:27:54","modified_gmt":"2025-11-20T13:27:54","slug":"condenan-a-30-anos-de-prision-a-dos-asaltantes-que-mataron-a-un-hombre-en-el-sector-los-peralejos","status":"publish","type":"post","link":"https:\/\/lasprimeras.com.do\/index.php\/2025\/11\/13\/condenan-a-30-anos-de-prision-a-dos-asaltantes-que-mataron-a-un-hombre-en-el-sector-los-peralejos\/","title":{"rendered":"Condenan a 30 a\u00f1os de prisi\u00f3n a dos asaltantes que mataron a un hombre en el sector Los Peralejos"},"content":{"rendered":"\n<p class=\"wp-block-paragraph\">A solicitud del Ministerio P\u00fablico, un tribunal impuso 30 a\u00f1os de prisi\u00f3n a dos asaltantes que mataron a un hombre el 17 de noviembre de 2024, en el sector Los Peralejos, del Distrito Nacional.<\/p>\n\n\n\n<p class=\"wp-block-paragraph\">Los sentenciados, Diego Alberto G\u00f3mez Castillo (Diego) y Nicole Cruz Rodr\u00edguez, fueron declarados culpables de causar la muerte de Creylin Radham\u00e9s Ram\u00edrez Pujols.<\/p>\n\n\n\n<p class=\"wp-block-paragraph\">El Ministerio P\u00fablico, representado por las fiscales litigantes Cynthia Bonetti y Carlenny Camilo, logr\u00f3 incorporar pruebas testimoniales, documentales, periciales, ilustrativas y materiales que sustentaron la acusaci\u00f3n y demostraron la responsabilidad penal de los condenados.<\/p>\n\n\n\n<p class=\"wp-block-paragraph\">El tribunal, integrado por las magistradas Leticia Mart\u00ednez Noboa, Evelyn Rodr\u00edguez y Yuleika D. Henr\u00edquez Romero, dispuso que Diego Alberto G\u00f3mez Castillo cumpla su condena en el centro penitenciario de La Victoria, y Nicole Cruz Rodr\u00edguez en el Centro de Correcci\u00f3n y Rehabilitaci\u00f3n Najayo Mujeres.<\/p>\n\n\n\n<p class=\"wp-block-paragraph\">De acuerdo con el expediente instrumentado por el Ministerio P\u00fablico, la v\u00edctima Creylin Radham\u00e9s Ram\u00edrez Pujols se encontraba compartiendo junto a su pareja en un colmado del sector Los Peralejos.<\/p>\n\n\n\n<p class=\"wp-block-paragraph\">Al dirigirse a su residencia a bordo de una motocicleta ambos fueron interceptados por Diego Alberto G\u00f3mez Castillo y Nicole Cruz Rodr\u00edguez, quienes los siguieron en motocicletas con la intenci\u00f3n de asaltarlos.<\/p>\n\n\n\n<p class=\"wp-block-paragraph\">Los procesados se atravesaron en el camino de la v\u00edctima y su pareja para obligarlos a detenerse, momento en que uno de sus acompa\u00f1antes sac\u00f3 un arma de fuego y les orden\u00f3 que no se movieran. Ante la amenaza, la se\u00f1ora se lanz\u00f3 de la motocicleta, mientras que Ram\u00edrez Pujols aceler\u00f3 para escapar.<\/p>\n\n\n\n<p class=\"wp-block-paragraph\">En ese instante, uno de los asaltantes dispar\u00f3 en dos ocasiones, impactando a la v\u00edctima, quien cay\u00f3 al pavimento a pocos metros de su residencia. Los condenados huyeron del lugar a bordo de sus motocicletas, mientras moradores del sector socorrieron a Ram\u00edrez Pujols y lo trasladaron a un centro de salud, donde falleci\u00f3 mientras recib\u00eda atenciones m\u00e9dicas.<\/p>\n\n\n\n<p class=\"wp-block-paragraph\">Los hechos fueron captados por c\u00e1maras de seguridad instaladas en el \u00e1rea, que permitieron observar con claridad la persecuci\u00f3n y la participaci\u00f3n de los acusados.<\/p>\n\n\n\n<p class=\"wp-block-paragraph\">Asimismo, mediante el Sistema Nacional de Emergencias 9-1-1 y c\u00e1maras instaladas en la zona, se confirm\u00f3 la ruta de huida y la presencia de los implicados en otros puntos cercanos tras cometer el hecho.<\/p>\n\n\n\n<p class=\"wp-block-paragraph\">Durante la investigaci\u00f3n, testigos presenciales identificaron a Nicole Cruz Rodr\u00edguez (Nicol) y a Diego Alberto G\u00f3mez Castillo (Diego) como las personas que merodearon el colmado donde se encontraba la v\u00edctima momentos antes del crimen, manteniendo una actitud sospechosa.<\/p>\n\n\n\n<p class=\"wp-block-paragraph\">Los procesados fueron condenados por violar los art\u00edculos 265, 266, 295, 304, 2, 312 y 382 del C\u00f3digo Penal dominicano, que tipifican y sancionan los delitos de asociaci\u00f3n de malhechores, homicidio, tentativa de robo y uso ilegal de arma de fuego, as\u00ed como los art\u00edculos 66, p\u00e1rrafo II, y 67 de la Ley 631-16 para el Control y Regulaci\u00f3n de Armas, Municiones y Materiales Relacionados.<\/p>\n\n\n\n<p class=\"wp-block-paragraph\">Dichos delitos fueron cometidos en perjuicio de Creylin Radham\u00e9s Ram\u00edrez Pujols y del Estado dominicano, concurriendo los acusados en calidad de autores materiales.<\/p>\n","protected":false},"excerpt":{"rendered":"<p>A solicitud del Ministerio P\u00fablico, un tribunal impuso 30 a\u00f1os de prisi\u00f3n a dos asaltantes que mataron a un hombre el 17 de noviembre de 2024, en el sector Los&hellip;<\/p>\n","protected":false},"author":10,"featured_media":53050,"comment_status":"open","ping_status":"open","sticky":false,"template":"","format":"standard","meta":{"content-type":"","_jetpack_newsletter_access":"","_jetpack_dont_email_post_to_subs":false,"_jetpack_newsletter_tier_id":0,"_jetpack_memberships_contains_paywalled_content":false,"_jetpack_feature_clip_id":0,"_jetpack_memberships_contains_paid_content":false,"footnotes":"","jetpack_post_was_ever_published":false},"categories":[289],"tags":[27515,1572,27516,46,7049,5421],"class_list":["post-115246","post","type-post","status-publish","format-standard","has-post-thumbnail","hentry","category-justicia","tag-30-anos-de-prision","tag-condenan","tag-dos-asaltantes","tag-hombre","tag-los-peralejos","tag-mataron"],"jetpack-related-posts":[{"id":68269,"url":"https:\/\/lasprimeras.com.do\/index.php\/2023\/11\/22\/condenan-a-20-anos-de-prision-hombre-intento-matar-dos-mujeres-en-vista-hermosa\/","url_meta":{"origin":115246,"position":0},"title":"Condenan a 20 a\u00f1os de prisi\u00f3n hombre intent\u00f3 matar dos mujeres en Vista Hermosa","author":"Nelson Feliz","date":"22 de noviembre de 2023","format":false,"excerpt":"Por Martin Restituyo La Fiscal\u00eda de Santo Domingo Este y Norte obtuvo una condena de 20 a\u00f1os de prisi\u00f3n en contra de un hombre que intent\u00f3 quitarle la vida a dos mujeres (madre e hija), a quienes agredi\u00f3 f\u00edsicamente con un pu\u00f1al, en un hecho ocurrido en el sector Vista\u2026","rel":"","context":"En \u00abJUSTICIA\u00bb","block_context":{"text":"JUSTICIA","link":"https:\/\/lasprimeras.com.do\/index.php\/category\/justicia\/"},"img":{"alt_text":"Condena","src":"https:\/\/i0.wp.com\/lasprimeras.com.do\/wp-content\/uploads\/2023\/08\/Condena.jpg?resize=350%2C200&ssl=1","width":350,"height":200},"classes":[]},{"id":50285,"url":"https:\/\/lasprimeras.com.do\/index.php\/2023\/05\/18\/fiscal-de-sde-30-anos-de-prision-contra-hombre-mato-a-otro-de-una-punalada\/","url_meta":{"origin":115246,"position":1},"title":"Fiscal de SDE: 30 a\u00f1os de prisi\u00f3n contra hombre mat\u00f3 a otro de una pu\u00f1alada","author":"prenxa100","date":"18 de mayo de 2023","format":false,"excerpt":"SANTO DOMINGO ESTE (RD). \u2013 La Fiscal\u00eda de Santo Domingo Este y Norte obtuvo una condena de 30 a\u00f1os de prisi\u00f3n en contra de un hombre, que de una pu\u00f1alada le quit\u00f3 la vida a otro, en un hecho ocurrido el a\u00f1o 2021, en el barrio Maleconcito, Katanga, en el\u2026","rel":"","context":"En \u00abJUSTICIA\u00bb","block_context":{"text":"JUSTICIA","link":"https:\/\/lasprimeras.com.do\/index.php\/category\/justicia\/"},"img":{"alt_text":"","src":"","width":0,"height":0},"classes":[]},{"id":59484,"url":"https:\/\/lasprimeras.com.do\/index.php\/2023\/09\/04\/condenan-a-20-anos-de-prision-cuatro-hombres-que-asaltaron-una-familia-en-capotillo\/","url_meta":{"origin":115246,"position":2},"title":"Condenan a 20 a\u00f1os de prisi\u00f3n cuatro hombres que asaltaron una familia en Capotillo","author":"Nelson Feliz","date":"4 de septiembre de 2023","format":false,"excerpt":"La Procuradur\u00eda Fiscal de Santo Domingo Este y Norte obtuvo condenas de 20 a\u00f1os de prisi\u00f3n en contra de cuatro hombres, quienes entraron a una casa habitada y atracaron a punta de pistola a una pareja de esposos junto a sus hijos, en un hecho ocurrido en el a\u00f1o 2021,\u2026","rel":"","context":"En \u00abJUSTICIA\u00bb","block_context":{"text":"JUSTICIA","link":"https:\/\/lasprimeras.com.do\/index.php\/category\/justicia\/"},"img":{"alt_text":"Fiscalia SDE","src":"https:\/\/i0.wp.com\/lasprimeras.com.do\/wp-content\/uploads\/2023\/09\/Fiscalia-SDE.jpg?resize=350%2C200&ssl=1","width":350,"height":200,"srcset":"https:\/\/i0.wp.com\/lasprimeras.com.do\/wp-content\/uploads\/2023\/09\/Fiscalia-SDE.jpg?resize=350%2C200&ssl=1 1x, https:\/\/i0.wp.com\/lasprimeras.com.do\/wp-content\/uploads\/2023\/09\/Fiscalia-SDE.jpg?resize=525%2C300&ssl=1 1.5x, https:\/\/i0.wp.com\/lasprimeras.com.do\/wp-content\/uploads\/2023\/09\/Fiscalia-SDE.jpg?resize=700%2C400&ssl=1 2x"},"classes":[]},{"id":74606,"url":"https:\/\/lasprimeras.com.do\/index.php\/2024\/01\/24\/20-anos-de-prision-contra-dos-atracadores-que-asaltaron-una-joyeria-en-invivienda\/","url_meta":{"origin":115246,"position":3},"title":"20 a\u00f1os de prisi\u00f3n contra dos atracadores que asaltaron una joyer\u00eda en Invivienda","author":"Nelson Feliz","date":"24 de enero de 2024","format":false,"excerpt":"Por Martin Restituyo La Procuradur\u00eda Fiscal de Santo Domingo Este y Norte obtuvo dos condenas de 20 a\u00f1os prisi\u00f3n cada una, en contra de dos asaltantes, que a mano armada atracaron en una joyer\u00eda, logrando llevarse toda la mercanc\u00eda del lugar, en un suceso ocurrido en el a\u00f1o 2023, en\u2026","rel":"","context":"En \u00abJUSTICIA\u00bb","block_context":{"text":"JUSTICIA","link":"https:\/\/lasprimeras.com.do\/index.php\/category\/justicia\/"},"img":{"alt_text":"","src":"","width":0,"height":0},"classes":[]},{"id":53446,"url":"https:\/\/lasprimeras.com.do\/index.php\/2023\/06\/26\/condenan-a-15-anos-de-prision-un-hombre-que-mato-otro-en-la-victoria\/","url_meta":{"origin":115246,"position":4},"title":"Condenan a 15 a\u00f1os de prisi\u00f3n un hombre que mat\u00f3 otro en La Victoria\u00a0","author":"Nelson Feliz","date":"26 de junio de 2023","format":false,"excerpt":"Por Mart\u00edn Restituyo La Fiscal\u00eda obtuvo una condena de 15 a\u00f1os de prisi\u00f3n en contra de un hombre que en medio de una ri\u00f1a, le quit\u00f3 la vida a otro de un disparo en la cabeza, en un incidente ocurrido en el a\u00f1o 2022, en el sector Los Redimidos, La\u2026","rel":"","context":"En \u00abJUSTICIA\u00bb","block_context":{"text":"JUSTICIA","link":"https:\/\/lasprimeras.com.do\/index.php\/category\/justicia\/"},"img":{"alt_text":"","src":"","width":0,"height":0},"classes":[]},{"id":55993,"url":"https:\/\/lasprimeras.com.do\/index.php\/2023\/07\/27\/condenan-a-40-anos-a-tres-asaltantes-que-mataron-al-chofer-y-seguridad-de-jean-alain\/","url_meta":{"origin":115246,"position":5},"title":"Condenan a 40 a\u00f1os a tres asaltantes que mataron al chofer y seguridad de Jean Alain","author":"Nelson Feliz","date":"27 de julio de 2023","format":false,"excerpt":"Jos\u00e9 Antonio Santana de la Cruz, un mayor del Ej\u00e9rcito, ten\u00eda 12 a\u00f1os como seguridad del exprocurador. Durante el asalto tambi\u00e9n fue ultimado el locutor Juan Francisco P\u00e9rez M\u00e9ndez. El Primer Tribunal Colegiado de Santo Domingo conden\u00f3 a 40 a\u00f1os de prisi\u00f3n a tres asaltantes que mataron a dos personas,\u2026","rel":"","context":"En \u00abJUSTICIA\u00bb","block_context":{"text":"JUSTICIA","link":"https:\/\/lasprimeras.com.do\/index.php\/category\/justicia\/"},"img":{"alt_text":"El mayor Jos\u00e9 Antonio Santana de la Cruz y el locutor Juan Francisco P\u00e9rez M\u00e9ndez, ambos ultimados en el asalto.","src":"https:\/\/i0.wp.com\/lasprimeras.com.do\/wp-content\/uploads\/2023\/07\/El-mayor-Jose-Antonio-Santana-de-la-Cruz-y-el-locutor-Juan-Francisco-Perez-Mendez-ambos-ultimados-en-el-asalto.jpg?resize=350%2C200&ssl=1","width":350,"height":200,"srcset":"https:\/\/i0.wp.com\/lasprimeras.com.do\/wp-content\/uploads\/2023\/07\/El-mayor-Jose-Antonio-Santana-de-la-Cruz-y-el-locutor-Juan-Francisco-Perez-Mendez-ambos-ultimados-en-el-asalto.jpg?resize=350%2C200&ssl=1 1x, https:\/\/i0.wp.com\/lasprimeras.com.do\/wp-content\/uploads\/2023\/07\/El-mayor-Jose-Antonio-Santana-de-la-Cruz-y-el-locutor-Juan-Francisco-Perez-Mendez-ambos-ultimados-en-el-asalto.jpg?resize=525%2C300&ssl=1 1.5x, https:\/\/i0.wp.com\/lasprimeras.com.do\/wp-content\/uploads\/2023\/07\/El-mayor-Jose-Antonio-Santana-de-la-Cruz-y-el-locutor-Juan-Francisco-Perez-Mendez-ambos-ultimados-en-el-asalto.jpg?resize=700%2C400&ssl=1 2x"},"classes":[]}],"jetpack_sharing_enabled":true,"jetpack_featured_media_url":"https:\/\/lasprimeras.com.do\/wp-content\/uploads\/2023\/06\/Mallete.jpg","_links":{"self":[{"href":"https:\/\/lasprimeras.com.do\/index.php\/wp-json\/wp\/v2\/posts\/115246","targetHints":{"allow":["GET"]}}],"collection":[{"href":"https:\/\/lasprimeras.com.do\/index.php\/wp-json\/wp\/v2\/posts"}],"about":[{"href":"https:\/\/lasprimeras.com.do\/index.php\/wp-json\/wp\/v2\/types\/post"}],"author":[{"embeddable":true,"href":"https:\/\/lasprimeras.com.do\/index.php\/wp-json\/wp\/v2\/users\/10"}],"replies":[{"embeddable":true,"href":"https:\/\/lasprimeras.com.do\/index.php\/wp-json\/wp\/v2\/comments?post=115246"}],"version-history":[{"count":1,"href":"https:\/\/lasprimeras.com.do\/index.php\/wp-json\/wp\/v2\/posts\/115246\/revisions"}],"predecessor-version":[{"id":115247,"href":"https:\/\/lasprimeras.com.do\/index.php\/wp-json\/wp\/v2\/posts\/115246\/revisions\/115247"}],"wp:featuredmedia":[{"embeddable":true,"href":"https:\/\/lasprimeras.com.do\/index.php\/wp-json\/wp\/v2\/media\/53050"}],"wp:attachment":[{"href":"https:\/\/lasprimeras.com.do\/index.php\/wp-json\/wp\/v2\/media?parent=115246"}],"wp:term":[{"taxonomy":"category","embeddable":true,"href":"https:\/\/lasprimeras.com.do\/index.php\/wp-json\/wp\/v2\/categories?post=115246"},{"taxonomy":"post_tag","embeddable":true,"href":"https:\/\/lasprimeras.com.do\/index.php\/wp-json\/wp\/v2\/tags?post=115246"}],"curies":[{"name":"wp","href":"https:\/\/api.w.org\/{rel}","templated":true}]}}