{"id":115259,"date":"2025-11-20T09:55:38","date_gmt":"2025-11-20T13:55:38","guid":{"rendered":"https:\/\/lasprimeras.com.do\/?p=115259"},"modified":"2025-11-20T10:00:12","modified_gmt":"2025-11-20T14:00:12","slug":"camara-de-cuentas-institucionaliza-la-mesa-de-control-y-amplia-su-composicion-con-nuevas-instituciones","status":"publish","type":"post","link":"https:\/\/lasprimeras.com.do\/index.php\/2025\/11\/20\/camara-de-cuentas-institucionaliza-la-mesa-de-control-y-amplia-su-composicion-con-nuevas-instituciones\/","title":{"rendered":"C\u00e1mara de Cuentas institucionaliza la Mesa de Control y ampl\u00eda su composici\u00f3n con nuevas instituciones"},"content":{"rendered":"\n<p>La C\u00e1mara de Cuentas de la Rep\u00fablica Dominicana (CCRD) fortaleci\u00f3 y relanz\u00f3 el Sistema Nacional de Control y Fiscalizaci\u00f3n mediante la ampliaci\u00f3n del n\u00famero de instituciones que integran la Mesa de Control y Fiscalizaci\u00f3n.<\/p>\n\n\n\n<p>Durante el encuentro, la instituci\u00f3n tambi\u00e9n present\u00f3 el reglamento que regir\u00e1 este espacio de coordinaci\u00f3n interorg\u00e1nica, concebido para garantizar una gesti\u00f3n m\u00e1s eficiente en los procesos de control, supervisi\u00f3n y fiscalizaci\u00f3n de los recursos p\u00fablicos.<\/p>\n\n\n\n<p>Ambas decisiones fueron anunciadas por el Pleno del \u00f3rgano superior de control externo durante la cuadrag\u00e9sima sexta sesi\u00f3n ordinaria de la Mesa de Control y Fiscalizaci\u00f3n, realizada en el sal\u00f3n Pedro Miguel Caratini de la CCRD.<\/p>\n\n\n\n<p>Al pronunciar las palabras centrales del acto, la presidenta de la CCRD, doctora Emma Polanco Melo, destac\u00f3 la relevancia adquirida por el Sistema Nacional de Control y Fiscalizaci\u00f3n de los Fondos P\u00fablicos a partir de la promulgaci\u00f3n de la Ley n\u00fam. 18-24.<\/p>\n\n\n\n<p>Afirm\u00f3 que dicha normativa \u201cno solo transform\u00f3 la C\u00e1mara de Cuentas y su organizaci\u00f3n interna, sino que fortaleci\u00f3 todo el sistema de fiscalizaci\u00f3n del Estado\u201d.<\/p>\n\n\n\n<p>A\u00f1adi\u00f3 que \u201cla Mesa de Control constituye ahora un espacio con funciones trascendentes para la democracia, la transparencia y la rendici\u00f3n de cuentas. Cumplir con este rol fiscalizador requiere un esfuerzo mancomunado y arm\u00f3nico de todas las instituciones y funcionarios p\u00fablicos\u201d.<\/p>\n\n\n\n<p>El encuentro fue encabezado, adem\u00e1s, por el vicepresidente de la CCRD, Francisco Tam\u00e1rez Florentino, y los miembros del Pleno Francisco Franco, Ram\u00f3n M\u00e9ndez Acosta y Griselda G\u00f3mez Santana.<\/p>\n\n\n\n<p>Durante su intervenci\u00f3n, el miembro del Pleno, licenciado Francisco Franco, subray\u00f3 que en la Mesa de Control se socializar\u00e1n decisiones normativas y correctivas orientadas al adecuado manejo de los fondos p\u00fablicos.<\/p>\n\n\n\n<p>\u201cEstamos construyendo aqu\u00ed, en la C\u00e1mara de Cuentas, un sistema de alertas sobre c\u00f3mo se viene ejecutando el presupuesto. Y, fruto de esa labor, impulsaremos principios, gu\u00edas, normas y manuales que deber\u00e1n ser observados por todas las instituciones, respetando las facultades legales de cada \u00f3rgano\u201d, puntualiz\u00f3.<\/p>\n\n\n\n<p>Asimismo, resalt\u00f3 el componente tecnol\u00f3gico que sustentar\u00e1 dicho sistema.<\/p>\n\n\n\n<p>De su lado, la miembro del Pleno, licenciada Griselda G\u00f3mez Santana, esboz\u00f3 y propuso algunos de los nuevos compromisos que deber\u00e1n asumir las entidades participantes.<\/p>\n\n\n\n<p>Entre ellos, cit\u00f3 la presentaci\u00f3n de un plan de acci\u00f3n para implementar las recomendaciones contenidas en las cartas a la gerencia de las auditor\u00edas realizadas por la CCRD, as\u00ed como el cumplimiento oportuno de la normativa sobre cierre presupuestario.<\/p>\n\n\n\n<p>El miembro del Pleno, licenciado Ram\u00f3n M\u00e9ndez Acosta, record\u00f3 la corresponsabilidad de los funcionarios p\u00fablicos en el cumplimiento de la \u00e9tica administrativa.<\/p>\n\n\n\n<p>\u201cLos funcionarios p\u00fablicos deben revisar constantemente su actuaci\u00f3n. En el cumplimiento de la \u00e9tica, existe un control interno y tambi\u00e9n un control social que da seguimiento a todas sus ejecutorias\u201d, enfatiz\u00f3.<\/p>\n\n\n\n<p>Al cierre de la reuni\u00f3n, el vicepresidente del Pleno, Francisco Tam\u00e1rez Florentino, destac\u00f3 la participaci\u00f3n interinstitucional y expres\u00f3 su satisfacci\u00f3n por este encuentro orientado al fortalecimiento de la transparencia y la rendici\u00f3n de cuentas.<\/p>\n\n\n\n<p>Entre las nuevas entidades que pasan a integrar la Mesa de Control y Fiscalizaci\u00f3n se encuentran: el Poder Judicial, la Procuradur\u00eda General de la Rep\u00fablica, la Superintendencia de Bancos, el Tribunal Constitucional, el Tribunal Superior Electoral, la Tesorer\u00eda de la Seguridad Social, la Unidad de An\u00e1lisis Financiero, el Consejo Econ\u00f3mico y Social y la Fundaci\u00f3n Institucionalidad y Justicia (FINJUS).<\/p>\n\n\n\n<p>Estas instituciones se suman a las que ya formaban parte del organismo, entre ellas: la Contralor\u00eda General de la Rep\u00fablica, la Tesorer\u00eda Nacional, el Ministerio de Hacienda, las direcciones generales de Presupuesto, de Impuestos Internos, de Contabilidad Gubernamental, de Cr\u00e9dito P\u00fablico y de \u00c9tica e Integridad Gubernamental, as\u00ed como el Congreso Nacional, la Liga Municipal Dominicana, la Federaci\u00f3n Dominicana de Municipios y la Federaci\u00f3n Dominicana de Distritos Municipales.<\/p>\n\n\n\n<p>En el encuentro tambi\u00e9n participaron directores y encargados de \u00e1rea de la CCRD. La coordinaci\u00f3n general estuvo a cargo de la licenciada Gaudy Esther Crisp\u00edn Rosa, Coordinadora Nacional del Proyecto de Fortalecimiento Institucional y Operativo de la entidad fiscalizadora.<\/p>\n\n\n\n<p>La Mesa de Control y Fiscalizaci\u00f3n es un mecanismo t\u00e9cnico-operativo de la C\u00e1mara de Cuentas encargado de coordinar, dar seguimiento y supervisar el avance de los procesos de auditor\u00eda y del control externo establecidos en la Ley n\u00fam. 18-24.<\/p>\n\n\n\n<figure class=\"wp-block-video\"><video height=\"2160\" style=\"aspect-ratio: 3840 \/ 2160;\" width=\"3840\" autoplay controls muted src=\"https:\/\/lasprimeras.com.do\/wp-content\/uploads\/2025\/11\/WhatsApp-Video-2025-11-20-at-9.27.15-AM.mp4\"><\/video><\/figure>\n","protected":false},"excerpt":{"rendered":"<p>La C\u00e1mara de Cuentas de la Rep\u00fablica Dominicana (CCRD) fortaleci\u00f3 y relanz\u00f3 el Sistema Nacional de Control y Fiscalizaci\u00f3n mediante la ampliaci\u00f3n del n\u00famero de instituciones que integran la Mesa&hellip;<\/p>\n","protected":false},"author":10,"featured_media":115261,"comment_status":"open","ping_status":"open","sticky":false,"template":"","format":"standard","meta":{"content-type":"","jetpack_post_was_ever_published":false,"_jetpack_newsletter_access":"","_jetpack_dont_email_post_to_subs":false,"_jetpack_newsletter_tier_id":0,"_jetpack_memberships_contains_paywalled_content":false,"_jetpack_memberships_contains_paid_content":false,"footnotes":""},"categories":[39],"tags":[340,7605,27523,27524,27525],"class_list":["post-115259","post","type-post","status-publish","format-standard","has-post-thumbnail","hentry","category-economia","tag-camara-de-cuentas","tag-composicion","tag-institucionaliza","tag-mesa-de-control","tag-nuevas-instituciones"],"jetpack_featured_media_url":"https:\/\/lasprimeras.com.do\/wp-content\/uploads\/2025\/11\/Camara-de-Cuentas-1.jpg","jetpack-related-posts":[{"id":104085,"url":"https:\/\/lasprimeras.com.do\/index.php\/2025\/07\/21\/camara-de-cuentas-impulsa-alianza-interinstitucional-para-modernizar-y-fortalecer-la-fiscalizacion-estatal\/","url_meta":{"origin":115259,"position":0},"title":"C\u00e1mara de Cuentas impulsa alianza interinstitucional para modernizar y fortalecer la fiscalizaci\u00f3n Estatal","author":"Nelson Feliz","date":"21 de julio de 2025","format":false,"excerpt":"La iniciativa busca optimizar el uso de los recursos p\u00fablicos mediante tecnolog\u00eda, transparencia y control preventivo. La C\u00e1mara de Cuentas de la Rep\u00fablica Dominicana (CCRD), en su calidad de \u00f3rgano superior de control externo del Estado, encabez\u00f3 la primera reuni\u00f3n de trabajo con la Mesa del Sistema Nacional de Fiscalizaci\u00f3n\u2026","rel":"","context":"En \u00abECONOM\u00cdA\u00bb","block_context":{"text":"ECONOM\u00cdA","link":"https:\/\/lasprimeras.com.do\/index.php\/category\/economia\/"},"img":{"alt_text":"","src":"https:\/\/i0.wp.com\/lasprimeras.com.do\/wp-content\/uploads\/2025\/07\/enma-polanco.jpg?resize=350%2C200&ssl=1","width":350,"height":200,"srcset":"https:\/\/i0.wp.com\/lasprimeras.com.do\/wp-content\/uploads\/2025\/07\/enma-polanco.jpg?resize=350%2C200&ssl=1 1x, https:\/\/i0.wp.com\/lasprimeras.com.do\/wp-content\/uploads\/2025\/07\/enma-polanco.jpg?resize=525%2C300&ssl=1 1.5x, https:\/\/i0.wp.com\/lasprimeras.com.do\/wp-content\/uploads\/2025\/07\/enma-polanco.jpg?resize=700%2C400&ssl=1 2x"},"classes":[]},{"id":116047,"url":"https:\/\/lasprimeras.com.do\/index.php\/2025\/11\/26\/camara-de-cuentas-fortalece-fiscalizacion-con-59-auditorias-en-solo-seis-meses\/","url_meta":{"origin":115259,"position":1},"title":"C\u00e1mara de Cuentas fortalece fiscalizaci\u00f3n con 59 auditor\u00edas en solo seis meses","author":"Nelson Feliz","date":"26 de noviembre de 2025","format":false,"excerpt":"La C\u00e1mara de Cuentas de la Rep\u00fablica Dominicana (CCRD) aprob\u00f3 tres nuevos informes de fiscalizaci\u00f3n y control durante su vigesimotercera sesi\u00f3n ordinaria, celebrada el pasado 14 de noviembre de 2025. Con estas aprobaciones, la actual composici\u00f3n del \u00f3rgano constitucional alcanza 59 auditor\u00edas emitidas en apenas seis meses de gesti\u00f3n, consolidando\u2026","rel":"","context":"En \u00abECONOM\u00cdA\u00bb","block_context":{"text":"ECONOM\u00cdA","link":"https:\/\/lasprimeras.com.do\/index.php\/category\/economia\/"},"img":{"alt_text":"","src":"https:\/\/i0.wp.com\/lasprimeras.com.do\/wp-content\/uploads\/2025\/11\/Camara-de-Cuentas.jpeg?resize=350%2C200&ssl=1","width":350,"height":200,"srcset":"https:\/\/i0.wp.com\/lasprimeras.com.do\/wp-content\/uploads\/2025\/11\/Camara-de-Cuentas.jpeg?resize=350%2C200&ssl=1 1x, https:\/\/i0.wp.com\/lasprimeras.com.do\/wp-content\/uploads\/2025\/11\/Camara-de-Cuentas.jpeg?resize=525%2C300&ssl=1 1.5x, https:\/\/i0.wp.com\/lasprimeras.com.do\/wp-content\/uploads\/2025\/11\/Camara-de-Cuentas.jpeg?resize=700%2C400&ssl=1 2x"},"classes":[]},{"id":85318,"url":"https:\/\/lasprimeras.com.do\/index.php\/2024\/06\/28\/abinader-promulga-nueva-ley-de-camara-de-cuentas\/","url_meta":{"origin":115259,"position":2},"title":"Abinader promulga nueva Ley de C\u00e1mara de Cuentas","author":"Nelson Feliz","date":"28 de junio de 2024","format":false,"excerpt":"\u00a0La ley ahora promulgada hab\u00eda sido observada por el presidente anteriormente, para fortalecer la efectiva funcionalidad del \u00f3rgano.\u00a0El presidente de la Rep\u00fablica Dominicana, Luis Abinader, promulg\u00f3 hoy la Ley 18-24, que a partir de ahora regular\u00e1 el funcionamiento de la C\u00e1mara de Cuentas, el \u00f3rgano superior externo de control fiscal\u2026","rel":"","context":"En \u00abNACIONALES\u00bb","block_context":{"text":"NACIONALES","link":"https:\/\/lasprimeras.com.do\/index.php\/category\/nacionales\/"},"img":{"alt_text":"","src":"https:\/\/i0.wp.com\/lasprimeras.com.do\/wp-content\/uploads\/2024\/02\/FOTO-PRINCIPAL-PALACIO-NACIONAL-e1708074506177-1.jpg?resize=350%2C200&ssl=1","width":350,"height":200,"srcset":"https:\/\/i0.wp.com\/lasprimeras.com.do\/wp-content\/uploads\/2024\/02\/FOTO-PRINCIPAL-PALACIO-NACIONAL-e1708074506177-1.jpg?resize=350%2C200&ssl=1 1x, https:\/\/i0.wp.com\/lasprimeras.com.do\/wp-content\/uploads\/2024\/02\/FOTO-PRINCIPAL-PALACIO-NACIONAL-e1708074506177-1.jpg?resize=525%2C300&ssl=1 1.5x, https:\/\/i0.wp.com\/lasprimeras.com.do\/wp-content\/uploads\/2024\/02\/FOTO-PRINCIPAL-PALACIO-NACIONAL-e1708074506177-1.jpg?resize=700%2C400&ssl=1 2x, https:\/\/i0.wp.com\/lasprimeras.com.do\/wp-content\/uploads\/2024\/02\/FOTO-PRINCIPAL-PALACIO-NACIONAL-e1708074506177-1.jpg?resize=1050%2C600&ssl=1 3x"},"classes":[]},{"id":122660,"url":"https:\/\/lasprimeras.com.do\/index.php\/2026\/02\/20\/senado-imparte-taller-sobre-la-ley-organica-de-fiscalizacion-y-control-del-congreso-nacional-num-84-25\/","url_meta":{"origin":115259,"position":3},"title":"Senado imparte taller sobre la Ley Org\u00e1nica de Fiscalizaci\u00f3n y Control del Congreso Nacional N\u00fam. 84-25","author":"Nelson Feliz","date":"20 de febrero de 2026","format":false,"excerpt":"El Senado de la Rep\u00fablica desarrolla el taller \u201cLey Org\u00e1nica de Fiscalizaci\u00f3n y Control del Congreso Nacional N\u00fam. 84-25, del 8 de agosto de 2025\u201d, una jornada formativa orientada a fortalecer las capacidades del personal que asiste a los legisladores en el ejercicio de las funciones de control y fiscalizaci\u00f3n,\u2026","rel":"","context":"En \u00abNACIONALES\u00bb","block_context":{"text":"NACIONALES","link":"https:\/\/lasprimeras.com.do\/index.php\/category\/nacionales\/"},"img":{"alt_text":"","src":"https:\/\/i0.wp.com\/lasprimeras.com.do\/wp-content\/uploads\/2026\/02\/IMG-20260219-WA0635.jpg?resize=350%2C200&ssl=1","width":350,"height":200,"srcset":"https:\/\/i0.wp.com\/lasprimeras.com.do\/wp-content\/uploads\/2026\/02\/IMG-20260219-WA0635.jpg?resize=350%2C200&ssl=1 1x, https:\/\/i0.wp.com\/lasprimeras.com.do\/wp-content\/uploads\/2026\/02\/IMG-20260219-WA0635.jpg?resize=525%2C300&ssl=1 1.5x, https:\/\/i0.wp.com\/lasprimeras.com.do\/wp-content\/uploads\/2026\/02\/IMG-20260219-WA0635.jpg?resize=700%2C400&ssl=1 2x, https:\/\/i0.wp.com\/lasprimeras.com.do\/wp-content\/uploads\/2026\/02\/IMG-20260219-WA0635.jpg?resize=1050%2C600&ssl=1 3x"},"classes":[]},{"id":92681,"url":"https:\/\/lasprimeras.com.do\/index.php\/2025\/01\/10\/senado-aprueba-proyecto-de-ley-organica-de-fiscalizacion-y-control-del-congreso-nacional\/","url_meta":{"origin":115259,"position":4},"title":"Senado aprueba Proyecto de Ley Org\u00e1nica de Fiscalizaci\u00f3n y Control del Congreso Nacional","author":"Nelson Feliz","date":"10 de enero de 2025","format":false,"excerpt":"En sesi\u00f3n extraordinaria de este viernes, fueron sancionadas otras importantes iniciativas. El Pleno Senatorial aprob\u00f3 en segunda lectura el Proyecto de ley Org\u00e1nica de Fiscalizaci\u00f3n y Control del Congreso Nacional, propuesta de los senadores por F\u00e9lix Ram\u00f3n Bautista y Ram\u00f3n Rogelio Genao Dur\u00e1n. Esta iniciativa tiene el prop\u00f3sito de regular\u2026","rel":"","context":"En \u00abPOLITICA\u00bb","block_context":{"text":"POLITICA","link":"https:\/\/lasprimeras.com.do\/index.php\/category\/politica\/"},"img":{"alt_text":"","src":"https:\/\/i0.wp.com\/lasprimeras.com.do\/wp-content\/uploads\/2024\/12\/senado-1.jpeg?resize=350%2C200&ssl=1","width":350,"height":200,"srcset":"https:\/\/i0.wp.com\/lasprimeras.com.do\/wp-content\/uploads\/2024\/12\/senado-1.jpeg?resize=350%2C200&ssl=1 1x, https:\/\/i0.wp.com\/lasprimeras.com.do\/wp-content\/uploads\/2024\/12\/senado-1.jpeg?resize=525%2C300&ssl=1 1.5x, https:\/\/i0.wp.com\/lasprimeras.com.do\/wp-content\/uploads\/2024\/12\/senado-1.jpeg?resize=700%2C400&ssl=1 2x, https:\/\/i0.wp.com\/lasprimeras.com.do\/wp-content\/uploads\/2024\/12\/senado-1.jpeg?resize=1050%2C600&ssl=1 3x, https:\/\/i0.wp.com\/lasprimeras.com.do\/wp-content\/uploads\/2024\/12\/senado-1.jpeg?resize=1400%2C800&ssl=1 4x"},"classes":[]},{"id":111820,"url":"https:\/\/lasprimeras.com.do\/index.php\/2025\/10\/13\/yvan-lorenzo-camara-de-cuentas-genera-suspicacia-y-desconfianza\/","url_meta":{"origin":115259,"position":5},"title":"Yvan Lorenzo: C\u00e1mara de Cuentas genera suspicacia y desconfianza","author":"Nelson Feliz","date":"13 de octubre de 2025","format":false,"excerpt":"El PLD deplora que el rol de control y fiscalizaci\u00f3n de la C\u00e1mara de Cuentas ha sido desplazado por la mala pr\u00e1ctica de filtrar investigaciones sobre funcionarios del gobierno anterior El Partido de la Liberaci\u00f3n Dominicana (PLD) cuestion\u00f3 la inercia de la C\u00e1mara de Cuentas como \u00f3rgano de control y\u2026","rel":"","context":"En \u00abPOLITICA\u00bb","block_context":{"text":"POLITICA","link":"https:\/\/lasprimeras.com.do\/index.php\/category\/politica\/"},"img":{"alt_text":"","src":"https:\/\/i0.wp.com\/lasprimeras.com.do\/wp-content\/uploads\/2025\/10\/Yvan-Lorenzo.jpg?resize=350%2C200&ssl=1","width":350,"height":200,"srcset":"https:\/\/i0.wp.com\/lasprimeras.com.do\/wp-content\/uploads\/2025\/10\/Yvan-Lorenzo.jpg?resize=350%2C200&ssl=1 1x, https:\/\/i0.wp.com\/lasprimeras.com.do\/wp-content\/uploads\/2025\/10\/Yvan-Lorenzo.jpg?resize=525%2C300&ssl=1 1.5x, https:\/\/i0.wp.com\/lasprimeras.com.do\/wp-content\/uploads\/2025\/10\/Yvan-Lorenzo.jpg?resize=700%2C400&ssl=1 2x"},"classes":[]}],"jetpack_sharing_enabled":true,"_links":{"self":[{"href":"https:\/\/lasprimeras.com.do\/index.php\/wp-json\/wp\/v2\/posts\/115259","targetHints":{"allow":["GET"]}}],"collection":[{"href":"https:\/\/lasprimeras.com.do\/index.php\/wp-json\/wp\/v2\/posts"}],"about":[{"href":"https:\/\/lasprimeras.com.do\/index.php\/wp-json\/wp\/v2\/types\/post"}],"author":[{"embeddable":true,"href":"https:\/\/lasprimeras.com.do\/index.php\/wp-json\/wp\/v2\/users\/10"}],"replies":[{"embeddable":true,"href":"https:\/\/lasprimeras.com.do\/index.php\/wp-json\/wp\/v2\/comments?post=115259"}],"version-history":[{"count":2,"href":"https:\/\/lasprimeras.com.do\/index.php\/wp-json\/wp\/v2\/posts\/115259\/revisions"}],"predecessor-version":[{"id":115264,"href":"https:\/\/lasprimeras.com.do\/index.php\/wp-json\/wp\/v2\/posts\/115259\/revisions\/115264"}],"wp:featuredmedia":[{"embeddable":true,"href":"https:\/\/lasprimeras.com.do\/index.php\/wp-json\/wp\/v2\/media\/115261"}],"wp:attachment":[{"href":"https:\/\/lasprimeras.com.do\/index.php\/wp-json\/wp\/v2\/media?parent=115259"}],"wp:term":[{"taxonomy":"category","embeddable":true,"href":"https:\/\/lasprimeras.com.do\/index.php\/wp-json\/wp\/v2\/categories?post=115259"},{"taxonomy":"post_tag","embeddable":true,"href":"https:\/\/lasprimeras.com.do\/index.php\/wp-json\/wp\/v2\/tags?post=115259"}],"curies":[{"name":"wp","href":"https:\/\/api.w.org\/{rel}","templated":true}]}}