{"id":115271,"date":"2025-11-19T11:06:39","date_gmt":"2025-11-19T15:06:39","guid":{"rendered":"https:\/\/lasprimeras.com.do\/?p=115271"},"modified":"2025-11-20T11:12:57","modified_gmt":"2025-11-20T15:12:57","slug":"educacion-concluye-programa-nacional-de-induccion-2024-2025","status":"publish","type":"post","link":"https:\/\/lasprimeras.com.do\/index.php\/2025\/11\/19\/educacion-concluye-programa-nacional-de-induccion-2024-2025\/","title":{"rendered":"Educaci\u00f3n concluye Programa Nacional de Inducci\u00f3n 2024-2025"},"content":{"rendered":"\n<p><strong>Incorporan 5,412 nuevos docentes al sistema.<\/strong><\/p>\n\n\n\n<p>El Ministerio de Educaci\u00f3n de la Rep\u00fablica Dominicana (Minerd) realiz\u00f3 hoy el acto de clausura del Programa Nacional de Inducci\u00f3n al Personal Docente de Nuevo Ingreso 2024-2025, en el que 5,412 docentes superaron su per\u00edodo probatorio y pasan a ser empleados permanentes del sistema educativo preuniversitario.<\/p>\n\n\n\n<p>En el acto, encabezado por el ministro de Educaci\u00f3n, Luis Miguel De Camps, fueron reconocidos 123 docentes por su destacada participaci\u00f3n y 54 tutores de los 2,282 que fueron parte del proceso.<\/p>\n\n\n\n<p>De Camps subray\u00f3 que desde el inicio de su gesti\u00f3n ha asumido el compromiso de impulsar un salto cualitativo en la profesionalizaci\u00f3n del personal docente, en plena coherencia con los compromisos establecidos en la Hoja de Ruta 2025-2028.<\/p>\n\n\n\n<p>\u201cSabemos que la labor del maestro exige respeto, dignidad y reconocimiento. Y sabemos tambi\u00e9n que el desarrollo profesional no es un destino, sino un camino que se construye con innovaci\u00f3n, colaboraci\u00f3n, pensamiento cr\u00edtico y una pr\u00e1ctica pedag\u00f3gica orientada a resultados\u201d, destac\u00f3 el ministro.<\/p>\n\n\n\n<p>En ese sentido, manifest\u00f3 que la inducci\u00f3n es un tramo esencial de ese camino, debido a que acompa\u00f1a, orienta, fortalece y, sobre todo, prepara al docente para ejercer con eficacia, sustentado en los est\u00e1ndares profesionales que rigen la certificaci\u00f3n y el desarrollo de la carrera docente en nuestro pa\u00eds.<\/p>\n\n\n\n<p>El ministro afirm\u00f3 que el programa ha impactado desde el 2022 a 44,476 profesionales de la educaci\u00f3n quienes han ingresado al sistema a trav\u00e9s de los Concurso de Oposici\u00f3n Docente, conforme a la ley.<\/p>\n\n\n\n<figure class=\"wp-block-image size-full\"><img decoding=\"async\" width=\"900\" height=\"590\" src=\"https:\/\/lasprimeras.com.do\/wp-content\/uploads\/2025\/11\/docentes.jpg\" alt=\"\" class=\"wp-image-115272\" srcset=\"https:\/\/lasprimeras.com.do\/wp-content\/uploads\/2025\/11\/docentes.jpg 900w, https:\/\/lasprimeras.com.do\/wp-content\/uploads\/2025\/11\/docentes-300x197.jpg 300w, https:\/\/lasprimeras.com.do\/wp-content\/uploads\/2025\/11\/docentes-768x503.jpg 768w\" sizes=\"(max-width: 900px) 100vw, 900px\" \/><\/figure>\n\n\n\n<p>De su lado, el viceministro de Acreditaci\u00f3n y Certificaci\u00f3n Docente del Minerd, Francisco D\u2019\u00d3leo, inform\u00f3 que estos nuevos docentes recibieron, adem\u00e1s, formaci\u00f3n complementaria estandarizada, bajo la coordinaci\u00f3n pedag\u00f3gica del Isfodosu, que actualiz\u00f3 los m\u00f3dulos formativos y gestion\u00f3 la plataforma de formaci\u00f3n que alberg\u00f3 a17 Instituciones de Educaci\u00f3n Superior involucradas en el proceso.<\/p>\n\n\n\n<p>Indic\u00f3, igualmente, que el \u00e1rea que dirige reafirma con este acto su responsabilidad de garantizar que cada educador que se incorpora a nuestro sistema reciba la orientaci\u00f3n, asistencia t\u00e9cnica y acompa\u00f1amiento pedag\u00f3gico necesarios para ejercer su misi\u00f3n con eficacia y entrega.<\/p>\n\n\n\n<p>En representaci\u00f3n de los docentes inducidos, Crismell Hurtado Alfonso, de la Regional 08-Santiago, expres\u00f3 palabras de agradecimiento y compromiso, resaltando la experiencia transformadora del proceso de inducci\u00f3n.<\/p>\n\n\n\n<p>El programa avanza en plena sinton\u00eda con la Hoja de Ruta 2025-2028 y el Plan Horizonte 2034 del Gobierno dominicano, que buscan asegurar una educaci\u00f3n inclusiva y de calidad, con el docente como actor clave.<\/p>\n\n\n\n<figure class=\"wp-block-image size-full\"><img decoding=\"async\" width=\"900\" height=\"599\" src=\"https:\/\/lasprimeras.com.do\/wp-content\/uploads\/2025\/11\/muert.jpg\" alt=\"\" class=\"wp-image-115273\" srcset=\"https:\/\/lasprimeras.com.do\/wp-content\/uploads\/2025\/11\/muert.jpg 900w, https:\/\/lasprimeras.com.do\/wp-content\/uploads\/2025\/11\/muert-300x200.jpg 300w, https:\/\/lasprimeras.com.do\/wp-content\/uploads\/2025\/11\/muert-768x511.jpg 768w\" sizes=\"(max-width: 900px) 100vw, 900px\" \/><\/figure>\n\n\n\n<p>El evento, amenizado por el coro del Instituto Polit\u00e9cnico Parroquial Santa Ana (Ipopsa), a cargo de la maestra Damari Fr\u00edas, cont\u00f3 con la presencia de Rafael Luciano, director de Inserci\u00f3n del Minerd; Tania Jim\u00e9nez Rosa, encargada del Departamento de Desarrollo Profesional Docente y la Divisi\u00f3n de Inducci\u00f3n; \u00c1ngel Familia, subdirector ejecutivo del Instituto Nacional de Administraci\u00f3n P\u00fablica (INAP).<\/p>\n\n\n\n<p>Igualmente, con Carmen G\u00e1lvez, vicerrectora acad\u00e9mica del Instituto de Formaci\u00f3n Docente Salom\u00e9 Ure\u00f1a (Isfodosu); Jes\u00fas And\u00fajar Avil\u00e9s, director ejecutivo del Instituto Dominicano de Evaluaci\u00f3n e Investigaci\u00f3n de la Calidad Educativa (Ideice); Ana Dolores Guzm\u00e1n, asesora del Instituto Nacional de Formaci\u00f3n y Capacitaci\u00f3n del Magisterio (Inafocam), entre otras autoridades.<\/p>\n","protected":false},"excerpt":{"rendered":"<p>Incorporan 5,412 nuevos docentes al sistema. El Ministerio de Educaci\u00f3n de la Rep\u00fablica Dominicana (Minerd) realiz\u00f3 hoy el acto de clausura del Programa Nacional de Inducci\u00f3n al Personal Docente de&hellip;<\/p>\n","protected":false},"author":10,"featured_media":0,"comment_status":"open","ping_status":"open","sticky":false,"template":"","format":"standard","meta":{"content-type":"","jetpack_post_was_ever_published":false,"_jetpack_newsletter_access":"","_jetpack_dont_email_post_to_subs":false,"_jetpack_newsletter_tier_id":0,"_jetpack_memberships_contains_paywalled_content":false,"_jetpack_memberships_contains_paid_content":false,"footnotes":""},"categories":[35],"tags":[5745,27527],"class_list":["post-115271","post","type-post","status-publish","format-standard","hentry","category-nacionales","tag-ministerio-de-educacion","tag-programa-nacional-de-induccion"],"jetpack_featured_media_url":"","jetpack-related-posts":[{"id":120924,"url":"https:\/\/lasprimeras.com.do\/index.php\/2026\/01\/29\/minerd-y-adp-acuerdan-disposiciones-que-amplian-la-participacion-docente-en-la-evaluacion-de-desempeno-docente-2025\/","url_meta":{"origin":115271,"position":0},"title":"MINERD y ADP acuerdan disposiciones que ampl\u00edan la participaci\u00f3n docente en la Evaluaci\u00f3n de Desempe\u00f1o Docente 2025","author":"Nelson Feliz","date":"29 de enero de 2026","format":false,"excerpt":"El Ministerio de Educaci\u00f3n de la Rep\u00fablica Dominicana (MINERD) y la Asociaci\u00f3n Dominicana de Profesores (ADP) suscribieron un acuerdo institucional que establece criterios claros y disposiciones especiales orientadas a ampliar la participaci\u00f3n del personal docente del sistema p\u00fablico preuniversitario, garantizando transparencia, equidad y apego a la normativa vigente. Conforme a\u2026","rel":"","context":"En \u00abNACIONALES\u00bb","block_context":{"text":"NACIONALES","link":"https:\/\/lasprimeras.com.do\/index.php\/category\/nacionales\/"},"img":{"alt_text":"","src":"https:\/\/i0.wp.com\/lasprimeras.com.do\/wp-content\/uploads\/2026\/01\/IMG-20260129-WA02761.jpg?resize=350%2C200&ssl=1","width":350,"height":200,"srcset":"https:\/\/i0.wp.com\/lasprimeras.com.do\/wp-content\/uploads\/2026\/01\/IMG-20260129-WA02761.jpg?resize=350%2C200&ssl=1 1x, https:\/\/i0.wp.com\/lasprimeras.com.do\/wp-content\/uploads\/2026\/01\/IMG-20260129-WA02761.jpg?resize=525%2C300&ssl=1 1.5x, https:\/\/i0.wp.com\/lasprimeras.com.do\/wp-content\/uploads\/2026\/01\/IMG-20260129-WA02761.jpg?resize=700%2C400&ssl=1 2x, https:\/\/i0.wp.com\/lasprimeras.com.do\/wp-content\/uploads\/2026\/01\/IMG-20260129-WA02761.jpg?resize=1050%2C600&ssl=1 3x, https:\/\/i0.wp.com\/lasprimeras.com.do\/wp-content\/uploads\/2026\/01\/IMG-20260129-WA02761.jpg?resize=1400%2C800&ssl=1 4x"},"classes":[]},{"id":127592,"url":"https:\/\/lasprimeras.com.do\/index.php\/2026\/04\/13\/de-camps-reafirma-compromiso-con-el-magisterio-y-la-educacion\/","url_meta":{"origin":115271,"position":1},"title":"De Camps reafirma compromiso con el magisterio y la educaci\u00f3n","author":"Nelson Feliz","date":"13 de abril de 2026","format":false,"excerpt":"Al conmemorarse hoy el 56 aniversario de la Asociaci\u00f3n Dominicana de Profesores (ADP), el ministro de Educaci\u00f3n, Luis Miguel De Camps, reafirm\u00f3 la importancia del gremio docente como actor clave del sistema educativo y reiter\u00f3 la importancia de mantener una agenda com\u00fan basada en el di\u00e1logo, la corresponsabilidad y los\u2026","rel":"","context":"En \u00abNACIONALES\u00bb","block_context":{"text":"NACIONALES","link":"https:\/\/lasprimeras.com.do\/index.php\/category\/nacionales\/"},"img":{"alt_text":"Luis Miguel De Camps","src":"https:\/\/i0.wp.com\/lasprimeras.com.do\/wp-content\/uploads\/2026\/04\/Luis-Miguel-De-Camps-1.jpg?resize=350%2C200&ssl=1","width":350,"height":200,"srcset":"https:\/\/i0.wp.com\/lasprimeras.com.do\/wp-content\/uploads\/2026\/04\/Luis-Miguel-De-Camps-1.jpg?resize=350%2C200&ssl=1 1x, https:\/\/i0.wp.com\/lasprimeras.com.do\/wp-content\/uploads\/2026\/04\/Luis-Miguel-De-Camps-1.jpg?resize=525%2C300&ssl=1 1.5x, https:\/\/i0.wp.com\/lasprimeras.com.do\/wp-content\/uploads\/2026\/04\/Luis-Miguel-De-Camps-1.jpg?resize=700%2C400&ssl=1 2x"},"classes":[]},{"id":113750,"url":"https:\/\/lasprimeras.com.do\/index.php\/2025\/11\/05\/minerd-inicia-primera-fase-de-la-evaluacion-de-desempeno-docente-2025\/","url_meta":{"origin":115271,"position":2},"title":"Minerd inicia primera fase de la Evaluaci\u00f3n de Desempe\u00f1o Docente 2025","author":"Nelson Feliz","date":"5 de noviembre de 2025","format":false,"excerpt":"El Ministerio de Educaci\u00f3n (Minerd) puso en marcha la primera fase de la Evaluaci\u00f3n de Desempe\u00f1o Docente (EDD) 2025, con la habilitaci\u00f3n del aplicativo Autogesti\u00f3n de Cuenta Docente Institucional, una plataforma que permitir\u00e1 a los maestros validar sus datos personales y laborales como paso previo al proceso formal de evaluaci\u00f3n.\u2026","rel":"","context":"En \u00abNACIONALES\u00bb","block_context":{"text":"NACIONALES","link":"https:\/\/lasprimeras.com.do\/index.php\/category\/nacionales\/"},"img":{"alt_text":"Ministerio de Educaci\u00f3n","src":"https:\/\/i0.wp.com\/lasprimeras.com.do\/wp-content\/uploads\/2025\/05\/Ministerio-de-Educacion.jpg?resize=350%2C200&ssl=1","width":350,"height":200,"srcset":"https:\/\/i0.wp.com\/lasprimeras.com.do\/wp-content\/uploads\/2025\/05\/Ministerio-de-Educacion.jpg?resize=350%2C200&ssl=1 1x, https:\/\/i0.wp.com\/lasprimeras.com.do\/wp-content\/uploads\/2025\/05\/Ministerio-de-Educacion.jpg?resize=525%2C300&ssl=1 1.5x, https:\/\/i0.wp.com\/lasprimeras.com.do\/wp-content\/uploads\/2025\/05\/Ministerio-de-Educacion.jpg?resize=700%2C400&ssl=1 2x"},"classes":[]},{"id":107192,"url":"https:\/\/lasprimeras.com.do\/index.php\/2025\/08\/24\/ministro-de-educacion-dice-el-pais-esta-preparado-para-recibir-a-estudiantes-y-docentes\/","url_meta":{"origin":115271,"position":3},"title":"Ministro de Educaci\u00f3n dice el pa\u00eds est\u00e1 preparado para recibir a estudiantes y docentes","author":"Nelson Feliz","date":"24 de agosto de 2025","format":false,"excerpt":"El ministro de Educaci\u00f3n, Luis Miguel De Camps, asegur\u00f3 que este lunes el pa\u00eds est\u00e1 preparado para recibir a m\u00e1s de 2.6 millones de estudiantes y docentes, que es cuando inicia folmalmente el nuevo a\u00f1o escolar 2025-2026. \"Este ser\u00e1 un a\u00f1o de esperanza, crecimiento y nuevas oportunidades. Invitamos a todos\u2026","rel":"","context":"En \u00abNACIONALES\u00bb","block_context":{"text":"NACIONALES","link":"https:\/\/lasprimeras.com.do\/index.php\/category\/nacionales\/"},"img":{"alt_text":"","src":"https:\/\/i0.wp.com\/lasprimeras.com.do\/wp-content\/uploads\/2025\/08\/Luis-Miguel-De-Camps-2.jpg?resize=350%2C200&ssl=1","width":350,"height":200,"srcset":"https:\/\/i0.wp.com\/lasprimeras.com.do\/wp-content\/uploads\/2025\/08\/Luis-Miguel-De-Camps-2.jpg?resize=350%2C200&ssl=1 1x, https:\/\/i0.wp.com\/lasprimeras.com.do\/wp-content\/uploads\/2025\/08\/Luis-Miguel-De-Camps-2.jpg?resize=525%2C300&ssl=1 1.5x, https:\/\/i0.wp.com\/lasprimeras.com.do\/wp-content\/uploads\/2025\/08\/Luis-Miguel-De-Camps-2.jpg?resize=700%2C400&ssl=1 2x"},"classes":[]},{"id":105837,"url":"https:\/\/lasprimeras.com.do\/index.php\/2025\/08\/07\/gobierno-avanza-a-toda-marcha-con-los-preparativos-del-ano-escolar-2025-2026\/","url_meta":{"origin":115271,"position":4},"title":"Gobierno avanza a toda marcha con los preparativos del a\u00f1o escolar 2025-2026","author":"Nelson Feliz","date":"7 de agosto de 2025","format":false,"excerpt":"El presidente Luis Abinader y el ministro de Educaci\u00f3n, Luis Miguel De Camps, sostuvieron una reuni\u00f3n este jueves con el objetivo de dar seguimiento a los avances de los preparativos del a\u00f1o escolar 2025-2026, que se desarrollan a buen ritmo en todo el pa\u00eds. Durante la reuni\u00f3n, celebrado en el\u2026","rel":"","context":"En \u00abNACIONALES\u00bb","block_context":{"text":"NACIONALES","link":"https:\/\/lasprimeras.com.do\/index.php\/category\/nacionales\/"},"img":{"alt_text":"Luis Abinader y Luis Miguel De Camps","src":"https:\/\/i0.wp.com\/lasprimeras.com.do\/wp-content\/uploads\/2025\/08\/Luis-Abinader-y-Luis-Miguel-De-Camps.jpg?resize=350%2C200&ssl=1","width":350,"height":200,"srcset":"https:\/\/i0.wp.com\/lasprimeras.com.do\/wp-content\/uploads\/2025\/08\/Luis-Abinader-y-Luis-Miguel-De-Camps.jpg?resize=350%2C200&ssl=1 1x, https:\/\/i0.wp.com\/lasprimeras.com.do\/wp-content\/uploads\/2025\/08\/Luis-Abinader-y-Luis-Miguel-De-Camps.jpg?resize=525%2C300&ssl=1 1.5x, https:\/\/i0.wp.com\/lasprimeras.com.do\/wp-content\/uploads\/2025\/08\/Luis-Abinader-y-Luis-Miguel-De-Camps.jpg?resize=700%2C400&ssl=1 2x"},"classes":[]},{"id":99112,"url":"https:\/\/lasprimeras.com.do\/index.php\/2025\/05\/18\/ministro-de-camps-declara-prioritaria-la-evaluacion-de-desempeno-docente-e-inicia-proceso-para-ejecutarla\/","url_meta":{"origin":115271,"position":5},"title":"Ministro De Camps declara prioritaria la &#8221;Evaluaci\u00f3n de Desempe\u00f1o Docente&#8221; e inicia proceso para ejecutarla","author":"Nelson Feliz","date":"18 de mayo de 2025","format":false,"excerpt":"El Ministerio de Educaci\u00f3n, bajo el liderazgo del ministro Luis Miguel De Camps, emiti\u00f3 la Orden Departamental N\u00fam. 50\/2025 que declara de alta prioridad la ejecuci\u00f3n de la Evaluaci\u00f3n de Desempe\u00f1o Docente, un instrumento clave para impulsar la mejora continua del sistema educativo preuniversitario y fortalecer la carrera docente. La\u2026","rel":"","context":"En \u00abNACIONALES\u00bb","block_context":{"text":"NACIONALES","link":"https:\/\/lasprimeras.com.do\/index.php\/category\/nacionales\/"},"img":{"alt_text":"Ministerio de Educaci\u00f3n","src":"https:\/\/i0.wp.com\/lasprimeras.com.do\/wp-content\/uploads\/2025\/05\/Ministerio-de-Educacion.jpg?resize=350%2C200&ssl=1","width":350,"height":200,"srcset":"https:\/\/i0.wp.com\/lasprimeras.com.do\/wp-content\/uploads\/2025\/05\/Ministerio-de-Educacion.jpg?resize=350%2C200&ssl=1 1x, https:\/\/i0.wp.com\/lasprimeras.com.do\/wp-content\/uploads\/2025\/05\/Ministerio-de-Educacion.jpg?resize=525%2C300&ssl=1 1.5x, https:\/\/i0.wp.com\/lasprimeras.com.do\/wp-content\/uploads\/2025\/05\/Ministerio-de-Educacion.jpg?resize=700%2C400&ssl=1 2x"},"classes":[]}],"jetpack_sharing_enabled":true,"_links":{"self":[{"href":"https:\/\/lasprimeras.com.do\/index.php\/wp-json\/wp\/v2\/posts\/115271","targetHints":{"allow":["GET"]}}],"collection":[{"href":"https:\/\/lasprimeras.com.do\/index.php\/wp-json\/wp\/v2\/posts"}],"about":[{"href":"https:\/\/lasprimeras.com.do\/index.php\/wp-json\/wp\/v2\/types\/post"}],"author":[{"embeddable":true,"href":"https:\/\/lasprimeras.com.do\/index.php\/wp-json\/wp\/v2\/users\/10"}],"replies":[{"embeddable":true,"href":"https:\/\/lasprimeras.com.do\/index.php\/wp-json\/wp\/v2\/comments?post=115271"}],"version-history":[{"count":1,"href":"https:\/\/lasprimeras.com.do\/index.php\/wp-json\/wp\/v2\/posts\/115271\/revisions"}],"predecessor-version":[{"id":115274,"href":"https:\/\/lasprimeras.com.do\/index.php\/wp-json\/wp\/v2\/posts\/115271\/revisions\/115274"}],"wp:attachment":[{"href":"https:\/\/lasprimeras.com.do\/index.php\/wp-json\/wp\/v2\/media?parent=115271"}],"wp:term":[{"taxonomy":"category","embeddable":true,"href":"https:\/\/lasprimeras.com.do\/index.php\/wp-json\/wp\/v2\/categories?post=115271"},{"taxonomy":"post_tag","embeddable":true,"href":"https:\/\/lasprimeras.com.do\/index.php\/wp-json\/wp\/v2\/tags?post=115271"}],"curies":[{"name":"wp","href":"https:\/\/api.w.org\/{rel}","templated":true}]}}