{"id":115278,"date":"2025-11-20T11:34:26","date_gmt":"2025-11-20T15:34:26","guid":{"rendered":"https:\/\/lasprimeras.com.do\/?p=115278"},"modified":"2025-11-20T11:34:28","modified_gmt":"2025-11-20T15:34:28","slug":"artista-urbano-yoneiry-taveras-presentara-su-nuevo-album-en-premios-latinos-2025","status":"publish","type":"post","link":"https:\/\/lasprimeras.com.do\/index.php\/2025\/11\/20\/artista-urbano-yoneiry-taveras-presentara-su-nuevo-album-en-premios-latinos-2025\/","title":{"rendered":"Artista Urbano Yoneiry Taveras presentar\u00e1 su nuevo \u00e1lbum en Premios Latinos 2025"},"content":{"rendered":"\n<p>NUEVA YORK. \u2013 El multifac\u00e9tico artista urbano Yoneirys Taveraz presentar\u00e1 su nuevo \u00e1lbum Vers\u00e1til \u2013 Reggaeton Pop durante la XXVI entrega anual de los populares Premios Latinos, en su versi\u00f3n urbana, que se celebrar\u00e1 este jueves 20 de noviembre en esta ciudad.<\/p>\n\n\n\n<p>El proyecto musical incluye temas como \u201cNo dejo de pensar en ti\u201d, \u201cSalimos a perrear\u201d, \u201cRam Pam Pam\u201d, entre otros cortes que prometen cautivar al p\u00fablico asistente.<\/p>\n\n\n\n<p>La gala, con alfombra roja pautada para las 6:00 p.m., tendr\u00e1 lugar en el Brasier Theater, localizado en el 472 West 202nd Street, en el Alto Manhattan.<\/p>\n\n\n\n<p>\u201cEste es un evento para toda la familia, donde Yoneirys Taveraz nos presentar\u00e1 su nuevo \u00e1lbum, el cual fusiona ritmos que conectan con diversos p\u00fablicos, por lo que todos los medios de comunicaci\u00f3n, fot\u00f3grafos y plataformas digitales est\u00e1n debidamente invitados para que sean parte de la historia y puedan transmitir y cubrir las incidencias\u201d, expres\u00f3 Feliz Jerez.<\/p>\n\n\n\n<p>De su lado, Yoneirys Taveraz agradeci\u00f3 el respaldo que ha venido recibiendo de sus seguidores. \u201cSaben que con el apoyo de mi p\u00fablico siento que voy por el camino correcto, la idea principal es motivarlos a que sean mejores personas cada d\u00eda, y me encantar\u00eda seguir contando con su cari\u00f1o y apoyo, los espero este jueves, manifest\u00f3 el artista.<\/p>\n\n\n\n<p>Taveraz, considerado una de las voces m\u00e1s refrescantes del g\u00e9nero urbano, contin\u00faa elevando el nombre de su pa\u00eds. La voz de Honduras se enorgullece y rinde tributo a este joven talento en constante ascenso.<\/p>\n\n\n\n<p>El productor ejecutivo y fundador de los Premios Latinos, F\u00e9lix Jerez, inform\u00f3 adem\u00e1s que esta edici\u00f3n cuenta con la nominaci\u00f3n de cerca de 100 artistas, entre consagrados y nuevas figuras. <\/p>\n\n\n\n<p>Entre ellos figuran El Var\u00f3n de la Bachata, Gigi RD \u201cSiempre La M\u00e1s\u201d, Crucita La Reina del Mariachi, Los Toros Band, Yoneiry El Maestro, Zavier Fern\u00e1ndez, Soraya Internacional, Jonathan El Latino, El Chavivir\u00ed, Katherine Figuereo, Vision Global TV, Frederick Mart\u00ednez \u201cEl Pach\u00e1\u201d, entre otros.<\/p>\n\n\n\n<p>Asimismo, fueron nominados actores, productores de cine e influencers como Jos\u00e9 Portela, de Reconocidos. Net; Clari La Diva; el h\u00e9roe de guerra Sammy Ravelo; y Herbert Flores, director de Asuntos Latinos del condado de Hudson.<\/p>\n","protected":false},"excerpt":{"rendered":"<p>NUEVA YORK. \u2013 El multifac\u00e9tico artista urbano Yoneirys Taveraz presentar\u00e1 su nuevo \u00e1lbum Vers\u00e1til \u2013 Reggaeton Pop durante la XXVI entrega anual de los populares Premios Latinos, en su versi\u00f3n&hellip;<\/p>\n","protected":false},"author":10,"featured_media":115279,"comment_status":"open","ping_status":"open","sticky":false,"template":"","format":"standard","meta":{"content-type":"","jetpack_post_was_ever_published":false,"_jetpack_newsletter_access":"","_jetpack_dont_email_post_to_subs":false,"_jetpack_newsletter_tier_id":0,"_jetpack_memberships_contains_paywalled_content":false,"_jetpack_memberships_contains_paid_content":false,"footnotes":""},"categories":[84],"tags":[13374,17299,27530,23817,27529],"class_list":["post-115278","post","type-post","status-publish","format-standard","has-post-thumbnail","hentry","category-entretenimiento","tag-album","tag-artista-urbano","tag-premios-latinos-2025","tag-presentara","tag-yoneiry-taveras"],"jetpack_featured_media_url":"https:\/\/lasprimeras.com.do\/wp-content\/uploads\/2025\/11\/Yoneiry-Taveras-1.jpg","jetpack-related-posts":[{"id":115614,"url":"https:\/\/lasprimeras.com.do\/index.php\/2025\/11\/24\/yoneiry-el-maestro-presenta-su-nuevo-album-a-casa-llena-en-el-alto-manhattan\/","url_meta":{"origin":115278,"position":0},"title":"Yoneiry \u00abEl Maestro\u00bb presenta su nuevo \u00e1lbum a casa llena en el Alto Manhattan","author":"Nelson Feliz","date":"24 de noviembre de 2025","format":false,"excerpt":"https:\/\/www.youtube.com\/watch?v=zc1MYiu2RG0 Por Ram\u00f3n Mercedes NUEVA YORK.- El multifac\u00e9tico artista urbano dominicano Yoneiry Taveras, conocido art\u00edsticamente como \u00abYoneiry -El Maestro-\u00bb, present\u00f3 el pasado fin de semana a casa llena en los exclusivos salones del lujoso Brasier Theater, el Alto Manhattan, su nuevo \u00e1lbum \u00abVers\u00e1tile Reggaeton Pop\u00bb. El proyecto musical incluye temas\u2026","rel":"","context":"En \u00abENTRETENIMIENTO\u00bb","block_context":{"text":"ENTRETENIMIENTO","link":"https:\/\/lasprimeras.com.do\/index.php\/category\/entretenimiento\/"},"img":{"alt_text":"Artista Urbano dominicano \u00abYoneiry El Maestro\u00bb presenta su nuevo \u00e1lbum a casa llena en el Alto Manhattan","src":"https:\/\/i0.wp.com\/lasprimeras.com.do\/wp-content\/uploads\/2025\/11\/WhatsApp-Image-2025-11-24-at-5.46.50-AM.jpeg?resize=350%2C200&ssl=1","width":350,"height":200,"srcset":"https:\/\/i0.wp.com\/lasprimeras.com.do\/wp-content\/uploads\/2025\/11\/WhatsApp-Image-2025-11-24-at-5.46.50-AM.jpeg?resize=350%2C200&ssl=1 1x, https:\/\/i0.wp.com\/lasprimeras.com.do\/wp-content\/uploads\/2025\/11\/WhatsApp-Image-2025-11-24-at-5.46.50-AM.jpeg?resize=525%2C300&ssl=1 1.5x"},"classes":[]},{"id":67652,"url":"https:\/\/lasprimeras.com.do\/index.php\/2023\/11\/17\/quevedo-y-bizarrap-siguen-sumando-exitos-con-el-latin-grammy-a-mejor-cancion-urbana\/","url_meta":{"origin":115278,"position":1},"title":"Quevedo y Bizarrap siguen sumando \u00e9xitos con el Latin Grammy a mejor canci\u00f3n urbana","author":"BIMARY DE JES\u00daS Matos","date":"17 de noviembre de 2023","format":false,"excerpt":"Santo Domingo.-El espa\u00f1ol Quevedo y el argentino Bizarrap han obtenido este jueves el premio a mejor Canci\u00f3n Urbana en la 24\u00aa edici\u00f3n de los Latin Grammy como compositores de su famosa \u2018Bzrp Music Sessions, Vol. 52\u2019, que ya logr\u00f3 la proeza de mantenerse durante siete semanas en el n\u00famero 1\u2026","rel":"","context":"En \u00abENTRETENIMIENTO\u00bb","block_context":{"text":"ENTRETENIMIENTO","link":"https:\/\/lasprimeras.com.do\/index.php\/category\/entretenimiento\/"},"img":{"alt_text":"","src":"https:\/\/i0.wp.com\/lasprimeras.com.do\/wp-content\/uploads\/2023\/11\/valentin-31.jpg?resize=350%2C200&ssl=1","width":350,"height":200,"srcset":"https:\/\/i0.wp.com\/lasprimeras.com.do\/wp-content\/uploads\/2023\/11\/valentin-31.jpg?resize=350%2C200&ssl=1 1x, https:\/\/i0.wp.com\/lasprimeras.com.do\/wp-content\/uploads\/2023\/11\/valentin-31.jpg?resize=525%2C300&ssl=1 1.5x"},"classes":[]},{"id":75791,"url":"https:\/\/lasprimeras.com.do\/index.php\/2024\/02\/05\/karol-g-gana-su-primer-grammy-a-mejor-album-de-musica-urbana-por-manana-sera-bonito\/","url_meta":{"origin":115278,"position":2},"title":"Karol G gana su primer grammy a mejor \u00e1lbum de m\u00fasica urbana por &#8216;Ma\u00f1ana ser\u00e1 bonito&#8217;","author":"BIMARY DE JES\u00daS Matos","date":"5 de febrero de 2024","format":false,"excerpt":"Las vegas.-Karol G gan\u00f3 este domingo su primer Grammy estadounidense a mejor \u00e1lbum de m\u00fasica urbana por 'Ma\u00f1ana ser\u00e1 bonito'. \"Estoy muy feliz de estar aqu\u00ed frente a tantas leyendas. Mi \u00e1lbum me ha dado las mejores memorias de mi vida\", dijo Karol G despu\u00e9s de recibir el premio de\u2026","rel":"","context":"En \u00abENTRETENIMIENTO\u00bb","block_context":{"text":"ENTRETENIMIENTO","link":"https:\/\/lasprimeras.com.do\/index.php\/category\/entretenimiento\/"},"img":{"alt_text":"","src":"","width":0,"height":0},"classes":[]},{"id":63692,"url":"https:\/\/lasprimeras.com.do\/index.php\/2023\/10\/15\/nuevo-disco-de-bad-bunny-se-convierte-en-album-mas-reproducido-en-spotify\/","url_meta":{"origin":115278,"position":3},"title":"Nuevo disco de Bad Bunny se convierte en \u00e1lbum m\u00e1s reproducido en Spotify","author":"BIMARY DE JES\u00daS Matos","date":"15 de octubre de 2023","format":false,"excerpt":"San Juan.- La plataforma musical Spotify inform\u00f3 este s\u00e1bado de que el nuevo y s\u00e9ptimo \u00e1lbum, \u00abNadie sabe lo que va a pasar ma\u00f1ana\u00bb que el artista urbano puertorrique\u00f1o Bad Bunny lanz\u00f3 el viernes, se convirti\u00f3 en el \u00e1lbum m\u00e1s reproducido en un solo d\u00eda en 2023. \u00abEl 13 de\u2026","rel":"","context":"En \u00abENTRETENIMIENTO\u00bb","block_context":{"text":"ENTRETENIMIENTO","link":"https:\/\/lasprimeras.com.do\/index.php\/category\/entretenimiento\/"},"img":{"alt_text":"","src":"https:\/\/i0.wp.com\/lasprimeras.com.do\/wp-content\/uploads\/2023\/10\/WhatsApp-Image-2023-10-14-at-10.00.32-PM-1.webp?resize=350%2C200&ssl=1","width":350,"height":200,"srcset":"https:\/\/i0.wp.com\/lasprimeras.com.do\/wp-content\/uploads\/2023\/10\/WhatsApp-Image-2023-10-14-at-10.00.32-PM-1.webp?resize=350%2C200&ssl=1 1x, https:\/\/i0.wp.com\/lasprimeras.com.do\/wp-content\/uploads\/2023\/10\/WhatsApp-Image-2023-10-14-at-10.00.32-PM-1.webp?resize=525%2C300&ssl=1 1.5x, https:\/\/i0.wp.com\/lasprimeras.com.do\/wp-content\/uploads\/2023\/10\/WhatsApp-Image-2023-10-14-at-10.00.32-PM-1.webp?resize=700%2C400&ssl=1 2x, https:\/\/i0.wp.com\/lasprimeras.com.do\/wp-content\/uploads\/2023\/10\/WhatsApp-Image-2023-10-14-at-10.00.32-PM-1.webp?resize=1050%2C600&ssl=1 3x"},"classes":[]},{"id":68534,"url":"https:\/\/lasprimeras.com.do\/index.php\/2023\/11\/25\/myke-towers-lanza-su-nuevo-album-lveu-vive-la-tuya-no-la-mia\/","url_meta":{"origin":115278,"position":4},"title":"Myke Towers lanza su nuevo \u00e1lbum \u2018LVEU- Vive la tuya\u2026 no la m\u00eda\u2019","author":"BIMARY DE JES\u00daS Matos","date":"25 de noviembre de 2023","format":false,"excerpt":"Santo Domingo.-El cantante urbano puertorrique\u00f1o Myke Towers presenta su nuevo \u00e1lbum, \u2018LVEU: Vive la tuya\u2026 no la m\u00eda\u2019, que con 23 temas sirve de continuaci\u00f3n de otro disco publicado este mismo a\u00f1o y mezcla varias de las facetas del artista. El \u00e1lbum cuenta con 22 canciones in\u00e9ditas m\u00e1s el \u00e9xito\u2026","rel":"","context":"En \u00abENTRETENIMIENTO\u00bb","block_context":{"text":"ENTRETENIMIENTO","link":"https:\/\/lasprimeras.com.do\/index.php\/category\/entretenimiento\/"},"img":{"alt_text":"","src":"https:\/\/i0.wp.com\/lasprimeras.com.do\/wp-content\/uploads\/2023\/11\/WhatsApp-Image-2023-11-24-at-1.48.00-PM-7.jpeg?resize=350%2C200&ssl=1","width":350,"height":200,"srcset":"https:\/\/i0.wp.com\/lasprimeras.com.do\/wp-content\/uploads\/2023\/11\/WhatsApp-Image-2023-11-24-at-1.48.00-PM-7.jpeg?resize=350%2C200&ssl=1 1x, https:\/\/i0.wp.com\/lasprimeras.com.do\/wp-content\/uploads\/2023\/11\/WhatsApp-Image-2023-11-24-at-1.48.00-PM-7.jpeg?resize=525%2C300&ssl=1 1.5x"},"classes":[]},{"id":65386,"url":"https:\/\/lasprimeras.com.do\/index.php\/2023\/10\/27\/jay-wheeler-se-atreve-con-el-trap-en-su-nuevo-album-pero-sin-dejar-atras-su-esencia-romantica\/","url_meta":{"origin":115278,"position":5},"title":"Jay Wheeler se atreve con el trap en su nuevo \u00e1lbum, pero sin dejar atr\u00e1s su &#8220;esencia romantica&#8221;","author":"BIMARY DE JES\u00daS Matos","date":"27 de octubre de 2023","format":false,"excerpt":"Santo Domingo.-El artista urbano puertorrique\u00f1o Jay Wheeler presenta este viernes su nuevo \u00e1lbum, \u00abTRAPPii\u00bb, que muestra su vers\u00e1til estilo musical al combinar baladas rom\u00e1nticas con trap latino. El disco, que consta de 12 canciones y ya est\u00e1 disponible en las plataformas digitales, incluye \u00e9xitos como \u00abPacto Remix\u00bb, \u00abGangsta Luv\u00bb, \u00abRepeat\u00bb\u2026","rel":"","context":"En \u00abENTRETENIMIENTO\u00bb","block_context":{"text":"ENTRETENIMIENTO","link":"https:\/\/lasprimeras.com.do\/index.php\/category\/entretenimiento\/"},"img":{"alt_text":"","src":"","width":0,"height":0},"classes":[]}],"jetpack_sharing_enabled":true,"_links":{"self":[{"href":"https:\/\/lasprimeras.com.do\/index.php\/wp-json\/wp\/v2\/posts\/115278","targetHints":{"allow":["GET"]}}],"collection":[{"href":"https:\/\/lasprimeras.com.do\/index.php\/wp-json\/wp\/v2\/posts"}],"about":[{"href":"https:\/\/lasprimeras.com.do\/index.php\/wp-json\/wp\/v2\/types\/post"}],"author":[{"embeddable":true,"href":"https:\/\/lasprimeras.com.do\/index.php\/wp-json\/wp\/v2\/users\/10"}],"replies":[{"embeddable":true,"href":"https:\/\/lasprimeras.com.do\/index.php\/wp-json\/wp\/v2\/comments?post=115278"}],"version-history":[{"count":1,"href":"https:\/\/lasprimeras.com.do\/index.php\/wp-json\/wp\/v2\/posts\/115278\/revisions"}],"predecessor-version":[{"id":115280,"href":"https:\/\/lasprimeras.com.do\/index.php\/wp-json\/wp\/v2\/posts\/115278\/revisions\/115280"}],"wp:featuredmedia":[{"embeddable":true,"href":"https:\/\/lasprimeras.com.do\/index.php\/wp-json\/wp\/v2\/media\/115279"}],"wp:attachment":[{"href":"https:\/\/lasprimeras.com.do\/index.php\/wp-json\/wp\/v2\/media?parent=115278"}],"wp:term":[{"taxonomy":"category","embeddable":true,"href":"https:\/\/lasprimeras.com.do\/index.php\/wp-json\/wp\/v2\/categories?post=115278"},{"taxonomy":"post_tag","embeddable":true,"href":"https:\/\/lasprimeras.com.do\/index.php\/wp-json\/wp\/v2\/tags?post=115278"}],"curies":[{"name":"wp","href":"https:\/\/api.w.org\/{rel}","templated":true}]}}