{"id":115281,"date":"2025-11-17T11:40:36","date_gmt":"2025-11-17T15:40:36","guid":{"rendered":"https:\/\/lasprimeras.com.do\/?p=115281"},"modified":"2025-11-20T11:46:04","modified_gmt":"2025-11-20T15:46:04","slug":"transporte-ny-presenta-rewind-nueva-campana-para-reducir-conduccion-peligrosa","status":"publish","type":"post","link":"https:\/\/lasprimeras.com.do\/index.php\/2025\/11\/17\/transporte-ny-presenta-rewind-nueva-campana-para-reducir-conduccion-peligrosa\/","title":{"rendered":"Transporte NY presenta \u201cRewind\u201d nueva campa\u00f1a para reducir conducci\u00f3n peligrosa"},"content":{"rendered":"\n<p><strong>La campa\u00f1a, con una inversi\u00f3n inicial de $3 millones, se enfoca en el exceso de velocidad, pasar sem\u00e1foros en rojo y la seguridad de los peatones, con anuncios en 12 idiomas y en m\u00faltiples plataformas de comunicaci\u00f3n.<\/strong><\/p>\n\n\n\n<p><strong>NUEVA YORK \u2013 <\/strong>El Departamento de Transporte de la Ciudad de Nueva York (NYC DOT) present\u00f3 hoy \u201cRewind\u201d, una nueva campa\u00f1a p\u00fablica de Visi\u00f3n Cero dise\u00f1ada para frenar comportamientos peligrosos al volante. La iniciativa, multiling\u00fce y multiplataforma, destaca el mensaje central: \u201cUna decisi\u00f3n lo cambia todo. No puedes rebobinar un choque.\u201d<\/p>\n\n\n\n<p>Los anuncios muestran escenas donde un conductor toma una decisi\u00f3n riesgosa \u2014como acelerar o pasar un sem\u00e1foro en rojo\u2014 que termina en tragedia, para luego \u201crebobinar\u201d la secuencia y recordar que, en la vida real, no existe la posibilidad de volver atr\u00e1s.<\/p>\n\n\n\n<p>\u201cEl objetivo es simple y urgente: recordar que un solo acto imprudente puede tener consecuencias irreversibles,\u201d afirm\u00f3 el comisionado Ydanis Rodr\u00edguez. \u201cQueremos que los neoyorquinos vean el impacto real de la conducci\u00f3n peligrosa y tomen decisiones m\u00e1s seguras antes de que ocurra un choque.\u201d<\/p>\n\n\n\n<p><strong>UNA CAMPA\u00d1A DIRIGIDA A QUIENES M\u00c1S LO NECESITAN<\/strong><\/p>\n\n\n\n<p>Con una inversi\u00f3n inicial de $3 millones, la campa\u00f1a busca llegar a nuevas audiencias, incluyendo grupos demogr\u00e1ficos m\u00e1s dif\u00edciles de alcanzar.<\/p>\n\n\n\n<p>Seg\u00fan la NHTSA, los hombres tienen 37% m\u00e1s probabilidad que las mujeres de estar involucrados en choques graves, por lo que este grupo ser\u00e1 un enfoque clave.<\/p>\n\n\n\n<p>Los anuncios se transmitir\u00e1n en televisi\u00f3n, radio, prensa, plataformas digitales, streaming, y se exhibir\u00e1n en lugares de alto tr\u00e1fico como Madison Square Garden, Barclays Center, autobuses y paradas de la MTA, vallas publicitarias, kioscos LinkNYC y estaciones de gasolina.<\/p>\n\n\n\n<p>Tambi\u00e9n se distribuir\u00e1 material impreso en eventos comunitarios y actividades educativas del NYC DOT.<\/p>\n\n\n\n<p>El contenido estar\u00e1 disponible en 12 idiomas, incluidos espa\u00f1ol, \u00e1rabe, chino, ruso, urdu, coreano y yidis.<\/p>\n\n\n\n<p><strong>MOMENTO CR\u00cdTICO PARA LA SEGURIDAD VIAL<\/strong><\/p>\n\n\n\n<p>La campa\u00f1a se lanza en un contexto donde las muertes de tr\u00e1nsito en la ciudad se encuentran cerca de niveles hist\u00f3ricamente bajos. En los primeros nueve meses de 2025, las muertes se redujeron 18% en comparaci\u00f3n con el mismo periodo del a\u00f1o anterior.<\/p>\n\n\n\n<p>La administraci\u00f3n Adams ha ampliado los programas de c\u00e1maras de velocidad y sem\u00e1foros en rojo, y ha implementado cifras r\u00e9cord de nuevos espacios peatonales y ciclov\u00edas protegidas.<\/p>\n\n\n\n<p>El esfuerzo forma parte del presupuesto de $272 millones destinado a Visi\u00f3n Cero para el a\u00f1o fiscal en curso y del plan de capital de $5 mil millones para la pr\u00f3xima d\u00e9cada.<\/p>\n","protected":false},"excerpt":{"rendered":"<p>La campa\u00f1a, con una inversi\u00f3n inicial de $3 millones, se enfoca en el exceso de velocidad, pasar sem\u00e1foros en rojo y la seguridad de los peatones, con anuncios en 12&hellip;<\/p>\n","protected":false},"author":10,"featured_media":115282,"comment_status":"open","ping_status":"open","sticky":false,"template":"","format":"standard","meta":{"content-type":"","jetpack_post_was_ever_published":false,"_jetpack_newsletter_access":"","_jetpack_dont_email_post_to_subs":false,"_jetpack_newsletter_tier_id":0,"_jetpack_memberships_contains_paywalled_content":false,"_jetpack_memberships_contains_paid_content":false,"footnotes":""},"categories":[16289],"tags":[27532,27533,104,6685,1775,27534,27531],"class_list":["post-115281","post","type-post","status-publish","format-standard","has-post-thumbnail","hentry","category-internacionales","tag-conduccion","tag-nueva-campana","tag-nueva-york","tag-peligrosa","tag-reducir","tag-rewind","tag-transporte-ny"],"jetpack_featured_media_url":"https:\/\/lasprimeras.com.do\/wp-content\/uploads\/2025\/11\/Transporte.jpg","jetpack-related-posts":[{"id":114911,"url":"https:\/\/lasprimeras.com.do\/index.php\/2025\/11\/18\/dot-nyc-inicia-campana-para-mejorar-seguridad-de-los-peatones\/","url_meta":{"origin":115281,"position":0},"title":"DOT-NYC inicia campa\u00f1a para mejorar seguridad de los peatones","author":"Nelson Feliz","date":"18 de noviembre de 2025","format":false,"excerpt":"Por Ram\u00f3n Mercedes NUEVA YORK.- El comisionado del Departamento de Transporte de esta Ciudad (DOT-NYC), Ydanis Rodr\u00edguez, anunci\u00f3 este lunes el lanzamiento de la \u00faltima campa\u00f1a publicitaria de Visi\u00f3n Cero, cuyo objetivo es ayudar a frenar la conducci\u00f3n temeraria peligrosa en los cinco condados, para mejorar la seguridad de los\u2026","rel":"","context":"En \u00abLA VOZ DE LA DIASPORA\u00bb","block_context":{"text":"LA VOZ DE LA DIASPORA","link":"https:\/\/lasprimeras.com.do\/index.php\/category\/la-voz-de-la-diaspora\/"},"img":{"alt_text":"DOT-NYC inicia campa\u00f1a para mejorar seguridad de los peatones","src":"https:\/\/i0.wp.com\/lasprimeras.com.do\/wp-content\/uploads\/2025\/11\/WhatsApp-Image-2025-11-18-at-6.58.31-AM.jpeg?resize=350%2C200&ssl=1","width":350,"height":200,"srcset":"https:\/\/i0.wp.com\/lasprimeras.com.do\/wp-content\/uploads\/2025\/11\/WhatsApp-Image-2025-11-18-at-6.58.31-AM.jpeg?resize=350%2C200&ssl=1 1x, https:\/\/i0.wp.com\/lasprimeras.com.do\/wp-content\/uploads\/2025\/11\/WhatsApp-Image-2025-11-18-at-6.58.31-AM.jpeg?resize=525%2C300&ssl=1 1.5x, https:\/\/i0.wp.com\/lasprimeras.com.do\/wp-content\/uploads\/2025\/11\/WhatsApp-Image-2025-11-18-at-6.58.31-AM.jpeg?resize=700%2C400&ssl=1 2x"},"classes":[]},{"id":77651,"url":"https:\/\/lasprimeras.com.do\/index.php\/2024\/02\/23\/nueva-york-aboga-por-expansion-del-programa-de-camaras-de-luz-roja\/","url_meta":{"origin":115281,"position":1},"title":"Nueva York aboga por expansi\u00f3n del programa de c\u00e1maras de luz roja","author":"BIMARY DE JES\u00daS Matos","date":"23 de febrero de 2024","format":false,"excerpt":"NUEVA YORK - El Comisionado del Departamento de Transporte de la Ciudad de Nueva York (NYC DOT), Ydanis Rodr\u00edguez, se uni\u00f3 a los defensores y funcionarios electos para abogar por la aprobaci\u00f3n de la legislaci\u00f3n para renovar el programa de c\u00e1maras de luz roja de 30 a\u00f1os de la ciudad\u2026","rel":"","context":"En \u00abSin categor\u00eda\u00bb","block_context":{"text":"Sin categor\u00eda","link":"https:\/\/lasprimeras.com.do\/index.php\/category\/sin-categoria\/"},"img":{"alt_text":"","src":"https:\/\/i0.wp.com\/lasprimeras.com.do\/wp-content\/uploads\/2024\/02\/Camara-para-la-luz-roja-04-.jpg?resize=350%2C200&ssl=1","width":350,"height":200,"srcset":"https:\/\/i0.wp.com\/lasprimeras.com.do\/wp-content\/uploads\/2024\/02\/Camara-para-la-luz-roja-04-.jpg?resize=350%2C200&ssl=1 1x, https:\/\/i0.wp.com\/lasprimeras.com.do\/wp-content\/uploads\/2024\/02\/Camara-para-la-luz-roja-04-.jpg?resize=525%2C300&ssl=1 1.5x, https:\/\/i0.wp.com\/lasprimeras.com.do\/wp-content\/uploads\/2024\/02\/Camara-para-la-luz-roja-04-.jpg?resize=700%2C400&ssl=1 2x"},"classes":[]},{"id":84093,"url":"https:\/\/lasprimeras.com.do\/index.php\/2024\/05\/30\/legisladores-anuncian-156-millones-de-dolares-para-metro-de-ny\/","url_meta":{"origin":115281,"position":2},"title":"Legisladores anuncian\u00a0$ 156 millones de d\u00f3lares para metro de NY","author":"Nelson Feliz","date":"30 de mayo de 2024","format":false,"excerpt":"Por \u00a0Aquiles Rojas NUEVA YORK. - Los legisladores ante la C\u00e1mara de Representantes de los Estados Unidos Adriano Espaillat, del Distrito 13 y\u00a0 Ritchie Torres, del Distrito 15, realizaron una conferencia de prensa done\u00a0 anunciaron el financiamiento federal de $ 156 millones de d\u00f3lares asegurada para garantizar la accesibilidad de\u2026","rel":"","context":"En \u00abECONOM\u00cdA\u00bb","block_context":{"text":"ECONOM\u00cdA","link":"https:\/\/lasprimeras.com.do\/index.php\/category\/economia\/"},"img":{"alt_text":"Legisladores NY","src":"https:\/\/i0.wp.com\/lasprimeras.com.do\/wp-content\/uploads\/2024\/05\/Legisladores-NY.jpg?resize=350%2C200&ssl=1","width":350,"height":200,"srcset":"https:\/\/i0.wp.com\/lasprimeras.com.do\/wp-content\/uploads\/2024\/05\/Legisladores-NY.jpg?resize=350%2C200&ssl=1 1x, https:\/\/i0.wp.com\/lasprimeras.com.do\/wp-content\/uploads\/2024\/05\/Legisladores-NY.jpg?resize=525%2C300&ssl=1 1.5x, https:\/\/i0.wp.com\/lasprimeras.com.do\/wp-content\/uploads\/2024\/05\/Legisladores-NY.jpg?resize=700%2C400&ssl=1 2x"},"classes":[]},{"id":54278,"url":"https:\/\/lasprimeras.com.do\/index.php\/2023\/07\/09\/el-pld-se-moviliza-este-domingo-en-ny\/","url_meta":{"origin":115281,"position":3},"title":"El PLD se moviliza este domingo en NY","author":"Nelson Feliz","date":"9 de julio de 2023","format":false,"excerpt":"Inspirado en la Marcha de la Esperanza el PLD en la Circunscripci\u00f3n Uno del Exterior organiza en Nueva York la exitosa \u201cCaravana de la Esperanza\u201d Siguiendo la l\u00ednea de movilizaci\u00f3n decretada por el Partido de la Liberaci\u00f3n Dominicana (PLD) con la Marcha de la Esperanza en el Distrito Nacional, la\u2026","rel":"","context":"En \u00abPORTADA\u00bb","block_context":{"text":"PORTADA","link":"https:\/\/lasprimeras.com.do\/index.php\/category\/portada\/"},"img":{"alt_text":"PLD en NY","src":"https:\/\/i0.wp.com\/lasprimeras.com.do\/wp-content\/uploads\/2023\/07\/PLD-en-NY.jpg?resize=350%2C200&ssl=1","width":350,"height":200,"srcset":"https:\/\/i0.wp.com\/lasprimeras.com.do\/wp-content\/uploads\/2023\/07\/PLD-en-NY.jpg?resize=350%2C200&ssl=1 1x, https:\/\/i0.wp.com\/lasprimeras.com.do\/wp-content\/uploads\/2023\/07\/PLD-en-NY.jpg?resize=525%2C300&ssl=1 1.5x, https:\/\/i0.wp.com\/lasprimeras.com.do\/wp-content\/uploads\/2023\/07\/PLD-en-NY.jpg?resize=700%2C400&ssl=1 2x"},"classes":[]},{"id":89877,"url":"https:\/\/lasprimeras.com.do\/index.php\/2024\/10\/06\/presidente-cntu-propone-al-intrant-sincronizar-semaforos-para-reducir-entaponamientos\/","url_meta":{"origin":115281,"position":4},"title":"Presidente CNTU propone al Intrant sincronizar sem\u00e1foros para reducir entaponamientos","author":"Nelson Feliz","date":"6 de octubre de 2024","format":false,"excerpt":"El presidente de la Central Nacional de Transportistas Unificados (CNTU), William P\u00e9rez Figuereo, propuso\u00a0HOY\u00a0al director del Instituto Nacional de Tr\u00e1nsito y Transporte (Intrant), ingeniero Milton Morrison, que se hace necesario la sincronizaci\u00f3n de los sem\u00e1foros con el objetivo de contrarrestar el problema y salvaguardar la integridad de la poblaci\u00f3n. P\u00e9rez\u2026","rel":"","context":"En \u00abNACIONALES\u00bb","block_context":{"text":"NACIONALES","link":"https:\/\/lasprimeras.com.do\/index.php\/category\/nacionales\/"},"img":{"alt_text":"William P\u00e9rez Figuereo","src":"https:\/\/i0.wp.com\/lasprimeras.com.do\/wp-content\/uploads\/2024\/10\/William-Perez-Figuereo-1.jpg?resize=350%2C200&ssl=1","width":350,"height":200,"srcset":"https:\/\/i0.wp.com\/lasprimeras.com.do\/wp-content\/uploads\/2024\/10\/William-Perez-Figuereo-1.jpg?resize=350%2C200&ssl=1 1x, https:\/\/i0.wp.com\/lasprimeras.com.do\/wp-content\/uploads\/2024\/10\/William-Perez-Figuereo-1.jpg?resize=525%2C300&ssl=1 1.5x, https:\/\/i0.wp.com\/lasprimeras.com.do\/wp-content\/uploads\/2024\/10\/William-Perez-Figuereo-1.jpg?resize=700%2C400&ssl=1 2x"},"classes":[]},{"id":94072,"url":"https:\/\/lasprimeras.com.do\/index.php\/2025\/02\/25\/padre-dominicano-murio-en-accidente-naviero-en-nueva-york-suspenden-busqueda-de-4ta-victima\/","url_meta":{"origin":115281,"position":5},"title":"Padre dominicano muri\u00f3 en accidente naviero en Nueva York; suspenden b\u00fasqueda de 4ta v\u00edctima","author":"Nelson Feliz","date":"25 de febrero de 2025","format":false,"excerpt":"La Guardia Costera suspendi\u00f3 la b\u00fasqueda de la 4ta v\u00edctima mortal de un accidente de barco de pesca en NYC. Otro de los fallecidos fue un padre dominicano. Por El Diario NY La Guardia Costera suspendi\u00f3 anoche la b\u00fasqueda de Vernon Glasford, hombre de 52 a\u00f1os identificado como la \u00faltima\u2026","rel":"","context":"En \u00abINTERNACIONALES\u00bb","block_context":{"text":"INTERNACIONALES","link":"https:\/\/lasprimeras.com.do\/index.php\/category\/sin-categoria\/internacionales\/"},"img":{"alt_text":"","src":"https:\/\/i0.wp.com\/lasprimeras.com.do\/wp-content\/uploads\/2025\/02\/NY.png?resize=350%2C200&ssl=1","width":350,"height":200,"srcset":"https:\/\/i0.wp.com\/lasprimeras.com.do\/wp-content\/uploads\/2025\/02\/NY.png?resize=350%2C200&ssl=1 1x, https:\/\/i0.wp.com\/lasprimeras.com.do\/wp-content\/uploads\/2025\/02\/NY.png?resize=525%2C300&ssl=1 1.5x, https:\/\/i0.wp.com\/lasprimeras.com.do\/wp-content\/uploads\/2025\/02\/NY.png?resize=700%2C400&ssl=1 2x"},"classes":[]}],"jetpack_sharing_enabled":true,"_links":{"self":[{"href":"https:\/\/lasprimeras.com.do\/index.php\/wp-json\/wp\/v2\/posts\/115281","targetHints":{"allow":["GET"]}}],"collection":[{"href":"https:\/\/lasprimeras.com.do\/index.php\/wp-json\/wp\/v2\/posts"}],"about":[{"href":"https:\/\/lasprimeras.com.do\/index.php\/wp-json\/wp\/v2\/types\/post"}],"author":[{"embeddable":true,"href":"https:\/\/lasprimeras.com.do\/index.php\/wp-json\/wp\/v2\/users\/10"}],"replies":[{"embeddable":true,"href":"https:\/\/lasprimeras.com.do\/index.php\/wp-json\/wp\/v2\/comments?post=115281"}],"version-history":[{"count":1,"href":"https:\/\/lasprimeras.com.do\/index.php\/wp-json\/wp\/v2\/posts\/115281\/revisions"}],"predecessor-version":[{"id":115283,"href":"https:\/\/lasprimeras.com.do\/index.php\/wp-json\/wp\/v2\/posts\/115281\/revisions\/115283"}],"wp:featuredmedia":[{"embeddable":true,"href":"https:\/\/lasprimeras.com.do\/index.php\/wp-json\/wp\/v2\/media\/115282"}],"wp:attachment":[{"href":"https:\/\/lasprimeras.com.do\/index.php\/wp-json\/wp\/v2\/media?parent=115281"}],"wp:term":[{"taxonomy":"category","embeddable":true,"href":"https:\/\/lasprimeras.com.do\/index.php\/wp-json\/wp\/v2\/categories?post=115281"},{"taxonomy":"post_tag","embeddable":true,"href":"https:\/\/lasprimeras.com.do\/index.php\/wp-json\/wp\/v2\/tags?post=115281"}],"curies":[{"name":"wp","href":"https:\/\/api.w.org\/{rel}","templated":true}]}}