{"id":115294,"date":"2025-11-20T19:10:20","date_gmt":"2025-11-20T23:10:20","guid":{"rendered":"https:\/\/lasprimeras.com.do\/?p=115294"},"modified":"2025-11-20T19:10:23","modified_gmt":"2025-11-20T23:10:23","slug":"presidente-de-fenacodep-dice-comerciantes-detallistas-que-atraviesan-por-grave-crisis","status":"publish","type":"post","link":"https:\/\/lasprimeras.com.do\/index.php\/2025\/11\/20\/presidente-de-fenacodep-dice-comerciantes-detallistas-que-atraviesan-por-grave-crisis\/","title":{"rendered":"Presidente de FENACODEP dice \u201cComerciantes Detallistas\u201d que atraviesan por grave crisis"},"content":{"rendered":"\n<p>El presidente de la Federaci\u00f3n Nacional de Comerciantes Detallistas de Provisiones (FENACODEP) H\u00e9ctor Julio Nieves, afirm\u00f3 que este sector atraviesa por una \u201cgrave crisis\u201d debido a las constantes alzas de precios, los elevados costos del servicio el\u00e9ctrico y La posibilidad de que haya cambios en el C\u00f3digo Laboral.<\/p>\n\n\n\n<p>La entidad, que aglutina a miles de peque\u00f1os comerciantes de todo el pa\u00eds, pidi\u00f3 al Gobierno que conforme una \u201cmesa de trabajo conjunta\u201d para salvar al sector.<\/p>\n\n\n\n<p>H\u00e9ctor Julio Nieves, expres\u00f3 \u201cprofunda preocupaci\u00f3n\u201d ante esta crisis, que -seg\u00fan dijo \u2013 se refleja en el hecho de que son cada vez m\u00e1s reducidos los m\u00e1rgenes de ganancia de los detallistas de provisiones .<\/p>\n\n\n\n<p>\u201cEstamos recibiendo denuncias de todo el pa\u00eds sobre incrementos sostenidos en productos b\u00e1sicos. Por ejemplo: el caldo de pollo ha aumentado alrededor de un 25%, el arenque y el bacalao contin\u00faan subiendo de precio, al igual que las carnes de pollo y res, las grasas comestibles, el caf\u00e9 y diversos productos agr\u00edcolas como el pl\u00e1tano, la lechuga, el tomate y los aj\u00edes\u201d, explic\u00f3 el presidente de FENACODEP.<\/p>\n\n\n\n<p>Dijo que estos aumentos est\u00e1n golpeando tanto al consumidor como al peque\u00f1o comerciante, que se ve obligado a absorber parte de los incrementos para no perder clientela, afectando su rentabilidad y sostenibilidad.<\/p>\n","protected":false},"excerpt":{"rendered":"<p>El presidente de la Federaci\u00f3n Nacional de Comerciantes Detallistas de Provisiones (FENACODEP) H\u00e9ctor Julio Nieves, afirm\u00f3 que este sector atraviesa por una \u201cgrave crisis\u201d debido a las constantes alzas de&hellip;<\/p>\n","protected":false},"author":10,"featured_media":115295,"comment_status":"open","ping_status":"open","sticky":false,"template":"","format":"standard","meta":{"content-type":"","jetpack_post_was_ever_published":false,"_jetpack_newsletter_access":"","_jetpack_dont_email_post_to_subs":false,"_jetpack_newsletter_tier_id":0,"_jetpack_memberships_contains_paywalled_content":false,"_jetpack_memberships_contains_paid_content":false,"footnotes":""},"categories":[39],"tags":[27540,1449,7775,27538,27539],"class_list":["post-115294","post","type-post","status-publish","format-standard","has-post-thumbnail","hentry","category-economia","tag-atraviesan","tag-comerciantes","tag-detallistas","tag-fenacodep","tag-hector-julio-nieves"],"jetpack_featured_media_url":"https:\/\/lasprimeras.com.do\/wp-content\/uploads\/2025\/11\/Hector_Julio_Nieves-removebg-preview.png","jetpack-related-posts":[{"id":89498,"url":"https:\/\/lasprimeras.com.do\/index.php\/2024\/09\/26\/comerciantes-advierten-sobre-el-impacto-de-la-reforma-fiscal-en-pequenas-empresas\/","url_meta":{"origin":115294,"position":0},"title":"Comerciantes advierten sobre el impacto de la reforma fiscal en peque\u00f1as empresas","author":"Paola Castillo","date":"26 de septiembre de 2024","format":false,"excerpt":"La Federaci\u00f3n Nacional de Comerciantes Detallistas de Provisiones (Fenacodep) ha expresado su preocupaci\u00f3n por el posible impacto que la pr\u00f3xima reforma fiscal podr\u00eda tener en los peque\u00f1os comerciantes de la Rep\u00fablica Dominicana, especialmente en relaci\u00f3n con el aumento de impuestos sobre productos claves como las bebidas alcoh\u00f3licas. Seg\u00fan Fenacodep, un\u2026","rel":"","context":"En \u00abNACIONALES\u00bb","block_context":{"text":"NACIONALES","link":"https:\/\/lasprimeras.com.do\/index.php\/category\/nacionales\/"},"img":{"alt_text":"","src":"https:\/\/i0.wp.com\/lasprimeras.com.do\/wp-content\/uploads\/2024\/09\/comerciantes.jpg?resize=350%2C200&ssl=1","width":350,"height":200,"srcset":"https:\/\/i0.wp.com\/lasprimeras.com.do\/wp-content\/uploads\/2024\/09\/comerciantes.jpg?resize=350%2C200&ssl=1 1x, https:\/\/i0.wp.com\/lasprimeras.com.do\/wp-content\/uploads\/2024\/09\/comerciantes.jpg?resize=525%2C300&ssl=1 1.5x, https:\/\/i0.wp.com\/lasprimeras.com.do\/wp-content\/uploads\/2024\/09\/comerciantes.jpg?resize=700%2C400&ssl=1 2x"},"classes":[]},{"id":61112,"url":"https:\/\/lasprimeras.com.do\/index.php\/2023\/09\/22\/comerciantes-detallistas-denuncian-los-problemas-del-sector-en-esperanza\/","url_meta":{"origin":115294,"position":1},"title":"Comerciantes Detallistas denuncian los problemas del sector en Esperanza","author":"Nelson Feliz","date":"22 de septiembre de 2023","format":false,"excerpt":"El Bloque Norte Noroeste de la Federacion Nacional de Comerciantes Detallistas en Provisiones, -FENACODEP-, se reunio en el municipio de Esperanza con el objetivo de auditar los principales problems del sector para ser discutidos en el proximo Mini Congreso que se celebrara este domingo 24 de septiembre en Navarrete. Detallistas\u2026","rel":"","context":"En \u00abECONOM\u00cdA\u00bb","block_context":{"text":"ECONOM\u00cdA","link":"https:\/\/lasprimeras.com.do\/index.php\/category\/economia\/"},"img":{"alt_text":"Comerciantes","src":"https:\/\/i0.wp.com\/lasprimeras.com.do\/wp-content\/uploads\/2023\/09\/Comerciantes.jpg?resize=350%2C200&ssl=1","width":350,"height":200,"srcset":"https:\/\/i0.wp.com\/lasprimeras.com.do\/wp-content\/uploads\/2023\/09\/Comerciantes.jpg?resize=350%2C200&ssl=1 1x, https:\/\/i0.wp.com\/lasprimeras.com.do\/wp-content\/uploads\/2023\/09\/Comerciantes.jpg?resize=525%2C300&ssl=1 1.5x, https:\/\/i0.wp.com\/lasprimeras.com.do\/wp-content\/uploads\/2023\/09\/Comerciantes.jpg?resize=700%2C400&ssl=1 2x"},"classes":[]},{"id":70629,"url":"https:\/\/lasprimeras.com.do\/index.php\/2023\/12\/12\/se-escucha-un-clamor-leonel-presidente-para-volver-a-comer-barato-aseguran-comerciantes\/","url_meta":{"origin":115294,"position":2},"title":"\u201cSe escucha un clamor, Leonel presidente, para volver a comer barato\u201d, aseguran comerciantes","author":"Nelson Feliz","date":"12 de diciembre de 2023","format":false,"excerpt":"El presidente de la Confederaci\u00f3n del Comercio de Provisiones y Pymes de RD, Gilberto Luna, dijo que hablando con sus clientes, \u201cen los colmados, los supermercados, almacenes, en las surtidoras, ventorrillos y en las calles, solamente se escucha un clamor; Leonel presidente, para volver a comer barato\u201d. En el acto\u2026","rel":"","context":"En \u00abPORTADA\u00bb","block_context":{"text":"PORTADA","link":"https:\/\/lasprimeras.com.do\/index.php\/category\/portada\/"},"img":{"alt_text":"LEONEL FERNANDEZ","src":"https:\/\/i0.wp.com\/lasprimeras.com.do\/wp-content\/uploads\/2023\/12\/LEONEL-FERNANDEZ-5.jpg?resize=350%2C200&ssl=1","width":350,"height":200,"srcset":"https:\/\/i0.wp.com\/lasprimeras.com.do\/wp-content\/uploads\/2023\/12\/LEONEL-FERNANDEZ-5.jpg?resize=350%2C200&ssl=1 1x, https:\/\/i0.wp.com\/lasprimeras.com.do\/wp-content\/uploads\/2023\/12\/LEONEL-FERNANDEZ-5.jpg?resize=525%2C300&ssl=1 1.5x, https:\/\/i0.wp.com\/lasprimeras.com.do\/wp-content\/uploads\/2023\/12\/LEONEL-FERNANDEZ-5.jpg?resize=700%2C400&ssl=1 2x"},"classes":[]},{"id":63065,"url":"https:\/\/lasprimeras.com.do\/index.php\/2023\/10\/10\/colmaderos-rechazan-imposicion-de-licencia-para-vender-alcohol\/","url_meta":{"origin":115294,"position":3},"title":"Colmaderos rechazan imposici\u00f3n de licencia para vender alcohol","author":"Nelson Feliz","date":"10 de octubre de 2023","format":false,"excerpt":"La Federaci\u00f3n Nacional de Comerciantes Detallistas de Provisiones (Fenacodep) se opone al proyecto de ley que establecer\u00eda una licencia obligatoria para que los colmados, peluquer\u00edas, salones de belleza, clubes nocturnos, bares y otros establecimientos puedan vender bebidas alcoh\u00f3licas. As\u00ed se plante\u00f3 durante el XXIII Congreso Nacional de la organizaci\u00f3n gremial,\u2026","rel":"","context":"En \u00abECONOM\u00cdA\u00bb","block_context":{"text":"ECONOM\u00cdA","link":"https:\/\/lasprimeras.com.do\/index.php\/category\/economia\/"},"img":{"alt_text":"Colmaderos","src":"https:\/\/i0.wp.com\/lasprimeras.com.do\/wp-content\/uploads\/2023\/10\/Colmaderos.jpg?resize=350%2C200&ssl=1","width":350,"height":200,"srcset":"https:\/\/i0.wp.com\/lasprimeras.com.do\/wp-content\/uploads\/2023\/10\/Colmaderos.jpg?resize=350%2C200&ssl=1 1x, https:\/\/i0.wp.com\/lasprimeras.com.do\/wp-content\/uploads\/2023\/10\/Colmaderos.jpg?resize=525%2C300&ssl=1 1.5x"},"classes":[]},{"id":108027,"url":"https:\/\/lasprimeras.com.do\/index.php\/2025\/09\/02\/fp-dice-sector-arrocero-de-rd-atraviesa-crisis-sin-precedentes\/","url_meta":{"origin":115294,"position":4},"title":"FP dice sector arrocero de RD atraviesa crisis sin precedentes","author":"Nelson Feliz","date":"2 de septiembre de 2025","format":false,"excerpt":"El partido Fuerza del Pueblo (FP) denunci\u00f3 este martes que el sector arrocero nacional atraviesa una crisis sin precedentes que amenaza la seguridad alimentaria y la estabilidad social del pa\u00eds, por lo que pidi\u00f3 que sea declarado en emergencia. La organizaci\u00f3n responsabiliz\u00f3 al Gobierno de la situaci\u00f3n, \u00abproducto de las\u2026","rel":"","context":"En \u00abPOLITICA\u00bb","block_context":{"text":"POLITICA","link":"https:\/\/lasprimeras.com.do\/index.php\/category\/politica\/"},"img":{"alt_text":"","src":"https:\/\/i0.wp.com\/lasprimeras.com.do\/wp-content\/uploads\/2025\/09\/sector-arrocero.jpg?resize=350%2C200&ssl=1","width":350,"height":200,"srcset":"https:\/\/i0.wp.com\/lasprimeras.com.do\/wp-content\/uploads\/2025\/09\/sector-arrocero.jpg?resize=350%2C200&ssl=1 1x, https:\/\/i0.wp.com\/lasprimeras.com.do\/wp-content\/uploads\/2025\/09\/sector-arrocero.jpg?resize=525%2C300&ssl=1 1.5x, https:\/\/i0.wp.com\/lasprimeras.com.do\/wp-content\/uploads\/2025\/09\/sector-arrocero.jpg?resize=700%2C400&ssl=1 2x"},"classes":[]},{"id":97689,"url":"https:\/\/lasprimeras.com.do\/index.php\/2025\/04\/25\/comercio-en-provisiones-alerta-sobre-competencia-desleal-de-tiendas-de-origen-chino\/","url_meta":{"origin":115294,"position":5},"title":"Comercio en Provisiones alerta sobre competencia desleal de tiendas de origen chino","author":"Nelson Feliz","date":"25 de abril de 2025","format":false,"excerpt":"El CNCP reuni\u00f3 comerciantes del sur para anunciar la feria Expo Provisiones 2025. El Consejo Nacional del Comercio en Provisiones (CNCP) manifest\u00f3 su preocupaci\u00f3n ante el crecimiento desproporcionado de tiendas de origen chino que, en muchos casos, operan bajo pr\u00e1cticas de competencia desleal. \u201cNos preocupa profundamente el desequilibrio que esta\u2026","rel":"","context":"En \u00abECONOM\u00cdA\u00bb","block_context":{"text":"ECONOM\u00cdA","link":"https:\/\/lasprimeras.com.do\/index.php\/category\/economia\/"},"img":{"alt_text":"","src":"https:\/\/i0.wp.com\/lasprimeras.com.do\/wp-content\/uploads\/2025\/04\/Comercio-1.jpg?resize=350%2C200&ssl=1","width":350,"height":200,"srcset":"https:\/\/i0.wp.com\/lasprimeras.com.do\/wp-content\/uploads\/2025\/04\/Comercio-1.jpg?resize=350%2C200&ssl=1 1x, https:\/\/i0.wp.com\/lasprimeras.com.do\/wp-content\/uploads\/2025\/04\/Comercio-1.jpg?resize=525%2C300&ssl=1 1.5x, https:\/\/i0.wp.com\/lasprimeras.com.do\/wp-content\/uploads\/2025\/04\/Comercio-1.jpg?resize=700%2C400&ssl=1 2x"},"classes":[]}],"jetpack_sharing_enabled":true,"_links":{"self":[{"href":"https:\/\/lasprimeras.com.do\/index.php\/wp-json\/wp\/v2\/posts\/115294","targetHints":{"allow":["GET"]}}],"collection":[{"href":"https:\/\/lasprimeras.com.do\/index.php\/wp-json\/wp\/v2\/posts"}],"about":[{"href":"https:\/\/lasprimeras.com.do\/index.php\/wp-json\/wp\/v2\/types\/post"}],"author":[{"embeddable":true,"href":"https:\/\/lasprimeras.com.do\/index.php\/wp-json\/wp\/v2\/users\/10"}],"replies":[{"embeddable":true,"href":"https:\/\/lasprimeras.com.do\/index.php\/wp-json\/wp\/v2\/comments?post=115294"}],"version-history":[{"count":2,"href":"https:\/\/lasprimeras.com.do\/index.php\/wp-json\/wp\/v2\/posts\/115294\/revisions"}],"predecessor-version":[{"id":115297,"href":"https:\/\/lasprimeras.com.do\/index.php\/wp-json\/wp\/v2\/posts\/115294\/revisions\/115297"}],"wp:featuredmedia":[{"embeddable":true,"href":"https:\/\/lasprimeras.com.do\/index.php\/wp-json\/wp\/v2\/media\/115295"}],"wp:attachment":[{"href":"https:\/\/lasprimeras.com.do\/index.php\/wp-json\/wp\/v2\/media?parent=115294"}],"wp:term":[{"taxonomy":"category","embeddable":true,"href":"https:\/\/lasprimeras.com.do\/index.php\/wp-json\/wp\/v2\/categories?post=115294"},{"taxonomy":"post_tag","embeddable":true,"href":"https:\/\/lasprimeras.com.do\/index.php\/wp-json\/wp\/v2\/tags?post=115294"}],"curies":[{"name":"wp","href":"https:\/\/api.w.org\/{rel}","templated":true}]}}