{"id":115324,"date":"2025-11-20T20:24:59","date_gmt":"2025-11-21T00:24:59","guid":{"rendered":"https:\/\/lasprimeras.com.do\/?p=115324"},"modified":"2025-11-20T20:25:01","modified_gmt":"2025-11-21T00:25:01","slug":"prodominicana-reconoce-a-tabacalera-el-artista-por-su-liderazgo-en-la-exportacion","status":"publish","type":"post","link":"https:\/\/lasprimeras.com.do\/index.php\/2025\/11\/20\/prodominicana-reconoce-a-tabacalera-el-artista-por-su-liderazgo-en-la-exportacion\/","title":{"rendered":"ProDominicana reconoce a Tabacalera El Artista por su liderazgo en la exportaci\u00f3n"},"content":{"rendered":"\n<p>ProDominicana distingui\u00f3 a Tabacalera El Artista como una de las empresas lideradas por mujeres que han marcado huella firme en la internacionalizaci\u00f3n de la oferta exportable del pa\u00eds.<\/p>\n\n\n\n<p>El galard\u00f3n, recibido por la Gerente General de la empresa, Elba Rodr\u00edguez, brill\u00f3 como testimonio de una trayectoria que ha sabido convertir la hoja del tabaco en estandarte econ\u00f3mico y orgullo nacional.<\/p>\n\n\n\n<p>El reconocimiento, otorgado \u201cPor la Internacionalizaci\u00f3n de sus Productos\u201d, tuvo lugar durante el Sexto Encuentro Nacional de Mujeres Exportadoras, donde la vicepresidenta de la Rep\u00fablica, Raquel Pe\u00f1a, entreg\u00f3 personalmente la distinci\u00f3n, gesto que sell\u00f3 la importancia del liderazgo femenino en el comercio exterior dominicano.<\/p>\n\n\n\n<p>Durante el acto inaugural, la vicemandataria destac\u00f3 que las mujeres empresarias son \u201cmotor de innovaci\u00f3n, generadoras de empleo y embajadoras de la calidad dominicana en el mundo\u201d.<\/p>\n","protected":false},"excerpt":{"rendered":"<p>ProDominicana distingui\u00f3 a Tabacalera El Artista como una de las empresas lideradas por mujeres que han marcado huella firme en la internacionalizaci\u00f3n de la oferta exportable del pa\u00eds. El galard\u00f3n,&hellip;<\/p>\n","protected":false},"author":10,"featured_media":115325,"comment_status":"open","ping_status":"open","sticky":false,"template":"","format":"standard","meta":{"content-type":"","jetpack_post_was_ever_published":false,"_jetpack_newsletter_access":"","_jetpack_dont_email_post_to_subs":false,"_jetpack_newsletter_tier_id":0,"_jetpack_memberships_contains_paywalled_content":false,"_jetpack_memberships_contains_paid_content":false,"footnotes":""},"categories":[39],"tags":[752],"class_list":["post-115324","post","type-post","status-publish","format-standard","has-post-thumbnail","hentry","category-economia","tag-prodominicana"],"jetpack_featured_media_url":"https:\/\/lasprimeras.com.do\/wp-content\/uploads\/2025\/11\/Elba-Rodriguez.png","jetpack-related-posts":[{"id":115168,"url":"https:\/\/lasprimeras.com.do\/index.php\/2025\/11\/19\/prodominicana-presenta-6ta-edicion-del-estudio-mujeres-en-exportacion-2025-destacandose-un-26-de-crecimiento\/","url_meta":{"origin":115324,"position":0},"title":"ProDominicana presenta 6ta edici\u00f3n del estudio \u201cMujeres en Exportaci\u00f3n 2025\u201d destac\u00e1ndose un 26% de crecimiento","author":"Nelson Feliz","date":"19 de noviembre de 2025","format":false,"excerpt":"En el marco de la presentaci\u00f3n de los avances hist\u00f3ricos del liderazgo femenino se reconocieron empresas ejemplares lideradas por mujeres Con la presencia de la vicepresidenta de la Rep\u00fablica Dominicana, Raquel Pe\u00f1a; el ministro de Industria, Comercio y Mipymes, V\u00edctor Bison\u00f3; y la directora ejecutiva del Centro de Exportaci\u00f3n e\u2026","rel":"","context":"En \u00abECONOM\u00cdA\u00bb","block_context":{"text":"ECONOM\u00cdA","link":"https:\/\/lasprimeras.com.do\/index.php\/category\/economia\/"},"img":{"alt_text":"","src":"https:\/\/i0.wp.com\/lasprimeras.com.do\/wp-content\/uploads\/2025\/11\/prodominicana-1.jpg?resize=350%2C200&ssl=1","width":350,"height":200,"srcset":"https:\/\/i0.wp.com\/lasprimeras.com.do\/wp-content\/uploads\/2025\/11\/prodominicana-1.jpg?resize=350%2C200&ssl=1 1x, https:\/\/i0.wp.com\/lasprimeras.com.do\/wp-content\/uploads\/2025\/11\/prodominicana-1.jpg?resize=525%2C300&ssl=1 1.5x, https:\/\/i0.wp.com\/lasprimeras.com.do\/wp-content\/uploads\/2025\/11\/prodominicana-1.jpg?resize=700%2C400&ssl=1 2x"},"classes":[]},{"id":73970,"url":"https:\/\/lasprimeras.com.do\/index.php\/2024\/01\/17\/prodominicana-reconoce-innovacion-y-liderazgo-de-las-mujeres-exportadoras-dominicanas\/","url_meta":{"origin":115324,"position":1},"title":"ProDominicana reconoce innovaci\u00f3n y liderazgo de las mujeres exportadoras dominicanas","author":"Nelson Feliz","date":"17 de enero de 2024","format":false,"excerpt":"Durante el encuentro se present\u00f3 la 4ta. edici\u00f3n del estudio \u201cMujeres en Exportaci\u00f3n 2022\u201d. Con la presencia de la primera dama de la Rep\u00fablica Raquel Arbaje, el Centro de Exportaci\u00f3n e Inversi\u00f3n de la Rep\u00fablica Dominicana (ProDominicana) present\u00f3 la 4ta. edici\u00f3n del Encuentro Nacional Mujeres en Exportaci\u00f3n y reconoci\u00f3 a\u2026","rel":"","context":"En \u00abECONOM\u00cdA\u00bb","block_context":{"text":"ECONOM\u00cdA","link":"https:\/\/lasprimeras.com.do\/index.php\/category\/economia\/"},"img":{"alt_text":"Recibe el reconocimiento Margarita Medina, Taller Manos Creartiva","src":"https:\/\/i0.wp.com\/lasprimeras.com.do\/wp-content\/uploads\/2024\/01\/Recibe-el-reconocimiento-Margarita-Medina-Taller-Manos-Creartiva.jpeg?resize=350%2C200&ssl=1","width":350,"height":200,"srcset":"https:\/\/i0.wp.com\/lasprimeras.com.do\/wp-content\/uploads\/2024\/01\/Recibe-el-reconocimiento-Margarita-Medina-Taller-Manos-Creartiva.jpeg?resize=350%2C200&ssl=1 1x, https:\/\/i0.wp.com\/lasprimeras.com.do\/wp-content\/uploads\/2024\/01\/Recibe-el-reconocimiento-Margarita-Medina-Taller-Manos-Creartiva.jpeg?resize=525%2C300&ssl=1 1.5x, https:\/\/i0.wp.com\/lasprimeras.com.do\/wp-content\/uploads\/2024\/01\/Recibe-el-reconocimiento-Margarita-Medina-Taller-Manos-Creartiva.jpeg?resize=700%2C400&ssl=1 2x, https:\/\/i0.wp.com\/lasprimeras.com.do\/wp-content\/uploads\/2024\/01\/Recibe-el-reconocimiento-Margarita-Medina-Taller-Manos-Creartiva.jpeg?resize=1050%2C600&ssl=1 3x, https:\/\/i0.wp.com\/lasprimeras.com.do\/wp-content\/uploads\/2024\/01\/Recibe-el-reconocimiento-Margarita-Medina-Taller-Manos-Creartiva.jpeg?resize=1400%2C800&ssl=1 4x"},"classes":[]},{"id":124450,"url":"https:\/\/lasprimeras.com.do\/index.php\/2026\/03\/12\/prodominicana-reconoce-a-empresas-en-vanguardia-exportadora\/","url_meta":{"origin":115324,"position":2},"title":"ProDominicana reconoce a empresas en Vanguardia Exportadora","author":"Nelson Feliz","date":"12 de marzo de 2026","format":false,"excerpt":"Exportaciones dominicanas crecen 14.4% en 2025 El Centro de Exportaci\u00f3n e Inversi\u00f3n de la Rep\u00fablica Dominicana (ProDominicana) celebr\u00f3 la segunda edici\u00f3n del reconocimiento \u201cVanguardia Exportadora\u201d, un evento que destaca a las empresas que han logrado posicionar con \u00e9xito sus productos y servicios en los mercados internacionales durante el a\u00f1o 2025.\u2026","rel":"","context":"En \u00abECONOM\u00cdA\u00bb","block_context":{"text":"ECONOM\u00cdA","link":"https:\/\/lasprimeras.com.do\/index.php\/category\/economia\/"},"img":{"alt_text":"Vanguardia Exportadora","src":"https:\/\/i0.wp.com\/lasprimeras.com.do\/wp-content\/uploads\/2026\/03\/Vanguardia-Exportadora.jpg?resize=350%2C200&ssl=1","width":350,"height":200,"srcset":"https:\/\/i0.wp.com\/lasprimeras.com.do\/wp-content\/uploads\/2026\/03\/Vanguardia-Exportadora.jpg?resize=350%2C200&ssl=1 1x, https:\/\/i0.wp.com\/lasprimeras.com.do\/wp-content\/uploads\/2026\/03\/Vanguardia-Exportadora.jpg?resize=525%2C300&ssl=1 1.5x, https:\/\/i0.wp.com\/lasprimeras.com.do\/wp-content\/uploads\/2026\/03\/Vanguardia-Exportadora.jpg?resize=700%2C400&ssl=1 2x"},"classes":[]},{"id":94251,"url":"https:\/\/lasprimeras.com.do\/index.php\/2025\/02\/25\/exportaciones-de-mercancias-de-rd-alcanzaron-un-record-historico-en-2024\/","url_meta":{"origin":115324,"position":3},"title":"Exportaciones de mercanc\u00edas de RD alcanzaron un r\u00e9cord hist\u00f3rico en 2024","author":"Nelson Feliz","date":"25 de febrero de 2025","format":false,"excerpt":"Presidente Abinader encabeza reconocimiento de ProDominicana a las 10 empresas m\u00e1s destacadas en exportaci\u00f3n durante el 2024 El presidente Luis Abinader encabez\u00f3 este martes el reconocimiento a las diez empresas exportadoras que se destacaron en el comercio internacional durante el 2024, inform\u00e1ndose all\u00ed que las exportaciones de mercanc\u00edas de la\u2026","rel":"","context":"En \u00abECONOM\u00cdA\u00bb","block_context":{"text":"ECONOM\u00cdA","link":"https:\/\/lasprimeras.com.do\/index.php\/category\/economia\/"},"img":{"alt_text":"ProDominicana","src":"https:\/\/i0.wp.com\/lasprimeras.com.do\/wp-content\/uploads\/2025\/02\/ProDominicana.jpg?resize=350%2C200&ssl=1","width":350,"height":200,"srcset":"https:\/\/i0.wp.com\/lasprimeras.com.do\/wp-content\/uploads\/2025\/02\/ProDominicana.jpg?resize=350%2C200&ssl=1 1x, https:\/\/i0.wp.com\/lasprimeras.com.do\/wp-content\/uploads\/2025\/02\/ProDominicana.jpg?resize=525%2C300&ssl=1 1.5x, https:\/\/i0.wp.com\/lasprimeras.com.do\/wp-content\/uploads\/2025\/02\/ProDominicana.jpg?resize=700%2C400&ssl=1 2x"},"classes":[]},{"id":111420,"url":"https:\/\/lasprimeras.com.do\/index.php\/2025\/10\/08\/prodominicana-anuncia-el-vi-encuentro-nacional-de-mujeres-en-exportacion-2025\/","url_meta":{"origin":115324,"position":4},"title":"ProDominicana anuncia el VI Encuentro Nacional de Mujeres en Exportaci\u00f3n 2025","author":"Nelson Feliz","date":"8 de octubre de 2025","format":false,"excerpt":"En el marco del evento se realizar\u00e1 el programa \u201cSumando Exportadoras\u201d una iniciativa que busca fortalecer la participaci\u00f3n femenina en los mercados internacionales. El Centro de Exportaci\u00f3n e Inversi\u00f3n de la Rep\u00fablica Dominicana (ProDominicana), anunci\u00f3 la celebraci\u00f3n de la VI edici\u00f3n del Encuentro Nacional de Mujeres en Exportaci\u00f3n 2025, un\u2026","rel":"","context":"En \u00abECONOM\u00cdA\u00bb","block_context":{"text":"ECONOM\u00cdA","link":"https:\/\/lasprimeras.com.do\/index.php\/category\/economia\/"},"img":{"alt_text":"","src":"https:\/\/i0.wp.com\/lasprimeras.com.do\/wp-content\/uploads\/2025\/10\/Biviana-Riveiro-Disla.jpg?resize=350%2C200&ssl=1","width":350,"height":200,"srcset":"https:\/\/i0.wp.com\/lasprimeras.com.do\/wp-content\/uploads\/2025\/10\/Biviana-Riveiro-Disla.jpg?resize=350%2C200&ssl=1 1x, https:\/\/i0.wp.com\/lasprimeras.com.do\/wp-content\/uploads\/2025\/10\/Biviana-Riveiro-Disla.jpg?resize=525%2C300&ssl=1 1.5x, https:\/\/i0.wp.com\/lasprimeras.com.do\/wp-content\/uploads\/2025\/10\/Biviana-Riveiro-Disla.jpg?resize=700%2C400&ssl=1 2x"},"classes":[]},{"id":115713,"url":"https:\/\/lasprimeras.com.do\/index.php\/2025\/11\/24\/prodominicana-reconoce-y-potencia-el-talento-femenino-en-el-ecosistema-exportador-dominicano\/","url_meta":{"origin":115324,"position":5},"title":"ProDominicana reconoce y potencia el talento femenino en el ecosistema exportador dominicano","author":"Nelson Feliz","date":"24 de noviembre de 2025","format":false,"excerpt":"En el marco de la 6ta edici\u00f3n del Encuentro Nacional de Mujeres en Exportaci\u00f3n 2025, el Centro de Exportaci\u00f3n e Inversi\u00f3n de la Rep\u00fablica Dominicana (ProDominicana) present\u00f3 una jornada de formaci\u00f3n y reflexi\u00f3n estrat\u00e9gica centrada en el valor de la comunicaci\u00f3n especializada, la innovaci\u00f3n y la sostenibilidad dentro del ecosistema\u2026","rel":"","context":"En \u00abECONOM\u00cdA\u00bb","block_context":{"text":"ECONOM\u00cdA","link":"https:\/\/lasprimeras.com.do\/index.php\/category\/economia\/"},"img":{"alt_text":"Biviana Riveiro Disla","src":"https:\/\/i0.wp.com\/lasprimeras.com.do\/wp-content\/uploads\/2025\/11\/Biviana-Riveiro-Disla.jpg?resize=350%2C200&ssl=1","width":350,"height":200,"srcset":"https:\/\/i0.wp.com\/lasprimeras.com.do\/wp-content\/uploads\/2025\/11\/Biviana-Riveiro-Disla.jpg?resize=350%2C200&ssl=1 1x, https:\/\/i0.wp.com\/lasprimeras.com.do\/wp-content\/uploads\/2025\/11\/Biviana-Riveiro-Disla.jpg?resize=525%2C300&ssl=1 1.5x, https:\/\/i0.wp.com\/lasprimeras.com.do\/wp-content\/uploads\/2025\/11\/Biviana-Riveiro-Disla.jpg?resize=700%2C400&ssl=1 2x"},"classes":[]}],"jetpack_sharing_enabled":true,"_links":{"self":[{"href":"https:\/\/lasprimeras.com.do\/index.php\/wp-json\/wp\/v2\/posts\/115324","targetHints":{"allow":["GET"]}}],"collection":[{"href":"https:\/\/lasprimeras.com.do\/index.php\/wp-json\/wp\/v2\/posts"}],"about":[{"href":"https:\/\/lasprimeras.com.do\/index.php\/wp-json\/wp\/v2\/types\/post"}],"author":[{"embeddable":true,"href":"https:\/\/lasprimeras.com.do\/index.php\/wp-json\/wp\/v2\/users\/10"}],"replies":[{"embeddable":true,"href":"https:\/\/lasprimeras.com.do\/index.php\/wp-json\/wp\/v2\/comments?post=115324"}],"version-history":[{"count":1,"href":"https:\/\/lasprimeras.com.do\/index.php\/wp-json\/wp\/v2\/posts\/115324\/revisions"}],"predecessor-version":[{"id":115326,"href":"https:\/\/lasprimeras.com.do\/index.php\/wp-json\/wp\/v2\/posts\/115324\/revisions\/115326"}],"wp:featuredmedia":[{"embeddable":true,"href":"https:\/\/lasprimeras.com.do\/index.php\/wp-json\/wp\/v2\/media\/115325"}],"wp:attachment":[{"href":"https:\/\/lasprimeras.com.do\/index.php\/wp-json\/wp\/v2\/media?parent=115324"}],"wp:term":[{"taxonomy":"category","embeddable":true,"href":"https:\/\/lasprimeras.com.do\/index.php\/wp-json\/wp\/v2\/categories?post=115324"},{"taxonomy":"post_tag","embeddable":true,"href":"https:\/\/lasprimeras.com.do\/index.php\/wp-json\/wp\/v2\/tags?post=115324"}],"curies":[{"name":"wp","href":"https:\/\/api.w.org\/{rel}","templated":true}]}}