{"id":115327,"date":"2025-11-20T20:51:53","date_gmt":"2025-11-21T00:51:53","guid":{"rendered":"https:\/\/lasprimeras.com.do\/?p=115327"},"modified":"2025-11-20T20:52:04","modified_gmt":"2025-11-21T00:52:04","slug":"banco-santa-cruz-lanza-feria-hipotecaria-tu-hogar-santa-cruz-lvp-con-atractivas-facilidades-y-tasas-fijas","status":"publish","type":"post","link":"https:\/\/lasprimeras.com.do\/index.php\/2025\/11\/20\/banco-santa-cruz-lanza-feria-hipotecaria-tu-hogar-santa-cruz-lvp-con-atractivas-facilidades-y-tasas-fijas\/","title":{"rendered":"Banco Santa Cruz lanza &#8220;Feria Hipotecaria Tu Hogar Santa Cruz &amp; LVP con atractivas facilidades y tasas fijas"},"content":{"rendered":"\n<p>El Banco Santa Cruz, en alianza estrat\u00e9gica con LVP, anuncia el lanzamiento de su esperada &#8220;Feria Hipotecaria Tu Hogar Santa Cruz &amp; LVP&#8221;, dise\u00f1ada para hacer realidad el sue\u00f1o de la vivienda propia para miles de familias dominicanas.<\/p>\n\n\n\n<p>La feria, que estar\u00e1 vigente por tiempo limitado, ofrece condiciones excepcionales en financiamiento hipotecario, destac\u00e1ndose por sus competitivas tasas de inter\u00e9s fijas y una gama de beneficios exclusivos para los adquirientes.<\/p>\n\n\n\n<p>Entre las principales ventajas que los clientes podr\u00e1n encontrar se incluyen:<\/p>\n\n\n\n<p>Tasaci\u00f3n Gratuita: Un beneficio exclusivo para las unidades de vivienda que se encuentran listas para entrega inmediata.<\/p>\n\n\n\n<p>Adem\u00e1s de las facilidades financieras, los proyectos habitacionales que participan en esta feria ofrecen una calidad de vida superior, con una amplia gama de amenidades pensadas para el bienestar de toda la familia:<\/p>\n\n\n\n<p>\u00c1reas verdes y zonas de recreaci\u00f3n<\/p>\n\n\n\n<p>Piscinas y gimnasios<\/p>\n\n\n\n<p>Salones multiusos y \u00e1reas sociales<\/p>\n\n\n\n<p>Juegos infantiles y \u00e1reas deportivas<\/p>\n\n\n\n<p>Seguridad y control de accesos 24\/7<\/p>\n\n\n\n<p>&#8220;Estamos comprometidos con facilitar el acceso a la vivienda digna en la Rep\u00fablica Dominicana&#8221;, afirm\u00f3 el Banco Santa Cruz en una publicidad digital.<\/p>\n\n\n\n<p>&#8220;Esta feria representa una oportunidad inigualable para que nuestros clientes inviertan en su futuro, respaldados por la solidez y confianza del Banco Santa Cruz y la calidad de los proyectos de LVP&#8221;.<\/p>\n\n\n\n<p>Se invita a todos los interesados a acercarse a las sucursales del Banco Santa Cruz o a los puntos de venta de LVP para conocer los detalles de esta promoci\u00f3n y comenzar el proceso para adquirir su nuevo hogar.<\/p>\n\n\n<div class=\"wp-block-image\">\n<figure class=\"aligncenter size-large\"><img decoding=\"async\" width=\"448\" height=\"1024\" src=\"https:\/\/lasprimeras.com.do\/wp-content\/uploads\/2025\/11\/bsc-448x1024.jpg\" alt=\"\" class=\"wp-image-115329\" srcset=\"https:\/\/lasprimeras.com.do\/wp-content\/uploads\/2025\/11\/bsc-448x1024.jpg 448w, https:\/\/lasprimeras.com.do\/wp-content\/uploads\/2025\/11\/bsc-131x300.jpg 131w, https:\/\/lasprimeras.com.do\/wp-content\/uploads\/2025\/11\/bsc-768x1756.jpg 768w, https:\/\/lasprimeras.com.do\/wp-content\/uploads\/2025\/11\/bsc-672x1536.jpg 672w, https:\/\/lasprimeras.com.do\/wp-content\/uploads\/2025\/11\/bsc-896x2048.jpg 896w, https:\/\/lasprimeras.com.do\/wp-content\/uploads\/2025\/11\/bsc-scaled.jpg 1120w\" sizes=\"(max-width: 448px) 100vw, 448px\" \/><\/figure>\n<\/div>","protected":false},"excerpt":{"rendered":"<p>El Banco Santa Cruz, en alianza estrat\u00e9gica con LVP, anuncia el lanzamiento de su esperada &#8220;Feria Hipotecaria Tu Hogar Santa Cruz &amp; LVP&#8221;, dise\u00f1ada para hacer realidad el sue\u00f1o de&hellip;<\/p>\n","protected":false},"author":10,"featured_media":115328,"comment_status":"open","ping_status":"open","sticky":false,"template":"","format":"standard","meta":{"content-type":"","jetpack_post_was_ever_published":false,"_jetpack_newsletter_access":"","_jetpack_dont_email_post_to_subs":false,"_jetpack_newsletter_tier_id":0,"_jetpack_memberships_contains_paywalled_content":false,"_jetpack_memberships_contains_paid_content":false,"footnotes":""},"categories":[39],"tags":[2276,10945,18849,27551,27552],"class_list":["post-115327","post","type-post","status-publish","format-standard","has-post-thumbnail","hentry","category-economia","tag-atractivas","tag-banco-santa-cruz","tag-facilidades","tag-feria-hipotecaria","tag-tu-hogar-santa-cruz"],"jetpack_featured_media_url":"https:\/\/lasprimeras.com.do\/wp-content\/uploads\/2025\/11\/Banco-Santa-Cruz.jpg","jetpack-related-posts":[{"id":125117,"url":"https:\/\/lasprimeras.com.do\/index.php\/2026\/03\/19\/lanzan-primera-feria-inmobiliaria-exclusiva-para-santo-domingo-este\/","url_meta":{"origin":115327,"position":0},"title":"Lanzan primera feria inmobiliaria exclusiva para Santo Domingo Este","author":"Nelson Feliz","date":"19 de marzo de 2026","format":false,"excerpt":"Ante el auge y dinamismo experimentado en el sector construcci\u00f3n e inmobiliario en esta ciudad, la Asociaci\u00f3n de Constructores de Santo Domingo Este, lanza la primera Expo Inmobiliaria Acosde 2026, exclusiva para la regi\u00f3n. Esta presentaci\u00f3n se realiza en el marco del segundo aniversario de la asociaci\u00f3n, que agrupa a\u2026","rel":"","context":"En \u00abECONOM\u00cdA\u00bb","block_context":{"text":"ECONOM\u00cdA","link":"https:\/\/lasprimeras.com.do\/index.php\/category\/economia\/"},"img":{"alt_text":"feria inmobiliaria","src":"https:\/\/i0.wp.com\/lasprimeras.com.do\/wp-content\/uploads\/2026\/03\/feria-inmobiliaria.jpg?resize=350%2C200&ssl=1","width":350,"height":200,"srcset":"https:\/\/i0.wp.com\/lasprimeras.com.do\/wp-content\/uploads\/2026\/03\/feria-inmobiliaria.jpg?resize=350%2C200&ssl=1 1x, https:\/\/i0.wp.com\/lasprimeras.com.do\/wp-content\/uploads\/2026\/03\/feria-inmobiliaria.jpg?resize=525%2C300&ssl=1 1.5x, https:\/\/i0.wp.com\/lasprimeras.com.do\/wp-content\/uploads\/2026\/03\/feria-inmobiliaria.jpg?resize=700%2C400&ssl=1 2x"},"classes":[]},{"id":106154,"url":"https:\/\/lasprimeras.com.do\/index.php\/2025\/08\/11\/cmd-y-el-banco-bhd-firman-acuerdo-para-impulsar-el-bienestar-de-los-medicos\/","url_meta":{"origin":115327,"position":1},"title":"CMD y el Banco BHD firman acuerdo para impulsar el bienestar de los m\u00e9dicos","author":"Nelson Feliz","date":"11 de agosto de 2025","format":false,"excerpt":"La entidad financiera ofrecer\u00e1 facilidades bancarias con condiciones preferenciales y un programa de educaci\u00f3n financiera que incluye asesor\u00edas, como un reconocimiento a los profesionales de la salud. El Colegio M\u00e9dico Dominicano (CMD) y el Banco BHD anunciaron la firma de un acuerdo interinstitucional con el prop\u00f3sito de ofrecer a los\u2026","rel":"","context":"En \u00abPORTADA\u00bb","block_context":{"text":"PORTADA","link":"https:\/\/lasprimeras.com.do\/index.php\/category\/portada\/"},"img":{"alt_text":"Waldo Ariel Suero y Josefina Gonz\u00e1lez","src":"https:\/\/i0.wp.com\/lasprimeras.com.do\/wp-content\/uploads\/2025\/08\/una.jpg?resize=350%2C200&ssl=1","width":350,"height":200,"srcset":"https:\/\/i0.wp.com\/lasprimeras.com.do\/wp-content\/uploads\/2025\/08\/una.jpg?resize=350%2C200&ssl=1 1x, https:\/\/i0.wp.com\/lasprimeras.com.do\/wp-content\/uploads\/2025\/08\/una.jpg?resize=525%2C300&ssl=1 1.5x, https:\/\/i0.wp.com\/lasprimeras.com.do\/wp-content\/uploads\/2025\/08\/una.jpg?resize=700%2C400&ssl=1 2x"},"classes":[]},{"id":96271,"url":"https:\/\/lasprimeras.com.do\/index.php\/2025\/03\/28\/llega-feria-inmobiliaria-nacional-plusval-en-todo-rdcon-mas-de-200-propiedades\/","url_meta":{"origin":115327,"position":2},"title":"Llega Feria Inmobiliaria Nacional &#8220;Plusval en Todo RD&#8221;con m\u00e1s de 200 propiedades","author":"Nelson Feliz","date":"28 de marzo de 2025","format":false,"excerpt":"La empresa Plusval Dominicana y el Banco Popular Dominicano inicio este jueves la 2da Feria Inmobiliaria Nacional \"Plusval en Todo RD\", el evento inmobiliario m\u00e1s grande del pa\u00eds, que ser\u00e1 celebrada los d\u00edas 4, 5 y 6 del mes de abril. Un evento paralelo en todas sus franquicias a nivel\u2026","rel":"","context":"En \u00abECONOM\u00cdA\u00bb","block_context":{"text":"ECONOM\u00cdA","link":"https:\/\/lasprimeras.com.do\/index.php\/category\/economia\/"},"img":{"alt_text":"Plusval Dominicana","src":"https:\/\/i0.wp.com\/lasprimeras.com.do\/wp-content\/uploads\/2025\/03\/Plusval-Dominicana-1.jpg?resize=350%2C200&ssl=1","width":350,"height":200,"srcset":"https:\/\/i0.wp.com\/lasprimeras.com.do\/wp-content\/uploads\/2025\/03\/Plusval-Dominicana-1.jpg?resize=350%2C200&ssl=1 1x, https:\/\/i0.wp.com\/lasprimeras.com.do\/wp-content\/uploads\/2025\/03\/Plusval-Dominicana-1.jpg?resize=525%2C300&ssl=1 1.5x"},"classes":[]},{"id":68808,"url":"https:\/\/lasprimeras.com.do\/index.php\/2023\/11\/28\/anuncian-autoferia-popular-con-tasas-fijas-desde-7-75\/","url_meta":{"origin":115327,"position":3},"title":"Anuncian autoferia popular con tasas fijas desde 7.75%","author":"BIMARY DE JES\u00daS Matos","date":"28 de noviembre de 2023","format":false,"excerpt":"Santo Domingo.-El Banco Popular Dominicano inform\u00f3 sobre el inicio de la vig\u00e9sima octava edici\u00f3n de la Autoferia Popular, que inicia con las tasas fijas de 7.75% a seis meses; 8.75% a 12 meses; 10.75% a dos a\u00f1os; 11.75% a tres a\u00f1os; y 12.75% a cinco a\u00f1os, siempre con la opci\u00f3n\u2026","rel":"","context":"En \u00abPORTADA\u00bb","block_context":{"text":"PORTADA","link":"https:\/\/lasprimeras.com.do\/index.php\/category\/portada\/"},"img":{"alt_text":"","src":"https:\/\/i0.wp.com\/lasprimeras.com.do\/wp-content\/uploads\/2023\/11\/Noticias-de-economia-2.jpg?resize=350%2C200&ssl=1","width":350,"height":200,"srcset":"https:\/\/i0.wp.com\/lasprimeras.com.do\/wp-content\/uploads\/2023\/11\/Noticias-de-economia-2.jpg?resize=350%2C200&ssl=1 1x, https:\/\/i0.wp.com\/lasprimeras.com.do\/wp-content\/uploads\/2023\/11\/Noticias-de-economia-2.jpg?resize=525%2C300&ssl=1 1.5x"},"classes":[]},{"id":125707,"url":"https:\/\/lasprimeras.com.do\/index.php\/2026\/03\/25\/alcalde-dio-astacio-respalda-expo-feria-inmobiliaria-acosde-2026-en-sde\/","url_meta":{"origin":115327,"position":4},"title":"Alcalde D\u00edo Astacio respalda Expo feria Inmobiliaria ACOSDE 2026 en SDE","author":"Nelson Feliz","date":"25 de marzo de 2026","format":false,"excerpt":"El alcalde de Santo Domingo Este, D\u00edo Astacio, anunci\u00f3 el respaldo formal del Ayuntamiento a la primera Expoferia Inmobiliaria ACOSDE 2026. El evento, organizado por la Asociaci\u00f3n de Constructores de Santo Domingo Este (ACOSDE), se llevar\u00e1 a cabo del 14 al 17 de mayo en el sector Alma Rosa I.\u2026","rel":"","context":"En \u00abECONOM\u00cdA\u00bb","block_context":{"text":"ECONOM\u00cdA","link":"https:\/\/lasprimeras.com.do\/index.php\/category\/economia\/"},"img":{"alt_text":"D\u00edo Astacio","src":"https:\/\/i0.wp.com\/lasprimeras.com.do\/wp-content\/uploads\/2026\/03\/Dio-Astacio.jpg?resize=350%2C200&ssl=1","width":350,"height":200,"srcset":"https:\/\/i0.wp.com\/lasprimeras.com.do\/wp-content\/uploads\/2026\/03\/Dio-Astacio.jpg?resize=350%2C200&ssl=1 1x, https:\/\/i0.wp.com\/lasprimeras.com.do\/wp-content\/uploads\/2026\/03\/Dio-Astacio.jpg?resize=525%2C300&ssl=1 1.5x, https:\/\/i0.wp.com\/lasprimeras.com.do\/wp-content\/uploads\/2026\/03\/Dio-Astacio.jpg?resize=700%2C400&ssl=1 2x"},"classes":[]},{"id":128580,"url":"https:\/\/lasprimeras.com.do\/index.php\/2026\/04\/24\/inauguran-3ra-feria-nacional-inmobiliaria-plusval-en-todo-rd-en-santiago\/","url_meta":{"origin":115327,"position":5},"title":"Inauguran 3ra Feria Nacional Inmobiliaria \u201cPLUSVAL EN TODO RD\u201d en Santiago","author":"Nelson Feliz","date":"24 de abril de 2026","format":false,"excerpt":"El evento se desarrolla los d\u00edas 24, 25 y 26 de abril, de manera simult\u00e1nea en Santiago, Punta Cana y Santo Domingo. Fue inaugurada la tercera edici\u00f3n de la Feria Nacional Inmobiliaria PLUSVALENTODORD, en un acto celebrado en el Hampton Inn by Hilton, Santiago, consolid\u00e1ndose como uno de los eventos\u2026","rel":"","context":"En \u00abECONOM\u00cdA\u00bb","block_context":{"text":"ECONOM\u00cdA","link":"https:\/\/lasprimeras.com.do\/index.php\/category\/economia\/"},"img":{"alt_text":"","src":"https:\/\/i0.wp.com\/lasprimeras.com.do\/wp-content\/uploads\/2026\/04\/feria-1.jpg?resize=350%2C200&ssl=1","width":350,"height":200,"srcset":"https:\/\/i0.wp.com\/lasprimeras.com.do\/wp-content\/uploads\/2026\/04\/feria-1.jpg?resize=350%2C200&ssl=1 1x, https:\/\/i0.wp.com\/lasprimeras.com.do\/wp-content\/uploads\/2026\/04\/feria-1.jpg?resize=525%2C300&ssl=1 1.5x, https:\/\/i0.wp.com\/lasprimeras.com.do\/wp-content\/uploads\/2026\/04\/feria-1.jpg?resize=700%2C400&ssl=1 2x"},"classes":[]}],"jetpack_sharing_enabled":true,"_links":{"self":[{"href":"https:\/\/lasprimeras.com.do\/index.php\/wp-json\/wp\/v2\/posts\/115327","targetHints":{"allow":["GET"]}}],"collection":[{"href":"https:\/\/lasprimeras.com.do\/index.php\/wp-json\/wp\/v2\/posts"}],"about":[{"href":"https:\/\/lasprimeras.com.do\/index.php\/wp-json\/wp\/v2\/types\/post"}],"author":[{"embeddable":true,"href":"https:\/\/lasprimeras.com.do\/index.php\/wp-json\/wp\/v2\/users\/10"}],"replies":[{"embeddable":true,"href":"https:\/\/lasprimeras.com.do\/index.php\/wp-json\/wp\/v2\/comments?post=115327"}],"version-history":[{"count":2,"href":"https:\/\/lasprimeras.com.do\/index.php\/wp-json\/wp\/v2\/posts\/115327\/revisions"}],"predecessor-version":[{"id":115331,"href":"https:\/\/lasprimeras.com.do\/index.php\/wp-json\/wp\/v2\/posts\/115327\/revisions\/115331"}],"wp:featuredmedia":[{"embeddable":true,"href":"https:\/\/lasprimeras.com.do\/index.php\/wp-json\/wp\/v2\/media\/115328"}],"wp:attachment":[{"href":"https:\/\/lasprimeras.com.do\/index.php\/wp-json\/wp\/v2\/media?parent=115327"}],"wp:term":[{"taxonomy":"category","embeddable":true,"href":"https:\/\/lasprimeras.com.do\/index.php\/wp-json\/wp\/v2\/categories?post=115327"},{"taxonomy":"post_tag","embeddable":true,"href":"https:\/\/lasprimeras.com.do\/index.php\/wp-json\/wp\/v2\/tags?post=115327"}],"curies":[{"name":"wp","href":"https:\/\/api.w.org\/{rel}","templated":true}]}}