{"id":115347,"date":"2025-11-21T07:59:25","date_gmt":"2025-11-21T11:59:25","guid":{"rendered":"https:\/\/lasprimeras.com.do\/?p=115347"},"modified":"2025-11-21T07:59:27","modified_gmt":"2025-11-21T11:59:27","slug":"practica-del-gran-premio-de-las-vegas-interrumpida-2-veces-por-tapa-suelta-de-alcantarilla","status":"publish","type":"post","link":"https:\/\/lasprimeras.com.do\/index.php\/2025\/11\/21\/practica-del-gran-premio-de-las-vegas-interrumpida-2-veces-por-tapa-suelta-de-alcantarilla\/","title":{"rendered":"Pr\u00e1ctica del Gran Premio de Las Vegas, interrumpida 2 veces por tapa suelta de alcantarilla"},"content":{"rendered":"\n<p>POR JENNA FRYER<\/p>\n\n\n\n<p>LAS VEGAS (AP) \u2014 Un problema con una tapa de alcantarilla ha vuelto a interrumpir la acci\u00f3n en pista del Gran Premio de Las Vegas, donde la pr\u00e1ctica del jueves por la noche se detuvo dos veces para que se pudiera inspeccionar el circuito.<\/p>\n\n\n\n<p>La carrera inaugural en 2023 se vio interrumpida apenas nueve minutos despu\u00e9s de la primera sesi\u00f3n de pr\u00e1ctica, cuando una tapa suelta da\u00f1\u00f3 la parte inferior del auto del espa\u00f1ol Carlos Sainz Jr.<\/p>\n\n\n\n<p>Se tard\u00f3 m\u00e1s de dos horas en arreglar la tapa suelta e inspeccionar todo el circuito, que tiene una longitud de 3,85 millas (6,20 km) y utiliza partes de la ic\u00f3nica avenida principal de Las Vegas.<\/p>\n\n\n\n<p>La siguiente pr\u00e1ctica no comenz\u00f3 sino hasta despu\u00e9s de las 2 de la ma\u00f1ana, dur\u00f3 hasta las 4, y todos los espectadores ya hab\u00edan sido enviados a casa mucho antes de que se reanudara la actividad.<\/p>\n\n\n\n<p>No hubo problemas el a\u00f1o pasado y la primera pr\u00e1ctica del jueves fue limpia, con Charles Leclerc de Ferrari como l\u00edder de la sesi\u00f3n.<\/p>\n\n\n\n<p>Los problemas surgieron cuando quedaban unos 20 minutos en la segunda sesi\u00f3n. Un comisario inform\u00f3 de una posible tapa de mantenimiento suelta cerca de la 17ma curva.<\/p>\n\n\n\n<p>La FIA, el organismo rector de la F1, mostr\u00f3 bandera roja en la pr\u00e1ctica porque el control de carrera no pudo encontrar im\u00e1genes de video para determinar si hab\u00eda un problema.<\/p>\n\n\n\n<p>La bandera roja permiti\u00f3 al personal de control examinar f\u00edsicamente el sitio.<\/p>\n\n\n\n<p>\u201cLa inspecci\u00f3n nos da confianza de que todo est\u00e1 en condiciones adecuadas para reanudar la sesi\u00f3n\u201d, dijo la FIA mientras los b\u00f3lidos volv\u00edan a la pista con unos seis minutos restantes.<\/p>\n\n\n\n<p>Pero los inspectores se quedaron en el sitio cuando se reanud\u00f3 la pr\u00e1ctica e informaron que la tapa se mov\u00eda al pasar los coches sobre \u00e9sta. La bandera roja se mostr\u00f3 nuevamente, poniendo fin a la sesi\u00f3n.<\/p>\n\n\n\n<p>La FIA inform\u00f3 que las inspecciones continuar\u00e1n antes de la clasificaci\u00f3n de este viernes por la noche.<\/p>\n\n\n\n<p>Lando Norris de McLaren, el actual l\u00edder de puntos de la F1, fue el m\u00e1s r\u00e1pido en la segunda sesi\u00f3n.<\/p>\n","protected":false},"excerpt":{"rendered":"<p>POR JENNA FRYER LAS VEGAS (AP) \u2014 Un problema con una tapa de alcantarilla ha vuelto a interrumpir la acci\u00f3n en pista del Gran Premio de Las Vegas, donde la&hellip;<\/p>\n","protected":false},"author":10,"featured_media":115348,"comment_status":"open","ping_status":"open","sticky":false,"template":"","format":"standard","meta":{"content-type":"","jetpack_post_was_ever_published":false,"_jetpack_newsletter_access":"","_jetpack_dont_email_post_to_subs":false,"_jetpack_newsletter_tier_id":0,"_jetpack_memberships_contains_paywalled_content":false,"_jetpack_memberships_contains_paid_content":false,"footnotes":""},"categories":[630],"tags":[27564],"class_list":["post-115347","post","type-post","status-publish","format-standard","has-post-thumbnail","hentry","category-deportes","tag-practica-del-gran-premio-de-las-vegas"],"jetpack_featured_media_url":"https:\/\/lasprimeras.com.do\/wp-content\/uploads\/2025\/11\/Practica-del-Gran-Premio-de-Las-Vegas.jpg","jetpack-related-posts":[{"id":53968,"url":"https:\/\/lasprimeras.com.do\/index.php\/2023\/07\/03\/joven-muere-cuando-le-practicaban-una-cesarea-en-la-vega\/","url_meta":{"origin":115347,"position":0},"title":"Joven muere cuando le practicaban una ces\u00e1rea en La Vega","author":"Nelson Feliz","date":"3 de julio de 2023","format":false,"excerpt":"Una mujer perdi\u00f3 la vida mientras le practicaban una ces\u00e1rea en el Hospital Morillo King de La Vega. Se trata de la joven Arelis N\u00fa\u00f1ez, quien estaba emocionada e ilusionada por conocer a su beb\u00e9, ya no faltaba nada para vivir la gran dicha. Los familiares de la hoy occisa\u2026","rel":"","context":"En \u00abNACIONALES\u00bb","block_context":{"text":"NACIONALES","link":"https:\/\/lasprimeras.com.do\/index.php\/category\/nacionales\/"},"img":{"alt_text":"Arelis N\u00fa\u00f1ez","src":"https:\/\/i0.wp.com\/lasprimeras.com.do\/wp-content\/uploads\/2023\/07\/MUJER-HERIDA.jpg?resize=350%2C200&ssl=1","width":350,"height":200,"srcset":"https:\/\/i0.wp.com\/lasprimeras.com.do\/wp-content\/uploads\/2023\/07\/MUJER-HERIDA.jpg?resize=350%2C200&ssl=1 1x, https:\/\/i0.wp.com\/lasprimeras.com.do\/wp-content\/uploads\/2023\/07\/MUJER-HERIDA.jpg?resize=525%2C300&ssl=1 1.5x, https:\/\/i0.wp.com\/lasprimeras.com.do\/wp-content\/uploads\/2023\/07\/MUJER-HERIDA.jpg?resize=700%2C400&ssl=1 2x"},"classes":[]},{"id":115482,"url":"https:\/\/lasprimeras.com.do\/index.php\/2025\/11\/23\/max-verstappen-gana-el-gran-premio-de-las-vegas-y-se-acerca-a-la-cima-en-la-f1\/","url_meta":{"origin":115347,"position":1},"title":"Max Verstappen gana el Gran Premio de Las Vegas y se acerca a la cima en la F1","author":"Nelson Feliz","date":"23 de noviembre de 2025","format":false,"excerpt":"POR JENNA FRYER LAS VEGAS (AP) \u2014 Para ser un piloto que odiaba el Gran Premio de Las Vegas antes de haber dado una sola vuelta aqu\u00ed, Max Verstappen ciertamente ha convertido esta carrera en una mina de oro. Verstappen, tetracampe\u00f3n reinante de la F\u00f3rmula Uno, triunf\u00f3 por segunda vez\u2026","rel":"","context":"En \u00abDEPORTES\u00bb","block_context":{"text":"DEPORTES","link":"https:\/\/lasprimeras.com.do\/index.php\/category\/deportes\/"},"img":{"alt_text":"","src":"https:\/\/i0.wp.com\/lasprimeras.com.do\/wp-content\/uploads\/2025\/11\/Max-Verstappen.jpg?resize=350%2C200&ssl=1","width":350,"height":200,"srcset":"https:\/\/i0.wp.com\/lasprimeras.com.do\/wp-content\/uploads\/2025\/11\/Max-Verstappen.jpg?resize=350%2C200&ssl=1 1x, https:\/\/i0.wp.com\/lasprimeras.com.do\/wp-content\/uploads\/2025\/11\/Max-Verstappen.jpg?resize=525%2C300&ssl=1 1.5x, https:\/\/i0.wp.com\/lasprimeras.com.do\/wp-content\/uploads\/2025\/11\/Max-Verstappen.jpg?resize=700%2C400&ssl=1 2x"},"classes":[]},{"id":64806,"url":"https:\/\/lasprimeras.com.do\/index.php\/2023\/10\/23\/eted-trabajara-en-linea-km-15-de-azua-sabana-yegua-y-subestacion-canabacoa-diesel-la-vega-este-martes\/","url_meta":{"origin":115347,"position":2},"title":"ETED trabajar\u00e1 en l\u00ednea Km. 15 de Azua &#8211; Sabana Yegua y subestaci\u00f3n Canabacoa &#8211; Diesel La Vega, este martes","author":"Nelson Feliz","date":"23 de octubre de 2023","format":false,"excerpt":"Por Martin Restituyo La Empresa de Transmisi\u00f3n El\u00e9ctrica Dominicana (ETED) informa que, este martes 24 de octubre dar\u00e1 mantenimiento en la l\u00ednea 69 kV Km. 15 de Azua - Sabana Yegua y en la subestaci\u00f3n 69 kV Canabacoa - Diesel La Vega, como parte de los trabajos programados esta semana\u2026","rel":"","context":"En \u00abNACIONALES\u00bb","block_context":{"text":"NACIONALES","link":"https:\/\/lasprimeras.com.do\/index.php\/category\/nacionales\/"},"img":{"alt_text":"ETED","src":"https:\/\/i0.wp.com\/lasprimeras.com.do\/wp-content\/uploads\/2023\/10\/ETED-4.jpg?resize=350%2C200&ssl=1","width":350,"height":200,"srcset":"https:\/\/i0.wp.com\/lasprimeras.com.do\/wp-content\/uploads\/2023\/10\/ETED-4.jpg?resize=350%2C200&ssl=1 1x, https:\/\/i0.wp.com\/lasprimeras.com.do\/wp-content\/uploads\/2023\/10\/ETED-4.jpg?resize=525%2C300&ssl=1 1.5x, https:\/\/i0.wp.com\/lasprimeras.com.do\/wp-content\/uploads\/2023\/10\/ETED-4.jpg?resize=700%2C400&ssl=1 2x"},"classes":[]},{"id":69884,"url":"https:\/\/lasprimeras.com.do\/index.php\/2023\/12\/06\/pro-consumidor-dice-solo-hubo-una-reclamacion-por-publicidad-enganosa-en-viernes-negro\/","url_meta":{"origin":115347,"position":3},"title":"Pro Consumidor dice solo hubo una reclamaci\u00f3n por publicidad enga\u00f1osa en &#8220;Viernes Negro&#8221;","author":"Nelson Feliz","date":"6 de diciembre de 2023","format":false,"excerpt":"El director ejecutivo del Instituto Nacional de Protecci\u00f3n de los Derechos del Consumidor (Pro Consumidor), Eddy Alc\u00e1ntara, inform\u00f3 que transcurrido poco m\u00e1s de una semana de la celebraci\u00f3n del Viernes Negro, esa entidad solo recibi\u00f3 una reclamaci\u00f3n por publicidad enga\u00f1osa, por lo que dijo que esa irregularidad comercial en perjuicio\u2026","rel":"","context":"En \u00abECONOM\u00cdA\u00bb","block_context":{"text":"ECONOM\u00cdA","link":"https:\/\/lasprimeras.com.do\/index.php\/category\/economia\/"},"img":{"alt_text":"Pro Consumidor","src":"https:\/\/i0.wp.com\/lasprimeras.com.do\/wp-content\/uploads\/2023\/12\/Pro-Consumidor.jpg?resize=350%2C200&ssl=1","width":350,"height":200,"srcset":"https:\/\/i0.wp.com\/lasprimeras.com.do\/wp-content\/uploads\/2023\/12\/Pro-Consumidor.jpg?resize=350%2C200&ssl=1 1x, https:\/\/i0.wp.com\/lasprimeras.com.do\/wp-content\/uploads\/2023\/12\/Pro-Consumidor.jpg?resize=525%2C300&ssl=1 1.5x, https:\/\/i0.wp.com\/lasprimeras.com.do\/wp-content\/uploads\/2023\/12\/Pro-Consumidor.jpg?resize=700%2C400&ssl=1 2x"},"classes":[]},{"id":71105,"url":"https:\/\/lasprimeras.com.do\/index.php\/2023\/12\/17\/shohei-ohtani-y-ronald-acuna-jr-conquistan-los-premios-hank-aaron\/","url_meta":{"origin":115347,"position":4},"title":"Shohei Ohtani y Ronald Acu\u00f1a Jr. conquistan los premios Hank Aaron","author":"Nelson Feliz","date":"17 de diciembre de 2023","format":false,"excerpt":"Ambos fueron los de mejores desempe\u00f1os ofensivos en cada circuito, seg\u00fan lo estim\u00f3 un panel integrado por exestrellas de las Grandes Ligas. Las Vegas, AP.-. Shohei Ohtani y Ronald Acu\u00f1a Jr. obtuvieron el s\u00e1bado los Premios Hank Aaron, otorgados por las mayores a los peloteros con el mejor desempe\u00f1o ofensivo\u2026","rel":"","context":"En \u00abSin categor\u00eda\u00bb","block_context":{"text":"Sin categor\u00eda","link":"https:\/\/lasprimeras.com.do\/index.php\/category\/sin-categoria\/"},"img":{"alt_text":"Shohei Ohtani encabez\u00f3 la Liga americana con sus 44 vuelacercas.","src":"https:\/\/i0.wp.com\/lasprimeras.com.do\/wp-content\/uploads\/2023\/12\/Shohei-Ohtani-1.jpeg?resize=350%2C200&ssl=1","width":350,"height":200,"srcset":"https:\/\/i0.wp.com\/lasprimeras.com.do\/wp-content\/uploads\/2023\/12\/Shohei-Ohtani-1.jpeg?resize=350%2C200&ssl=1 1x, https:\/\/i0.wp.com\/lasprimeras.com.do\/wp-content\/uploads\/2023\/12\/Shohei-Ohtani-1.jpeg?resize=525%2C300&ssl=1 1.5x, https:\/\/i0.wp.com\/lasprimeras.com.do\/wp-content\/uploads\/2023\/12\/Shohei-Ohtani-1.jpeg?resize=700%2C400&ssl=1 2x"},"classes":[]},{"id":125653,"url":"https:\/\/lasprimeras.com.do\/index.php\/2026\/03\/25\/gremios-periodisticos-protestan-con-encendido-de-velas-pancartas-y-tape-color-negro-en-la-boca-por-decision-de-jueza-contra-nelson-gutierrez\/","url_meta":{"origin":115347,"position":5},"title":"Gremios period\u00edsticos protestan con encendido de velas pancartas y tape color negro en la boca por decisi\u00f3n de jueza contra Nelson Guti\u00e9rrez","author":"Nelson Feliz","date":"25 de marzo de 2026","format":false,"excerpt":"Aseguran que Nelson Guti\u00e9rrez, solo denunci\u00f3 mediante rueda de prensa, la auditor\u00eda practicada por la Polic\u00eda Nacional al general Guzm\u00e1n Peralta, ex director de la Polic\u00eda, donde se revela un desfalco. Varios gremios e instituciones period\u00edsticas de la Rep\u00fablica Dominicana cuestionaron la decisi\u00f3n de la jueza presidenta del Segundo Juzgado\u2026","rel":"","context":"En \u00abNACIONALES\u00bb","block_context":{"text":"NACIONALES","link":"https:\/\/lasprimeras.com.do\/index.php\/category\/nacionales\/"},"img":{"alt_text":"","src":"https:\/\/i0.wp.com\/lasprimeras.com.do\/wp-content\/uploads\/2026\/03\/IMG-20260324-WA1029-scaled.jpg?resize=350%2C200&ssl=1","width":350,"height":200,"srcset":"https:\/\/i0.wp.com\/lasprimeras.com.do\/wp-content\/uploads\/2026\/03\/IMG-20260324-WA1029-scaled.jpg?resize=350%2C200&ssl=1 1x, https:\/\/i0.wp.com\/lasprimeras.com.do\/wp-content\/uploads\/2026\/03\/IMG-20260324-WA1029-scaled.jpg?resize=525%2C300&ssl=1 1.5x, https:\/\/i0.wp.com\/lasprimeras.com.do\/wp-content\/uploads\/2026\/03\/IMG-20260324-WA1029-scaled.jpg?resize=700%2C400&ssl=1 2x, https:\/\/i0.wp.com\/lasprimeras.com.do\/wp-content\/uploads\/2026\/03\/IMG-20260324-WA1029-scaled.jpg?resize=1050%2C600&ssl=1 3x, https:\/\/i0.wp.com\/lasprimeras.com.do\/wp-content\/uploads\/2026\/03\/IMG-20260324-WA1029-scaled.jpg?resize=1400%2C800&ssl=1 4x"},"classes":[]}],"jetpack_sharing_enabled":true,"_links":{"self":[{"href":"https:\/\/lasprimeras.com.do\/index.php\/wp-json\/wp\/v2\/posts\/115347","targetHints":{"allow":["GET"]}}],"collection":[{"href":"https:\/\/lasprimeras.com.do\/index.php\/wp-json\/wp\/v2\/posts"}],"about":[{"href":"https:\/\/lasprimeras.com.do\/index.php\/wp-json\/wp\/v2\/types\/post"}],"author":[{"embeddable":true,"href":"https:\/\/lasprimeras.com.do\/index.php\/wp-json\/wp\/v2\/users\/10"}],"replies":[{"embeddable":true,"href":"https:\/\/lasprimeras.com.do\/index.php\/wp-json\/wp\/v2\/comments?post=115347"}],"version-history":[{"count":1,"href":"https:\/\/lasprimeras.com.do\/index.php\/wp-json\/wp\/v2\/posts\/115347\/revisions"}],"predecessor-version":[{"id":115349,"href":"https:\/\/lasprimeras.com.do\/index.php\/wp-json\/wp\/v2\/posts\/115347\/revisions\/115349"}],"wp:featuredmedia":[{"embeddable":true,"href":"https:\/\/lasprimeras.com.do\/index.php\/wp-json\/wp\/v2\/media\/115348"}],"wp:attachment":[{"href":"https:\/\/lasprimeras.com.do\/index.php\/wp-json\/wp\/v2\/media?parent=115347"}],"wp:term":[{"taxonomy":"category","embeddable":true,"href":"https:\/\/lasprimeras.com.do\/index.php\/wp-json\/wp\/v2\/categories?post=115347"},{"taxonomy":"post_tag","embeddable":true,"href":"https:\/\/lasprimeras.com.do\/index.php\/wp-json\/wp\/v2\/tags?post=115347"}],"curies":[{"name":"wp","href":"https:\/\/api.w.org\/{rel}","templated":true}]}}