{"id":115365,"date":"2025-11-21T09:00:29","date_gmt":"2025-11-21T13:00:29","guid":{"rendered":"https:\/\/lasprimeras.com.do\/?p=115365"},"modified":"2025-11-21T09:00:30","modified_gmt":"2025-11-21T13:00:30","slug":"limber-cruz-atribuye-alza-del-platano-a-danos-por-la-tormenta-melissa","status":"publish","type":"post","link":"https:\/\/lasprimeras.com.do\/index.php\/2025\/11\/21\/limber-cruz-atribuye-alza-del-platano-a-danos-por-la-tormenta-melissa\/","title":{"rendered":"Limber Cruz atribuye alza del pl\u00e1tano a da\u00f1os por la tormenta Melissa"},"content":{"rendered":"\n<p>El Ministro de Agricultura, Limber Cruz, ha explicado que el aumento del precio del pl\u00e1tano, que ha pasado a costar alrededor de 30 pesos por unidad, se debe a los da\u00f1os provocados por el reciente paso de la tormenta Melissa.<\/p>\n\n\n\n<p>Cruz, en declaraciones al programa \u201cA Diario\u201d, detall\u00f3 que la producci\u00f3n de pl\u00e1tanos ya se hab\u00eda visto afectada por tornados y que las condiciones meteorol\u00f3gicas propias de la temporada agravaron la situaci\u00f3n.<\/p>\n\n\n\n<p>El funcionario precis\u00f3 que aproximadamente cinco mil tareas de pl\u00e1tanos se perdieron debido al fen\u00f3meno atmosf\u00e9rico.<\/p>\n\n\n\n<p>Adem\u00e1s, se\u00f1al\u00f3 que un total de 2,600 rubros agr\u00edcolas, incluyendo arroz, caf\u00e9, pl\u00e1tano y diversos vegetales de campo abierto, resultaron afectados.<\/p>\n\n\n\n<p>El ministro destac\u00f3 que, a pesar de los desaf\u00edos, el gobierno est\u00e1 trabajando para apoyar a los productores y mitigar los efectos en el sector agr\u00edcola.<\/p>\n","protected":false},"excerpt":{"rendered":"<p>El Ministro de Agricultura, Limber Cruz, ha explicado que el aumento del precio del pl\u00e1tano, que ha pasado a costar alrededor de 30 pesos por unidad, se debe a los&hellip;<\/p>\n","protected":false},"author":10,"featured_media":62057,"comment_status":"open","ping_status":"open","sticky":false,"template":"","format":"standard","meta":{"content-type":"","jetpack_post_was_ever_published":false,"_jetpack_newsletter_access":"","_jetpack_dont_email_post_to_subs":false,"_jetpack_newsletter_tier_id":0,"_jetpack_memberships_contains_paywalled_content":false,"_jetpack_memberships_contains_paid_content":false,"footnotes":""},"categories":[39],"tags":[27573,2033,22154,22150,26190],"class_list":["post-115365","post","type-post","status-publish","format-standard","has-post-thumbnail","hentry","category-economia","tag-alza-del-platano","tag-danos","tag-limber-cruz","tag-ministro-de-agricultura","tag-tormenta-melissa"],"jetpack_featured_media_url":"https:\/\/lasprimeras.com.do\/wp-content\/uploads\/2023\/10\/Limber-Cruz-1.jpg","jetpack-related-posts":[{"id":85644,"url":"https:\/\/lasprimeras.com.do\/index.php\/2024\/07\/04\/agricultura-auxilia-zonas-agricolas-afectadas-por-huracan-beryl\/","url_meta":{"origin":115365,"position":0},"title":"Agricultura auxilia zonas agr\u00edcolas afectadas por hurac\u00e1n Beryl","author":"Nelson Feliz","date":"4 de julio de 2024","format":false,"excerpt":"Barahona.- El Ministerio de Agricultura acudi\u00f3 en auxilio inmediato de productores del sur afectados por los efectos indirectos del hurac\u00e1n Beryl. Seg\u00fan el informe preliminar levantado por t\u00e9cnicos de la Regional Sur, Beryl caus\u00f3 da\u00f1os moderados a 846 productores con unas 13 mil 815 tareas de producci\u00f3n de pl\u00e1tanos, caf\u00e9,\u2026","rel":"","context":"En \u00abECONOM\u00cdA\u00bb","block_context":{"text":"ECONOM\u00cdA","link":"https:\/\/lasprimeras.com.do\/index.php\/category\/economia\/"},"img":{"alt_text":"","src":"https:\/\/i0.wp.com\/lasprimeras.com.do\/wp-content\/uploads\/2024\/07\/AGRIC.jpg?resize=350%2C200&ssl=1","width":350,"height":200,"srcset":"https:\/\/i0.wp.com\/lasprimeras.com.do\/wp-content\/uploads\/2024\/07\/AGRIC.jpg?resize=350%2C200&ssl=1 1x, https:\/\/i0.wp.com\/lasprimeras.com.do\/wp-content\/uploads\/2024\/07\/AGRIC.jpg?resize=525%2C300&ssl=1 1.5x, https:\/\/i0.wp.com\/lasprimeras.com.do\/wp-content\/uploads\/2024\/07\/AGRIC.jpg?resize=700%2C400&ssl=1 2x"},"classes":[]},{"id":113033,"url":"https:\/\/lasprimeras.com.do\/index.php\/2025\/10\/29\/anpa-acusa-al-ministro-de-agricultura-de-inflar-cifras-de-danos-por-melisa\/","url_meta":{"origin":115365,"position":1},"title":"ANPA acusa al ministro de Agricultura de inflar cifras de da\u00f1os por Melisa","author":"Nelson Feliz","date":"29 de octubre de 2025","format":false,"excerpt":"La Asociaci\u00f3n Nacional de Profesionales Agropecuarios (ANPA) acusa al Ministerio de Agricultura de presentar cifras de da\u00f1os de la tormenta Melissa groseramente infladas y carentes de todo rigor t\u00e9cnico, en lo que califica como \u201cun fraude t\u00e9cnico y una mentira descarada al pa\u00eds\u201d. As\u00ed lo afirm\u00f3 el Agr\u00f3n. V\u00edctor Hugo\u2026","rel":"","context":"En \u00abNACIONALES\u00bb","block_context":{"text":"NACIONALES","link":"https:\/\/lasprimeras.com.do\/index.php\/category\/nacionales\/"},"img":{"alt_text":"V\u00edctor Hugo (Tito) Hern\u00e1ndez","src":"https:\/\/i0.wp.com\/lasprimeras.com.do\/wp-content\/uploads\/2025\/10\/Victor-Hugo-Tito-Hernandez.jpeg?resize=350%2C200&ssl=1","width":350,"height":200,"srcset":"https:\/\/i0.wp.com\/lasprimeras.com.do\/wp-content\/uploads\/2025\/10\/Victor-Hugo-Tito-Hernandez.jpeg?resize=350%2C200&ssl=1 1x, https:\/\/i0.wp.com\/lasprimeras.com.do\/wp-content\/uploads\/2025\/10\/Victor-Hugo-Tito-Hernandez.jpeg?resize=525%2C300&ssl=1 1.5x, https:\/\/i0.wp.com\/lasprimeras.com.do\/wp-content\/uploads\/2025\/10\/Victor-Hugo-Tito-Hernandez.jpeg?resize=700%2C400&ssl=1 2x, https:\/\/i0.wp.com\/lasprimeras.com.do\/wp-content\/uploads\/2025\/10\/Victor-Hugo-Tito-Hernandez.jpeg?resize=1050%2C600&ssl=1 3x"},"classes":[]},{"id":113115,"url":"https:\/\/lasprimeras.com.do\/index.php\/2025\/10\/30\/gobierno-envia-equipos-pesados-a-zonas-agricolas-afectadas-por-la-tormenta-melissa\/","url_meta":{"origin":115365,"position":2},"title":"Gobierno env\u00eda equipos pesados a zonas agr\u00edcolas afectadas por la tormenta Melissa","author":"Nelson Feliz","date":"30 de octubre de 2025","format":false,"excerpt":"Accionar\u00e1n en caminos rurales, limpieza de canales de riego, adem\u00e1s de brigadas de apoyo para productores. El Ministerio de Agricultura dispuso el env\u00edo de equipos pesados amarillos que operan en las principales zonas agr\u00edcolas afectadas por el paso de la tormenta Melissa. Los equipos amarillos incluyen retroexcavadoras, bulldozers, palas mec\u00e1nicas\u2026","rel":"","context":"En \u00abNACIONALES\u00bb","block_context":{"text":"NACIONALES","link":"https:\/\/lasprimeras.com.do\/index.php\/category\/nacionales\/"},"img":{"alt_text":"","src":"https:\/\/i0.wp.com\/lasprimeras.com.do\/wp-content\/uploads\/2025\/10\/equipos-pesados.jpg?resize=350%2C200&ssl=1","width":350,"height":200,"srcset":"https:\/\/i0.wp.com\/lasprimeras.com.do\/wp-content\/uploads\/2025\/10\/equipos-pesados.jpg?resize=350%2C200&ssl=1 1x, https:\/\/i0.wp.com\/lasprimeras.com.do\/wp-content\/uploads\/2025\/10\/equipos-pesados.jpg?resize=525%2C300&ssl=1 1.5x, https:\/\/i0.wp.com\/lasprimeras.com.do\/wp-content\/uploads\/2025\/10\/equipos-pesados.jpg?resize=700%2C400&ssl=1 2x, https:\/\/i0.wp.com\/lasprimeras.com.do\/wp-content\/uploads\/2025\/10\/equipos-pesados.jpg?resize=1050%2C600&ssl=1 3x"},"classes":[]},{"id":83723,"url":"https:\/\/lasprimeras.com.do\/index.php\/2024\/05\/23\/ministro-de-agricultura-auxilia-productores-linea-noroeste-luego-de-tornado\/","url_meta":{"origin":115365,"position":3},"title":"Ministro de Agricultura auxilia productores l\u00ednea noroeste luego de tornado","author":"Nelson Feliz","date":"23 de mayo de 2024","format":false,"excerpt":"Ministro de Agricultura, por mandato del presidente Luis Abinader, acude en auxilio de productores agropecuarios de los municipios Las Matas de Santa Cruz, Pepillo Salcedo, Guayubin y San Fernando en la provincia Monte Cristi. Estas localidades fueron afectadas por un fuerte tornado, acompa\u00f1ado de granizos, este pasado 21 de mayo.\u2026","rel":"","context":"En \u00abNACIONALES\u00bb","block_context":{"text":"NACIONALES","link":"https:\/\/lasprimeras.com.do\/index.php\/category\/nacionales\/"},"img":{"alt_text":"AGRICULTURA","src":"https:\/\/i0.wp.com\/lasprimeras.com.do\/wp-content\/uploads\/2024\/05\/photo_1.jpeg?resize=350%2C200&ssl=1","width":350,"height":200,"srcset":"https:\/\/i0.wp.com\/lasprimeras.com.do\/wp-content\/uploads\/2024\/05\/photo_1.jpeg?resize=350%2C200&ssl=1 1x, https:\/\/i0.wp.com\/lasprimeras.com.do\/wp-content\/uploads\/2024\/05\/photo_1.jpeg?resize=525%2C300&ssl=1 1.5x, https:\/\/i0.wp.com\/lasprimeras.com.do\/wp-content\/uploads\/2024\/05\/photo_1.jpeg?resize=700%2C400&ssl=1 2x, https:\/\/i0.wp.com\/lasprimeras.com.do\/wp-content\/uploads\/2024\/05\/photo_1.jpeg?resize=1050%2C600&ssl=1 3x"},"classes":[]},{"id":114207,"url":"https:\/\/lasprimeras.com.do\/index.php\/2025\/11\/12\/hector-guzman-advierte-precios-alimentos-continuaran-aumentando-en-rd\/","url_meta":{"origin":115365,"position":4},"title":"H\u00e9ctor Guzm\u00e1n advierte precios alimentos continuar\u00e1n aumentando en RD","author":"Nelson Feliz","date":"12 de noviembre de 2025","format":false,"excerpt":"El vicepresidente del Partido Revolucionario Dominicano (PRD) H\u00e9ctor Guzm\u00e1n, advirti\u00f3 que los precios de los alimentos continuar\u00e1n aumentando en las pr\u00f3ximas semanas debido a la combinaci\u00f3n de problemas estructurales en la producci\u00f3n agr\u00edcola y los da\u00f1os ocasionados por la tormenta Melissa. Guzm\u00e1n, explic\u00f3 que los precios de las hortalizas, v\u00edveres,\u2026","rel":"","context":"En \u00abPOLITICA\u00bb","block_context":{"text":"POLITICA","link":"https:\/\/lasprimeras.com.do\/index.php\/category\/politica\/"},"img":{"alt_text":"H\u00e9ctor Guzm\u00e1n","src":"https:\/\/i0.wp.com\/lasprimeras.com.do\/wp-content\/uploads\/2025\/11\/Hector-Guzman-1.png?resize=350%2C200&ssl=1","width":350,"height":200,"srcset":"https:\/\/i0.wp.com\/lasprimeras.com.do\/wp-content\/uploads\/2025\/11\/Hector-Guzman-1.png?resize=350%2C200&ssl=1 1x, https:\/\/i0.wp.com\/lasprimeras.com.do\/wp-content\/uploads\/2025\/11\/Hector-Guzman-1.png?resize=525%2C300&ssl=1 1.5x"},"classes":[]},{"id":84099,"url":"https:\/\/lasprimeras.com.do\/index.php\/2024\/05\/30\/inespre-inicia-compra-14-millones-de-platanos-a-productores-de-salcedo-villa-tapia-moca-y-la-vega\/","url_meta":{"origin":115365,"position":5},"title":"Inespre inicia compra 14 millones de pl\u00e1tanos a productores de Salcedo, Villa Tapia,\u00a0Moca y\u00a0La Vega","author":"Nelson Feliz","date":"30 de mayo de 2024","format":false,"excerpt":"El Instituto Nacional de Estabilizaci\u00f3n de Precios (INESPRE) inici\u00f3 la compra de\u00a014 millones de unidades de pl\u00e1tanos a productores de Salcedo, Villa Tapia, Moca y La Vega que resultaron afectados por un ventarr\u00f3n, tormentas el\u00e9ctricas y fuertes lluvias recientemente, por un monto 70 millones de pesos.\u00a0 El producto es comercializado\u2026","rel":"","context":"En \u00abECONOM\u00cdA\u00bb","block_context":{"text":"ECONOM\u00cdA","link":"https:\/\/lasprimeras.com.do\/index.php\/category\/economia\/"},"img":{"alt_text":"pl\u00e1tanos","src":"https:\/\/i0.wp.com\/lasprimeras.com.do\/wp-content\/uploads\/2024\/05\/platanos-1.jpg?resize=350%2C200&ssl=1","width":350,"height":200,"srcset":"https:\/\/i0.wp.com\/lasprimeras.com.do\/wp-content\/uploads\/2024\/05\/platanos-1.jpg?resize=350%2C200&ssl=1 1x, https:\/\/i0.wp.com\/lasprimeras.com.do\/wp-content\/uploads\/2024\/05\/platanos-1.jpg?resize=525%2C300&ssl=1 1.5x"},"classes":[]}],"jetpack_sharing_enabled":true,"_links":{"self":[{"href":"https:\/\/lasprimeras.com.do\/index.php\/wp-json\/wp\/v2\/posts\/115365","targetHints":{"allow":["GET"]}}],"collection":[{"href":"https:\/\/lasprimeras.com.do\/index.php\/wp-json\/wp\/v2\/posts"}],"about":[{"href":"https:\/\/lasprimeras.com.do\/index.php\/wp-json\/wp\/v2\/types\/post"}],"author":[{"embeddable":true,"href":"https:\/\/lasprimeras.com.do\/index.php\/wp-json\/wp\/v2\/users\/10"}],"replies":[{"embeddable":true,"href":"https:\/\/lasprimeras.com.do\/index.php\/wp-json\/wp\/v2\/comments?post=115365"}],"version-history":[{"count":1,"href":"https:\/\/lasprimeras.com.do\/index.php\/wp-json\/wp\/v2\/posts\/115365\/revisions"}],"predecessor-version":[{"id":115366,"href":"https:\/\/lasprimeras.com.do\/index.php\/wp-json\/wp\/v2\/posts\/115365\/revisions\/115366"}],"wp:featuredmedia":[{"embeddable":true,"href":"https:\/\/lasprimeras.com.do\/index.php\/wp-json\/wp\/v2\/media\/62057"}],"wp:attachment":[{"href":"https:\/\/lasprimeras.com.do\/index.php\/wp-json\/wp\/v2\/media?parent=115365"}],"wp:term":[{"taxonomy":"category","embeddable":true,"href":"https:\/\/lasprimeras.com.do\/index.php\/wp-json\/wp\/v2\/categories?post=115365"},{"taxonomy":"post_tag","embeddable":true,"href":"https:\/\/lasprimeras.com.do\/index.php\/wp-json\/wp\/v2\/tags?post=115365"}],"curies":[{"name":"wp","href":"https:\/\/api.w.org\/{rel}","templated":true}]}}