{"id":115379,"date":"2025-11-21T10:09:52","date_gmt":"2025-11-21T14:09:52","guid":{"rendered":"https:\/\/lasprimeras.com.do\/?p=115379"},"modified":"2025-11-21T10:09:54","modified_gmt":"2025-11-21T14:09:54","slug":"nini-caffaro-el-rey-de-los-festivales-relata-su-trayectoria-y-el-historico-tercer-lugar-en-brasil","status":"publish","type":"post","link":"https:\/\/lasprimeras.com.do\/index.php\/2025\/11\/21\/nini-caffaro-el-rey-de-los-festivales-relata-su-trayectoria-y-el-historico-tercer-lugar-en-brasil\/","title":{"rendered":"Nin\u00ed C\u00e1ffaro, &#8220;El Rey de los Festivales&#8221;, relata su trayectoria y el hist\u00f3rico tercer lugar en Brasil"},"content":{"rendered":"\n<p>La canci\u00f3n &#8220;Por Amor&#8221; cumple 56 a\u00f1os.<\/p>\n\n\n\n<p>El reconocido cantante dominicano Erasmo Alfonso C\u00e1ffaro Dur\u00e1n, mejor conocido como Nin\u00ed C\u00e1ffaro o &#8220;El Rey de los Festivales&#8221;, comparti\u00f3 detalles \u00edntimos y momentos cumbres de su extensa carrera art\u00edstica y profesional en una entrevista para el programa &#8220;A Diario&#8221; en la emisora Sentido 89.3FM.<\/p>\n\n\n\n<p>C\u00e1ffaro, int\u00e9rprete de la ic\u00f3nica canci\u00f3n &#8220;Por Amor&#8221; del maestro Rafael Solano, a quien calific\u00f3 como &#8220;lo m\u00e1ximo&#8221; en su trayectoria, rememor\u00f3 su hist\u00f3rica participaci\u00f3n en el Festival Internacional de la Canci\u00f3n de Brasil, celebrado el 21 de noviembre de 1973.<\/p>\n\n\n\n<p>En aquel evento, donde represent\u00f3 a la Rep\u00fablica Dominicana, logr\u00f3 alzarse con el tercer lugar con el tema &#8220;El juicio final&#8221;, tambi\u00e9n de la autor\u00eda de Solano.<\/p>\n\n\n\n<p>El artista narr\u00f3 que, en el balotaje, obtuvo 173 puntos frente a 168 de sus competidores, y que, en un momento, estuvo liderando la competencia.<\/p>\n\n\n\n<p>Curiosamente, figuras de la talla de Camilo Sesto quedaron en quinto lugar, mientras que el primer puesto fue para el cantante Set Ray. El evento fue patrocinado por Adriano Fern\u00e1ndez en Brasil.<\/p>\n\n\n\n<p>El maestro C\u00e1ffaro, quien ha recibido la medalla de oro en otro festival en M\u00e9xico y fue el primer dominicano en asistir a un festival internacional en 1969, destac\u00f3 que del arte &#8220;uno nunca se jubila&#8221;.<\/p>\n\n\n\n<p>Hizo un recuento de sus inicios, grabando su primera canci\u00f3n en 1961 (&#8220;Violeta&#8221;, &#8220;Coraz\u00f3n no miente&#8221;, &#8220;Ay\u00fadame a olvidar&#8221;) y su paso por Rahintel el 14 de febrero de 1969 en &#8220;La Hora del Moro&#8221;.<\/p>\n\n\n\n<p>Revel\u00f3 que rompi\u00f3 r\u00e9cords con el tema &#8220;En ruinas&#8221; que fue grabado despu\u00e9s de la Revoluci\u00f3n de abril de 1965, recuerda que el tambien artista dominicano Anibal de Pe\u00f1a sonaba fuertemente en la radio nacional con la cancion Mi debilidad.<\/p>\n\n\n\n<p>A pesar de su \u00e9xito musical, C\u00e1ffaro nunca se dedic\u00f3 exclusivamente al arte. Se gradu\u00f3 de contabilidad en la Universidad Autonoma de Santo Domingo -UASD- en 1967 y entend\u00eda que vivir solo del arte era dif\u00edcil en esa \u00e9poca, mencionando a Anthony R\u00edos y Sonia Silvestre quienes se dedicaron al arte y pudieron sobrevivir de esa forma.<\/p>\n\n\n\n<p>Su carrera profesional incluye 26 a\u00f1os como director del Departamento de la Malaria en Salud P\u00fablica del Estado Dominicano y 10 a\u00f1os como director del Teatro Nacional, adem\u00e1s trabajo por muchos a\u00f1os en la Cervecer\u00eda Nacional Dominicana. Dijo que este 25 de Noviembre cumplira 87 a\u00f1os.<\/p>\n","protected":false},"excerpt":{"rendered":"<p>La canci\u00f3n &#8220;Por Amor&#8221; cumple 56 a\u00f1os. El reconocido cantante dominicano Erasmo Alfonso C\u00e1ffaro Dur\u00e1n, mejor conocido como Nin\u00ed C\u00e1ffaro o &#8220;El Rey de los Festivales&#8221;, comparti\u00f3 detalles \u00edntimos y&hellip;<\/p>\n","protected":false},"author":10,"featured_media":115380,"comment_status":"open","ping_status":"open","sticky":false,"template":"","format":"standard","meta":{"content-type":"","jetpack_post_was_ever_published":false,"_jetpack_newsletter_access":"","_jetpack_dont_email_post_to_subs":false,"_jetpack_newsletter_tier_id":0,"_jetpack_memberships_contains_paywalled_content":false,"_jetpack_memberships_contains_paid_content":false,"footnotes":""},"categories":[84],"tags":[3519,27579,2745,27580,14519,2948],"class_list":["post-115379","post","type-post","status-publish","format-standard","has-post-thumbnail","hentry","category-entretenimiento","tag-brasil","tag-el-rey-de-los-festivales","tag-historico","tag-nini-caffaro","tag-tercer-lugar","tag-trayectoria"],"jetpack_featured_media_url":"https:\/\/lasprimeras.com.do\/wp-content\/uploads\/2025\/11\/Nini-Caffaro.jpeg","jetpack-related-posts":[{"id":74522,"url":"https:\/\/lasprimeras.com.do\/index.php\/2024\/01\/24\/las-leyendas-del-humor-roberto-salcedo-y-cuquin-victoria-se-unen-en-la-comedia-la-tercera-edad\/","url_meta":{"origin":115379,"position":0},"title":"Las leyendas del humor Roberto Salcedo y Cuqu\u00edn Victoria se unen en la comedia &#8220;La tercera edad&#8221;","author":"BIMARY DE JES\u00daS Matos","date":"24 de enero de 2024","format":false,"excerpt":"Santo Domingo.-En un animado encuentro con la prensa, realizado en el atrio principal de \u00c1gora Mall de Santo Domingo, se confirm\u00f3 los detalles del estreno de la pel\u00edcula \u00abLa Tercera Edad\u00bb. La producci\u00f3n es dirigida por Archie L\u00f3pez y protagonizada por dos emblem\u00e1ticas figuras del arte popular dominicano, Roberto Salcedo\u2026","rel":"","context":"En \u00abENTRETENIMIENTO\u00bb","block_context":{"text":"ENTRETENIMIENTO","link":"https:\/\/lasprimeras.com.do\/index.php\/category\/entretenimiento\/"},"img":{"alt_text":"","src":"https:\/\/i0.wp.com\/lasprimeras.com.do\/wp-content\/uploads\/2024\/01\/WhatsApp-Image-2024-01-22-at-9.27.36-AM-2-4.webp?resize=350%2C200&ssl=1","width":350,"height":200,"srcset":"https:\/\/i0.wp.com\/lasprimeras.com.do\/wp-content\/uploads\/2024\/01\/WhatsApp-Image-2024-01-22-at-9.27.36-AM-2-4.webp?resize=350%2C200&ssl=1 1x, https:\/\/i0.wp.com\/lasprimeras.com.do\/wp-content\/uploads\/2024\/01\/WhatsApp-Image-2024-01-22-at-9.27.36-AM-2-4.webp?resize=525%2C300&ssl=1 1.5x"},"classes":[]},{"id":74546,"url":"https:\/\/lasprimeras.com.do\/index.php\/2024\/01\/24\/la-tercera-edad-cuquin-victoria-y-roberto-salcedo-en-la-nueva-comedia-de-archie-lopez\/","url_meta":{"origin":115379,"position":1},"title":"\u201cLa Tercera Edad\u201d, Cuqu\u00edn Victoria y Roberto Salcedo en la nueva comedia de Archie L\u00f3pez","author":"Nelson Feliz","date":"24 de enero de 2024","format":false,"excerpt":"En un animado encuentro con la prensa, realizado en el atrio principal de \u00c1gora Mall de Santo Domingo, fueron ofrecidos los detalles del estreno de la pel\u00edcula \"La Tercera Edad\".\u00a0La producci\u00f3n es dirigida por Archie L\u00f3pez y protagonizada por dos emblem\u00e1ticas figuras del arte popular dominicano, Roberto Salcedo y Cuqu\u00edn\u2026","rel":"","context":"En \u00abENTRETENIMIENTO\u00bb","block_context":{"text":"ENTRETENIMIENTO","link":"https:\/\/lasprimeras.com.do\/index.php\/category\/entretenimiento\/"},"img":{"alt_text":"Alexander Lo\u0301pez, Madelyn Marti\u0301nez, Cuquin Victoria, Roberto Salcedo, Archie Lo\u0301pez, Desiree Reyes","src":"https:\/\/i0.wp.com\/lasprimeras.com.do\/wp-content\/uploads\/2024\/01\/Alexander-Lopez-Madelyn-Martinez-Cuquin-Victoria-Roberto-Salcedo-Archie-Lopez-Desiree-Reyes.jpg?resize=350%2C200&ssl=1","width":350,"height":200,"srcset":"https:\/\/i0.wp.com\/lasprimeras.com.do\/wp-content\/uploads\/2024\/01\/Alexander-Lopez-Madelyn-Martinez-Cuquin-Victoria-Roberto-Salcedo-Archie-Lopez-Desiree-Reyes.jpg?resize=350%2C200&ssl=1 1x, https:\/\/i0.wp.com\/lasprimeras.com.do\/wp-content\/uploads\/2024\/01\/Alexander-Lopez-Madelyn-Martinez-Cuquin-Victoria-Roberto-Salcedo-Archie-Lopez-Desiree-Reyes.jpg?resize=525%2C300&ssl=1 1.5x, https:\/\/i0.wp.com\/lasprimeras.com.do\/wp-content\/uploads\/2024\/01\/Alexander-Lopez-Madelyn-Martinez-Cuquin-Victoria-Roberto-Salcedo-Archie-Lopez-Desiree-Reyes.jpg?resize=700%2C400&ssl=1 2x"},"classes":[]},{"id":86067,"url":"https:\/\/lasprimeras.com.do\/index.php\/2024\/07\/16\/senado-aprueba-y-modifica-proyecto-de-ley-prohibe-uso-hookah-en-lugares-publicos-y-privados\/","url_meta":{"origin":115379,"position":2},"title":"Senado aprueba y modifica proyecto de Ley proh\u00edbe uso hookah en lugares p\u00fablicos y privados","author":"Nelson Feliz","date":"16 de julio de 2024","format":false,"excerpt":"El Senado de la Rep\u00fablica aprob\u00f3 este martes en primera lectura, el proyecto de ley que modifica el art\u00edculo 3, de la Ley 16-19, que proh\u00edbe el uso de la Hookah en lugares p\u00fablicos y privados a los fines de prevenir enfermedades y proteger el medio ambiente. La iniciativa presentada\u2026","rel":"","context":"En \u00abNACIONALES\u00bb","block_context":{"text":"NACIONALES","link":"https:\/\/lasprimeras.com.do\/index.php\/category\/nacionales\/"},"img":{"alt_text":"","src":"https:\/\/i0.wp.com\/lasprimeras.com.do\/wp-content\/uploads\/2024\/07\/Ricardo-de-los-Santos-4.jpg?resize=350%2C200&ssl=1","width":350,"height":200,"srcset":"https:\/\/i0.wp.com\/lasprimeras.com.do\/wp-content\/uploads\/2024\/07\/Ricardo-de-los-Santos-4.jpg?resize=350%2C200&ssl=1 1x, https:\/\/i0.wp.com\/lasprimeras.com.do\/wp-content\/uploads\/2024\/07\/Ricardo-de-los-Santos-4.jpg?resize=525%2C300&ssl=1 1.5x"},"classes":[]},{"id":90456,"url":"https:\/\/lasprimeras.com.do\/index.php\/2024\/10\/21\/federacion-de-comerciantes-galardona-a-pepin-corripio-en-su-50-aniversario\/","url_meta":{"origin":115379,"position":3},"title":"Federaci\u00f3n de Comerciantes galardona a Pep\u00edn Corripio en su 50 Aniversario","author":"Nelson Feliz","date":"21 de octubre de 2024","format":false,"excerpt":"La Federaci\u00f3n Dominicana de Comerciantes (FDC) otorg\u00f3 al empresario Jos\u00e9 Lu\u00eds Corripio Estrada (Pep\u00edn) el Gran Premio a la Excelencia Comercial en la Gran Gala de Oro realizada en el Teatro Nacional con motivo de su 50 aniversario.\u00a0\u00a0\u00a0\u00a0\u00a0\u00a0\u00a0\u00a0\u00a0\u00a0\u00a0\u00a0\u00a0\u00a0\u00a0\u00a0\u00a0 La actividad fue encabezada por el presidente de la entidad, Iv\u00e1n de\u2026","rel":"","context":"En \u00abECONOM\u00cdA\u00bb","block_context":{"text":"ECONOM\u00cdA","link":"https:\/\/lasprimeras.com.do\/index.php\/category\/economia\/"},"img":{"alt_text":"Jos\u00e9 Lu\u00eds Corripio Estrada","src":"https:\/\/i0.wp.com\/lasprimeras.com.do\/wp-content\/uploads\/2024\/10\/Jose-Luis-Corripio-Estrada.jpg?resize=350%2C200&ssl=1","width":350,"height":200,"srcset":"https:\/\/i0.wp.com\/lasprimeras.com.do\/wp-content\/uploads\/2024\/10\/Jose-Luis-Corripio-Estrada.jpg?resize=350%2C200&ssl=1 1x, https:\/\/i0.wp.com\/lasprimeras.com.do\/wp-content\/uploads\/2024\/10\/Jose-Luis-Corripio-Estrada.jpg?resize=525%2C300&ssl=1 1.5x"},"classes":[]},{"id":86475,"url":"https:\/\/lasprimeras.com.do\/index.php\/2024\/07\/26\/senado-reconoce-al-musico-clasico-jose-antonio-molina-por-sus-aportes-al-arte\/","url_meta":{"origin":115379,"position":4},"title":"Senado reconoce al m\u00fasico cl\u00e1sico Jos\u00e9 Antonio Molina por sus aportes al arte","author":"Nelson Feliz","date":"26 de julio de 2024","format":false,"excerpt":"El presidente del Senado, Ricardo de los Santos encabez\u00f3 la entrega de un pergamino de reconocimiento al director de la Orquesta Sinf\u00f3nica Nacional, Jos\u00e9 Antonio Molina por sus aportes a la m\u00fasica, el arte y la cultura dominicana. Durante la actividad, el presidente del Senado destac\u00f3 la gran trayectoria del\u2026","rel":"","context":"En \u00abENTRETENIMIENTO\u00bb","block_context":{"text":"ENTRETENIMIENTO","link":"https:\/\/lasprimeras.com.do\/index.php\/category\/entretenimiento\/"},"img":{"alt_text":"Jos\u00e9 Antonio Molina","src":"https:\/\/i0.wp.com\/lasprimeras.com.do\/wp-content\/uploads\/2024\/07\/Jose-Antonio-Molina-1.jpg?resize=350%2C200&ssl=1","width":350,"height":200,"srcset":"https:\/\/i0.wp.com\/lasprimeras.com.do\/wp-content\/uploads\/2024\/07\/Jose-Antonio-Molina-1.jpg?resize=350%2C200&ssl=1 1x, https:\/\/i0.wp.com\/lasprimeras.com.do\/wp-content\/uploads\/2024\/07\/Jose-Antonio-Molina-1.jpg?resize=525%2C300&ssl=1 1.5x, https:\/\/i0.wp.com\/lasprimeras.com.do\/wp-content\/uploads\/2024\/07\/Jose-Antonio-Molina-1.jpg?resize=700%2C400&ssl=1 2x"},"classes":[]},{"id":87237,"url":"https:\/\/lasprimeras.com.do\/index.php\/2024\/08\/08\/el-ballet-folklorico-representa-a-rd-en-el-festival-danzas-y-musica-del-mundo-en-francia\/","url_meta":{"origin":115379,"position":5},"title":"El Ballet Folkl\u00f3rico representa a RD en el Festival &#8220;Danzas y M\u00fasica del Mundo&#8221; en Francia","author":"Nelson Feliz","date":"8 de agosto de 2024","format":false,"excerpt":"El Ballet Folkl\u00f3rico Nacional Dominicano de la Direcci\u00f3n General de Bellas Artes ha sido honrado con una invitaci\u00f3n para participar en el prestigioso Festival \"Danzas y M\u00fasica del Mundo\u201d, que se celebrar\u00e1 en Francia, del 8 al 12 de agosto de este a\u00f1o. El BFND, que dirige la maestra Maritza\u2026","rel":"","context":"En \u00abENTRETENIMIENTO\u00bb","block_context":{"text":"ENTRETENIMIENTO","link":"https:\/\/lasprimeras.com.do\/index.php\/category\/entretenimiento\/"},"img":{"alt_text":"Ballet Folkl\u00f3rico Nacional","src":"https:\/\/i0.wp.com\/lasprimeras.com.do\/wp-content\/uploads\/2024\/08\/Ballet-Folklorico-Nacional.jpg?resize=350%2C200&ssl=1","width":350,"height":200,"srcset":"https:\/\/i0.wp.com\/lasprimeras.com.do\/wp-content\/uploads\/2024\/08\/Ballet-Folklorico-Nacional.jpg?resize=350%2C200&ssl=1 1x, https:\/\/i0.wp.com\/lasprimeras.com.do\/wp-content\/uploads\/2024\/08\/Ballet-Folklorico-Nacional.jpg?resize=525%2C300&ssl=1 1.5x, https:\/\/i0.wp.com\/lasprimeras.com.do\/wp-content\/uploads\/2024\/08\/Ballet-Folklorico-Nacional.jpg?resize=700%2C400&ssl=1 2x"},"classes":[]}],"jetpack_sharing_enabled":true,"_links":{"self":[{"href":"https:\/\/lasprimeras.com.do\/index.php\/wp-json\/wp\/v2\/posts\/115379","targetHints":{"allow":["GET"]}}],"collection":[{"href":"https:\/\/lasprimeras.com.do\/index.php\/wp-json\/wp\/v2\/posts"}],"about":[{"href":"https:\/\/lasprimeras.com.do\/index.php\/wp-json\/wp\/v2\/types\/post"}],"author":[{"embeddable":true,"href":"https:\/\/lasprimeras.com.do\/index.php\/wp-json\/wp\/v2\/users\/10"}],"replies":[{"embeddable":true,"href":"https:\/\/lasprimeras.com.do\/index.php\/wp-json\/wp\/v2\/comments?post=115379"}],"version-history":[{"count":1,"href":"https:\/\/lasprimeras.com.do\/index.php\/wp-json\/wp\/v2\/posts\/115379\/revisions"}],"predecessor-version":[{"id":115381,"href":"https:\/\/lasprimeras.com.do\/index.php\/wp-json\/wp\/v2\/posts\/115379\/revisions\/115381"}],"wp:featuredmedia":[{"embeddable":true,"href":"https:\/\/lasprimeras.com.do\/index.php\/wp-json\/wp\/v2\/media\/115380"}],"wp:attachment":[{"href":"https:\/\/lasprimeras.com.do\/index.php\/wp-json\/wp\/v2\/media?parent=115379"}],"wp:term":[{"taxonomy":"category","embeddable":true,"href":"https:\/\/lasprimeras.com.do\/index.php\/wp-json\/wp\/v2\/categories?post=115379"},{"taxonomy":"post_tag","embeddable":true,"href":"https:\/\/lasprimeras.com.do\/index.php\/wp-json\/wp\/v2\/tags?post=115379"}],"curies":[{"name":"wp","href":"https:\/\/api.w.org\/{rel}","templated":true}]}}