{"id":115396,"date":"2025-11-21T11:58:57","date_gmt":"2025-11-21T15:58:57","guid":{"rendered":"https:\/\/lasprimeras.com.do\/?p=115396"},"modified":"2025-11-21T11:58:59","modified_gmt":"2025-11-21T15:58:59","slug":"optica-oviedo-inaugura-oviedo-boutique-el-concepto-optico-mas-moderno-y-exclusivo-del-pais","status":"publish","type":"post","link":"https:\/\/lasprimeras.com.do\/index.php\/2025\/11\/21\/optica-oviedo-inaugura-oviedo-boutique-el-concepto-optico-mas-moderno-y-exclusivo-del-pais\/","title":{"rendered":"\u00d3ptica Oviedo inaugura Oviedo Boutique: el concepto \u00f3ptico m\u00e1s moderno y exclusivo del pa\u00eds"},"content":{"rendered":"\n<p><strong>La nueva sucursal combina tecnolog\u00eda de punta, servicio personalizado y un portafolio de marcas internacionales.<\/strong><\/p>\n\n\n\n<p>\u00d3ptica Oviedo inaugur\u00f3 su nueva sucursal Oviedo Boutique en la Ave. Tiradentes, un espacio concebido bajo los m\u00e1s altos est\u00e1ndares internacionales, dise\u00f1ado para ofrecer una experiencia visual moderna, exclusiva y enfocada en la excelencia del servicio.<\/p>\n\n\n\n<p>Las palabras centrales de la actividad estuvieron a cargo del director de Negocios y Relaciones Internacionales, Julio C\u00e9sar Oviedo, quien resalt\u00f3 que Boutique representa un espacio cuidadosamente dise\u00f1ado para ofrecer un servicio de clase mundial.<\/p>\n\n\n\n<figure class=\"wp-block-image size-full\"><img decoding=\"async\" width=\"900\" height=\"600\" src=\"https:\/\/lasprimeras.com.do\/wp-content\/uploads\/2025\/11\/Optica-Oviedo-2.jpg\" alt=\"\" class=\"wp-image-115398\" srcset=\"https:\/\/lasprimeras.com.do\/wp-content\/uploads\/2025\/11\/Optica-Oviedo-2.jpg 900w, https:\/\/lasprimeras.com.do\/wp-content\/uploads\/2025\/11\/Optica-Oviedo-2-300x200.jpg 300w, https:\/\/lasprimeras.com.do\/wp-content\/uploads\/2025\/11\/Optica-Oviedo-2-768x512.jpg 768w\" sizes=\"(max-width: 900px) 100vw, 900px\" \/><\/figure>\n\n\n\n<p>Subray\u00f3 que la sucursal cuenta con una selecci\u00f3n \u00fanica de marcas internacionales como Cartier, Charriol, Montblanc, Fendi, Gucci, Salvatore Ferragamo, entre otras firmas de prestigio de las cuales la empresa es distribuidor autorizado, ofreciendo opciones que van desde l\u00edneas de lujo hasta alternativas accesibles. Ya contamos con el laboratorio \u00f3ptico m\u00e1s moderno de Latinoam\u00e9rica.<\/p>\n\n\n\n<p>Hoy materializamos el sue\u00f1o de mi padre, Juan Oviedo, inaugurando la \u00f3ptica m\u00e1s grande, moderna y exclusiva del pa\u00eds.<\/p>\n\n\n\n<p>Oviedo Boutique con m\u00e1s de 456 metros cuadrados de construcci\u00f3n incorpora tambi\u00e9n Oviedo Kids, un \u00e1rea exclusiva dedicada a los m\u00e1s peque\u00f1os.<\/p>\n\n\n\n<figure class=\"wp-block-image size-full\"><img decoding=\"async\" width=\"900\" height=\"600\" src=\"https:\/\/lasprimeras.com.do\/wp-content\/uploads\/2025\/11\/Optica-Oviedo-1.jpg\" alt=\"\" class=\"wp-image-115399\" srcset=\"https:\/\/lasprimeras.com.do\/wp-content\/uploads\/2025\/11\/Optica-Oviedo-1.jpg 900w, https:\/\/lasprimeras.com.do\/wp-content\/uploads\/2025\/11\/Optica-Oviedo-1-300x200.jpg 300w, https:\/\/lasprimeras.com.do\/wp-content\/uploads\/2025\/11\/Optica-Oviedo-1-768x512.jpg 768w\" sizes=\"(max-width: 900px) 100vw, 900px\" \/><\/figure>\n\n\n\n<p>La nueva sucursal dispone de dos consultorios equipados con tecnolog\u00eda de \u00faltima generaci\u00f3n, donde especialistas realizan evaluaciones precisas y completas, as\u00ed como un laboratorio \u00f3ptico interno que permite la entrega de lentes en tiempo r\u00e9cord.<\/p>\n\n\n\n<p>A la actividad asistieron miembros de la administraci\u00f3n, colaboradores y representantes de los medios de comunicaci\u00f3n, quienes fueron testigos del lanzamiento de este nuevo concepto.<\/p>\n\n\n\n<p>Oviedo Boutique est\u00e1 ubicada en la Av. Tiradentes #35, Ensanche Naco, posicion\u00e1ndose como la opci\u00f3n m\u00e1s exclusiva, moderna y prestigiosa dentro del sector \u00f3ptico dominicano.<\/p>\n","protected":false},"excerpt":{"rendered":"<p>La nueva sucursal combina tecnolog\u00eda de punta, servicio personalizado y un portafolio de marcas internacionales. \u00d3ptica Oviedo inaugur\u00f3 su nueva sucursal Oviedo Boutique en la Ave. Tiradentes, un espacio concebido&hellip;<\/p>\n","protected":false},"author":10,"featured_media":115397,"comment_status":"open","ping_status":"open","sticky":false,"template":"","format":"standard","meta":{"content-type":"","jetpack_post_was_ever_published":false,"_jetpack_newsletter_access":"","_jetpack_dont_email_post_to_subs":false,"_jetpack_newsletter_tier_id":0,"_jetpack_memberships_contains_paywalled_content":false,"_jetpack_memberships_contains_paid_content":false,"footnotes":""},"categories":[84],"tags":[27588,27589,1932,11264,27587],"class_list":["post-115396","post","type-post","status-publish","format-standard","has-post-thumbnail","hentry","category-entretenimiento","tag-concepto-optico","tag-exclusivo","tag-moderno","tag-optica-oviedo","tag-oviedo-boutique"],"jetpack_featured_media_url":"https:\/\/lasprimeras.com.do\/wp-content\/uploads\/2025\/11\/Optica-Oviedo.jpg","jetpack-related-posts":[{"id":91656,"url":"https:\/\/lasprimeras.com.do\/index.php\/2024\/11\/30\/optica-oviedo-inaugura-nueva-sucursal-en-barahona\/","url_meta":{"origin":115396,"position":0},"title":"\u00d3ptica Oviedo inaugura nueva sucursal en Barahona","author":"Nelson Feliz","date":"30 de noviembre de 2024","format":false,"excerpt":"\u00d3ptica Oviedo ampl\u00eda su red de servicios en el pa\u00eds, llevando atenci\u00f3n visual de calidad a la pr\u00f3spera provincia de la regi\u00f3n sur. El acto inaugural cont\u00f3 con la presencia de invitados especiales, colaboradores y el cuerpo administrativo de la empresa, encabezado por Julio C\u00e9sar Oviedo, director de Producci\u00f3n y\u2026","rel":"","context":"En \u00abNACIONALES\u00bb","block_context":{"text":"NACIONALES","link":"https:\/\/lasprimeras.com.do\/index.php\/category\/nacionales\/"},"img":{"alt_text":"\u00d3ptica Oviedo","src":"https:\/\/i0.wp.com\/lasprimeras.com.do\/wp-content\/uploads\/2024\/11\/Optica-Oviedo.jpg?resize=350%2C200&ssl=1","width":350,"height":200,"srcset":"https:\/\/i0.wp.com\/lasprimeras.com.do\/wp-content\/uploads\/2024\/11\/Optica-Oviedo.jpg?resize=350%2C200&ssl=1 1x, https:\/\/i0.wp.com\/lasprimeras.com.do\/wp-content\/uploads\/2024\/11\/Optica-Oviedo.jpg?resize=525%2C300&ssl=1 1.5x, https:\/\/i0.wp.com\/lasprimeras.com.do\/wp-content\/uploads\/2024\/11\/Optica-Oviedo.jpg?resize=700%2C400&ssl=1 2x"},"classes":[]},{"id":74685,"url":"https:\/\/lasprimeras.com.do\/index.php\/2024\/01\/25\/optica-oviedo-inaugura-primer-laboratorio-optico-del-pais\/","url_meta":{"origin":115396,"position":1},"title":"\u00d3ptica Oviedo inaugura primer laboratorio \u00f3ptico del pa\u00eds","author":"Nelson Feliz","date":"25 de enero de 2024","format":false,"excerpt":"Acompa\u00f1ado de clientes, Ejecutivos de Medios de Comunicaci\u00f3n e invitados especiales. Los principales ejecutivos de la \u00d3ptica Oviedo, autoridades, familiares, colaboradores y ejecutivos de los medios de comunicaci\u00f3n, dejaron inaugurado el primer y m\u00e1s moderno laboratorio \u00f3ptico de Rep\u00fablica Dominicana y Latinoam\u00e9rica. El mismo est\u00e1 ubicado en la Respaldo Las\u2026","rel":"","context":"En \u00abSin categor\u00eda\u00bb","block_context":{"text":"Sin categor\u00eda","link":"https:\/\/lasprimeras.com.do\/index.php\/category\/sin-categoria\/"},"img":{"alt_text":"Optica Oviedo","src":"https:\/\/i0.wp.com\/lasprimeras.com.do\/wp-content\/uploads\/2024\/01\/Optica-Oviedo.jpg?resize=350%2C200&ssl=1","width":350,"height":200,"srcset":"https:\/\/i0.wp.com\/lasprimeras.com.do\/wp-content\/uploads\/2024\/01\/Optica-Oviedo.jpg?resize=350%2C200&ssl=1 1x, https:\/\/i0.wp.com\/lasprimeras.com.do\/wp-content\/uploads\/2024\/01\/Optica-Oviedo.jpg?resize=525%2C300&ssl=1 1.5x, https:\/\/i0.wp.com\/lasprimeras.com.do\/wp-content\/uploads\/2024\/01\/Optica-Oviedo.jpg?resize=700%2C400&ssl=1 2x"},"classes":[]},{"id":88208,"url":"https:\/\/lasprimeras.com.do\/index.php\/2024\/08\/23\/fundacion-oviedo-entrega-utiles-escolares-a-mas-de-100-ninos-en-moca\/","url_meta":{"origin":115396,"position":2},"title":"Fundaci\u00f3n Oviedo\u00a0entrega\u00a0\u00fatiles\u00a0escolares\u00a0en Moca","author":"Nelson Feliz","date":"23 de agosto de 2024","format":false,"excerpt":"La\u00a0actividad reafirma el compromiso de la Fundaci\u00f3n con el bienestar de la ni\u00f1ez dominicana. La Fundaci\u00f3n Oviedo llev\u00f3 a cabo una exitosa actividad de regreso a clases en la que m\u00e1s de 100 ni\u00f1os fueron beneficiados con \u00fatiles escolares, raciones alimenticias y premios sorpresas del Centro Educativo Milady Mar\u00eda Bencosme\u2026","rel":"","context":"En \u00abNACIONALES\u00bb","block_context":{"text":"NACIONALES","link":"https:\/\/lasprimeras.com.do\/index.php\/category\/nacionales\/"},"img":{"alt_text":"Fundaci\u00f3n Oviedo","src":"https:\/\/i0.wp.com\/lasprimeras.com.do\/wp-content\/uploads\/2024\/08\/Fundacion-Oviedo.jpg?resize=350%2C200&ssl=1","width":350,"height":200,"srcset":"https:\/\/i0.wp.com\/lasprimeras.com.do\/wp-content\/uploads\/2024\/08\/Fundacion-Oviedo.jpg?resize=350%2C200&ssl=1 1x, https:\/\/i0.wp.com\/lasprimeras.com.do\/wp-content\/uploads\/2024\/08\/Fundacion-Oviedo.jpg?resize=525%2C300&ssl=1 1.5x"},"classes":[]},{"id":102891,"url":"https:\/\/lasprimeras.com.do\/index.php\/2025\/07\/09\/robert-polanco-asegura-abinader-apuesta-al-desarrollo-de-pedernales-con-inversion-sin-precedentes\/","url_meta":{"origin":115396,"position":3},"title":"Robert Polanco asegura Abinader apuesta al desarrollo de Pedernales con inversi\u00f3n sin precedentes","author":"Nelson Feliz","date":"9 de julio de 2025","format":false,"excerpt":"Al encabezar una Jornada \u201cPrimero T\u00fa\u201d, el funcionario dijo que este Gobierno no espera; va donde est\u00e1 la gente, escucha, act\u00faa y transforma. El director de los Proyectos Estrat\u00e9gicos y Especiales de la Presidencia (Propeep) Robert Polanco asegur\u00f3 este mi\u00e9rcoles que el presidente Luis Abinader apuesta al desarrollo de Pedernales\u2026","rel":"","context":"En \u00abNACIONALES\u00bb","block_context":{"text":"NACIONALES","link":"https:\/\/lasprimeras.com.do\/index.php\/category\/nacionales\/"},"img":{"alt_text":"Robert Polanco","src":"https:\/\/i0.wp.com\/lasprimeras.com.do\/wp-content\/uploads\/2025\/07\/Robert-Polanco-1-1.jpg?resize=350%2C200&ssl=1","width":350,"height":200,"srcset":"https:\/\/i0.wp.com\/lasprimeras.com.do\/wp-content\/uploads\/2025\/07\/Robert-Polanco-1-1.jpg?resize=350%2C200&ssl=1 1x, https:\/\/i0.wp.com\/lasprimeras.com.do\/wp-content\/uploads\/2025\/07\/Robert-Polanco-1-1.jpg?resize=525%2C300&ssl=1 1.5x, https:\/\/i0.wp.com\/lasprimeras.com.do\/wp-content\/uploads\/2025\/07\/Robert-Polanco-1-1.jpg?resize=700%2C400&ssl=1 2x"},"classes":[]},{"id":123235,"url":"https:\/\/lasprimeras.com.do\/index.php\/2026\/02\/27\/presidente-abinader-republica-dominicana-entra-a-la-economia-espacial-con-puerto-en-oviedo\/","url_meta":{"origin":115396,"position":4},"title":"Presidente Abinader: \u00a0Rep\u00fablica Dominicana entra a la econom\u00eda espacial con puerto en Oviedo","author":"Nelson Feliz","date":"27 de febrero de 2026","format":false,"excerpt":"Durante su Rendici\u00f3n de Cuentas ante la Asamblea Nacional, en el marco del 182 aniversario de la Independencia Nacional, el presidente Luis Abinader, anunci\u00f3 este viernes que la Rep\u00fablica Dominicana firmo un acuerdo para la construcci\u00f3n de un puerto espacial comercial en Oviedo, provincia Pedernales, un proyecto que contempla una\u2026","rel":"","context":"En \u00abECONOM\u00cdA\u00bb","block_context":{"text":"ECONOM\u00cdA","link":"https:\/\/lasprimeras.com.do\/index.php\/category\/economia\/"},"img":{"alt_text":"","src":"https:\/\/i0.wp.com\/lasprimeras.com.do\/wp-content\/uploads\/2026\/02\/Luis-Abinader-c-1.jpg?resize=350%2C200&ssl=1","width":350,"height":200,"srcset":"https:\/\/i0.wp.com\/lasprimeras.com.do\/wp-content\/uploads\/2026\/02\/Luis-Abinader-c-1.jpg?resize=350%2C200&ssl=1 1x, https:\/\/i0.wp.com\/lasprimeras.com.do\/wp-content\/uploads\/2026\/02\/Luis-Abinader-c-1.jpg?resize=525%2C300&ssl=1 1.5x"},"classes":[]},{"id":86472,"url":"https:\/\/lasprimeras.com.do\/index.php\/2024\/07\/25\/fundacion-oviedo-reune-cientos-de-padres-para-conmemorar-su-dia\/","url_meta":{"origin":115396,"position":5},"title":"Fundaci\u00f3n Oviedo re\u00fane cientos de padres para conmemorar su d\u00eda","author":"Nelson Feliz","date":"25 de julio de 2024","format":false,"excerpt":"La Fundaci\u00f3n Oviedo celebr\u00f3 con exitosamente el D\u00eda de los Padres, donde se realiz\u00f3 una gran jornada oftalmol\u00f3gica para m\u00e1s de cien personas, quienes se beneficiaron con regalos, rifas y raciones alimenticias. Durante el evento, el presidente de la Fundaci\u00f3n Juan Oviedo, otorg\u00f3 a los invitados los electrodom\u00e9sticos sorteados en\u2026","rel":"","context":"En \u00abNACIONALES\u00bb","block_context":{"text":"NACIONALES","link":"https:\/\/lasprimeras.com.do\/index.php\/category\/nacionales\/"},"img":{"alt_text":"","src":"https:\/\/i0.wp.com\/lasprimeras.com.do\/wp-content\/uploads\/2024\/07\/Fundacion-Oviedo-1.jpg?resize=350%2C200&ssl=1","width":350,"height":200,"srcset":"https:\/\/i0.wp.com\/lasprimeras.com.do\/wp-content\/uploads\/2024\/07\/Fundacion-Oviedo-1.jpg?resize=350%2C200&ssl=1 1x, https:\/\/i0.wp.com\/lasprimeras.com.do\/wp-content\/uploads\/2024\/07\/Fundacion-Oviedo-1.jpg?resize=525%2C300&ssl=1 1.5x, https:\/\/i0.wp.com\/lasprimeras.com.do\/wp-content\/uploads\/2024\/07\/Fundacion-Oviedo-1.jpg?resize=700%2C400&ssl=1 2x"},"classes":[]}],"jetpack_sharing_enabled":true,"_links":{"self":[{"href":"https:\/\/lasprimeras.com.do\/index.php\/wp-json\/wp\/v2\/posts\/115396","targetHints":{"allow":["GET"]}}],"collection":[{"href":"https:\/\/lasprimeras.com.do\/index.php\/wp-json\/wp\/v2\/posts"}],"about":[{"href":"https:\/\/lasprimeras.com.do\/index.php\/wp-json\/wp\/v2\/types\/post"}],"author":[{"embeddable":true,"href":"https:\/\/lasprimeras.com.do\/index.php\/wp-json\/wp\/v2\/users\/10"}],"replies":[{"embeddable":true,"href":"https:\/\/lasprimeras.com.do\/index.php\/wp-json\/wp\/v2\/comments?post=115396"}],"version-history":[{"count":1,"href":"https:\/\/lasprimeras.com.do\/index.php\/wp-json\/wp\/v2\/posts\/115396\/revisions"}],"predecessor-version":[{"id":115400,"href":"https:\/\/lasprimeras.com.do\/index.php\/wp-json\/wp\/v2\/posts\/115396\/revisions\/115400"}],"wp:featuredmedia":[{"embeddable":true,"href":"https:\/\/lasprimeras.com.do\/index.php\/wp-json\/wp\/v2\/media\/115397"}],"wp:attachment":[{"href":"https:\/\/lasprimeras.com.do\/index.php\/wp-json\/wp\/v2\/media?parent=115396"}],"wp:term":[{"taxonomy":"category","embeddable":true,"href":"https:\/\/lasprimeras.com.do\/index.php\/wp-json\/wp\/v2\/categories?post=115396"},{"taxonomy":"post_tag","embeddable":true,"href":"https:\/\/lasprimeras.com.do\/index.php\/wp-json\/wp\/v2\/tags?post=115396"}],"curies":[{"name":"wp","href":"https:\/\/api.w.org\/{rel}","templated":true}]}}