{"id":115406,"date":"2025-11-21T12:37:37","date_gmt":"2025-11-21T16:37:37","guid":{"rendered":"https:\/\/lasprimeras.com.do\/?p=115406"},"modified":"2025-11-21T12:37:38","modified_gmt":"2025-11-21T16:37:38","slug":"banreservas-encabeza-con-rd135000-millones-financiamientos-a-sectores-de-la-region-norte","status":"publish","type":"post","link":"https:\/\/lasprimeras.com.do\/index.php\/2025\/11\/21\/banreservas-encabeza-con-rd135000-millones-financiamientos-a-sectores-de-la-region-norte\/","title":{"rendered":"Banreservas encabeza con RD$135,000 millones financiamientos a sectores de la regi\u00f3n norte"},"content":{"rendered":"\n<p><strong>Leonardo Aguilera informa que solo en Santiago los pr\u00e9stamos de la instituci\u00f3n financiera superan los RD$56,000 millones<\/strong><\/p>\n\n\n\n<p>El presidente ejecutivo del Banco de Reservas, doctor Leonardo Aguilera, inform\u00f3 que la cartera de cr\u00e9ditos de la instituci\u00f3n financiera en la regi\u00f3n norte se sit\u00faa en RD$135,000 millones, de los cuales RD$56,000 millones est\u00e1n colocados en Santiago.<\/p>\n\n\n\n<p>Al encabezar un encuentro con clientes de la zona norte, el ejecutivo bancario enfatiz\u00f3 que esas cifras reflejan el s\u00f3lido liderazgo de Banreservas y coloca al Cibao como epicentro para otorgar financiamientos a los diferentes sectores productivos de la regi\u00f3n.<\/p>\n\n\n\n<figure class=\"wp-block-image size-large\"><img decoding=\"async\" width=\"1024\" height=\"770\" src=\"https:\/\/lasprimeras.com.do\/wp-content\/uploads\/2025\/11\/Leonardo-Aguilera-3-1024x770.jpg\" alt=\"\" class=\"wp-image-115408\" srcset=\"https:\/\/lasprimeras.com.do\/wp-content\/uploads\/2025\/11\/Leonardo-Aguilera-3-1024x770.jpg 1024w, https:\/\/lasprimeras.com.do\/wp-content\/uploads\/2025\/11\/Leonardo-Aguilera-3-300x226.jpg 300w, https:\/\/lasprimeras.com.do\/wp-content\/uploads\/2025\/11\/Leonardo-Aguilera-3-768x578.jpg 768w, https:\/\/lasprimeras.com.do\/wp-content\/uploads\/2025\/11\/Leonardo-Aguilera-3.jpg 1280w\" sizes=\"(max-width: 1024px) 100vw, 1024px\" \/><\/figure>\n\n\n\n<p>\u201cBanreservas ha sido esencial en el desarrollo econ\u00f3mico, social y empresarial de la zona, contribuyendo al dinamismo que imprime el presidente de la Rep\u00fablica, Luis Abinader, con inversiones significativas y estrat\u00e9gicamente distribuidas en toda la regi\u00f3n\u201d, dijo.<\/p>\n\n\n\n<p>De la cartera colocada en la regi\u00f3n, RD$50,592 millones fueron destinados al consumo de bienes y servicios; RD$25,800 millones para la compra y remodelaci\u00f3n de viviendas, actividades inmobiliarias y construcci\u00f3n en general; RD$18,510 millones para el comercio mayorista y minorista, y otros RD$15,467 millones para la industria manufacturera.<\/p>\n\n\n\n<figure class=\"wp-block-image size-full\"><img decoding=\"async\" width=\"900\" height=\"580\" src=\"https:\/\/lasprimeras.com.do\/wp-content\/uploads\/2025\/11\/Leonardo-Aguilera-2-1.jpg\" alt=\"\" class=\"wp-image-115409\" srcset=\"https:\/\/lasprimeras.com.do\/wp-content\/uploads\/2025\/11\/Leonardo-Aguilera-2-1.jpg 900w, https:\/\/lasprimeras.com.do\/wp-content\/uploads\/2025\/11\/Leonardo-Aguilera-2-1-300x193.jpg 300w, https:\/\/lasprimeras.com.do\/wp-content\/uploads\/2025\/11\/Leonardo-Aguilera-2-1-768x495.jpg 768w\" sizes=\"(max-width: 900px) 100vw, 900px\" \/><\/figure>\n\n\n\n<p>Tambi\u00e9n se dispusieron RD$5,460 millones para explotaci\u00f3n de minas y canteras; RD$5,000 millones para servicios sociales y relacionados con la salud humana; RD$4,182 millones para transporte y almacenamiento, y RD$11,801 millones para actividades de organizaciones y \u00f3rganos extraterritoriales.<\/p>\n\n\n\n<p>Aguilera enfatiz\u00f3 que Banreservas pone a disposici\u00f3n de los clientes su larga y fruct\u00edfera experiencia de 84 a\u00f1os de respaldo a todos los sectores productivos, a los que consider\u00f3 como verdaderos generadores de empleos y de riquezas.<\/p>\n\n\n\n<figure class=\"wp-block-image size-full\"><img decoding=\"async\" width=\"900\" height=\"582\" src=\"https:\/\/lasprimeras.com.do\/wp-content\/uploads\/2025\/11\/Leonardo-Aguilera-3-1.jpg\" alt=\"\" class=\"wp-image-115410\" srcset=\"https:\/\/lasprimeras.com.do\/wp-content\/uploads\/2025\/11\/Leonardo-Aguilera-3-1.jpg 900w, https:\/\/lasprimeras.com.do\/wp-content\/uploads\/2025\/11\/Leonardo-Aguilera-3-1-300x194.jpg 300w, https:\/\/lasprimeras.com.do\/wp-content\/uploads\/2025\/11\/Leonardo-Aguilera-3-1-768x497.jpg 768w\" sizes=\"(max-width: 900px) 100vw, 900px\" \/><\/figure>\n\n\n\n<p>Agradeci\u00f3 a los clientes su lealtad y los defini\u00f3 como aliados estrat\u00e9gicos, sustentada en una relaci\u00f3n de negocios que ha garantizado excelentes resultados para el desarrollo de sus empresas y el bienestar del pa\u00eds.<\/p>\n\n\n\n<p>Al tradicional coctel, efectuado en el Club Banreservas en Santiago, asistieron empresarios, autoridades locales, relacionados y ejecutivos de Negocios del Banco.<\/p>\n","protected":false},"excerpt":{"rendered":"<p>Leonardo Aguilera informa que solo en Santiago los pr\u00e9stamos de la instituci\u00f3n financiera superan los RD$56,000 millones El presidente ejecutivo del Banco de Reservas, doctor Leonardo Aguilera, inform\u00f3 que la&hellip;<\/p>\n","protected":false},"author":10,"featured_media":115407,"comment_status":"open","ping_status":"open","sticky":false,"template":"","format":"standard","meta":{"content-type":"","jetpack_post_was_ever_published":false,"_jetpack_newsletter_access":"","_jetpack_dont_email_post_to_subs":false,"_jetpack_newsletter_tier_id":0,"_jetpack_memberships_contains_paywalled_content":false,"_jetpack_memberships_contains_paid_content":false,"footnotes":""},"categories":[39,25],"tags":[726,3294,11887],"class_list":["post-115406","post","type-post","status-publish","format-standard","has-post-thumbnail","hentry","category-economia","category-portada","tag-banreservas","tag-financiamientos","tag-region-norte"],"jetpack_featured_media_url":"https:\/\/lasprimeras.com.do\/wp-content\/uploads\/2025\/11\/Leonardo-Aguilera-1-1.jpg","jetpack-related-posts":[{"id":112988,"url":"https:\/\/lasprimeras.com.do\/index.php\/2025\/10\/29\/leonardo-aguilera-revela-que-la-cartera-de-credito-de-banreservasen-la-region-norte-supera-los-rd135415-millones\/","url_meta":{"origin":115406,"position":0},"title":"Leonardo Aguilera revela que la cartera de cr\u00e9dito de Banreservasen la regi\u00f3n norte supera los RD$135,415 millones","author":"Nelson Feliz","date":"29 de octubre de 2025","format":false,"excerpt":"Dice que la instituci\u00f3n financiera posee el 37.8% de la participaci\u00f3n del mercado; obispo valora respaldo a la regi\u00f3n El presidente ejecutivo del Banco de Reservas, doctor Leonardo Aguilera, inform\u00f3 este martes que la cartera de cr\u00e9dito de la instituci\u00f3n financiera en la regi\u00f3n norte supera los RD$135,415 millones, equivalente\u2026","rel":"","context":"En \u00abECONOM\u00cdA\u00bb","block_context":{"text":"ECONOM\u00cdA","link":"https:\/\/lasprimeras.com.do\/index.php\/category\/economia\/"},"img":{"alt_text":"","src":"https:\/\/i0.wp.com\/lasprimeras.com.do\/wp-content\/uploads\/2025\/10\/Leonardo-Aguilera-3.jpg?resize=350%2C200&ssl=1","width":350,"height":200,"srcset":"https:\/\/i0.wp.com\/lasprimeras.com.do\/wp-content\/uploads\/2025\/10\/Leonardo-Aguilera-3.jpg?resize=350%2C200&ssl=1 1x, https:\/\/i0.wp.com\/lasprimeras.com.do\/wp-content\/uploads\/2025\/10\/Leonardo-Aguilera-3.jpg?resize=525%2C300&ssl=1 1.5x, https:\/\/i0.wp.com\/lasprimeras.com.do\/wp-content\/uploads\/2025\/10\/Leonardo-Aguilera-3.jpg?resize=700%2C400&ssl=1 2x"},"classes":[]},{"id":108943,"url":"https:\/\/lasprimeras.com.do\/index.php\/2025\/09\/11\/aguilera-anuncia-que-banreservas-dispone-de-rd7000-millones-para-financiar-a-sectores-productivos-con-tasas-especiales\/","url_meta":{"origin":115406,"position":1},"title":"Banreservas financiara sectores productivos con tasas especiales","author":"Nelson Feliz","date":"11 de septiembre de 2025","format":false,"excerpt":"El presidente ejecutivo del Banco de Reservas, doctor Leonardo Aguilera, anunci\u00f3 que la instituci\u00f3n dispone de RD$7,000 millones para financiar a los sectores productivos nacionales con tasas especiales, con el prop\u00f3sito de promover la inversi\u00f3n y el desarrollo en todo el pa\u00eds. Al hacer el anuncio en un encuentro empresarial\u2026","rel":"","context":"En \u00abECONOM\u00cdA\u00bb","block_context":{"text":"ECONOM\u00cdA","link":"https:\/\/lasprimeras.com.do\/index.php\/category\/economia\/"},"img":{"alt_text":"","src":"https:\/\/i0.wp.com\/lasprimeras.com.do\/wp-content\/uploads\/2025\/09\/Leonardo-Aguilera-1.jpg?resize=350%2C200&ssl=1","width":350,"height":200,"srcset":"https:\/\/i0.wp.com\/lasprimeras.com.do\/wp-content\/uploads\/2025\/09\/Leonardo-Aguilera-1.jpg?resize=350%2C200&ssl=1 1x, https:\/\/i0.wp.com\/lasprimeras.com.do\/wp-content\/uploads\/2025\/09\/Leonardo-Aguilera-1.jpg?resize=525%2C300&ssl=1 1.5x, https:\/\/i0.wp.com\/lasprimeras.com.do\/wp-content\/uploads\/2025\/09\/Leonardo-Aguilera-1.jpg?resize=700%2C400&ssl=1 2x"},"classes":[]},{"id":109793,"url":"https:\/\/lasprimeras.com.do\/index.php\/2025\/09\/19\/leonardo-aguilera-afirma-que-banreservas-financia-con-rd21000-millones-sector-de-la-construccion\/","url_meta":{"origin":115406,"position":2},"title":"Leonardo Aguilera afirma que Banreservas financia con RD$21,000 millones sector de la construcci\u00f3n","author":"Nelson Feliz","date":"19 de septiembre de 2025","format":false,"excerpt":"Proyecta cerrar el a\u00f1o con un crecimiento de la cartera de cr\u00e9dito empresarial superior a los RD$13,200 millones El presidente ejecutivo del Banco de Reservas, doctor Leonardo Aguilera, inform\u00f3 este viernes que esa instituci\u00f3n ha financiado el sector de la construcci\u00f3n con unos RD$21,000 millones, y prev\u00e9 que esa cartera\u2026","rel":"","context":"En \u00abECONOM\u00cdA\u00bb","block_context":{"text":"ECONOM\u00cdA","link":"https:\/\/lasprimeras.com.do\/index.php\/category\/economia\/"},"img":{"alt_text":"","src":"","width":0,"height":0},"classes":[]},{"id":113410,"url":"https:\/\/lasprimeras.com.do\/index.php\/2025\/11\/02\/expomovil-banreservas-cierracon-financiamientos-por-mas-de-rs8653-millones\/","url_meta":{"origin":115406,"position":3},"title":"Expom\u00f3vil Banreservas cierracon financiamientos por m\u00e1s de RS$8,653 millones","author":"Nelson Feliz","date":"2 de noviembre de 2025","format":false,"excerpt":"Leonardo Aguilera resalta que la feria dinamiza el sector automotriz; tambi\u00e9n respalda a familias y empresas para adquirir su medio de transporte El Banco de Reservas cerr\u00f3 este domingo su tradicional feria de veh\u00edculos con financiamientos que superaron los RD$8,653 millones, durante la cual el sector automotriz vendi\u00f3 m\u00e1s de\u2026","rel":"","context":"En \u00abECONOM\u00cdA\u00bb","block_context":{"text":"ECONOM\u00cdA","link":"https:\/\/lasprimeras.com.do\/index.php\/category\/economia\/"},"img":{"alt_text":"","src":"https:\/\/i0.wp.com\/lasprimeras.com.do\/wp-content\/uploads\/2025\/11\/AGUILERA-1.jpg?resize=350%2C200&ssl=1","width":350,"height":200,"srcset":"https:\/\/i0.wp.com\/lasprimeras.com.do\/wp-content\/uploads\/2025\/11\/AGUILERA-1.jpg?resize=350%2C200&ssl=1 1x, https:\/\/i0.wp.com\/lasprimeras.com.do\/wp-content\/uploads\/2025\/11\/AGUILERA-1.jpg?resize=525%2C300&ssl=1 1.5x, https:\/\/i0.wp.com\/lasprimeras.com.do\/wp-content\/uploads\/2025\/11\/AGUILERA-1.jpg?resize=700%2C400&ssl=1 2x"},"classes":[]},{"id":112430,"url":"https:\/\/lasprimeras.com.do\/index.php\/2025\/10\/21\/leonardo-aguilera-destaca-cartera-turistica-de-banreservas-aumenta-de-rd22000-a-mas-de-rd50000-millones\/","url_meta":{"origin":115406,"position":4},"title":"Leonardo Aguilera destaca cartera tur\u00edstica de Banreservas aumenta de RD$22,000 a m\u00e1s de RD$50,000 millones","author":"Nelson Feliz","date":"21 de octubre de 2025","format":false,"excerpt":"Revela que en la actualidad el Banco financia m\u00e1s de 7,000 habitaciones hoteleras y eval\u00faa inversiones por RD$115,000 millones El presidente ejecutivo del Banco de Reservas, doctor Leonardo Aguilera, afirm\u00f3 que la instituci\u00f3n financiera mantiene un compromiso firme con el proyecto Punta Bergant\u00edn y el turismo nacional, con m\u00e1s de\u2026","rel":"","context":"En \u00abECONOM\u00cdA\u00bb","block_context":{"text":"ECONOM\u00cdA","link":"https:\/\/lasprimeras.com.do\/index.php\/category\/economia\/"},"img":{"alt_text":"El presidente Luis Abinader junto al ministro de Turismo, David Collado; el presidente de ejecutivo de Banreservas, doctor Leonardo Aguilera; el CEO de la cadena hotelera Meli\u00e1, Gabriel Escarrer; y dem\u00e1s empresarios tur\u00edsticos, as\u00ed como autoridades civiles y gubernamentales durante el primer palazo del hotel Meli\u00e1 Bergant\u00edn Beach, en Punta Bergant\u00edn, Puerto Plata.","src":"https:\/\/i0.wp.com\/lasprimeras.com.do\/wp-content\/uploads\/2025\/10\/Leonardo-Aguilera-1-1.jpg?resize=350%2C200&ssl=1","width":350,"height":200,"srcset":"https:\/\/i0.wp.com\/lasprimeras.com.do\/wp-content\/uploads\/2025\/10\/Leonardo-Aguilera-1-1.jpg?resize=350%2C200&ssl=1 1x, https:\/\/i0.wp.com\/lasprimeras.com.do\/wp-content\/uploads\/2025\/10\/Leonardo-Aguilera-1-1.jpg?resize=525%2C300&ssl=1 1.5x, https:\/\/i0.wp.com\/lasprimeras.com.do\/wp-content\/uploads\/2025\/10\/Leonardo-Aguilera-1-1.jpg?resize=700%2C400&ssl=1 2x"},"classes":[]},{"id":127832,"url":"https:\/\/lasprimeras.com.do\/index.php\/2026\/04\/16\/banreservas-destina-rd12000-millones-para-financiar-produccion-de-arroz-2026-2027\/","url_meta":{"origin":115406,"position":5},"title":"Banreservas destina RD$12,000 millones para financiar producci\u00f3n de arroz 2026-2027","author":"Nelson Feliz","date":"16 de abril de 2026","format":false,"excerpt":"El presidente ejecutivo del Banco de Reservas, doctor Leonardo Aguilera, anuncia financiamiento con tasa preferencial de 7%, subsidiada por el Estado El Banco de Reservas dispuso RD$12,000 millones para el financiamiento del Programa de Pignoraci\u00f3n de Arroz correspondiente al per\u00edodo 2026-2027, con una tasa de inter\u00e9s preferencial de 7%, lo\u2026","rel":"","context":"En \u00abECONOM\u00cdA\u00bb","block_context":{"text":"ECONOM\u00cdA","link":"https:\/\/lasprimeras.com.do\/index.php\/category\/economia\/"},"img":{"alt_text":"","src":"https:\/\/i0.wp.com\/lasprimeras.com.do\/wp-content\/uploads\/2026\/04\/IMG-20260416-WA0544-scaled.jpg?resize=350%2C200&ssl=1","width":350,"height":200,"srcset":"https:\/\/i0.wp.com\/lasprimeras.com.do\/wp-content\/uploads\/2026\/04\/IMG-20260416-WA0544-scaled.jpg?resize=350%2C200&ssl=1 1x, https:\/\/i0.wp.com\/lasprimeras.com.do\/wp-content\/uploads\/2026\/04\/IMG-20260416-WA0544-scaled.jpg?resize=525%2C300&ssl=1 1.5x, https:\/\/i0.wp.com\/lasprimeras.com.do\/wp-content\/uploads\/2026\/04\/IMG-20260416-WA0544-scaled.jpg?resize=700%2C400&ssl=1 2x, https:\/\/i0.wp.com\/lasprimeras.com.do\/wp-content\/uploads\/2026\/04\/IMG-20260416-WA0544-scaled.jpg?resize=1050%2C600&ssl=1 3x, https:\/\/i0.wp.com\/lasprimeras.com.do\/wp-content\/uploads\/2026\/04\/IMG-20260416-WA0544-scaled.jpg?resize=1400%2C800&ssl=1 4x"},"classes":[]}],"jetpack_sharing_enabled":true,"_links":{"self":[{"href":"https:\/\/lasprimeras.com.do\/index.php\/wp-json\/wp\/v2\/posts\/115406","targetHints":{"allow":["GET"]}}],"collection":[{"href":"https:\/\/lasprimeras.com.do\/index.php\/wp-json\/wp\/v2\/posts"}],"about":[{"href":"https:\/\/lasprimeras.com.do\/index.php\/wp-json\/wp\/v2\/types\/post"}],"author":[{"embeddable":true,"href":"https:\/\/lasprimeras.com.do\/index.php\/wp-json\/wp\/v2\/users\/10"}],"replies":[{"embeddable":true,"href":"https:\/\/lasprimeras.com.do\/index.php\/wp-json\/wp\/v2\/comments?post=115406"}],"version-history":[{"count":1,"href":"https:\/\/lasprimeras.com.do\/index.php\/wp-json\/wp\/v2\/posts\/115406\/revisions"}],"predecessor-version":[{"id":115411,"href":"https:\/\/lasprimeras.com.do\/index.php\/wp-json\/wp\/v2\/posts\/115406\/revisions\/115411"}],"wp:featuredmedia":[{"embeddable":true,"href":"https:\/\/lasprimeras.com.do\/index.php\/wp-json\/wp\/v2\/media\/115407"}],"wp:attachment":[{"href":"https:\/\/lasprimeras.com.do\/index.php\/wp-json\/wp\/v2\/media?parent=115406"}],"wp:term":[{"taxonomy":"category","embeddable":true,"href":"https:\/\/lasprimeras.com.do\/index.php\/wp-json\/wp\/v2\/categories?post=115406"},{"taxonomy":"post_tag","embeddable":true,"href":"https:\/\/lasprimeras.com.do\/index.php\/wp-json\/wp\/v2\/tags?post=115406"}],"curies":[{"name":"wp","href":"https:\/\/api.w.org\/{rel}","templated":true}]}}