{"id":115412,"date":"2025-11-21T12:51:58","date_gmt":"2025-11-21T16:51:58","guid":{"rendered":"https:\/\/lasprimeras.com.do\/?p=115412"},"modified":"2025-11-21T12:51:59","modified_gmt":"2025-11-21T16:51:59","slug":"intrant-y-cruz-roja-lanzan-programa-transitolimpio-para-hacer-pruebas-toxicologicas-a-conductores-en-navidad","status":"publish","type":"post","link":"https:\/\/lasprimeras.com.do\/index.php\/2025\/11\/21\/intrant-y-cruz-roja-lanzan-programa-transitolimpio-para-hacer-pruebas-toxicologicas-a-conductores-en-navidad\/","title":{"rendered":"INTRANT y Cruz Roja lanzan programa Tr\u00e1nsito+Limpio para hacer pruebas toxicol\u00f3gicas a conductores en Navidad"},"content":{"rendered":"\n<p><strong>La iniciativa inicia con un plan piloto en el Gran Santo Domingo y refuerza la seguridad vial en una temporada de alta movilidad durante las festividades navide\u00f1as.<\/strong><\/p>\n\n\n\n<p>El Instituto Nacional de Tr\u00e1nsito y Transporte Terrestre (INTRANT) y la Cruz Roja Dominicana firmaron un acuerdo interinstitucional que da inicio al Plan Tr\u00e1nsito+Limpio, una iniciativa orientada a prevenir riesgos en las v\u00edas, fortalecer la seguridad vial y salvar vidas, especialmente durante las festividades navide\u00f1as, cuando la movilidad aumenta considerablemente en todo el territorio nacional.<\/p>\n\n\n\n<p>El acuerdo permitir\u00e1 realizar pruebas toxicol\u00f3gicas a conductores del transporte p\u00fablico y privado de pasajeros, con el prop\u00f3sito de garantizar que quienes trasladan ciudadanos lo hagan en condiciones seguras y libres de sustancias que comprometan su capacidad de conducci\u00f3n.<\/p>\n\n\n\n<p>El plan inicia con un piloto de tres meses en el Gran Santo Domingo, donde se evaluar\u00e1n los procesos y resultados para luego extenderse a escala nacional.<\/p>\n\n\n\n<p>A medida que avance su implementaci\u00f3n, la Cruz Roja Dominicana aplicar\u00e1 protocolos sanitarios rigurosos, garantizar\u00e1 la calidad de las pruebas y desarrollar\u00e1 acciones de orientaci\u00f3n y acompa\u00f1amiento en los casos positivos.<\/p>\n\n\n\n<p>El INTRANT, por su parte, definir\u00e1 la cantidad anual de pruebas y los puntos estrat\u00e9gicos de ejecuci\u00f3n, pudiendo superar las mil muestras por a\u00f1o seg\u00fan la demanda operativa.<\/p>\n\n\n<div class=\"wp-block-image\">\n<figure class=\"alignleft size-full is-resized\"><img decoding=\"async\" width=\"900\" height=\"768\" src=\"https:\/\/lasprimeras.com.do\/wp-content\/uploads\/2025\/11\/INTRANT-2.jpg\" alt=\"\" class=\"wp-image-115414\" style=\"width:321px;height:auto\" srcset=\"https:\/\/lasprimeras.com.do\/wp-content\/uploads\/2025\/11\/INTRANT-2.jpg 900w, https:\/\/lasprimeras.com.do\/wp-content\/uploads\/2025\/11\/INTRANT-2-300x256.jpg 300w, https:\/\/lasprimeras.com.do\/wp-content\/uploads\/2025\/11\/INTRANT-2-768x655.jpg 768w\" sizes=\"(max-width: 900px) 100vw, 900px\" \/><\/figure>\n<\/div>\n\n\n<p>El director ejecutivo del INTRANT, Ing. Milton Morrison, afirm\u00f3 que el lanzamiento del Plan Tr\u00e1nsito+Limpio env\u00eda un mensaje claro al pa\u00eds en un momento decisivo.<\/p>\n\n\n\n<p>\u201cEn las pr\u00f3ximas semanas miles de familias estar\u00e1n en las calles, celebrando, viajando y reencontr\u00e1ndose. Yno podemos permitir que la irresponsabilidad de unos pocos ponga en riesgo la vida de todos. Este acuerdo con la Cruz Roja Dominicana es una acci\u00f3n directa, firme y necesaria para cerrar el paso a la conducci\u00f3n bajo efectos de sustancias y para garantizar que quienes transportan vidas lo hagan con la responsabilidad que el pa\u00eds exige\u201d.<\/p>\n\n\n\n<p>A\u00f1adi\u00f3 que esta medida marca un antes y un despu\u00e9s en la seguridad vial dominicana: \u201cHoy reafirmamos un compromiso: ni una vida menos por una decisi\u00f3n imprudente.<\/p>\n\n\n\n<p>El Plan Tr\u00e1nsito+Limpio es prevenci\u00f3n, es control, es protecci\u00f3n. Pero, sobre todo, es un paso valiente para cuidar a nuestra gente en la \u00e9poca del a\u00f1o donde m\u00e1s debemos estar unidos y seguros\u201d.<\/p>\n\n\n\n<figure class=\"wp-block-image size-full\"><img decoding=\"async\" width=\"900\" height=\"599\" src=\"https:\/\/lasprimeras.com.do\/wp-content\/uploads\/2025\/11\/INTRANT-2-1.jpg\" alt=\"\" class=\"wp-image-115415\" srcset=\"https:\/\/lasprimeras.com.do\/wp-content\/uploads\/2025\/11\/INTRANT-2-1.jpg 900w, https:\/\/lasprimeras.com.do\/wp-content\/uploads\/2025\/11\/INTRANT-2-1-300x200.jpg 300w, https:\/\/lasprimeras.com.do\/wp-content\/uploads\/2025\/11\/INTRANT-2-1-768x511.jpg 768w\" sizes=\"(max-width: 900px) 100vw, 900px\" \/><\/figure>\n\n\n\n<p>De su lado, el presidente de la Cruz Roja Dominicana, Dr. Miguel Sanz, destac\u00f3 que esta alianza representa un avance significativo para la protecci\u00f3n de las familias dominicanas. \u201cNuestra misi\u00f3n es servir, prevenir y salvar vidas. Este esfuerzo conjunto fortalecer\u00e1 la capacidad de respuesta en una \u00e9poca donde los incidentes viales suelen aumentar\u201d.<\/p>\n\n\n\n<p>El director general de la Cruz Roja Dominicana, Dr. Blaurio Alc\u00e1ntara, resalt\u00f3 que el Plan Tr\u00e1nsito+Limpio constituye una herramienta esencial para reducir riesgos y evitar tragedias durante las festividades navide\u00f1as.<\/p>\n\n\n\n<p>\u201cContamos con la infraestructura cl\u00ednica, la experiencia t\u00e9cnica y el compromiso humano para acompa\u00f1ar esta iniciativa con excelencia\u201d.<\/p>\n\n\n\n<p>La encargada de la Unidad M\u00e9dica del INTRANT, Dra. Richel Garc\u00eda, apunt\u00f3 que esta alianza permitir\u00e1 elevar los niveles de vigilancia y actuar con rapidez ante cualquier situaci\u00f3n que comprometa la seguridad vial, reforzando el sistema preventivo en uno de los momentos m\u00e1s activos del a\u00f1o.<\/p>\n\n\n\n<p>Durante el acto, se present\u00f3 la estructura operativa que ejecutar\u00e1 el plan. Por parte de la Cruz Roja Dominicana, el equipo t\u00e9cnico y m\u00e9dico est\u00e1 integrado por el Dr. Blaurio Alc\u00e1ntara, la Lic. Lucrecia Rosario, la Lic. Jessica Pichardo y Francisco Briones, responsables de los procesos cl\u00ednicos, diagn\u00f3sticos y log\u00edsticos del programa.<\/p>\n\n\n\n<p>Desde el INTRANT, el equipo m\u00e9dico est\u00e1 conformado por la Dra. Richel Garc\u00eda, la Dra. Alexandra L\u00f3pez, el auxiliar m\u00e9dico Juan Marichal, las licenciadas en enfermer\u00eda Rosmeris Moreta y Ramona Valdez, las auxiliares Santa N\u00fa\u00f1ez y Alejandra Tejera, y la t\u00e9cnico de farmacia Patria M\u00e9ndez, quienes articular\u00e1n la coordinaci\u00f3n sanitaria entre ambas instituciones.<\/p>\n\n\n\n<p>Asimismo, el equipo militar del INTRANT, fundamental para la supervisi\u00f3n y el acompa\u00f1amiento operativo del plan, est\u00e1 encabezado por el Tte. Coronel V\u00edctor Torres, ERD, junto a los oficiales Tte. Coronel Reyes B\u00e1ez, P.N., Tte. Coronel Hip\u00f3lito Sena Medina, ERD, Tte. Coronel Ram\u00f3n Alberto Moreno, ARD, Tte. Coronel Herpi Sena Pineda, FARD, Tte. Coronel Hilario S\u00e1nchez, FARD, Tte. Coronel Nobel Reyes Mord\u00e1n, P.N., y el Mayor Piloto Miguel Rafael Rojas Montilla, FARD, quienes garantizar\u00e1n la supervisi\u00f3n en campo, la fiscalizaci\u00f3n y la seguridad durante el despliegue del Plan Tr\u00e1nsito+Limpio.<\/p>\n\n\n\n<p>El INTRANT y la Cruz Roja Dominicana reiteraron que el Plan Tr\u00e1nsito+Limpio es una herramienta preventiva esencial para enfrentar los desaf\u00edos de la movilidad navide\u00f1a y avanzar hacia un sistema de transporte m\u00e1s seguro, responsable y orientado a salvar vidas en cada rinc\u00f3n del pa\u00eds.<\/p>\n","protected":false},"excerpt":{"rendered":"<p>La iniciativa inicia con un plan piloto en el Gran Santo Domingo y refuerza la seguridad vial en una temporada de alta movilidad durante las festividades navide\u00f1as. El Instituto Nacional&hellip;<\/p>\n","protected":false},"author":10,"featured_media":115413,"comment_status":"open","ping_status":"open","sticky":false,"template":"","format":"standard","meta":{"content-type":"","jetpack_post_was_ever_published":false,"_jetpack_newsletter_access":"","_jetpack_dont_email_post_to_subs":false,"_jetpack_newsletter_tier_id":0,"_jetpack_memberships_contains_paywalled_content":false,"_jetpack_memberships_contains_paid_content":false,"footnotes":""},"categories":[35,25],"tags":[1331,4372,3920,349,10581,9341,1172,198,2269,27592,27591],"class_list":["post-115412","post","type-post","status-publish","format-standard","has-post-thumbnail","hentry","category-nacionales","category-portada","tag-accidentes","tag-conductores","tag-cruz-roja","tag-intrant","tag-lanzan","tag-navidad","tag-prevenir","tag-programa","tag-pruebas","tag-toxicologicas","tag-transitolimpio"],"jetpack_featured_media_url":"https:\/\/lasprimeras.com.do\/wp-content\/uploads\/2025\/11\/INTRANT-1.jpg","jetpack-related-posts":[{"id":120296,"url":"https:\/\/lasprimeras.com.do\/index.php\/2026\/01\/22\/intrant-inspecciona-tecnicamente-mas-de-553-unidades-de-transporte-interurbano-durante-el-operativo-altagraciano-2026\/","url_meta":{"origin":115412,"position":0},"title":"INTRANT inspecciona t\u00e9cnicamente m\u00e1s de 553 unidades de transporte interurbano durante el Operativo Altagraciano 2026","author":"Nelson Feliz","date":"22 de enero de 2026","format":false,"excerpt":"_M\u00e1s de 200 fallas t\u00e9cnicas detectadas y 9 licencias irregulares retenidas durante despliegue preventivo nacional._ El Instituto Nacional de Tr\u00e1nsito y Transporte Terrestre (INTRANT) inform\u00f3 que, como parte del dispositivo \u201cConciencia por la Vida: Operativo Altagraciano 2026\u201d, coordinado por el Centro de Operaciones de Emergencias (COE), fueron inspeccionadas 553 unidades\u2026","rel":"","context":"En \u00abNACIONALES\u00bb","block_context":{"text":"NACIONALES","link":"https:\/\/lasprimeras.com.do\/index.php\/category\/nacionales\/"},"img":{"alt_text":"","src":"https:\/\/i0.wp.com\/lasprimeras.com.do\/wp-content\/uploads\/2026\/01\/IMG-20260122-WA0663.jpg?resize=350%2C200&ssl=1","width":350,"height":200,"srcset":"https:\/\/i0.wp.com\/lasprimeras.com.do\/wp-content\/uploads\/2026\/01\/IMG-20260122-WA0663.jpg?resize=350%2C200&ssl=1 1x, https:\/\/i0.wp.com\/lasprimeras.com.do\/wp-content\/uploads\/2026\/01\/IMG-20260122-WA0663.jpg?resize=525%2C300&ssl=1 1.5x, https:\/\/i0.wp.com\/lasprimeras.com.do\/wp-content\/uploads\/2026\/01\/IMG-20260122-WA0663.jpg?resize=700%2C400&ssl=1 2x, https:\/\/i0.wp.com\/lasprimeras.com.do\/wp-content\/uploads\/2026\/01\/IMG-20260122-WA0663.jpg?resize=1050%2C600&ssl=1 3x, https:\/\/i0.wp.com\/lasprimeras.com.do\/wp-content\/uploads\/2026\/01\/IMG-20260122-WA0663.jpg?resize=1400%2C800&ssl=1 4x"},"classes":[]},{"id":118577,"url":"https:\/\/lasprimeras.com.do\/index.php\/2025\/12\/31\/intrant-realiza-10778-inspecciones-vehiculares-en-navidad-retiene-387-autobuses-por-riesgos-y-7-por-dopaje\/","url_meta":{"origin":115412,"position":1},"title":"INTRANT realiza 10,778 inspecciones vehiculares en Navidad, retiene 387 autobuses por riesgos y 7 por dopaje","author":"Nelson Feliz","date":"31 de diciembre de 2025","format":false,"excerpt":"_Las acciones forman parte de un amplio despliegue preventivo para garantizar la seguridad de los ciudadanos durante las festividades navide\u00f1as y de A\u00f1o Nuevo_. En un operativo sin precedentes y con un nivel de despliegue pocas veces visto en el pa\u00eds, el Instituto Nacional de Tr\u00e1nsito y Transporte Terrestre (INTRANT)\u2026","rel":"","context":"En \u00abNACIONALES\u00bb","block_context":{"text":"NACIONALES","link":"https:\/\/lasprimeras.com.do\/index.php\/category\/nacionales\/"},"img":{"alt_text":"","src":"https:\/\/i0.wp.com\/lasprimeras.com.do\/wp-content\/uploads\/2025\/12\/IMG-20251231-WA0280.jpg?resize=350%2C200&ssl=1","width":350,"height":200,"srcset":"https:\/\/i0.wp.com\/lasprimeras.com.do\/wp-content\/uploads\/2025\/12\/IMG-20251231-WA0280.jpg?resize=350%2C200&ssl=1 1x, https:\/\/i0.wp.com\/lasprimeras.com.do\/wp-content\/uploads\/2025\/12\/IMG-20251231-WA0280.jpg?resize=525%2C300&ssl=1 1.5x, https:\/\/i0.wp.com\/lasprimeras.com.do\/wp-content\/uploads\/2025\/12\/IMG-20251231-WA0280.jpg?resize=700%2C400&ssl=1 2x, https:\/\/i0.wp.com\/lasprimeras.com.do\/wp-content\/uploads\/2025\/12\/IMG-20251231-WA0280.jpg?resize=1050%2C600&ssl=1 3x, https:\/\/i0.wp.com\/lasprimeras.com.do\/wp-content\/uploads\/2025\/12\/IMG-20251231-WA0280.jpg?resize=1400%2C800&ssl=1 4x"},"classes":[]},{"id":71534,"url":"https:\/\/lasprimeras.com.do\/index.php\/2023\/12\/20\/digesett-junto-intrant-fiscalizan-a-conductores-de-vehiculos-pesados-por-violacion-a-la-ley-63-17\/","url_meta":{"origin":115412,"position":2},"title":"DIGESETT junto INTRANT fiscalizan a conductores de veh\u00edculos pesados por violaci\u00f3n a la Ley 63-17","author":"Nelson Feliz","date":"20 de diciembre de 2023","format":false,"excerpt":"Por Mart\u00edn Restituyo La Direcci\u00f3n General de Seguridad de Tr\u00e1nsito y Transporte Terrestre (DIGESETT) junto al Instituto Nacional de Tr\u00e1nsito y Transporte Terrestre (INTRANT) toman acciones contundente contra conductores de veh\u00edculos pesados que transitan por lugares prohibidos y no tienen permiso de circulaci\u00f3n durante las festividades Navide\u00f1as. En estos operativos,\u2026","rel":"","context":"En \u00abNACIONALES\u00bb","block_context":{"text":"NACIONALES","link":"https:\/\/lasprimeras.com.do\/index.php\/category\/nacionales\/"},"img":{"alt_text":"Camiones","src":"https:\/\/i0.wp.com\/lasprimeras.com.do\/wp-content\/uploads\/2023\/12\/Camiones-1.jpg?resize=350%2C200&ssl=1","width":350,"height":200,"srcset":"https:\/\/i0.wp.com\/lasprimeras.com.do\/wp-content\/uploads\/2023\/12\/Camiones-1.jpg?resize=350%2C200&ssl=1 1x, https:\/\/i0.wp.com\/lasprimeras.com.do\/wp-content\/uploads\/2023\/12\/Camiones-1.jpg?resize=525%2C300&ssl=1 1.5x, https:\/\/i0.wp.com\/lasprimeras.com.do\/wp-content\/uploads\/2023\/12\/Camiones-1.jpg?resize=700%2C400&ssl=1 2x"},"classes":[]},{"id":97514,"url":"https:\/\/lasprimeras.com.do\/index.php\/2025\/04\/22\/intrant-inhabilita-mas-de-300-licencias-vencidas-en-operativo-semana-santa-2025\/","url_meta":{"origin":115412,"position":3},"title":"INTRANT inhabilita m\u00e1s de 300 licencias vencidas en operativo Semana Santa 2025\u00a0","author":"Nelson Feliz","date":"22 de abril de 2025","format":false,"excerpt":"Durante el operativo se realizaron 7,727 inspecciones vehiculares, 196 pruebas de dopaje y 532 de alcohol\u00a0El Instituto Nacional de Tr\u00e1nsito y Transporte Terrestre (Intrant), inhabilit\u00f3 a 302 conductores del transporte p\u00fablico urbano e interurbano, tras detectar que circulaban con licencias vencidas, extraviadas o con categor\u00edas que no corresponden al tipo\u2026","rel":"","context":"En \u00abNACIONALES\u00bb","block_context":{"text":"NACIONALES","link":"https:\/\/lasprimeras.com.do\/index.php\/category\/nacionales\/"},"img":{"alt_text":"","src":"https:\/\/i0.wp.com\/lasprimeras.com.do\/wp-content\/uploads\/2025\/04\/intrant-1-1.jpg?resize=350%2C200&ssl=1","width":350,"height":200,"srcset":"https:\/\/i0.wp.com\/lasprimeras.com.do\/wp-content\/uploads\/2025\/04\/intrant-1-1.jpg?resize=350%2C200&ssl=1 1x, https:\/\/i0.wp.com\/lasprimeras.com.do\/wp-content\/uploads\/2025\/04\/intrant-1-1.jpg?resize=525%2C300&ssl=1 1.5x"},"classes":[]},{"id":90658,"url":"https:\/\/lasprimeras.com.do\/index.php\/2024\/10\/26\/digesett-y-el-intrant-inician-pruebas-de-alcoholemia-a-177-conductores\/","url_meta":{"origin":115412,"position":4},"title":"DIGESETT y el INTRANT inician pruebas de alcoholemia a 177 conductores","author":"Nelson Feliz","date":"26 de octubre de 2024","format":false,"excerpt":"La Direcci\u00f3n General de Seguridad de Tr\u00e1nsito y Transporte Terrestre (DIGESETT), junto al Instituto Nacional de Tr\u00e1nsito y Transporte Terrestre (INTRANT) inici\u00f3 la noche del viernes 25 de octubre el plan piloto de las pruebas de alcoholemia a 177 conductores que se desplazaban por la avenida Winston Churchill, del Distrito\u2026","rel":"","context":"En \u00abNACIONALES\u00bb","block_context":{"text":"NACIONALES","link":"https:\/\/lasprimeras.com.do\/index.php\/category\/nacionales\/"},"img":{"alt_text":"","src":"https:\/\/i0.wp.com\/lasprimeras.com.do\/wp-content\/uploads\/2024\/10\/pruebas-1.jpg?resize=350%2C200&ssl=1","width":350,"height":200,"srcset":"https:\/\/i0.wp.com\/lasprimeras.com.do\/wp-content\/uploads\/2024\/10\/pruebas-1.jpg?resize=350%2C200&ssl=1 1x, https:\/\/i0.wp.com\/lasprimeras.com.do\/wp-content\/uploads\/2024\/10\/pruebas-1.jpg?resize=525%2C300&ssl=1 1.5x"},"classes":[]},{"id":101646,"url":"https:\/\/lasprimeras.com.do\/index.php\/2025\/06\/24\/digesett-e-intrant-inician-operativo-no-estacione-en-coordinacion-con-parqueate_rd-mopc-y-el-adn\/","url_meta":{"origin":115412,"position":5},"title":"DIGESETT e INTRANT inician operativo \u201cNo Estacione\u201d en coordinaci\u00f3n con Parqueate_RD, MOPC y el ADN","author":"Nelson Feliz","date":"24 de junio de 2025","format":false,"excerpt":"La Direcci\u00f3n General de Seguridad de Tr\u00e1nsito y Transporte Terrestre (DIGESETT), en coordinaci\u00f3n con el Instituto Nacional de Tr\u00e1nsito y Transporte Terrestre (INTRANT), el programa Parqueate_RD, el Ministerio de Obras P\u00fablicas y Comunicaciones (MOPC) y el Ayuntamiento del Distrito Nacional, dio inicio al operativo \u201cNo Estacione\u201d, como parte de las\u2026","rel":"","context":"En \u00abNACIONALES\u00bb","block_context":{"text":"NACIONALES","link":"https:\/\/lasprimeras.com.do\/index.php\/category\/nacionales\/"},"img":{"alt_text":"","src":"https:\/\/i0.wp.com\/lasprimeras.com.do\/wp-content\/uploads\/2025\/06\/op-1.jpg?resize=350%2C200&ssl=1","width":350,"height":200,"srcset":"https:\/\/i0.wp.com\/lasprimeras.com.do\/wp-content\/uploads\/2025\/06\/op-1.jpg?resize=350%2C200&ssl=1 1x, https:\/\/i0.wp.com\/lasprimeras.com.do\/wp-content\/uploads\/2025\/06\/op-1.jpg?resize=525%2C300&ssl=1 1.5x, https:\/\/i0.wp.com\/lasprimeras.com.do\/wp-content\/uploads\/2025\/06\/op-1.jpg?resize=700%2C400&ssl=1 2x"},"classes":[]}],"jetpack_sharing_enabled":true,"_links":{"self":[{"href":"https:\/\/lasprimeras.com.do\/index.php\/wp-json\/wp\/v2\/posts\/115412","targetHints":{"allow":["GET"]}}],"collection":[{"href":"https:\/\/lasprimeras.com.do\/index.php\/wp-json\/wp\/v2\/posts"}],"about":[{"href":"https:\/\/lasprimeras.com.do\/index.php\/wp-json\/wp\/v2\/types\/post"}],"author":[{"embeddable":true,"href":"https:\/\/lasprimeras.com.do\/index.php\/wp-json\/wp\/v2\/users\/10"}],"replies":[{"embeddable":true,"href":"https:\/\/lasprimeras.com.do\/index.php\/wp-json\/wp\/v2\/comments?post=115412"}],"version-history":[{"count":1,"href":"https:\/\/lasprimeras.com.do\/index.php\/wp-json\/wp\/v2\/posts\/115412\/revisions"}],"predecessor-version":[{"id":115416,"href":"https:\/\/lasprimeras.com.do\/index.php\/wp-json\/wp\/v2\/posts\/115412\/revisions\/115416"}],"wp:featuredmedia":[{"embeddable":true,"href":"https:\/\/lasprimeras.com.do\/index.php\/wp-json\/wp\/v2\/media\/115413"}],"wp:attachment":[{"href":"https:\/\/lasprimeras.com.do\/index.php\/wp-json\/wp\/v2\/media?parent=115412"}],"wp:term":[{"taxonomy":"category","embeddable":true,"href":"https:\/\/lasprimeras.com.do\/index.php\/wp-json\/wp\/v2\/categories?post=115412"},{"taxonomy":"post_tag","embeddable":true,"href":"https:\/\/lasprimeras.com.do\/index.php\/wp-json\/wp\/v2\/tags?post=115412"}],"curies":[{"name":"wp","href":"https:\/\/api.w.org\/{rel}","templated":true}]}}