{"id":115422,"date":"2025-11-21T19:14:23","date_gmt":"2025-11-21T23:14:23","guid":{"rendered":"https:\/\/lasprimeras.com.do\/?p=115422"},"modified":"2025-11-21T19:14:24","modified_gmt":"2025-11-21T23:14:24","slug":"edeeste-suspendera-el-servicio-la-madrugada-del-domingo-y-lunes-en-sectores-perifericos-a-las-americas","status":"publish","type":"post","link":"https:\/\/lasprimeras.com.do\/index.php\/2025\/11\/21\/edeeste-suspendera-el-servicio-la-madrugada-del-domingo-y-lunes-en-sectores-perifericos-a-las-americas\/","title":{"rendered":"Edeeste suspender\u00e1 el servicio la madrugada del domingo y lunes en sectores perif\u00e9ricos a Las Am\u00e9ricas"},"content":{"rendered":"\n<p>La Empresa Distribuidora de Electricidad del Este (Edeeste) informa que realizar\u00e1 una suspensi\u00f3n temporal del servicio el\u00e9ctrico la madrugada del domingo 23 y la madrugada del lunes 24 de noviembre, en sectores perif\u00e9ricos de la autopista Las Am\u00e9ricas, municipio Santo Domingo Este, a solicitud del Ministerio de Obras P\u00fablicas y Comunicaciones (MOPC).<\/p>\n\n\n\n<p>Seg\u00fan se indica en un documento enviado por el viceministro de Supervisi\u00f3n y Fiscalizaci\u00f3n del MOPC, ingeniero Robinson Dur\u00e1n Rodr\u00edguez, la petici\u00f3n tiene como objetivo lograr el enfriamiento de las l\u00edneas el\u00e9ctricas a\u00e9reas en el kil\u00f3metro 10 y 12 \u00bd de la autopista Las Am\u00e9ricas, para \u201cel desmonte y traslado de las vigas de los pasos peatonales situados en dichos tramos\u201d.<\/p>\n\n\n\n<p>Edeeste destaca que los trabajos de Obras P\u00fablicas coordinados por el Consorcio Autopista Las Am\u00e9ricas tienen previsto realizarse ambos d\u00edas en horarios de 12:00 de la noche hasta las 4:00 a.m.<\/p>\n\n\n\n<p>En ese sentido, la empresa distribuidora se\u00f1ala que los circuitos a des energizar ser\u00e1n el VDU801 que comprende los barrios Arismar, Barrio Nuevo, Campechito, Los Farallones, Frailes I, Farallones, Los Tres Ojos, Lotes y Servicios, Maquiteria, Marbella III y Residencial Parque del Este.<\/p>\n\n\n\n<p>Adem\u00e1s, el circuito ERBI04, el cual incluye los sectores Barrio Nuevo, Frailes II, Frailes III, Marbella II, Marbella III, Molinos-Am\u00e9rica, San Bartolo de Los Frailes y Farallones.<\/p>\n\n\n\n<p>Edeeste reafirma que la seguridad de la ciudadan\u00eda, de su personal t\u00e9cnico y del equipo de Obras P\u00fablicas es una prioridad absoluta. Por esta raz\u00f3n, la empresa acoge estas solicitudes t\u00e9cnicas que permiten realizar intervenciones sensibles con las condiciones adecuadas, garantizando un entorno seguro durante el desarrollo de los trabajos en la autopista Las Am\u00e9ricas.<\/p>\n\n\n\n<p>La distribuidora llama a los clientes residente en los sectores se\u00f1alados, tener paciencia y la confianza de que el servicio el\u00e9ctrico ser\u00e1 restablecido a la medida que concluyan los trabajos indicados por el Ministerio de Obras P\u00fablicas y Comunicaciones (MOPC).<\/p>\n","protected":false},"excerpt":{"rendered":"<p>La Empresa Distribuidora de Electricidad del Este (Edeeste) informa que realizar\u00e1 una suspensi\u00f3n temporal del servicio el\u00e9ctrico la madrugada del domingo 23 y la madrugada del lunes 24 de noviembre,&hellip;<\/p>\n","protected":false},"author":10,"featured_media":115423,"comment_status":"open","ping_status":"open","sticky":false,"template":"","format":"standard","meta":{"content-type":"","jetpack_post_was_ever_published":false,"_jetpack_newsletter_access":"","_jetpack_dont_email_post_to_subs":false,"_jetpack_newsletter_tier_id":0,"_jetpack_memberships_contains_paywalled_content":false,"_jetpack_memberships_contains_paid_content":false,"footnotes":""},"categories":[35,25],"tags":[27595,657,2342,1569,5187,865,6809],"class_list":["post-115422","post","type-post","status-publish","format-standard","has-post-thumbnail","hentry","category-nacionales","category-portada","tag-domingo-y-lunes","tag-edeeste","tag-las-americas","tag-obras-publicas","tag-sectores","tag-servicio","tag-suspendera"],"jetpack_featured_media_url":"https:\/\/lasprimeras.com.do\/wp-content\/uploads\/2025\/11\/Las-Americas-1.jpg","jetpack-related-posts":[{"id":123515,"url":"https:\/\/lasprimeras.com.do\/index.php\/2026\/03\/01\/guerra-exige-a-intrant-edeeste-y-mopc-medidas-urgentes-de-seguridad-vial\/","url_meta":{"origin":115422,"position":0},"title":"Guerra exige a INTRANT, EDEESTE y MOPC medidas urgentes de seguridad vial","author":"Nelson Feliz","date":"1 de marzo de 2026","format":false,"excerpt":"Por Abdias Estrella Residentes del municipio de San Antonio de Guerra, en Santo Domingo, elevaron un en\u00e9rgico llamado a las autoridades nacionales ante el estado de peligrosidad que presenta la entrada principal de esta demarcaci\u00f3n. La falta de infraestructura b\u00e1sica ha convertido este punto en un foco cr\u00edtico de accidentes,\u2026","rel":"","context":"En \u00abNACIONALES\u00bb","block_context":{"text":"NACIONALES","link":"https:\/\/lasprimeras.com.do\/index.php\/category\/nacionales\/"},"img":{"alt_text":"","src":"https:\/\/i0.wp.com\/lasprimeras.com.do\/wp-content\/uploads\/2026\/03\/sag-1.jpg?resize=350%2C200&ssl=1","width":350,"height":200,"srcset":"https:\/\/i0.wp.com\/lasprimeras.com.do\/wp-content\/uploads\/2026\/03\/sag-1.jpg?resize=350%2C200&ssl=1 1x, https:\/\/i0.wp.com\/lasprimeras.com.do\/wp-content\/uploads\/2026\/03\/sag-1.jpg?resize=525%2C300&ssl=1 1.5x, https:\/\/i0.wp.com\/lasprimeras.com.do\/wp-content\/uploads\/2026\/03\/sag-1.jpg?resize=700%2C400&ssl=1 2x"},"classes":[]},{"id":63830,"url":"https:\/\/lasprimeras.com.do\/index.php\/2023\/10\/16\/edeeste-restablece-el-servicio-de-energia-en-la-zona-colonial\/","url_meta":{"origin":115422,"position":1},"title":"Edeeste restablece el servicio de energ\u00eda en la Zona Colonial","author":"BIMARY DE JES\u00daS Matos","date":"16 de octubre de 2023","format":false,"excerpt":"SANTO DOMINGO.- La Empresa Distribuidora de Electricidad del Este (Edeeste) restableci\u00f3 el servicio de energ\u00eda en la zona colonial, de aqu\u00ed, luego de que un veh\u00edculo se accidentara y derribara tres postes del tendido el\u00e9ctrico, afectando el suministro en el sector. La empresa inform\u00f3 que t\u00e9cnicos trabajaron desde que se\u2026","rel":"","context":"En \u00abNACIONALES\u00bb","block_context":{"text":"NACIONALES","link":"https:\/\/lasprimeras.com.do\/index.php\/category\/nacionales\/"},"img":{"alt_text":"","src":"https:\/\/i0.wp.com\/lasprimeras.com.do\/wp-content\/uploads\/2023\/10\/WhatsApp-Image-2023-10-15-at-8.04.52-PM.webp?resize=350%2C200&ssl=1","width":350,"height":200,"srcset":"https:\/\/i0.wp.com\/lasprimeras.com.do\/wp-content\/uploads\/2023\/10\/WhatsApp-Image-2023-10-15-at-8.04.52-PM.webp?resize=350%2C200&ssl=1 1x, https:\/\/i0.wp.com\/lasprimeras.com.do\/wp-content\/uploads\/2023\/10\/WhatsApp-Image-2023-10-15-at-8.04.52-PM.webp?resize=525%2C300&ssl=1 1.5x, https:\/\/i0.wp.com\/lasprimeras.com.do\/wp-content\/uploads\/2023\/10\/WhatsApp-Image-2023-10-15-at-8.04.52-PM.webp?resize=700%2C400&ssl=1 2x, https:\/\/i0.wp.com\/lasprimeras.com.do\/wp-content\/uploads\/2023\/10\/WhatsApp-Image-2023-10-15-at-8.04.52-PM.webp?resize=1050%2C600&ssl=1 3x"},"classes":[]},{"id":108081,"url":"https:\/\/lasprimeras.com.do\/index.php\/2025\/09\/02\/suspenderan-electricidad-en-la-jacobo-majluta-en-los-dias-3-y-4-de-septiembre-por-mantenimiento\/","url_meta":{"origin":115422,"position":2},"title":"Suspender\u00e1n electricidad en la Jacobo Majluta en los d\u00edas 3 y 4 de septiembre por mantenimiento","author":"Nelson Feliz","date":"2 de septiembre de 2025","format":false,"excerpt":"Edeeste anuncia suspensi\u00f3n del servicio el\u00e9ctrico en la Jacobo Majluta, los d\u00edas mi\u00e9rcoles 3 y jueves 4 de septiembre en horario de 9:20 a. m. a 5:20 p. m. La Empresa Distribuidora de Electricidad del Este (Edeeste) anunci\u00f3 la suspensi\u00f3n del servicio el\u00e9ctrico en la Jacobo Majluta, los d\u00edas mi\u00e9rcoles\u2026","rel":"","context":"En \u00abNACIONALES\u00bb","block_context":{"text":"NACIONALES","link":"https:\/\/lasprimeras.com.do\/index.php\/category\/nacionales\/"},"img":{"alt_text":"","src":"https:\/\/i0.wp.com\/lasprimeras.com.do\/wp-content\/uploads\/2025\/07\/Edeeste-1.jpg?resize=350%2C200&ssl=1","width":350,"height":200,"srcset":"https:\/\/i0.wp.com\/lasprimeras.com.do\/wp-content\/uploads\/2025\/07\/Edeeste-1.jpg?resize=350%2C200&ssl=1 1x, https:\/\/i0.wp.com\/lasprimeras.com.do\/wp-content\/uploads\/2025\/07\/Edeeste-1.jpg?resize=525%2C300&ssl=1 1.5x, https:\/\/i0.wp.com\/lasprimeras.com.do\/wp-content\/uploads\/2025\/07\/Edeeste-1.jpg?resize=700%2C400&ssl=1 2x"},"classes":[]},{"id":122741,"url":"https:\/\/lasprimeras.com.do\/index.php\/2026\/02\/20\/edeeste-supera-los-35-mil-clientes-con-servicio-prepago\/","url_meta":{"origin":115422,"position":3},"title":"Edeeste supera los 35 mil clientes con servicio Prepago","author":"Nelson Feliz","date":"20 de febrero de 2026","format":false,"excerpt":"Edeeste proyecta incorporar 10 mil m\u00e1s en 2026. La Empresa Distribuidora de Electricidad del Este (Edeeste) inform\u00f3 que actualmente cuenta con 35,284 clientes contratados bajo la modalidad de servicio Prepago, consolidando esta alternativa como una herramienta clave para fomentar un consumo el\u00e9ctrico m\u00e1s eficiente dentro de su zona de concesi\u00f3n.\u2026","rel":"","context":"En \u00abECONOM\u00cdA\u00bb","block_context":{"text":"ECONOM\u00cdA","link":"https:\/\/lasprimeras.com.do\/index.php\/category\/economia\/"},"img":{"alt_text":"Edeeste","src":"https:\/\/i0.wp.com\/lasprimeras.com.do\/wp-content\/uploads\/2026\/02\/Edeeste-1.jpg?resize=350%2C200&ssl=1","width":350,"height":200,"srcset":"https:\/\/i0.wp.com\/lasprimeras.com.do\/wp-content\/uploads\/2026\/02\/Edeeste-1.jpg?resize=350%2C200&ssl=1 1x, https:\/\/i0.wp.com\/lasprimeras.com.do\/wp-content\/uploads\/2026\/02\/Edeeste-1.jpg?resize=525%2C300&ssl=1 1.5x, https:\/\/i0.wp.com\/lasprimeras.com.do\/wp-content\/uploads\/2026\/02\/Edeeste-1.jpg?resize=700%2C400&ssl=1 2x"},"classes":[]},{"id":112811,"url":"https:\/\/lasprimeras.com.do\/index.php\/2025\/10\/27\/edeeste-continua-trabajos-que-mejoran-el-servicio-electrico-en-los-tres-brazos\/","url_meta":{"origin":115422,"position":4},"title":"Edeeste contin\u00faa trabajos que mejoran el servicio el\u00e9ctrico en Los Tres Brazos","author":"Nelson Feliz","date":"27 de octubre de 2025","format":false,"excerpt":"La Empresa Distribuidora de Electricidad del Este (Edeeste) informa que contin\u00faa con los trabajos de rehabilitaci\u00f3n de redes el\u00e9ctricas y la normalizaci\u00f3n de usuarios no registrados en el sector Los Tres Brazos, municipio Santo Domingo Este. Edeeste asegura haber logrado un impacto positivo a favor de la comunidad y de\u2026","rel":"","context":"En \u00abECONOM\u00cdA\u00bb","block_context":{"text":"ECONOM\u00cdA","link":"https:\/\/lasprimeras.com.do\/index.php\/category\/economia\/"},"img":{"alt_text":"","src":"https:\/\/i0.wp.com\/lasprimeras.com.do\/wp-content\/uploads\/2025\/10\/Los-Tres-Brazos_03.png?resize=350%2C200&ssl=1","width":350,"height":200,"srcset":"https:\/\/i0.wp.com\/lasprimeras.com.do\/wp-content\/uploads\/2025\/10\/Los-Tres-Brazos_03.png?resize=350%2C200&ssl=1 1x, https:\/\/i0.wp.com\/lasprimeras.com.do\/wp-content\/uploads\/2025\/10\/Los-Tres-Brazos_03.png?resize=525%2C300&ssl=1 1.5x, https:\/\/i0.wp.com\/lasprimeras.com.do\/wp-content\/uploads\/2025\/10\/Los-Tres-Brazos_03.png?resize=700%2C400&ssl=1 2x, https:\/\/i0.wp.com\/lasprimeras.com.do\/wp-content\/uploads\/2025\/10\/Los-Tres-Brazos_03.png?resize=1050%2C600&ssl=1 3x"},"classes":[]},{"id":57462,"url":"https:\/\/lasprimeras.com.do\/index.php\/2023\/08\/13\/apagones-mantienen-en-zozobra-habitantes-de-santo-domingo-este-y-el-distrito-nacional\/","url_meta":{"origin":115422,"position":5},"title":"Apagones mantienen en zozobra habitantes de Santo Domingo Este y el Distrito Nacional","author":"Nelson Feliz","date":"13 de agosto de 2023","format":false,"excerpt":"Las largas tandas de apagones mantienen en zozobra habitantes del municipio Santo Domingo, lo que unido a las altas temperaturas se convierte en una desesperante molestia, mientras las facturas el\u00e9ctricas llevan m\u00e1s alta, \u00f3sea, la Empresa Distribuidora de Electricidad del Este, SA (\u00a0EDEESTE\u00a0), nos da menos energ\u00eda, y las facturas\u2026","rel":"","context":"En \u00abNACIONALES\u00bb","block_context":{"text":"NACIONALES","link":"https:\/\/lasprimeras.com.do\/index.php\/category\/nacionales\/"},"img":{"alt_text":"Apagones","src":"https:\/\/i0.wp.com\/lasprimeras.com.do\/wp-content\/uploads\/2023\/08\/apagones.jpg?resize=350%2C200&ssl=1","width":350,"height":200},"classes":[]}],"jetpack_sharing_enabled":true,"_links":{"self":[{"href":"https:\/\/lasprimeras.com.do\/index.php\/wp-json\/wp\/v2\/posts\/115422","targetHints":{"allow":["GET"]}}],"collection":[{"href":"https:\/\/lasprimeras.com.do\/index.php\/wp-json\/wp\/v2\/posts"}],"about":[{"href":"https:\/\/lasprimeras.com.do\/index.php\/wp-json\/wp\/v2\/types\/post"}],"author":[{"embeddable":true,"href":"https:\/\/lasprimeras.com.do\/index.php\/wp-json\/wp\/v2\/users\/10"}],"replies":[{"embeddable":true,"href":"https:\/\/lasprimeras.com.do\/index.php\/wp-json\/wp\/v2\/comments?post=115422"}],"version-history":[{"count":1,"href":"https:\/\/lasprimeras.com.do\/index.php\/wp-json\/wp\/v2\/posts\/115422\/revisions"}],"predecessor-version":[{"id":115424,"href":"https:\/\/lasprimeras.com.do\/index.php\/wp-json\/wp\/v2\/posts\/115422\/revisions\/115424"}],"wp:featuredmedia":[{"embeddable":true,"href":"https:\/\/lasprimeras.com.do\/index.php\/wp-json\/wp\/v2\/media\/115423"}],"wp:attachment":[{"href":"https:\/\/lasprimeras.com.do\/index.php\/wp-json\/wp\/v2\/media?parent=115422"}],"wp:term":[{"taxonomy":"category","embeddable":true,"href":"https:\/\/lasprimeras.com.do\/index.php\/wp-json\/wp\/v2\/categories?post=115422"},{"taxonomy":"post_tag","embeddable":true,"href":"https:\/\/lasprimeras.com.do\/index.php\/wp-json\/wp\/v2\/tags?post=115422"}],"curies":[{"name":"wp","href":"https:\/\/api.w.org\/{rel}","templated":true}]}}