{"id":115428,"date":"2025-11-21T19:26:13","date_gmt":"2025-11-21T23:26:13","guid":{"rendered":"https:\/\/lasprimeras.com.do\/?p=115428"},"modified":"2025-11-21T19:26:15","modified_gmt":"2025-11-21T23:26:15","slug":"magin-diaz-reafirma-la-estabilidad-de-la-rd-y-llama-a-evitar-el-pesimismo-economico","status":"publish","type":"post","link":"https:\/\/lasprimeras.com.do\/index.php\/2025\/11\/21\/magin-diaz-reafirma-la-estabilidad-de-la-rd-y-llama-a-evitar-el-pesimismo-economico\/","title":{"rendered":"Mag\u00edn D\u00edaz reafirma la estabilidad de la RD y llama a evitar el pesimismo econ\u00f3mico"},"content":{"rendered":"\n<p><strong>Al participar en el Almuerzo Anual de la Asociaci\u00f3n de Industriales de la Regi\u00f3n Norte (AIREN), el ministro de Hacienda y Econom\u00eda afirm\u00f3 que el pa\u00eds avanza hacia el grado de inversi\u00f3n, pero advirti\u00f3 que solo lo lograr\u00e1 si sostiene la disciplina macroecon\u00f3mica, fortalece sus instituciones y aborda con determinaci\u00f3n los retos estructurales pendientes.<\/strong><\/p>\n\n\n\n<p>El ministro de Hacienda y Econom\u00eda, Mag\u00edn D\u00edaz, exhort\u00f3 al sector empresarial y a la ciudadan\u00eda a \u201cevitar el riesgo del pesimismo econ\u00f3mico\u201d, al disertar una conferencia ante la Asociaci\u00f3n de Industriales de la Regi\u00f3n Norte (AIREN) con motivo del 40 aniversario de su almuerzo anual.<\/p>\n\n\n\n<p>D\u00edaz destac\u00f3 que, pese al dif\u00edcil contexto internacional registrado desde 2020 \u2014marcado por la pandemia, la inflaci\u00f3n global, la guerra en Ucrania y el aumento de tasas de inter\u00e9s en pa\u00edses desarrollados\u2014, la Rep\u00fablica Dominicana ha preservado estabilidad macroecon\u00f3mica, estabilidad pol\u00edtica y paz social, condiciones que consider\u00f3 excepcionales en Latinoam\u00e9rica.<\/p>\n\n\n\n<p>\u201cEl pa\u00eds cuenta con fundamentos s\u00f3lidos: reservas internacionales robustas, un sector financiero resiliente, inversi\u00f3n extranjera en niveles hist\u00f3ricos y sectores externos din\u00e1micos como turismo, remesas y zonas francas\u201d, puntualiz\u00f3.<\/p>\n\n\n<div class=\"wp-block-image\">\n<figure class=\"alignleft size-full is-resized\"><img decoding=\"async\" width=\"920\" height=\"517\" src=\"https:\/\/lasprimeras.com.do\/wp-content\/uploads\/2025\/11\/Magin-Diaz-ministro-de-Hacienda-y-Economia-durante-su-participacion-en-el-Almuerzo-Anual-de-la-Asociacion-de-Industriales-de-la-Region-Norte-AIREN.jpg\" alt=\"\" class=\"wp-image-115430\" style=\"width:452px;height:auto\" srcset=\"https:\/\/lasprimeras.com.do\/wp-content\/uploads\/2025\/11\/Magin-Diaz-ministro-de-Hacienda-y-Economia-durante-su-participacion-en-el-Almuerzo-Anual-de-la-Asociacion-de-Industriales-de-la-Region-Norte-AIREN.jpg 920w, https:\/\/lasprimeras.com.do\/wp-content\/uploads\/2025\/11\/Magin-Diaz-ministro-de-Hacienda-y-Economia-durante-su-participacion-en-el-Almuerzo-Anual-de-la-Asociacion-de-Industriales-de-la-Region-Norte-AIREN-300x169.jpg 300w, https:\/\/lasprimeras.com.do\/wp-content\/uploads\/2025\/11\/Magin-Diaz-ministro-de-Hacienda-y-Economia-durante-su-participacion-en-el-Almuerzo-Anual-de-la-Asociacion-de-Industriales-de-la-Region-Norte-AIREN-768x432.jpg 768w\" sizes=\"(max-width: 920px) 100vw, 920px\" \/><\/figure>\n<\/div>\n\n\n<p>Durante su intervenci\u00f3n, el ministro llam\u00f3 al sector empresarial a acompa\u00f1ar las medidas de administraci\u00f3n tributaria orientadas a fortalecer el combate a la evasi\u00f3n y el fraude fiscal.<\/p>\n\n\n\n<p>Record\u00f3 que instrumentos como la factura electr\u00f3nica, la trazabilidad y los reg\u00edmenes de control han sido fundamentales para mejorar la transparencia y la eficiencia del sistema, pese a resistencias iniciales.<\/p>\n\n\n\n<p>D\u00edaz reiter\u00f3 que las reformas que requiere la Rep\u00fablica Dominicana deben apuntar no solo a mejorar la recaudaci\u00f3n, sino tambi\u00e9n a corregir distorsiones, eficientizar el gasto, facilitar el cumplimiento tributario y consolidar unas finanzas p\u00fablicas que permitan mayor inversi\u00f3n y la recapitalizaci\u00f3n del Banco Central.<\/p>\n\n\n\n<p>\u201cLa Rep\u00fablica Dominicana est\u00e1 cerca de alcanzar el grado de inversi\u00f3n, pero ese objetivo solo ser\u00e1 posible si mantenemos el rumbo, fortalecemos las instituciones y enfrentamos los retos estructurales con visi\u00f3n de largo plazo\u201d, refiri\u00f3.<\/p>\n\n\n\n<p>Mientras abordaba las perspectivas de futuro, D\u00edaz fue claro en explicar al empresariado que el pa\u00eds se encuentra en un punto de inflexi\u00f3n en el que se debe decidir entre \u201cdespegar\u201d o quedarse en la \u201ctrampa del ingreso medio en la que ya cayeron muchos pa\u00edses de la regi\u00f3n\u201d.<\/p>\n\n\n\n<p>\u201cEl Gobierno actuar\u00e1 con humildad, pero con firmeza, siempre buscando el mayor consenso posible y protegiendo a los sectores m\u00e1s vulnerables\u201d, afirm\u00f3.<\/p>\n\n\n\n<figure class=\"wp-block-image size-full\"><img decoding=\"async\" width=\"920\" height=\"517\" src=\"https:\/\/lasprimeras.com.do\/wp-content\/uploads\/2025\/11\/Vista-de-los-empresarios-que-acudieron-al-Almuerzo-Anual-de-la-Asociacion-de-Industriales-de-la-Region-Norte-AIREN.jpg\" alt=\"\" class=\"wp-image-115431\" srcset=\"https:\/\/lasprimeras.com.do\/wp-content\/uploads\/2025\/11\/Vista-de-los-empresarios-que-acudieron-al-Almuerzo-Anual-de-la-Asociacion-de-Industriales-de-la-Region-Norte-AIREN.jpg 920w, https:\/\/lasprimeras.com.do\/wp-content\/uploads\/2025\/11\/Vista-de-los-empresarios-que-acudieron-al-Almuerzo-Anual-de-la-Asociacion-de-Industriales-de-la-Region-Norte-AIREN-300x169.jpg 300w, https:\/\/lasprimeras.com.do\/wp-content\/uploads\/2025\/11\/Vista-de-los-empresarios-que-acudieron-al-Almuerzo-Anual-de-la-Asociacion-de-Industriales-de-la-Region-Norte-AIREN-768x432.jpg 768w\" sizes=\"(max-width: 920px) 100vw, 920px\" \/><\/figure>\n\n\n\n<p>Durante su intervenci\u00f3n, el ministro realiz\u00f3 una radiograf\u00eda completa en materia econ\u00f3mica de la Rep\u00fablica Dominicana y resalt\u00f3 avances como la reducci\u00f3n de la pobreza monetaria, control del tipo de cambio, incremento del \u00edndice de desarrollo humano y bajo riesgo-pa\u00eds.<\/p>\n\n\n\n<p>El funcionario destac\u00f3, adem\u00e1s, que las provincias de la regi\u00f3n Cibao-Norte se han constituido en las de mayor impacto econ\u00f3mico porcentual al sobrepasar en un 40% el promedio nacional de crecimiento entre el 2015 y el 2024.<\/p>\n","protected":false},"excerpt":{"rendered":"<p>Al participar en el Almuerzo Anual de la Asociaci\u00f3n de Industriales de la Regi\u00f3n Norte (AIREN), el ministro de Hacienda y Econom\u00eda afirm\u00f3 que el pa\u00eds avanza hacia el grado&hellip;<\/p>\n","protected":false},"author":10,"featured_media":115429,"comment_status":"open","ping_status":"open","sticky":false,"template":"","format":"standard","meta":{"content-type":"","jetpack_post_was_ever_published":false,"_jetpack_newsletter_access":"","_jetpack_dont_email_post_to_subs":false,"_jetpack_newsletter_tier_id":0,"_jetpack_memberships_contains_paywalled_content":false,"_jetpack_memberships_contains_paid_content":false,"footnotes":""},"categories":[39,25],"tags":[1410,2845,4217,20767,127],"class_list":["post-115428","post","type-post","status-publish","format-standard","has-post-thumbnail","hentry","category-economia","category-portada","tag-economico","tag-estabilidad","tag-magin-diaz","tag-pesimismo","tag-rd"],"jetpack_featured_media_url":"https:\/\/lasprimeras.com.do\/wp-content\/uploads\/2025\/11\/El-ministro-de-Hacienda-y-Economia-Magin-Diaz-junto-a-empresarios-de-la-Asociacion-de-Industriales-de-la-Region-Norte-AIREN.jpg","jetpack-related-posts":[{"id":109505,"url":"https:\/\/lasprimeras.com.do\/index.php\/2025\/09\/18\/magin-diaz-rd-vive-un-momento-de-estabilidad-macroeconomica-solida-y-sostenible\/","url_meta":{"origin":115428,"position":0},"title":"Mag\u00edn D\u00edaz: RD vive un momento de estabilidad macroecon\u00f3mica s\u00f3lida y sostenible","author":"Nelson Feliz","date":"18 de septiembre de 2025","format":false,"excerpt":"El ministro de Hacienda y Econom\u00eda resalt\u00f3 el riesgo pa\u00eds que est\u00e1 en m\u00ednimos hist\u00f3ricos, el acceso fluido a financiamiento en los mercados internacionales y un sistema financiero con altos niveles de liquidez y solvencia, indicadores que, seg\u00fan considera, garantizan confianza en la sostenibilidad del crecimiento. El ministro de Hacienda\u2026","rel":"","context":"En \u00abECONOM\u00cdA\u00bb","block_context":{"text":"ECONOM\u00cdA","link":"https:\/\/lasprimeras.com.do\/index.php\/category\/economia\/"},"img":{"alt_text":"","src":"https:\/\/i0.wp.com\/lasprimeras.com.do\/wp-content\/uploads\/2025\/09\/Magin-Diaz-ministro-de-Hacienda-y-Economia.jpg?resize=350%2C200&ssl=1","width":350,"height":200,"srcset":"https:\/\/i0.wp.com\/lasprimeras.com.do\/wp-content\/uploads\/2025\/09\/Magin-Diaz-ministro-de-Hacienda-y-Economia.jpg?resize=350%2C200&ssl=1 1x, https:\/\/i0.wp.com\/lasprimeras.com.do\/wp-content\/uploads\/2025\/09\/Magin-Diaz-ministro-de-Hacienda-y-Economia.jpg?resize=525%2C300&ssl=1 1.5x, https:\/\/i0.wp.com\/lasprimeras.com.do\/wp-content\/uploads\/2025\/09\/Magin-Diaz-ministro-de-Hacienda-y-Economia.jpg?resize=700%2C400&ssl=1 2x"},"classes":[]},{"id":114349,"url":"https:\/\/lasprimeras.com.do\/index.php\/2025\/11\/12\/magin-diaz-reafirma-compromiso-con-el-aumento-y-la-eficiencia-de-la-inversion-publica\/","url_meta":{"origin":115428,"position":1},"title":"Mag\u00edn D\u00edaz reafirma compromiso con el aumento y la eficiencia de la inversi\u00f3n p\u00fablica","author":"Nelson Feliz","date":"12 de noviembre de 2025","format":false,"excerpt":"El funcionario particip\u00f3 en el Foro Econ\u00f3mico elDinero 2025, bajo el tema \u201cRep\u00fablica Dominicana en el mapa log\u00edstico\u201d El ministro de Hacienda y Econom\u00eda, Mag\u00edn D\u00edaz, reafirm\u00f3 el compromiso del Gobierno con el incremento y la eficiencia de la inversi\u00f3n p\u00fablica, con el objetivo de que se siga respondiendo a\u2026","rel":"","context":"En \u00abECONOM\u00cdA\u00bb","block_context":{"text":"ECONOM\u00cdA","link":"https:\/\/lasprimeras.com.do\/index.php\/category\/economia\/"},"img":{"alt_text":"Mag\u00edn J. D\u00edaz","src":"https:\/\/i0.wp.com\/lasprimeras.com.do\/wp-content\/uploads\/2025\/07\/Magin-J.-Diaz.jpg?resize=350%2C200&ssl=1","width":350,"height":200,"srcset":"https:\/\/i0.wp.com\/lasprimeras.com.do\/wp-content\/uploads\/2025\/07\/Magin-J.-Diaz.jpg?resize=350%2C200&ssl=1 1x, https:\/\/i0.wp.com\/lasprimeras.com.do\/wp-content\/uploads\/2025\/07\/Magin-J.-Diaz.jpg?resize=525%2C300&ssl=1 1.5x, https:\/\/i0.wp.com\/lasprimeras.com.do\/wp-content\/uploads\/2025\/07\/Magin-J.-Diaz.jpg?resize=700%2C400&ssl=1 2x"},"classes":[]},{"id":111919,"url":"https:\/\/lasprimeras.com.do\/index.php\/2025\/10\/15\/ministro-magin-diaz-desarrolla-amplia-agenda-de-trabajo-en-las-reuniones-anuales-del-banco-mundial-y-el-fmi\/","url_meta":{"origin":115428,"position":2},"title":"Ministro Mag\u00edn D\u00edaz desarrolla amplia agenda de trabajo en las Reuniones Anuales del Banco Mundial y el FMI","author":"Nelson Feliz","date":"15 de octubre de 2025","format":false,"excerpt":"El encuentro macroecon\u00f3mico se celebra desde el 13 de octubre con la participaci\u00f3n de autoridades monetarias y financieras El ministro de Hacienda y Econom\u00eda, Mag\u00edn D\u00edaz, desarrolla esta semana una amplia agenda de trabajo en las Reuniones Anuales 2025 del Grupo Banco Mundial y el Fondo Monetario Internacional (FMI), que\u2026","rel":"","context":"En \u00abECONOM\u00cdA\u00bb","block_context":{"text":"ECONOM\u00cdA","link":"https:\/\/lasprimeras.com.do\/index.php\/category\/economia\/"},"img":{"alt_text":"","src":"https:\/\/i0.wp.com\/lasprimeras.com.do\/wp-content\/uploads\/2025\/10\/Anabel-Gonzalez-vicepresidenta-de-Paises-del-BID-y-Magin-Diaz-ministro-de-Hacienda-y-Economia.jpg?resize=350%2C200&ssl=1","width":350,"height":200,"srcset":"https:\/\/i0.wp.com\/lasprimeras.com.do\/wp-content\/uploads\/2025\/10\/Anabel-Gonzalez-vicepresidenta-de-Paises-del-BID-y-Magin-Diaz-ministro-de-Hacienda-y-Economia.jpg?resize=350%2C200&ssl=1 1x, https:\/\/i0.wp.com\/lasprimeras.com.do\/wp-content\/uploads\/2025\/10\/Anabel-Gonzalez-vicepresidenta-de-Paises-del-BID-y-Magin-Diaz-ministro-de-Hacienda-y-Economia.jpg?resize=525%2C300&ssl=1 1.5x, https:\/\/i0.wp.com\/lasprimeras.com.do\/wp-content\/uploads\/2025\/10\/Anabel-Gonzalez-vicepresidenta-de-Paises-del-BID-y-Magin-Diaz-ministro-de-Hacienda-y-Economia.jpg?resize=700%2C400&ssl=1 2x"},"classes":[]},{"id":103413,"url":"https:\/\/lasprimeras.com.do\/index.php\/2025\/07\/15\/magin-j-diaz-es-designado-ministro-de-hacienda-inicio-su-carrera-en-el-servicio-publico-en-el-gobierno-2000-2004\/","url_meta":{"origin":115428,"position":3},"title":"Mag\u00edn J. D\u00edaz es designado Ministro de Hacienda: inici\u00f3 su carrera en el servicio p\u00fablico en el gobierno 2000-2004","author":"Nelson Feliz","date":"15 de julio de 2025","format":false,"excerpt":"D\u00edaz es un tecn\u00f3crata y acad\u00e9mico con una carrera destacada de m\u00e1s de dos d\u00e9cadas en el Estado dominicano El presidente Luis Abinader design\u00f3 mediante el decreto 386-25 al economista y acad\u00e9mico Mag\u00edn J. D\u00edaz como nuevo Ministro de Hacienda, en sustituci\u00f3n de Jos\u00e9 Manuel (Jochy) Vicente, quien present\u00f3 renuncia\u2026","rel":"","context":"En \u00abECONOM\u00cdA\u00bb","block_context":{"text":"ECONOM\u00cdA","link":"https:\/\/lasprimeras.com.do\/index.php\/category\/economia\/"},"img":{"alt_text":"Mag\u00edn J. D\u00edaz","src":"https:\/\/i0.wp.com\/lasprimeras.com.do\/wp-content\/uploads\/2025\/07\/Magin-J.-Diaz.jpg?resize=350%2C200&ssl=1","width":350,"height":200,"srcset":"https:\/\/i0.wp.com\/lasprimeras.com.do\/wp-content\/uploads\/2025\/07\/Magin-J.-Diaz.jpg?resize=350%2C200&ssl=1 1x, https:\/\/i0.wp.com\/lasprimeras.com.do\/wp-content\/uploads\/2025\/07\/Magin-J.-Diaz.jpg?resize=525%2C300&ssl=1 1.5x, https:\/\/i0.wp.com\/lasprimeras.com.do\/wp-content\/uploads\/2025\/07\/Magin-J.-Diaz.jpg?resize=700%2C400&ssl=1 2x"},"classes":[]},{"id":123651,"url":"https:\/\/lasprimeras.com.do\/index.php\/2026\/03\/03\/magin-diaz-destaca-el-firme-compromiso-del-gobierno-para-potenciar-el-crecimiento-economico\/","url_meta":{"origin":115428,"position":4},"title":"Mag\u00edn D\u00edaz destaca el firme compromiso del Gobierno para potenciar el crecimiento economico","author":"Nelson Feliz","date":"3 de marzo de 2026","format":false,"excerpt":"El ministro de Hacienda y Econom\u00eda fue orador invitado en el almuerzo, donde cit\u00f3 medidas que facilitar\u00e1n la inversi\u00f3n privada. El ministro de Hacienda y Econom\u00eda, Mag\u00edn D\u00edaz, destac\u00f3 que la Rep\u00fablica Dominicana tiene la oportunidad de sostener su potencial crecimiento econ\u00f3mico mediante el aumento de la inversi\u00f3n p\u00fablica y\u2026","rel":"","context":"En \u00abECONOM\u00cdA\u00bb","block_context":{"text":"ECONOM\u00cdA","link":"https:\/\/lasprimeras.com.do\/index.php\/category\/economia\/"},"img":{"alt_text":"Mag\u00edn D\u00edaz","src":"https:\/\/i0.wp.com\/lasprimeras.com.do\/wp-content\/uploads\/2026\/03\/Magin-Diaz-2.jpg?resize=350%2C200&ssl=1","width":350,"height":200,"srcset":"https:\/\/i0.wp.com\/lasprimeras.com.do\/wp-content\/uploads\/2026\/03\/Magin-Diaz-2.jpg?resize=350%2C200&ssl=1 1x, https:\/\/i0.wp.com\/lasprimeras.com.do\/wp-content\/uploads\/2026\/03\/Magin-Diaz-2.jpg?resize=525%2C300&ssl=1 1.5x, https:\/\/i0.wp.com\/lasprimeras.com.do\/wp-content\/uploads\/2026\/03\/Magin-Diaz-2.jpg?resize=700%2C400&ssl=1 2x"},"classes":[]},{"id":105890,"url":"https:\/\/lasprimeras.com.do\/index.php\/2025\/08\/08\/magin-diaz-se-reune-con-lideres-empresariales-para-fortalecer-la-confianza-y-el-crecimiento-economico\/","url_meta":{"origin":115428,"position":5},"title":"Mag\u00edn D\u00edaz se re\u00fane con l\u00edderes empresariales para fortalecer la confianza y el crecimiento econ\u00f3mico","author":"Nelson Feliz","date":"8 de agosto de 2025","format":false,"excerpt":"Valoran la apertura y transparencia del ministro de Hacienda y Econom\u00eda. El ministro de Hacienda y Econom\u00eda, Mag\u00edn D\u00edaz, sostuvo este jueves un encuentro con un grupo de destacados l\u00edderes del empresariado nacional, con el objetivo de promover el di\u00e1logo sobre temas fiscales y financieros del Estado. La reuni\u00f3n, celebrada\u2026","rel":"","context":"En \u00abECONOM\u00cdA\u00bb","block_context":{"text":"ECONOM\u00cdA","link":"https:\/\/lasprimeras.com.do\/index.php\/category\/economia\/"},"img":{"alt_text":"","src":"https:\/\/i0.wp.com\/lasprimeras.com.do\/wp-content\/uploads\/2025\/08\/Ministro-Magin-Diaz-sostiene-dialogo-con-lideres-empresariales.jpg?resize=350%2C200&ssl=1","width":350,"height":200,"srcset":"https:\/\/i0.wp.com\/lasprimeras.com.do\/wp-content\/uploads\/2025\/08\/Ministro-Magin-Diaz-sostiene-dialogo-con-lideres-empresariales.jpg?resize=350%2C200&ssl=1 1x, https:\/\/i0.wp.com\/lasprimeras.com.do\/wp-content\/uploads\/2025\/08\/Ministro-Magin-Diaz-sostiene-dialogo-con-lideres-empresariales.jpg?resize=525%2C300&ssl=1 1.5x, https:\/\/i0.wp.com\/lasprimeras.com.do\/wp-content\/uploads\/2025\/08\/Ministro-Magin-Diaz-sostiene-dialogo-con-lideres-empresariales.jpg?resize=700%2C400&ssl=1 2x"},"classes":[]}],"jetpack_sharing_enabled":true,"_links":{"self":[{"href":"https:\/\/lasprimeras.com.do\/index.php\/wp-json\/wp\/v2\/posts\/115428","targetHints":{"allow":["GET"]}}],"collection":[{"href":"https:\/\/lasprimeras.com.do\/index.php\/wp-json\/wp\/v2\/posts"}],"about":[{"href":"https:\/\/lasprimeras.com.do\/index.php\/wp-json\/wp\/v2\/types\/post"}],"author":[{"embeddable":true,"href":"https:\/\/lasprimeras.com.do\/index.php\/wp-json\/wp\/v2\/users\/10"}],"replies":[{"embeddable":true,"href":"https:\/\/lasprimeras.com.do\/index.php\/wp-json\/wp\/v2\/comments?post=115428"}],"version-history":[{"count":1,"href":"https:\/\/lasprimeras.com.do\/index.php\/wp-json\/wp\/v2\/posts\/115428\/revisions"}],"predecessor-version":[{"id":115432,"href":"https:\/\/lasprimeras.com.do\/index.php\/wp-json\/wp\/v2\/posts\/115428\/revisions\/115432"}],"wp:featuredmedia":[{"embeddable":true,"href":"https:\/\/lasprimeras.com.do\/index.php\/wp-json\/wp\/v2\/media\/115429"}],"wp:attachment":[{"href":"https:\/\/lasprimeras.com.do\/index.php\/wp-json\/wp\/v2\/media?parent=115428"}],"wp:term":[{"taxonomy":"category","embeddable":true,"href":"https:\/\/lasprimeras.com.do\/index.php\/wp-json\/wp\/v2\/categories?post=115428"},{"taxonomy":"post_tag","embeddable":true,"href":"https:\/\/lasprimeras.com.do\/index.php\/wp-json\/wp\/v2\/tags?post=115428"}],"curies":[{"name":"wp","href":"https:\/\/api.w.org\/{rel}","templated":true}]}}