{"id":115534,"date":"2025-11-23T17:51:00","date_gmt":"2025-11-23T21:51:00","guid":{"rendered":"https:\/\/lasprimeras.com.do\/?p=115534"},"modified":"2025-11-23T17:51:02","modified_gmt":"2025-11-23T21:51:02","slug":"jarlen-espinosa-pide-al-presidente-abinader-que-se-cuide-de-los-funcionarios-pirana","status":"publish","type":"post","link":"https:\/\/lasprimeras.com.do\/index.php\/2025\/11\/23\/jarlen-espinosa-pide-al-presidente-abinader-que-se-cuide-de-los-funcionarios-pirana\/","title":{"rendered":"Jarlen Espinosa pide al presidente Abinader que se cuide de los funcionarios \u201cpira\u00f1a\u201d"},"content":{"rendered":"\n<p>Por Liza Medrano<\/p>\n\n\n\n<p>Mientras que se ha popularizado la frase \u201cNo Se Tiren que Hay Pira\u00f1a\u201d del influencer Jos\u00e9 Manuel de la Cruz (La Fruta) en la Casa 2 de Alofoke, el periodista Jarlen Espinosa ya le hab\u00eda hecho un llamado al presidente de la Rep\u00fablica, Luis Abinader, para que se cuide de aquellos funcionarios que se han estado comportando como \u201chienas\u201d y \u201cpira\u00f1as\u201d en el ejercicio de sus funciones.<\/p>\n\n\n\n<p>Durante el podcast de Libre Expresi\u00f3n m\u00e1s reciente en el cual participan el periodista Jarlen Espinosa y el comunicador Jacinto P\u00e9rez, criticaron varios temas que deber\u00edan de ser atendidos por el presidente Abinader, dado los acontecimientos y esc\u00e1ndalos que han surgido alrededor de la actual gesti\u00f3n gubernamental.<\/p>\n\n\n\n<p>Espinosa vio muy mal el hecho de que en ocasiones el presidente haya dado cifras que en ocasiones han sido refutadas por dirigentes de la oposici\u00f3n, e incluso, fechas que se pautan para la culminaci\u00f3n de algunas obras, que, luego han sido removidas.<\/p>\n\n\n\n<p>Por esa y otras razones el periodista entiende que al presidente \u201clo est\u00e1n poniendo de relajo\u201d.<\/p>\n\n\n\n<figure class=\"wp-block-image size-large\"><img decoding=\"async\" width=\"1024\" height=\"547\" src=\"https:\/\/lasprimeras.com.do\/wp-content\/uploads\/2025\/11\/Captura-de-pantalla-2025-10-13-131511-1024x547.png\" alt=\"\" class=\"wp-image-115536\" srcset=\"https:\/\/lasprimeras.com.do\/wp-content\/uploads\/2025\/11\/Captura-de-pantalla-2025-10-13-131511-1024x547.png 1024w, https:\/\/lasprimeras.com.do\/wp-content\/uploads\/2025\/11\/Captura-de-pantalla-2025-10-13-131511-300x160.png 300w, https:\/\/lasprimeras.com.do\/wp-content\/uploads\/2025\/11\/Captura-de-pantalla-2025-10-13-131511-768x410.png 768w, https:\/\/lasprimeras.com.do\/wp-content\/uploads\/2025\/11\/Captura-de-pantalla-2025-10-13-131511.png 1098w\" sizes=\"(max-width: 1024px) 100vw, 1024px\" \/><\/figure>\n\n\n\n<p>Durante la entrega del m\u00e1s reciente podcast de Libre Expresi\u00f3n, el CEO de Multimedios Espinosa recomend\u00f3 al mandatario colocar en el tren gubernamental a personas que est\u00e9n comprometidas con el avance y desarrollo del pa\u00eds, dejando de lado bander\u00edas pol\u00edticas.<\/p>\n\n\n\n<p>\u201cPor encima de lo que es el inter\u00e9s de cualquier partido de la Rep\u00fablica Dominicana, est\u00e1 la Naci\u00f3n, nosotros, los dominicanos, que apoyar\u00e1n sus decisiones siempre y cuando sea para bien del pa\u00eds.\u201d Enfatiz\u00f3 Jarlen Espinosa.<\/p>\n\n\n\n<figure class=\"wp-block-embed is-type-video is-provider-youtube wp-block-embed-youtube wp-embed-aspect-16-9 wp-has-aspect-ratio\"><div class=\"wp-block-embed__wrapper\">\n<iframe title=\"Abinader debe sacudir el manicomio, hay funcionarios que est\u00e1n pose\u00eddos, se quieren tragar el pa\u00eds\" width=\"500\" height=\"281\" src=\"https:\/\/www.youtube.com\/embed\/xnqMhNxQfK8?feature=oembed\" frameborder=\"0\" allow=\"accelerometer; autoplay; clipboard-write; encrypted-media; gyroscope; picture-in-picture; web-share\" referrerpolicy=\"strict-origin-when-cross-origin\" allowfullscreen><\/iframe>\n<\/div><\/figure>\n","protected":false},"excerpt":{"rendered":"<p>Por Liza Medrano Mientras que se ha popularizado la frase \u201cNo Se Tiren que Hay Pira\u00f1a\u201d del influencer Jos\u00e9 Manuel de la Cruz (La Fruta) en la Casa 2 de&hellip;<\/p>\n","protected":false},"author":10,"featured_media":115535,"comment_status":"open","ping_status":"open","sticky":false,"template":"","format":"standard","meta":{"content-type":"","jetpack_post_was_ever_published":false,"_jetpack_newsletter_access":"","_jetpack_dont_email_post_to_subs":false,"_jetpack_newsletter_tier_id":0,"_jetpack_memberships_contains_paywalled_content":false,"_jetpack_memberships_contains_paid_content":false,"footnotes":""},"categories":[84],"tags":[170,27641,67,27642],"class_list":["post-115534","post","type-post","status-publish","format-standard","has-post-thumbnail","hentry","category-entretenimiento","tag-funcionarios","tag-jarlen-espinosa","tag-luis-abinader","tag-pirana"],"jetpack_featured_media_url":"https:\/\/lasprimeras.com.do\/wp-content\/uploads\/2025\/11\/77.jpg","jetpack-related-posts":[{"id":116861,"url":"https:\/\/lasprimeras.com.do\/index.php\/2025\/12\/04\/habilitar-a-danilo-para-drenar-a-leonel-es-una-estrategia-que-hace-rato-se-veia-venir\/","url_meta":{"origin":115534,"position":0},"title":"Habilitar a Danilo para drenar a Leonel es una estrategia que hace rato se ve\u00eda venir","author":"Nelson Feliz","date":"4 de diciembre de 2025","format":false,"excerpt":"Por Jarlen Espinosa No deber\u00eda sorprender tanto que la propuesta de habilitar al expresidente Danilo Medina para las elecciones del 2028, venga justamente de un diputado del Partido Revolucionario Moderno (PRM), a fin de cuenta, en lo personal, entiendo que el exmandatario y el actual presidente Luis Abinader son panas.\u2026","rel":"","context":"En \u00abPOLITICA\u00bb","block_context":{"text":"POLITICA","link":"https:\/\/lasprimeras.com.do\/index.php\/category\/politica\/"},"img":{"alt_text":"","src":"https:\/\/i0.wp.com\/lasprimeras.com.do\/wp-content\/uploads\/2025\/12\/con-puno.jpg?resize=350%2C200&ssl=1","width":350,"height":200,"srcset":"https:\/\/i0.wp.com\/lasprimeras.com.do\/wp-content\/uploads\/2025\/12\/con-puno.jpg?resize=350%2C200&ssl=1 1x, https:\/\/i0.wp.com\/lasprimeras.com.do\/wp-content\/uploads\/2025\/12\/con-puno.jpg?resize=525%2C300&ssl=1 1.5x, https:\/\/i0.wp.com\/lasprimeras.com.do\/wp-content\/uploads\/2025\/12\/con-puno.jpg?resize=700%2C400&ssl=1 2x"},"classes":[]},{"id":121805,"url":"https:\/\/lasprimeras.com.do\/index.php\/2026\/02\/10\/geraldo-espinosa-asume-como-contralor-general-de-la-republica\/","url_meta":{"origin":115534,"position":1},"title":"Geraldo Espinosa asume como contralor general de la Rep\u00fablica","author":"Nelson Feliz","date":"10 de febrero de 2026","format":false,"excerpt":"Presenta plan para transformar procesos misionales de la instituci\u00f3n El ministro Administrativo de la Presidencia, Andr\u00e9s Bautista, jurament\u00f3 al nuevo contralor general de la Rep\u00fablica, Geraldo Espinosa P\u00e9rez, quien tom\u00f3 posesi\u00f3n este martes de su cargo. En un emotivo acto, Espinosa P\u00e9rez, traz\u00f3 el inicio en esta entidad c\u00f3mo una\u2026","rel":"","context":"En \u00abNACIONALES\u00bb","block_context":{"text":"NACIONALES","link":"https:\/\/lasprimeras.com.do\/index.php\/category\/nacionales\/"},"img":{"alt_text":"Geraldo Espinosa P\u00e9rez","src":"https:\/\/i0.wp.com\/lasprimeras.com.do\/wp-content\/uploads\/2026\/02\/Ministro-juramenta-al-nuevo-contralor-Geraldo-Espinosa-.jpg?resize=350%2C200&ssl=1","width":350,"height":200,"srcset":"https:\/\/i0.wp.com\/lasprimeras.com.do\/wp-content\/uploads\/2026\/02\/Ministro-juramenta-al-nuevo-contralor-Geraldo-Espinosa-.jpg?resize=350%2C200&ssl=1 1x, https:\/\/i0.wp.com\/lasprimeras.com.do\/wp-content\/uploads\/2026\/02\/Ministro-juramenta-al-nuevo-contralor-Geraldo-Espinosa-.jpg?resize=525%2C300&ssl=1 1.5x, https:\/\/i0.wp.com\/lasprimeras.com.do\/wp-content\/uploads\/2026\/02\/Ministro-juramenta-al-nuevo-contralor-Geraldo-Espinosa-.jpg?resize=700%2C400&ssl=1 2x"},"classes":[]},{"id":92386,"url":"https:\/\/lasprimeras.com.do\/index.php\/2025\/01\/03\/nuevo-consul-de-rd-en-genova-asume-funciones\/","url_meta":{"origin":115534,"position":2},"title":"Nuevo c\u00f3nsul de RD en G\u00e9nova asume funciones","author":"Nelson Feliz","date":"3 de enero de 2025","format":false,"excerpt":"Adolfo Pineda Espinosa sustituy\u00f3 en el cargo a Nelson Carela Luna y dice garantizar\u00e1 eficiencia en servicios consulares a dominicanos y extranjeros, as\u00ed como para empresarios e inversionistas G\u00e9nova, Italia.- El ingeniero Adolfo Pineda Espinosa, asumi\u00f3 este jueves 2 de enero de 2025, sus funciones como nuevo C\u00f3nsul de Rep\u00fablica\u2026","rel":"","context":"En \u00abNACIONALES\u00bb","block_context":{"text":"NACIONALES","link":"https:\/\/lasprimeras.com.do\/index.php\/category\/nacionales\/"},"img":{"alt_text":"Adolfo Pineda Espinosa","src":"https:\/\/i0.wp.com\/lasprimeras.com.do\/wp-content\/uploads\/2025\/01\/Adolfo-Pineda-Espinosa-1.jpg?resize=350%2C200&ssl=1","width":350,"height":200,"srcset":"https:\/\/i0.wp.com\/lasprimeras.com.do\/wp-content\/uploads\/2025\/01\/Adolfo-Pineda-Espinosa-1.jpg?resize=350%2C200&ssl=1 1x, https:\/\/i0.wp.com\/lasprimeras.com.do\/wp-content\/uploads\/2025\/01\/Adolfo-Pineda-Espinosa-1.jpg?resize=525%2C300&ssl=1 1.5x, https:\/\/i0.wp.com\/lasprimeras.com.do\/wp-content\/uploads\/2025\/01\/Adolfo-Pineda-Espinosa-1.jpg?resize=700%2C400&ssl=1 2x"},"classes":[]},{"id":121772,"url":"https:\/\/lasprimeras.com.do\/index.php\/2026\/02\/10\/abinader-designa-nuevos-titulares-en-la-contraloria-general-y-el-ministerio-de-educacion-superior\/","url_meta":{"origin":115534,"position":3},"title":"Abinader designa nuevos titulares en la Contralor\u00eda General y el Ministerio de Educaci\u00f3n Superior","author":"Nelson Feliz","date":"10 de febrero de 2026","format":false,"excerpt":"El presidente de la Rep\u00fablica, Luis Abinader, emiti\u00f3 el Decreto n\u00fam. 84-26, mediante el cual realiz\u00f3 nuevas designaciones en \u00e1reas estrat\u00e9gicas del Estado, como parte del proceso de fortalecimiento institucional y mejora de la gesti\u00f3n p\u00fablica. La disposici\u00f3n presidencial designa a Rafael Evaristo Santos Badia como ministro de Educaci\u00f3n Superior,\u2026","rel":"","context":"En \u00abNACIONALES\u00bb","block_context":{"text":"NACIONALES","link":"https:\/\/lasprimeras.com.do\/index.php\/category\/nacionales\/"},"img":{"alt_text":"Rafael Santos y Geraldo Espinosa P\u00e9rez","src":"https:\/\/i0.wp.com\/lasprimeras.com.do\/wp-content\/uploads\/2026\/02\/Rafael-Santos-y-Geraldo-Espinosa-Perez.jpg?resize=350%2C200&ssl=1","width":350,"height":200,"srcset":"https:\/\/i0.wp.com\/lasprimeras.com.do\/wp-content\/uploads\/2026\/02\/Rafael-Santos-y-Geraldo-Espinosa-Perez.jpg?resize=350%2C200&ssl=1 1x, https:\/\/i0.wp.com\/lasprimeras.com.do\/wp-content\/uploads\/2026\/02\/Rafael-Santos-y-Geraldo-Espinosa-Perez.jpg?resize=525%2C300&ssl=1 1.5x, https:\/\/i0.wp.com\/lasprimeras.com.do\/wp-content\/uploads\/2026\/02\/Rafael-Santos-y-Geraldo-Espinosa-Perez.jpg?resize=700%2C400&ssl=1 2x, https:\/\/i0.wp.com\/lasprimeras.com.do\/wp-content\/uploads\/2026\/02\/Rafael-Santos-y-Geraldo-Espinosa-Perez.jpg?resize=1050%2C600&ssl=1 3x"},"classes":[]},{"id":66596,"url":"https:\/\/lasprimeras.com.do\/index.php\/2023\/11\/08\/pablo-reyes-y-paolo-espino-se-llevan-el-mvp-de-la-semana-jetour\/","url_meta":{"origin":115534,"position":4},"title":"Pablo Reyes y Paolo Espino se llevan el MVP de la Semana Jetour","author":"Nelson Feliz","date":"8 de noviembre de 2023","format":false,"excerpt":"La selecci\u00f3n se realiz\u00f3 en el Estadio Francisco Micheli en La Romana Pablo Reyes y Paolo Espino fueron seleccionados este martes los peloteros MVP de la Semana, presentado por Jetour, al recibir el voto preferencial de la cr\u00f3nica deportiva nacional en la ceremonia realizada en el Palco Ejecutivo de los\u2026","rel":"","context":"En \u00abSin categor\u00eda\u00bb","block_context":{"text":"Sin categor\u00eda","link":"https:\/\/lasprimeras.com.do\/index.php\/category\/sin-categoria\/"},"img":{"alt_text":"Pablo Reyes y Paolo Espino","src":"https:\/\/i0.wp.com\/lasprimeras.com.do\/wp-content\/uploads\/2023\/11\/Pablo-Reyes-y-Paolo-Espino.jpg?resize=350%2C200&ssl=1","width":350,"height":200,"srcset":"https:\/\/i0.wp.com\/lasprimeras.com.do\/wp-content\/uploads\/2023\/11\/Pablo-Reyes-y-Paolo-Espino.jpg?resize=350%2C200&ssl=1 1x, https:\/\/i0.wp.com\/lasprimeras.com.do\/wp-content\/uploads\/2023\/11\/Pablo-Reyes-y-Paolo-Espino.jpg?resize=525%2C300&ssl=1 1.5x, https:\/\/i0.wp.com\/lasprimeras.com.do\/wp-content\/uploads\/2023\/11\/Pablo-Reyes-y-Paolo-Espino.jpg?resize=700%2C400&ssl=1 2x"},"classes":[]},{"id":88923,"url":"https:\/\/lasprimeras.com.do\/index.php\/2024\/09\/10\/alcalde-de-cabral-justifica-exclusion-de-contralora-por-negligencia\/","url_meta":{"origin":115534,"position":5},"title":"Alcalde de Cabral justifica exclusi\u00f3n de contralora por negligencia","author":"Nelson Feliz","date":"10 de septiembre de 2024","format":false,"excerpt":"En un informe firmado en medio de un baby shower. El alcalde del municipio de Cabral, Rolbik Urb\u00e1ez, explic\u00f3 las razones detr\u00e1s de la exclusi\u00f3n de la contralora Raysa Espinosa de la n\u00f3mina del mes pasado. Urb\u00e1ez argument\u00f3 que Espinosa no ha acudido a sus labores desde que anunci\u00f3 su\u2026","rel":"","context":"En \u00abNACIONALES\u00bb","block_context":{"text":"NACIONALES","link":"https:\/\/lasprimeras.com.do\/index.php\/category\/nacionales\/"},"img":{"alt_text":"Rolbik Urb\u00e1ez","src":"https:\/\/i0.wp.com\/lasprimeras.com.do\/wp-content\/uploads\/2024\/09\/Rolbik-Urbaez.jpg?resize=350%2C200&ssl=1","width":350,"height":200,"srcset":"https:\/\/i0.wp.com\/lasprimeras.com.do\/wp-content\/uploads\/2024\/09\/Rolbik-Urbaez.jpg?resize=350%2C200&ssl=1 1x, https:\/\/i0.wp.com\/lasprimeras.com.do\/wp-content\/uploads\/2024\/09\/Rolbik-Urbaez.jpg?resize=525%2C300&ssl=1 1.5x, https:\/\/i0.wp.com\/lasprimeras.com.do\/wp-content\/uploads\/2024\/09\/Rolbik-Urbaez.jpg?resize=700%2C400&ssl=1 2x"},"classes":[]}],"jetpack_sharing_enabled":true,"_links":{"self":[{"href":"https:\/\/lasprimeras.com.do\/index.php\/wp-json\/wp\/v2\/posts\/115534","targetHints":{"allow":["GET"]}}],"collection":[{"href":"https:\/\/lasprimeras.com.do\/index.php\/wp-json\/wp\/v2\/posts"}],"about":[{"href":"https:\/\/lasprimeras.com.do\/index.php\/wp-json\/wp\/v2\/types\/post"}],"author":[{"embeddable":true,"href":"https:\/\/lasprimeras.com.do\/index.php\/wp-json\/wp\/v2\/users\/10"}],"replies":[{"embeddable":true,"href":"https:\/\/lasprimeras.com.do\/index.php\/wp-json\/wp\/v2\/comments?post=115534"}],"version-history":[{"count":1,"href":"https:\/\/lasprimeras.com.do\/index.php\/wp-json\/wp\/v2\/posts\/115534\/revisions"}],"predecessor-version":[{"id":115537,"href":"https:\/\/lasprimeras.com.do\/index.php\/wp-json\/wp\/v2\/posts\/115534\/revisions\/115537"}],"wp:featuredmedia":[{"embeddable":true,"href":"https:\/\/lasprimeras.com.do\/index.php\/wp-json\/wp\/v2\/media\/115535"}],"wp:attachment":[{"href":"https:\/\/lasprimeras.com.do\/index.php\/wp-json\/wp\/v2\/media?parent=115534"}],"wp:term":[{"taxonomy":"category","embeddable":true,"href":"https:\/\/lasprimeras.com.do\/index.php\/wp-json\/wp\/v2\/categories?post=115534"},{"taxonomy":"post_tag","embeddable":true,"href":"https:\/\/lasprimeras.com.do\/index.php\/wp-json\/wp\/v2\/tags?post=115534"}],"curies":[{"name":"wp","href":"https:\/\/api.w.org\/{rel}","templated":true}]}}