{"id":115538,"date":"2025-11-23T18:02:38","date_gmt":"2025-11-23T22:02:38","guid":{"rendered":"https:\/\/lasprimeras.com.do\/?p=115538"},"modified":"2025-11-23T18:02:40","modified_gmt":"2025-11-23T22:02:40","slug":"grupo-de-valle-en-36-meses-desarrolla-el-primer-days-inn-by-wyndham-en-rd","status":"publish","type":"post","link":"https:\/\/lasprimeras.com.do\/index.php\/2025\/11\/23\/grupo-de-valle-en-36-meses-desarrolla-el-primer-days-inn-by-wyndham-en-rd\/","title":{"rendered":"Grupo De Valle en 36 meses desarrolla el primer Days Inn by Wyndham en RD"},"content":{"rendered":"\n<p>Grupo De Valle destac\u00f3 la importancia que representa para Juan Dolio la apertura del hotel Days Inn by Wyndham Juan Dolio, cuya inauguraci\u00f3n ser\u00e1 el pr\u00f3ximo 8 de diciembre.<\/p>\n\n\n\n<p>Wyndham Hotels &amp; Resorts confirm\u00f3 en su sitio web oficial que el 8 de diciembre ser\u00e1 la fecha de apertura del Days Inn by Wyndham Juan Dolio, ubicado en el Boulevard de este destino clave de la regi\u00f3n Este.<\/p>\n\n\n\n<p>Este anuncio marca el primer Days Inn by Wyndham en Rep\u00fablica Dominicana y constituye el cuarto hotel desarrollado por Grupo De Valle en menos de 36 meses, fortaleciendo su estrategia de crecimiento nacional bajo el plan Visi\u00f3n 2030.<\/p>\n\n\n\n<p>La empresa expres\u00f3 adem\u00e1s su agradecimiento al ministro de Turismo, David Collado, por su visi\u00f3n clara de crecimiento sostenible, la cual ha guiado inversiones privadas hacia destinos de alto potencial como Juan Dolio.<\/p>\n\n\n\n<p>\u201cLa llegada de Days Inn by Wyndham a Juan Dolio es un hito importante para la regi\u00f3n\u201d, declar\u00f3 Edward De Valle II, presidente de Grupo De Valle.<\/p>\n\n\n\n<figure class=\"wp-block-image size-full\"><img decoding=\"async\" width=\"900\" height=\"841\" src=\"https:\/\/lasprimeras.com.do\/wp-content\/uploads\/2025\/11\/Grupo-De-Valle-1.jpg\" alt=\"\" class=\"wp-image-115540\" srcset=\"https:\/\/lasprimeras.com.do\/wp-content\/uploads\/2025\/11\/Grupo-De-Valle-1.jpg 900w, https:\/\/lasprimeras.com.do\/wp-content\/uploads\/2025\/11\/Grupo-De-Valle-1-300x280.jpg 300w, https:\/\/lasprimeras.com.do\/wp-content\/uploads\/2025\/11\/Grupo-De-Valle-1-768x718.jpg 768w\" sizes=\"(max-width: 900px) 100vw, 900px\" \/><\/figure>\n\n\n\n<p>\u201cEste proyecto refleja la esencia de Visi\u00f3n 2030: llevar marcas globales a mercados de gran potencial, generando empleo, inversi\u00f3n y crecimiento sostenible. Juan Dolio es un ejemplo claro de esta visi\u00f3n alineada con la agenda nacional de desarrollo\u201d.<\/p>\n\n\n\n<p>El proyecto forma parte de la Visi\u00f3n 2030 de Edward De Valle II, una iniciativa destinada a posicionar hoteles de marcas internacionales a no m\u00e1s de 30 minutos de los principales centros econ\u00f3micos del pa\u00eds.<br>Grupo De Valle tambi\u00e9n reconoci\u00f3 el liderazgo del presidente Luis Abinader, cuyo apoyo constante al turismo ha creado un entorno estable para el desarrollo de nuevos proyectos hoteleros.<\/p>\n\n\n\n<p>El hotel, con 114 habitaciones, generar\u00e1 un impacto econ\u00f3mico significativo y de desarrollo mediante la creaci\u00f3n de empleos directos e indirectos, respondiendo a la creciente demanda de productos hoteleros select-service de alto est\u00e1ndar en Rep\u00fablica Dominicana.<\/p>\n\n\n\n<p>Grupo De Valle expres\u00f3 su agradecimiento especial a BanReservas como co-garante del pr\u00e9stamo de este desarrollo y por su confianza y compromiso con el crecimiento responsable del pa\u00eds. \u201cSu liderazgo y solidez los convierten en un referente regional y global\u201d, a\u00f1adi\u00f3 De Valle.<\/p>\n\n\n\n<p>El Days Inn Juan Dolio forma parte de la estrategia de expansi\u00f3n de Wyndham Hotels &amp; Resorts en Las Am\u00e9ricas y refleja el crecimiento constante de Rep\u00fablica Dominicana como uno de los mercados tur\u00edsticos m\u00e1s competitivos del Caribe.<\/p>\n","protected":false},"excerpt":{"rendered":"<p>Grupo De Valle destac\u00f3 la importancia que representa para Juan Dolio la apertura del hotel Days Inn by Wyndham Juan Dolio, cuya inauguraci\u00f3n ser\u00e1 el pr\u00f3ximo 8 de diciembre. Wyndham&hellip;<\/p>\n","protected":false},"author":10,"featured_media":115539,"comment_status":"open","ping_status":"open","sticky":false,"template":"","format":"standard","meta":{"content-type":"","jetpack_post_was_ever_published":false,"_jetpack_newsletter_access":"","_jetpack_dont_email_post_to_subs":false,"_jetpack_newsletter_tier_id":0,"_jetpack_memberships_contains_paywalled_content":false,"_jetpack_memberships_contains_paid_content":false,"footnotes":""},"categories":[376],"tags":[27646,27644,27645,27643,3431,1226],"class_list":["post-115538","post","type-post","status-publish","format-standard","has-post-thumbnail","hentry","category-turismo","tag-36-meses","tag-cuarto-hotel","tag-days-inn-by-wyndham","tag-grupo-de-valle","tag-primer","tag-republica-dominicana"],"jetpack_featured_media_url":"https:\/\/lasprimeras.com.do\/wp-content\/uploads\/2025\/11\/Grupo-De-Valle.jpg","jetpack-related-posts":[{"id":74854,"url":"https:\/\/lasprimeras.com.do\/index.php\/2024\/01\/26\/alterra-village-lanza-el-primer-hotel-internacional-de-jarabacoa\/","url_meta":{"origin":115538,"position":0},"title":"Alterra Village lanza el primer hotel internacional de Jarabacoa","author":"Nelson Feliz","date":"26 de enero de 2024","format":false,"excerpt":"Madrid, Espa\u00f1a.-. FITUR \u2014 Alterra Village y Grupo De Valle han anunciado sus planes para desarrollar los primeros hoteles y residencias de Registry Collection en la regi\u00f3n del Caribe. El anuncio se realiz\u00f3 en el marco de la Feria Internacional de Turismo (FITUR), un hito importante que har\u00e1 de Jarabacoa\u2026","rel":"","context":"En \u00abTURISMO\u00bb","block_context":{"text":"TURISMO","link":"https:\/\/lasprimeras.com.do\/index.php\/category\/turismo\/"},"img":{"alt_text":"Wyndham Hotels & Resorts","src":"https:\/\/i0.wp.com\/lasprimeras.com.do\/wp-content\/uploads\/2024\/01\/Wyndham-Hotels-Resorts.jpg?resize=350%2C200&ssl=1","width":350,"height":200,"srcset":"https:\/\/i0.wp.com\/lasprimeras.com.do\/wp-content\/uploads\/2024\/01\/Wyndham-Hotels-Resorts.jpg?resize=350%2C200&ssl=1 1x, https:\/\/i0.wp.com\/lasprimeras.com.do\/wp-content\/uploads\/2024\/01\/Wyndham-Hotels-Resorts.jpg?resize=525%2C300&ssl=1 1.5x, https:\/\/i0.wp.com\/lasprimeras.com.do\/wp-content\/uploads\/2024\/01\/Wyndham-Hotels-Resorts.jpg?resize=700%2C400&ssl=1 2x"},"classes":[]},{"id":118892,"url":"https:\/\/lasprimeras.com.do\/index.php\/2026\/01\/04\/casa-marina-beach-and-reef-y-select-at-casa-marina-anuncian-cambio-de-nombre\/","url_meta":{"origin":115538,"position":1},"title":"Casa Marina Beach and Reef y Select At Casa Marina anuncian cambio de nombre","author":"Nelson Feliz","date":"4 de enero de 2026","format":false,"excerpt":"Fortalecen su propuesta de hospitalidad El reconocido complejo tur\u00edstico Hotel Casa Marina Beach and Reef \u00a0y Select At Casa Marina anunciaron oficialmente un cambio de nombre, como parte de su proceso de evoluci\u00f3n estrat\u00e9gica y fortalecimiento de su identidad dentro del competitivo mercado tur\u00edstico nacional e internacional. A partir de\u2026","rel":"","context":"En \u00abTURISMO\u00bb","block_context":{"text":"TURISMO","link":"https:\/\/lasprimeras.com.do\/index.php\/category\/turismo\/"},"img":{"alt_text":"Casa Marina Beach","src":"https:\/\/i0.wp.com\/lasprimeras.com.do\/wp-content\/uploads\/2026\/01\/Casa-Marina-Beach.jpg?resize=350%2C200&ssl=1","width":350,"height":200,"srcset":"https:\/\/i0.wp.com\/lasprimeras.com.do\/wp-content\/uploads\/2026\/01\/Casa-Marina-Beach.jpg?resize=350%2C200&ssl=1 1x, https:\/\/i0.wp.com\/lasprimeras.com.do\/wp-content\/uploads\/2026\/01\/Casa-Marina-Beach.jpg?resize=525%2C300&ssl=1 1.5x, https:\/\/i0.wp.com\/lasprimeras.com.do\/wp-content\/uploads\/2026\/01\/Casa-Marina-Beach.jpg?resize=700%2C400&ssl=1 2x"},"classes":[]},{"id":111433,"url":"https:\/\/lasprimeras.com.do\/index.php\/2025\/10\/09\/premio-nacional-de-turismo-2025-reconoce-la-innovacion-y-sostenibilidad-en-la-industria-turistica\/","url_meta":{"origin":115538,"position":2},"title":"Premio Nacional de Turismo 2025 reconoce la innovaci\u00f3n y sostenibilidad en la industria tur\u00edstica","author":"Nelson Feliz","date":"9 de octubre de 2025","format":false,"excerpt":"Con la participaci\u00f3n de los principales actores del sector tur\u00edstico, la cuarta edici\u00f3n del Premio Nacional de Turismo 2025 reconoci\u00f3 a las iniciativas m\u00e1s sobresalientes que han contribuido significativamente al fortalecimiento y proyecci\u00f3n del turismo nacional durante el \u00faltimo a\u00f1o. Uno de los momentos m\u00e1s emotivos del evento fue la\u2026","rel":"","context":"En \u00abTURISMO\u00bb","block_context":{"text":"TURISMO","link":"https:\/\/lasprimeras.com.do\/index.php\/category\/turismo\/"},"img":{"alt_text":"","src":"https:\/\/i0.wp.com\/lasprimeras.com.do\/wp-content\/uploads\/2025\/10\/premio.jpg?resize=350%2C200&ssl=1","width":350,"height":200,"srcset":"https:\/\/i0.wp.com\/lasprimeras.com.do\/wp-content\/uploads\/2025\/10\/premio.jpg?resize=350%2C200&ssl=1 1x, https:\/\/i0.wp.com\/lasprimeras.com.do\/wp-content\/uploads\/2025\/10\/premio.jpg?resize=525%2C300&ssl=1 1.5x, https:\/\/i0.wp.com\/lasprimeras.com.do\/wp-content\/uploads\/2025\/10\/premio.jpg?resize=700%2C400&ssl=1 2x"},"classes":[]},{"id":121689,"url":"https:\/\/lasprimeras.com.do\/index.php\/2026\/02\/08\/abinader-deja-inaugurado-el-hotel-holiday-inn-en-puerto-plata\/","url_meta":{"origin":115538,"position":3},"title":"Abinader deja inaugurado el Hotel Holiday Inn en Puerto Plata","author":"Nelson Feliz","date":"8 de febrero de 2026","format":false,"excerpt":"El presidente Luis Abinader dej\u00f3 inaugurado este domingo el Hotel Holiday Inn Puerto Plata \u2013 Cofres\u00ed Bay Area by IHG, un proyecto desarrollado con una inversi\u00f3n de US$26 millones de d\u00f3lares que reafirma la confianza del sector privado y contribuye al desarrollo sostenido de la provincia de Puerto Plata. El\u2026","rel":"","context":"En \u00abECONOM\u00cdA\u00bb","block_context":{"text":"ECONOM\u00cdA","link":"https:\/\/lasprimeras.com.do\/index.php\/category\/economia\/"},"img":{"alt_text":"","src":"https:\/\/i0.wp.com\/lasprimeras.com.do\/wp-content\/uploads\/2026\/02\/Luis-Abinader-1.jpg?resize=350%2C200&ssl=1","width":350,"height":200,"srcset":"https:\/\/i0.wp.com\/lasprimeras.com.do\/wp-content\/uploads\/2026\/02\/Luis-Abinader-1.jpg?resize=350%2C200&ssl=1 1x, https:\/\/i0.wp.com\/lasprimeras.com.do\/wp-content\/uploads\/2026\/02\/Luis-Abinader-1.jpg?resize=525%2C300&ssl=1 1.5x, https:\/\/i0.wp.com\/lasprimeras.com.do\/wp-content\/uploads\/2026\/02\/Luis-Abinader-1.jpg?resize=700%2C400&ssl=1 2x"},"classes":[]},{"id":91231,"url":"https:\/\/lasprimeras.com.do\/index.php\/2024\/11\/14\/prodominicana-revela-exportaciones-crecen-un-20-durante-el-mes-de-octubre-2024\/","url_meta":{"origin":115538,"position":4},"title":"ProDominicana revela exportaciones crecen un 20 % durante el mes de octubre 2024","author":"Nelson Feliz","date":"14 de noviembre de 2024","format":false,"excerpt":"En octubre de 2024, las exportaciones dominicanas alcanzaron cifras r\u00e9cord por s\u00e9ptimo mes consecutivo, totalizando 1,165.0 millones de d\u00f3lares, con una tasa de crecimiento interanual de 20.4 %. La directora ejecutiva del Centro de Exportaci\u00f3n e Inversi\u00f3n de la Rep\u00fablica Dominicana (ProDominicana), Biviana Riveiro, explic\u00f3 que, entre enero y octubre\u2026","rel":"","context":"En \u00abECONOM\u00cdA\u00bb","block_context":{"text":"ECONOM\u00cdA","link":"https:\/\/lasprimeras.com.do\/index.php\/category\/economia\/"},"img":{"alt_text":"Biviana Riveiro","src":"https:\/\/i0.wp.com\/lasprimeras.com.do\/wp-content\/uploads\/2024\/11\/Biviana-Riveiro.jpg?resize=350%2C200&ssl=1","width":350,"height":200,"srcset":"https:\/\/i0.wp.com\/lasprimeras.com.do\/wp-content\/uploads\/2024\/11\/Biviana-Riveiro.jpg?resize=350%2C200&ssl=1 1x, https:\/\/i0.wp.com\/lasprimeras.com.do\/wp-content\/uploads\/2024\/11\/Biviana-Riveiro.jpg?resize=525%2C300&ssl=1 1.5x, https:\/\/i0.wp.com\/lasprimeras.com.do\/wp-content\/uploads\/2024\/11\/Biviana-Riveiro.jpg?resize=700%2C400&ssl=1 2x"},"classes":[]},{"id":61610,"url":"https:\/\/lasprimeras.com.do\/index.php\/2023\/09\/28\/edwin-encarnacion-y-karen-yaport-con-expectativas-ante-primer-concierto-en-su-hotel\/","url_meta":{"origin":115538,"position":5},"title":"Edwin Encarnaci\u00f3n y Karen Yaport con expectativas ante primer concierto en su hotel","author":"Nelson Feliz","date":"28 de septiembre de 2023","format":false,"excerpt":"Es el primer gran concierto que se celebra en el hotel Hilton Garden Inn de La Romana, adquirido por Edwin Encarnaci\u00f3n. Karen Yaport y Edwin encarnaci\u00f3n tienen grandes expectativas con el concierto que dar\u00e1 Wason Brazob\u00e1n en el hotel Hilton Garden Inn de La Romana, el s\u00e1bado 21 de octubre.\u2026","rel":"","context":"En \u00abENTRETENIMIENTO\u00bb","block_context":{"text":"ENTRETENIMIENTO","link":"https:\/\/lasprimeras.com.do\/index.php\/category\/entretenimiento\/"},"img":{"alt_text":"Wason Brazoban","src":"https:\/\/i0.wp.com\/lasprimeras.com.do\/wp-content\/uploads\/2023\/09\/Wason-Brazoban.jpg?resize=350%2C200&ssl=1","width":350,"height":200},"classes":[]}],"jetpack_sharing_enabled":true,"_links":{"self":[{"href":"https:\/\/lasprimeras.com.do\/index.php\/wp-json\/wp\/v2\/posts\/115538","targetHints":{"allow":["GET"]}}],"collection":[{"href":"https:\/\/lasprimeras.com.do\/index.php\/wp-json\/wp\/v2\/posts"}],"about":[{"href":"https:\/\/lasprimeras.com.do\/index.php\/wp-json\/wp\/v2\/types\/post"}],"author":[{"embeddable":true,"href":"https:\/\/lasprimeras.com.do\/index.php\/wp-json\/wp\/v2\/users\/10"}],"replies":[{"embeddable":true,"href":"https:\/\/lasprimeras.com.do\/index.php\/wp-json\/wp\/v2\/comments?post=115538"}],"version-history":[{"count":1,"href":"https:\/\/lasprimeras.com.do\/index.php\/wp-json\/wp\/v2\/posts\/115538\/revisions"}],"predecessor-version":[{"id":115541,"href":"https:\/\/lasprimeras.com.do\/index.php\/wp-json\/wp\/v2\/posts\/115538\/revisions\/115541"}],"wp:featuredmedia":[{"embeddable":true,"href":"https:\/\/lasprimeras.com.do\/index.php\/wp-json\/wp\/v2\/media\/115539"}],"wp:attachment":[{"href":"https:\/\/lasprimeras.com.do\/index.php\/wp-json\/wp\/v2\/media?parent=115538"}],"wp:term":[{"taxonomy":"category","embeddable":true,"href":"https:\/\/lasprimeras.com.do\/index.php\/wp-json\/wp\/v2\/categories?post=115538"},{"taxonomy":"post_tag","embeddable":true,"href":"https:\/\/lasprimeras.com.do\/index.php\/wp-json\/wp\/v2\/tags?post=115538"}],"curies":[{"name":"wp","href":"https:\/\/api.w.org\/{rel}","templated":true}]}}