{"id":115595,"date":"2025-11-24T08:35:33","date_gmt":"2025-11-24T12:35:33","guid":{"rendered":"https:\/\/lasprimeras.com.do\/?p=115595"},"modified":"2025-11-24T08:35:35","modified_gmt":"2025-11-24T12:35:35","slug":"presidente-del-real-madrid-busca-inversores-para-adquirir-una-participacion-simbolica","status":"publish","type":"post","link":"https:\/\/lasprimeras.com.do\/index.php\/2025\/11\/24\/presidente-del-real-madrid-busca-inversores-para-adquirir-una-participacion-simbolica\/","title":{"rendered":"Presidente del Real Madrid busca inversores para adquirir una participaci\u00f3n \u201csimb\u00f3lica\u201d"},"content":{"rendered":"\n<p>POR TALES AZZONI<\/p>\n\n\n\n<p>MADRID (AP) \u2014 El presidente del Real Madrid, Florentino P\u00e9rez, est\u00e1 considerando permitir que los inversores compren una participaci\u00f3n de hasta el 10% en el club, e insisti\u00f3 en que la Superliga sigue siendo un \u201cproyecto indispensable\u201d para el futuro del f\u00fatbol.<\/p>\n\n\n\n<p>Hablando ante los socios del club en la asamblea general del domingo, P\u00e9rez dijo que propondr\u00e1 una reforma estatutaria durante una asamblea extraordinaria para permitir la posibilidad de que inversores externos tomen una participaci\u00f3n minoritaria en el club.<\/p>\n\n\n\n<p>\u201cSeguiremos siendo un club de socios pero debemos crear una filial para que los 100.000 socios del Real Madrid mantengamos el control absoluto, con una participaci\u00f3n minoritaria del 5% para que sepamos lo que vale el club. No queremos salir a bolsa\u201d, advirti\u00f3.<\/p>\n\n\n\n<p>P\u00e9rez expres\u00f3 que esa ser\u00eda la forma m\u00e1s clara y convincente de valorar nuestro club.<\/p>\n\n\n\n<p>\u201cQue alguien est\u00e9 dispuesto a invertir, una cantidad simb\u00f3lica, es el mejor ejemplo de poder del club. Este inversor o inversores deber\u00e1n respetar al club. Y si quisieran transmitir su participaci\u00f3n, el Madrid deber\u00eda mediar.<br>Ser\u00eda un aliado. Hemos construido el mejor club del mundo y necesitamos blindarlo\u201d, advirti\u00f3. \u201cNo podemos permitir que caiga en manos de nadie. Con este caso, someter\u00e9 a una decisi\u00f3n libre, para seguir siendo el mejor club del mundo\u201d.<\/p>\n\n\n\n<p>P\u00e9rez coment\u00f3 que los inversores estar\u00edan obligados a \u201crespetar nuestros valores\u201d, contribuir al crecimiento del club y ayudarlos a proteger sus activos de ataques externos.<\/p>\n\n\n\n<p>Dijo que el Real Madrid siempre tendr\u00eda el derecho de recomprar sus activos a los inversores.<\/p>\n\n\n\n<p>\u201cEn resumen, ser\u00e1n un aliado estrat\u00e9gico y nunca un propietario\u201d, se\u00f1al\u00f3.<\/p>\n\n\n\n<p>P\u00e9rez reiter\u00f3 varias veces que los socios \u2014cque tendr\u00edan que votar en un refer\u00e9ndum\u2014 nunca perder\u00edan el control del club.<\/p>\n\n\n\n<p>Dijo que su propuesta asegurar\u00eda que los actuales 100.000 socios sean reconocidos como los verdaderos due\u00f1os del club, con el n\u00famero de socios fijado para el futuro.<\/p>\n\n\n\n<p>\u201cLes quiero decir que vamos a convocar una Asamblea de Compromisarios de car\u00e1cter Extraordinario y convocaremos un refer\u00e9ndum para que puedan pronunciarse\u201d, dijo.<\/p>\n\n\n\n<p>\u201cPero el \u00fanico objetivo es blindar al club de ataques externos. Y ponerlo en valor. Llevo muchos a\u00f1os explicando que hay enemigos que quieren quedarse con nuestro patrimonio\u201d.<\/p>\n\n\n\n<p>Neg\u00f3 que la reforma le cueste dinero a los socios o que lo est\u00e1n haciendo porque necesitan el dinero.<\/p>\n\n\n\n<p>\u201cSomos el club m\u00e1s rico del mundo. Es una Junta muy unida y nos da la posibilidad de ser un club independiente. Pero tenemos que ser conscientes de las amenazas que tenemos\u201d, dijo.<\/p>\n\n\n\n<p>P\u00e9rez explic\u00f3 que la raz\u00f3n de la reforma era \u201cblindar al club de ataques externos e internos\u201d.<\/p>\n\n\n\n<p>Apoyo a la Superliga<\/p>\n\n\n\n<p>P\u00e9rez manifest\u00f3 que el club sigue completamente detr\u00e1s de la idea de la ampliamente criticada Superliga.<\/p>\n\n\n\n<p>\u201cNosotros seguimos insistiendo en que es un proyecto indispensable para el futuro del f\u00fatbol porque, sin este proyecto, la diferencia entre el f\u00fatbol ingl\u00e9s y el del resto de Europa ser\u00eda definitivamente insalvable\u201d, expres\u00f3.<\/p>\n\n\n\n<p>\u201cLa Superliga ha conseguido ya, sin discusi\u00f3n, un gran \u00e9xito para el f\u00fatbol. Hemos derribado para siempre, y en tiempo r\u00e9cord, un r\u00e9gimen de monopolio de UEFA de m\u00e1s de 70 a\u00f1os que, de otro modo, habr\u00eda acabado con nuestro futuro\u201d.<\/p>\n\n\n\n<p>El presidente se\u00f1al\u00f3 recientes fallos judiciales que favorecieron al club en la demanda contra la UEFA.<\/p>\n\n\n\n<p>\u201cLa contundencia de las sentencias obtenidas nos permite, al margen de impulsar la organizaci\u00f3n de nuestra propia competici\u00f3n, reclamar a UEFA los cuantios\u00edsimos da\u00f1os millonarios que nos han causado su comportamiento ilegal, al bloquear nuestro proyecto en abuso de posici\u00f3n de dominio. Ya les anuncio aqu\u00ed que hemos iniciado el correspondiente proceso de reclamaciones econ\u00f3micas contra UEFA\u201d, dijo.<\/p>\n\n\n\n<p>P\u00e9rez volvi\u00f3 a quejarse de la idea de la liga espa\u00f1ola de intentar jugar un partido de temporada regular en el extranjero.<\/p>\n\n\n\n<p>En octubre, la liga dijo que los planes para que el Barcelona jugara un partido de temporada regular contra el Villarreal fuera de Miami en diciembre hab\u00edan sido cancelados, una decisi\u00f3n que se produjo tras una mayor oposici\u00f3n al partido a nivel nacional.<\/p>\n\n\n\n<p>El presidente de la liga espa\u00f1ola, Javier Tebas, critic\u00f3 a P\u00e9rez el domingo en el \u00faltimo enfrentamiento entre ellos.<\/p>\n\n\n\n<p>El Madrid dijo que todos los puntos discutidos en la asamblea general fueron aprobados casi por unanimidad.<\/p>\n\n\n\n<p>\u201cPueden sentirse muy orgullosos del Real Madrid\u201d, a\u00f1adi\u00f3 P\u00e9rez. \u201cSinceramente, les digo que estamos m\u00e1s fuertes que nunca. Somos el mejor club del mundo en lo deportivo, en lo econ\u00f3mico y en lo institucional\u201d.<\/p>\n","protected":false},"excerpt":{"rendered":"<p>POR TALES AZZONI MADRID (AP) \u2014 El presidente del Real Madrid, Florentino P\u00e9rez, est\u00e1 considerando permitir que los inversores compren una participaci\u00f3n de hasta el 10% en el club, e&hellip;<\/p>\n","protected":false},"author":10,"featured_media":115596,"comment_status":"open","ping_status":"open","sticky":false,"template":"","format":"standard","meta":{"content-type":"","jetpack_post_was_ever_published":false,"_jetpack_newsletter_access":"","_jetpack_dont_email_post_to_subs":false,"_jetpack_newsletter_tier_id":0,"_jetpack_memberships_contains_paywalled_content":false,"_jetpack_memberships_contains_paid_content":false,"footnotes":""},"categories":[630],"tags":[17682],"class_list":["post-115595","post","type-post","status-publish","format-standard","has-post-thumbnail","hentry","category-deportes","tag-real-madrid"],"jetpack_featured_media_url":"https:\/\/lasprimeras.com.do\/wp-content\/uploads\/2025\/11\/Florentino-Perez.jpg","jetpack-related-posts":[{"id":94360,"url":"https:\/\/lasprimeras.com.do\/index.php\/2025\/02\/28\/neymar-confiesa-oferta-del-real-madrid-cuando-estaba-en-santos-me-ofrecieron-un-cheque-en-blanco\/","url_meta":{"origin":115595,"position":0},"title":"Neymar confiesa oferta del Real Madrid cuando estaba en Santos: \u201cMe ofrecieron un cheque en blanco\u201d","author":"Nelson Feliz","date":"28 de febrero de 2025","format":false,"excerpt":"El brasile\u00f1o mencion\u00f3 que en el Madrid iba a ganar al menos 3 veces m\u00e1s que en el FC Barcelona En 2013, el futbolista brasile\u00f1o Neymar Jr. tom\u00f3 la decisi\u00f3n de unirse al FC Barcelona, rechazando una oferta econ\u00f3micamente superior del Real Madrid. Y en recientes declaraciones Neymar Jr. Mencion\u00f3,\u2026","rel":"","context":"En \u00abDEPORTES\u00bb","block_context":{"text":"DEPORTES","link":"https:\/\/lasprimeras.com.do\/index.php\/category\/deportes\/"},"img":{"alt_text":"Neymar rechaz\u00f3 al Madrid por ir al FC Barcelona.","src":"https:\/\/i0.wp.com\/lasprimeras.com.do\/wp-content\/uploads\/2025\/02\/Neymar-rechazo-al-Madrid-por-ir-al-FC-Barcelona.png?resize=350%2C200&ssl=1","width":350,"height":200,"srcset":"https:\/\/i0.wp.com\/lasprimeras.com.do\/wp-content\/uploads\/2025\/02\/Neymar-rechazo-al-Madrid-por-ir-al-FC-Barcelona.png?resize=350%2C200&ssl=1 1x, https:\/\/i0.wp.com\/lasprimeras.com.do\/wp-content\/uploads\/2025\/02\/Neymar-rechazo-al-Madrid-por-ir-al-FC-Barcelona.png?resize=525%2C300&ssl=1 1.5x, https:\/\/i0.wp.com\/lasprimeras.com.do\/wp-content\/uploads\/2025\/02\/Neymar-rechazo-al-Madrid-por-ir-al-FC-Barcelona.png?resize=700%2C400&ssl=1 2x"},"classes":[]},{"id":97166,"url":"https:\/\/lasprimeras.com.do\/index.php\/2025\/04\/16\/mbappe-lesionado-y-abucheado-en-eliminacion-del-real-madrid-en-cuartos-de-la-champions\/","url_meta":{"origin":115595,"position":1},"title":"Mbapp\u00e9 lesionado y abucheado en eliminaci\u00f3n del Real Madrid en cuartos de la Champions","author":"Nelson Feliz","date":"16 de abril de 2025","format":false,"excerpt":"POR TALES AZZONI MADRID (AP) \u2014 No habr\u00e1 t\u00edtulo de la Liga de Campeones para Kylian Mbapp\u00e9 en su primera temporada con el Real Madrid. Despu\u00e9s de varios intentos fallidos con el Paris Saint-Germain, Mbapp\u00e9 se uni\u00f3 al club que ha ganado el t\u00edtulo europeo en 15 ocasiones, con la\u2026","rel":"","context":"En \u00abDEPORTES\u00bb","block_context":{"text":"DEPORTES","link":"https:\/\/lasprimeras.com.do\/index.php\/category\/deportes\/"},"img":{"alt_text":"","src":"https:\/\/i0.wp.com\/lasprimeras.com.do\/wp-content\/uploads\/2025\/04\/Kylian-Mbappe.jpg?resize=350%2C200&ssl=1","width":350,"height":200,"srcset":"https:\/\/i0.wp.com\/lasprimeras.com.do\/wp-content\/uploads\/2025\/04\/Kylian-Mbappe.jpg?resize=350%2C200&ssl=1 1x, https:\/\/i0.wp.com\/lasprimeras.com.do\/wp-content\/uploads\/2025\/04\/Kylian-Mbappe.jpg?resize=525%2C300&ssl=1 1.5x, https:\/\/i0.wp.com\/lasprimeras.com.do\/wp-content\/uploads\/2025\/04\/Kylian-Mbappe.jpg?resize=700%2C400&ssl=1 2x"},"classes":[]},{"id":48982,"url":"https:\/\/lasprimeras.com.do\/index.php\/2023\/05\/05\/anuncian-copa-64-aniversario-club-naco-2023\/","url_meta":{"origin":115595,"position":2},"title":"Anuncian Copa 64 Aniversario Club Naco 2023","author":"prenxa100","date":"5 de mayo de 2023","format":false,"excerpt":"Santo Domingo.-. El Club Naco, junto a la Liga de Golf Naco, lanz\u00f3 su torneo con el que la instituci\u00f3n celebra 64 a\u00f1os de existencia, siendo uno de los clubes que m\u00e1s ha aportado talentos al deporte nacional. La actividad fue realizada en el Sal\u00f3n Mont\u00e1s Guerrero del club ubicado\u2026","rel":"","context":"En \u00abSin categor\u00eda\u00bb","block_context":{"text":"Sin categor\u00eda","link":"https:\/\/lasprimeras.com.do\/index.php\/category\/sin-categoria\/"},"img":{"alt_text":"","src":"","width":0,"height":0},"classes":[]},{"id":100324,"url":"https:\/\/lasprimeras.com.do\/index.php\/2025\/06\/05\/club-amaprosan-rinde-homenaje-al-destacado-nadador-cristian-ramos\/","url_meta":{"origin":115595,"position":3},"title":"Club Amaprosan rinde homenaje al destacado nadador Cristian Ramos","author":"Nelson Feliz","date":"5 de junio de 2025","format":false,"excerpt":"Por Paulino Mota SANTIAGO.- La Junta Directiva del Club Amaprosan, rindi\u00f3 un merecido homenaje de recibimiento al destacado atleta local Cristian Ramos, tras conquistar la medalla de oro, en los 50 metros libres, en el Torneo Panam Aquatics Championship, Medell\u00edn, Colombia 2025. El acto fue celebrado en el exclusivo sal\u00f3n\u2026","rel":"","context":"En \u00abDEPORTES\u00bb","block_context":{"text":"DEPORTES","link":"https:\/\/lasprimeras.com.do\/index.php\/category\/deportes\/"},"img":{"alt_text":"","src":"https:\/\/i0.wp.com\/lasprimeras.com.do\/wp-content\/uploads\/2025\/06\/Cristian-Ramos.jpg?resize=350%2C200&ssl=1","width":350,"height":200,"srcset":"https:\/\/i0.wp.com\/lasprimeras.com.do\/wp-content\/uploads\/2025\/06\/Cristian-Ramos.jpg?resize=350%2C200&ssl=1 1x, https:\/\/i0.wp.com\/lasprimeras.com.do\/wp-content\/uploads\/2025\/06\/Cristian-Ramos.jpg?resize=525%2C300&ssl=1 1.5x, https:\/\/i0.wp.com\/lasprimeras.com.do\/wp-content\/uploads\/2025\/06\/Cristian-Ramos.jpg?resize=700%2C400&ssl=1 2x"},"classes":[]},{"id":84057,"url":"https:\/\/lasprimeras.com.do\/index.php\/2024\/05\/30\/concluye-feria-de-electrodomesticos-en-coopnama-esta-de-madre\/","url_meta":{"origin":115595,"position":4},"title":"Concluye feria de electrodom\u00e9sticos en \u00a1Coopnama est\u00e1 de Madre!","author":"Nelson Feliz","date":"30 de mayo de 2024","format":false,"excerpt":"Miles de madres fueron beneficiadas con la feria de especiales de electrodom\u00e9sticos que realiz\u00f3 la Cooperativa Nacional de Servicios M\u00faltiples de los Maestros, denominada \u00a1Coopnama est\u00e1 de Madre!, los d\u00edas 23, 24 y 25 del presente mes en todas las oficinas ubicadas en toda la geograf\u00eda nacional. Desde el acto\u2026","rel":"","context":"En \u00abNACIONALES\u00bb","block_context":{"text":"NACIONALES","link":"https:\/\/lasprimeras.com.do\/index.php\/category\/nacionales\/"},"img":{"alt_text":"coopnama","src":"https:\/\/i0.wp.com\/lasprimeras.com.do\/wp-content\/uploads\/2024\/05\/coopnama.jpg?resize=350%2C200&ssl=1","width":350,"height":200,"srcset":"https:\/\/i0.wp.com\/lasprimeras.com.do\/wp-content\/uploads\/2024\/05\/coopnama.jpg?resize=350%2C200&ssl=1 1x, https:\/\/i0.wp.com\/lasprimeras.com.do\/wp-content\/uploads\/2024\/05\/coopnama.jpg?resize=525%2C300&ssl=1 1.5x"},"classes":[]},{"id":59797,"url":"https:\/\/lasprimeras.com.do\/index.php\/2023\/09\/07\/embajada-dominicana-en-madrid-impulsa-instalacion-club-social-y-cultural-en-valencia\/","url_meta":{"origin":115595,"position":5},"title":"Embajada Dominicana en Madrid impulsa instalaci\u00f3n Club Social y Cultural en Valencia","author":"Nelson Feliz","date":"7 de septiembre de 2023","format":false,"excerpt":"Por Emy Familia Valencia.-Espa\u00f1a. La Embajada de Rep\u00fablica Dominicana en Madrid respondi\u00f3 a demandas y sugerencias presentadas por dirigentes del Partido Revolucionario Moderno (PRM) en\u00a0 Valencia, destinadas a fortalecer los lazos y el apoyo a la comunidad dominicana en la regi\u00f3n. El embajador Juan Bol\u00edvar D\u00edaz, en respuesta a las\u2026","rel":"","context":"En \u00abPORTADA\u00bb","block_context":{"text":"PORTADA","link":"https:\/\/lasprimeras.com.do\/index.php\/category\/portada\/"},"img":{"alt_text":"Juan Bol\u00edvar D\u00edaz","src":"https:\/\/i0.wp.com\/lasprimeras.com.do\/wp-content\/uploads\/2023\/09\/Juan-Bolivar-Diaz.jpg?resize=350%2C200&ssl=1","width":350,"height":200,"srcset":"https:\/\/i0.wp.com\/lasprimeras.com.do\/wp-content\/uploads\/2023\/09\/Juan-Bolivar-Diaz.jpg?resize=350%2C200&ssl=1 1x, https:\/\/i0.wp.com\/lasprimeras.com.do\/wp-content\/uploads\/2023\/09\/Juan-Bolivar-Diaz.jpg?resize=525%2C300&ssl=1 1.5x, https:\/\/i0.wp.com\/lasprimeras.com.do\/wp-content\/uploads\/2023\/09\/Juan-Bolivar-Diaz.jpg?resize=700%2C400&ssl=1 2x"},"classes":[]}],"jetpack_sharing_enabled":true,"_links":{"self":[{"href":"https:\/\/lasprimeras.com.do\/index.php\/wp-json\/wp\/v2\/posts\/115595","targetHints":{"allow":["GET"]}}],"collection":[{"href":"https:\/\/lasprimeras.com.do\/index.php\/wp-json\/wp\/v2\/posts"}],"about":[{"href":"https:\/\/lasprimeras.com.do\/index.php\/wp-json\/wp\/v2\/types\/post"}],"author":[{"embeddable":true,"href":"https:\/\/lasprimeras.com.do\/index.php\/wp-json\/wp\/v2\/users\/10"}],"replies":[{"embeddable":true,"href":"https:\/\/lasprimeras.com.do\/index.php\/wp-json\/wp\/v2\/comments?post=115595"}],"version-history":[{"count":1,"href":"https:\/\/lasprimeras.com.do\/index.php\/wp-json\/wp\/v2\/posts\/115595\/revisions"}],"predecessor-version":[{"id":115597,"href":"https:\/\/lasprimeras.com.do\/index.php\/wp-json\/wp\/v2\/posts\/115595\/revisions\/115597"}],"wp:featuredmedia":[{"embeddable":true,"href":"https:\/\/lasprimeras.com.do\/index.php\/wp-json\/wp\/v2\/media\/115596"}],"wp:attachment":[{"href":"https:\/\/lasprimeras.com.do\/index.php\/wp-json\/wp\/v2\/media?parent=115595"}],"wp:term":[{"taxonomy":"category","embeddable":true,"href":"https:\/\/lasprimeras.com.do\/index.php\/wp-json\/wp\/v2\/categories?post=115595"},{"taxonomy":"post_tag","embeddable":true,"href":"https:\/\/lasprimeras.com.do\/index.php\/wp-json\/wp\/v2\/tags?post=115595"}],"curies":[{"name":"wp","href":"https:\/\/api.w.org\/{rel}","templated":true}]}}