{"id":115614,"date":"2025-11-24T11:02:42","date_gmt":"2025-11-24T15:02:42","guid":{"rendered":"https:\/\/lasprimeras.com.do\/?p=115614"},"modified":"2025-11-24T11:02:44","modified_gmt":"2025-11-24T15:02:44","slug":"yoneiry-el-maestro-presenta-su-nuevo-album-a-casa-llena-en-el-alto-manhattan","status":"publish","type":"post","link":"https:\/\/lasprimeras.com.do\/index.php\/2025\/11\/24\/yoneiry-el-maestro-presenta-su-nuevo-album-a-casa-llena-en-el-alto-manhattan\/","title":{"rendered":"Yoneiry \u00abEl Maestro\u00bb presenta su nuevo \u00e1lbum a casa llena en el Alto Manhattan"},"content":{"rendered":"\n<figure class=\"wp-block-embed is-type-video is-provider-youtube wp-block-embed-youtube wp-embed-aspect-16-9 wp-has-aspect-ratio\"><div class=\"wp-block-embed__wrapper\">\n<iframe title=\"Artista urbano dominicano Yoneiry -El Maestro- se presenta a casa llena en el Alto Manhattan\" width=\"500\" height=\"281\" src=\"https:\/\/www.youtube.com\/embed\/zc1MYiu2RG0?feature=oembed\" frameborder=\"0\" allow=\"accelerometer; autoplay; clipboard-write; encrypted-media; gyroscope; picture-in-picture; web-share\" referrerpolicy=\"strict-origin-when-cross-origin\" allowfullscreen><\/iframe>\n<\/div><\/figure>\n\n\n\n<p>Por Ram\u00f3n Mercedes<\/p>\n\n\n\n<p>NUEVA YORK.- El multifac\u00e9tico artista urbano dominicano Yoneiry Taveras, conocido art\u00edsticamente como \u00abYoneiry -El Maestro-\u00bb, present\u00f3 el pasado fin de semana a casa llena en los exclusivos salones del lujoso Brasier Theater, el Alto Manhattan, su nuevo \u00e1lbum \u00abVers\u00e1tile Reggaeton Pop\u00bb.<\/p>\n\n\n\n<p>El proyecto musical incluye temas como \u00abNo dejo de pensar en ti\u00bb, \u00abSalimos a perrear\u00bb, \u00abRam Pam Pam\u00bb, \u00abCarro de Carrera\u00bb, \u00abReggae Mambo\u00bb, \u00abMueve Tu Cadera\u00bb, \u00abTe Lo Rompo To\u00bb, \u00abLook At My Flow\u00bb, \u00abF**k All That\u00bb, \u00abI Can Do Whatever\u00bb, \u00abOn the Block\u00bb y \u00abWhy You So Lame\u00bb, entre otros que prometen cautivar al p\u00fablico asistente.<\/p>\n\n\n\n<p>Asistieron numerosos artistas consagrados y nuevas figuras, entre ellos figuran \u00abEl Var\u00f3n de la Bachata\u00bb, \u00abGigi RD\u00bb, \u00abSiempre La M\u00e1s\u00bb, \u00abCrucita La Reina del Mariachi\u00bb, \u00abLos Toros Band\u00bb, Zavier Fern\u00e1ndez\u00bb, \u00abSoraya Internacional\u00bb, \u00abJonathan El Latino\u00bb, \u00abEl Chavivir\u00ed\u00bb, \u00abKatherine Figuereo\u00bb, y Frederick Mart\u00ednez \u00abEl Pach\u00e1\u00bb, entre otros.<\/p>\n\n\n\n<p>Present\u00f3 sus nuevas canciones durante los Premios Latinos, versi\u00f3n urbana, que produce F\u00e9lix Jerez, que lo reconoci\u00f3 a la vez. Igualmente, el condado de Nassau le entreg\u00f3 otro reconocimiento.<\/p>\n\n\n\n<p>Yoneiry agradeci\u00f3 el respaldo que ha venido recibiendo de sus seguidores. \u00abSaben que con el apoyo de mi p\u00fablico siento que voy por el camino correcto, la idea principal es motivarlos a que sean mejores personas cada d\u00eda, y me encantar\u00eda seguir contando con su cari\u00f1o y apoyo\u00bb, manifest\u00f3.<\/p>\n\n\n\n<p>Ha actuado en escenarios importantes como en Festival de la Calle 8; Power 105 FM; Festival Tdot Fest de Toronto; en el Desfile Dominicano de la Quinta Avenida-Manhattan; en el Desfile Puertorrique\u00f1o; y de Am\u00e9rica Central Honduras.<\/p>\n\n\n\n<p>El actor, artista, modelo y CEO de YTM.Productions, YTM Records y YTM.Clothing, fue el primer modelo masculino en participar en Project Runway y Bravo TV, marcando un precedente dentro de la industria.<\/p>\n\n\n\n<p>Adem\u00e1s, ha sido imagen de campa\u00f1as para Pepsi, Paco Jeans y Nike, y sus trabajos han aparecido en revistas como GQ, Complex, Seventeen, NV, Prom Guide, Bridgez, as\u00ed como en anuncios para XXL y Source Magazine.<\/p>\n\n\n\n<p>En la pantalla grande ha destacado por su participaci\u00f3n en la pel\u00edcula \u00abEqual Standard\u00bb, (2020), compartiendo pantalla con figuras como Ice-T, Maurice Benard, Tobias Truvillion, Syleena Johnson y Robert Clohessy. Actualmente se proyecta en canales del cable.<\/p>\n\n\n\n<p>Tambi\u00e9n forma parte del elenco de Bruised, junto a Halle Berry, y ha tenido papeles en Back Street, Law &amp; Order, We TV, Alpha House, The Wackness y Gossip Girl. Su talento lo llev\u00f3 al Festival de Cine de Tribeca con la cinta independiente Not That Kind of Blue.<\/p>\n\n\n\n<p>Como rapero, su \u00e1lbum Vers\u00e1til est\u00e1 disponible en todas las plataformas digitales, combinando reggaet\u00f3n e hip-hop en ingl\u00e9s. Actualmente trabaja en su segunda producci\u00f3n: Vers\u00e1tile ll.<\/p>\n\n\n\n<p>El artista tambi\u00e9n ha sido parte de los Latin Awards, Urban Music Awards, Golden Latin Awards y Sacro Imperio Awards, y ha realizado apariciones televisivas en Telemundo, Univisi\u00f3n 41 y Sky TV 13. Sus remixes, tambi\u00e9n suena en emisoras angloparlantes de NYC como Hot 97 y Power 105.<\/p>\n\n\n\n<p>El Urbano, considerado una de las voces m\u00e1s refrescantes del g\u00e9nero, contin\u00faa elevando el nombre de su pa\u00eds (RD). INSTAGRAM Yoneiry_el_maestro.<\/p>\n","protected":false},"excerpt":{"rendered":"<p>Por Ram\u00f3n Mercedes NUEVA YORK.- El multifac\u00e9tico artista urbano dominicano Yoneiry Taveras, conocido art\u00edsticamente como \u00abYoneiry -El Maestro-\u00bb, present\u00f3 el pasado fin de semana a casa llena en los exclusivos&hellip;<\/p>\n","protected":false},"author":10,"featured_media":115615,"comment_status":"open","ping_status":"open","sticky":false,"template":"","format":"standard","meta":{"content-type":"","jetpack_post_was_ever_published":false,"_jetpack_newsletter_access":"","_jetpack_dont_email_post_to_subs":false,"_jetpack_newsletter_tier_id":0,"_jetpack_memberships_contains_paywalled_content":false,"_jetpack_memberships_contains_paid_content":false,"footnotes":""},"categories":[84],"tags":[7883,17299,364,26331,19586,27673],"class_list":["post-115614","post","type-post","status-publish","format-standard","has-post-thumbnail","hentry","category-entretenimiento","tag-alto-manhattan","tag-artista-urbano","tag-dominicano","tag-el-maestro","tag-nuevo-album","tag-yoneiry"],"jetpack_featured_media_url":"https:\/\/lasprimeras.com.do\/wp-content\/uploads\/2025\/11\/WhatsApp-Image-2025-11-24-at-5.46.50-AM.jpeg","jetpack-related-posts":[{"id":115278,"url":"https:\/\/lasprimeras.com.do\/index.php\/2025\/11\/20\/artista-urbano-yoneiry-taveras-presentara-su-nuevo-album-en-premios-latinos-2025\/","url_meta":{"origin":115614,"position":0},"title":"Artista Urbano Yoneiry Taveras presentar\u00e1 su nuevo \u00e1lbum en Premios Latinos 2025","author":"Nelson Feliz","date":"20 de noviembre de 2025","format":false,"excerpt":"NUEVA YORK. \u2013 El multifac\u00e9tico artista urbano Yoneirys Taveraz presentar\u00e1 su nuevo \u00e1lbum Vers\u00e1til \u2013 Reggaeton Pop durante la XXVI entrega anual de los populares Premios Latinos, en su versi\u00f3n urbana, que se celebrar\u00e1 este jueves 20 de noviembre en esta ciudad. El proyecto musical incluye temas como \u201cNo dejo\u2026","rel":"","context":"En \u00abENTRETENIMIENTO\u00bb","block_context":{"text":"ENTRETENIMIENTO","link":"https:\/\/lasprimeras.com.do\/index.php\/category\/entretenimiento\/"},"img":{"alt_text":"","src":"https:\/\/i0.wp.com\/lasprimeras.com.do\/wp-content\/uploads\/2025\/11\/Yoneiry-Taveras-1.jpg?resize=350%2C200&ssl=1","width":350,"height":200,"srcset":"https:\/\/i0.wp.com\/lasprimeras.com.do\/wp-content\/uploads\/2025\/11\/Yoneiry-Taveras-1.jpg?resize=350%2C200&ssl=1 1x, https:\/\/i0.wp.com\/lasprimeras.com.do\/wp-content\/uploads\/2025\/11\/Yoneiry-Taveras-1.jpg?resize=525%2C300&ssl=1 1.5x"},"classes":[]},{"id":92689,"url":"https:\/\/lasprimeras.com.do\/index.php\/2025\/01\/10\/rey-john-regresa-al-escenario-musical-con-su-nuevo-album-historia\/","url_meta":{"origin":115614,"position":1},"title":"Rey John regresa al escenario musical con su nuevo \u00e1lbum &#8220;Historia","author":"Nelson Feliz","date":"10 de enero de 2025","format":false,"excerpt":"Despu\u00e9s de una pausa de cinco a\u00f1os, el Rey de la Bachata Pop, Rey John, regresa con su tan esperado nuevo \u00e1lbum titulado \u201cHistoria. Edici\u00f3n I\u201d. Este regreso marca un hito importante en su carrera, consolidando su posici\u00f3n como uno de los artistas m\u00e1s destacados de la bachata contempor\u00e1nea. Trayectoria\u2026","rel":"","context":"En \u00abENTRETENIMIENTO\u00bb","block_context":{"text":"ENTRETENIMIENTO","link":"https:\/\/lasprimeras.com.do\/index.php\/category\/entretenimiento\/"},"img":{"alt_text":"","src":"https:\/\/i0.wp.com\/lasprimeras.com.do\/wp-content\/uploads\/2025\/01\/rey.jpg?resize=350%2C200&ssl=1","width":350,"height":200,"srcset":"https:\/\/i0.wp.com\/lasprimeras.com.do\/wp-content\/uploads\/2025\/01\/rey.jpg?resize=350%2C200&ssl=1 1x, https:\/\/i0.wp.com\/lasprimeras.com.do\/wp-content\/uploads\/2025\/01\/rey.jpg?resize=525%2C300&ssl=1 1.5x, https:\/\/i0.wp.com\/lasprimeras.com.do\/wp-content\/uploads\/2025\/01\/rey.jpg?resize=700%2C400&ssl=1 2x"},"classes":[]},{"id":68534,"url":"https:\/\/lasprimeras.com.do\/index.php\/2023\/11\/25\/myke-towers-lanza-su-nuevo-album-lveu-vive-la-tuya-no-la-mia\/","url_meta":{"origin":115614,"position":2},"title":"Myke Towers lanza su nuevo \u00e1lbum \u2018LVEU- Vive la tuya\u2026 no la m\u00eda\u2019","author":"BIMARY DE JES\u00daS Matos","date":"25 de noviembre de 2023","format":false,"excerpt":"Santo Domingo.-El cantante urbano puertorrique\u00f1o Myke Towers presenta su nuevo \u00e1lbum, \u2018LVEU: Vive la tuya\u2026 no la m\u00eda\u2019, que con 23 temas sirve de continuaci\u00f3n de otro disco publicado este mismo a\u00f1o y mezcla varias de las facetas del artista. El \u00e1lbum cuenta con 22 canciones in\u00e9ditas m\u00e1s el \u00e9xito\u2026","rel":"","context":"En \u00abENTRETENIMIENTO\u00bb","block_context":{"text":"ENTRETENIMIENTO","link":"https:\/\/lasprimeras.com.do\/index.php\/category\/entretenimiento\/"},"img":{"alt_text":"","src":"https:\/\/i0.wp.com\/lasprimeras.com.do\/wp-content\/uploads\/2023\/11\/WhatsApp-Image-2023-11-24-at-1.48.00-PM-7.jpeg?resize=350%2C200&ssl=1","width":350,"height":200,"srcset":"https:\/\/i0.wp.com\/lasprimeras.com.do\/wp-content\/uploads\/2023\/11\/WhatsApp-Image-2023-11-24-at-1.48.00-PM-7.jpeg?resize=350%2C200&ssl=1 1x, https:\/\/i0.wp.com\/lasprimeras.com.do\/wp-content\/uploads\/2023\/11\/WhatsApp-Image-2023-11-24-at-1.48.00-PM-7.jpeg?resize=525%2C300&ssl=1 1.5x"},"classes":[]},{"id":63692,"url":"https:\/\/lasprimeras.com.do\/index.php\/2023\/10\/15\/nuevo-disco-de-bad-bunny-se-convierte-en-album-mas-reproducido-en-spotify\/","url_meta":{"origin":115614,"position":3},"title":"Nuevo disco de Bad Bunny se convierte en \u00e1lbum m\u00e1s reproducido en Spotify","author":"BIMARY DE JES\u00daS Matos","date":"15 de octubre de 2023","format":false,"excerpt":"San Juan.- La plataforma musical Spotify inform\u00f3 este s\u00e1bado de que el nuevo y s\u00e9ptimo \u00e1lbum, \u00abNadie sabe lo que va a pasar ma\u00f1ana\u00bb que el artista urbano puertorrique\u00f1o Bad Bunny lanz\u00f3 el viernes, se convirti\u00f3 en el \u00e1lbum m\u00e1s reproducido en un solo d\u00eda en 2023. \u00abEl 13 de\u2026","rel":"","context":"En \u00abENTRETENIMIENTO\u00bb","block_context":{"text":"ENTRETENIMIENTO","link":"https:\/\/lasprimeras.com.do\/index.php\/category\/entretenimiento\/"},"img":{"alt_text":"","src":"https:\/\/i0.wp.com\/lasprimeras.com.do\/wp-content\/uploads\/2023\/10\/WhatsApp-Image-2023-10-14-at-10.00.32-PM-1.webp?resize=350%2C200&ssl=1","width":350,"height":200,"srcset":"https:\/\/i0.wp.com\/lasprimeras.com.do\/wp-content\/uploads\/2023\/10\/WhatsApp-Image-2023-10-14-at-10.00.32-PM-1.webp?resize=350%2C200&ssl=1 1x, https:\/\/i0.wp.com\/lasprimeras.com.do\/wp-content\/uploads\/2023\/10\/WhatsApp-Image-2023-10-14-at-10.00.32-PM-1.webp?resize=525%2C300&ssl=1 1.5x, https:\/\/i0.wp.com\/lasprimeras.com.do\/wp-content\/uploads\/2023\/10\/WhatsApp-Image-2023-10-14-at-10.00.32-PM-1.webp?resize=700%2C400&ssl=1 2x, https:\/\/i0.wp.com\/lasprimeras.com.do\/wp-content\/uploads\/2023\/10\/WhatsApp-Image-2023-10-14-at-10.00.32-PM-1.webp?resize=1050%2C600&ssl=1 3x"},"classes":[]},{"id":103634,"url":"https:\/\/lasprimeras.com.do\/index.php\/2025\/07\/17\/nace-nuevo-partido-politico-rd-en-ny\/","url_meta":{"origin":115614,"position":4},"title":"Nace nuevo partido pol\u00edtico RD en NY","author":"Nelson Feliz","date":"17 de julio de 2025","format":false,"excerpt":"Lo dar\u00e1n a conocer durante acto p\u00fablico en Alto Manhattan Por Ram\u00f3n Mercedes NUEVA YORK.- Una nueva entidad pol\u00edtica dominicana ha surgido en esta ciudad y llevar\u00e1 por nombre \u00abPartido Di\u00e1spora Primero\u00bb (DP), que ser\u00e1 presidida por el artista Ra\u00fal Acosta. Se har\u00e1 un gran evento el pr\u00f3ximo 27 de\u2026","rel":"","context":"En \u00abINTERNACIONALES\u00bb","block_context":{"text":"INTERNACIONALES","link":"https:\/\/lasprimeras.com.do\/index.php\/category\/sin-categoria\/internacionales\/"},"img":{"alt_text":"","src":"https:\/\/i0.wp.com\/lasprimeras.com.do\/wp-content\/uploads\/2025\/07\/WhatsApp-Image-2025-07-17-at-6.40.31-AM-1.jpeg?resize=350%2C200&ssl=1","width":350,"height":200,"srcset":"https:\/\/i0.wp.com\/lasprimeras.com.do\/wp-content\/uploads\/2025\/07\/WhatsApp-Image-2025-07-17-at-6.40.31-AM-1.jpeg?resize=350%2C200&ssl=1 1x, https:\/\/i0.wp.com\/lasprimeras.com.do\/wp-content\/uploads\/2025\/07\/WhatsApp-Image-2025-07-17-at-6.40.31-AM-1.jpeg?resize=525%2C300&ssl=1 1.5x"},"classes":[]},{"id":108308,"url":"https:\/\/lasprimeras.com.do\/index.php\/2025\/09\/04\/anthony-santos-promueve-con-exito-su-album-a-fuerza-de-dolor\/","url_meta":{"origin":115614,"position":5},"title":"Anthony Santos promueve con \u00e9xito su \u00e1lbum &#8220;A fuerza de dolor&#8221;","author":"Nelson Feliz","date":"4 de septiembre de 2025","format":false,"excerpt":"El \u00e1lbum tiene como focus track una colaboraci\u00f3n con el artista internacional Akon, que lleva por nombre \"Hay amores de m\u00e1s\". \"A Fuerza de Dolor\", el nuevo \u00e1lbum de Anthony Santos, suena con fuerza en las listas de m\u00fasica. La producci\u00f3n de 14 canciones recorre canciones de amor, el desamor\u2026","rel":"","context":"En \u00abENTRETENIMIENTO\u00bb","block_context":{"text":"ENTRETENIMIENTO","link":"https:\/\/lasprimeras.com.do\/index.php\/category\/entretenimiento\/"},"img":{"alt_text":"Anthony Santos lanza su nuevo \u00e1lbum \"A Fuerza de Dolor\": una obra nacida de la carne y el alma","src":"https:\/\/i0.wp.com\/lasprimeras.com.do\/wp-content\/uploads\/2025\/09\/Anthony-Santos-lanza-su-nuevo-album-A-Fuerza-de-Dolor-una-obra-nacida-de-la-carne-y-el-alma.jpg?resize=350%2C200&ssl=1","width":350,"height":200,"srcset":"https:\/\/i0.wp.com\/lasprimeras.com.do\/wp-content\/uploads\/2025\/09\/Anthony-Santos-lanza-su-nuevo-album-A-Fuerza-de-Dolor-una-obra-nacida-de-la-carne-y-el-alma.jpg?resize=350%2C200&ssl=1 1x, https:\/\/i0.wp.com\/lasprimeras.com.do\/wp-content\/uploads\/2025\/09\/Anthony-Santos-lanza-su-nuevo-album-A-Fuerza-de-Dolor-una-obra-nacida-de-la-carne-y-el-alma.jpg?resize=525%2C300&ssl=1 1.5x, https:\/\/i0.wp.com\/lasprimeras.com.do\/wp-content\/uploads\/2025\/09\/Anthony-Santos-lanza-su-nuevo-album-A-Fuerza-de-Dolor-una-obra-nacida-de-la-carne-y-el-alma.jpg?resize=700%2C400&ssl=1 2x"},"classes":[]}],"jetpack_sharing_enabled":true,"_links":{"self":[{"href":"https:\/\/lasprimeras.com.do\/index.php\/wp-json\/wp\/v2\/posts\/115614","targetHints":{"allow":["GET"]}}],"collection":[{"href":"https:\/\/lasprimeras.com.do\/index.php\/wp-json\/wp\/v2\/posts"}],"about":[{"href":"https:\/\/lasprimeras.com.do\/index.php\/wp-json\/wp\/v2\/types\/post"}],"author":[{"embeddable":true,"href":"https:\/\/lasprimeras.com.do\/index.php\/wp-json\/wp\/v2\/users\/10"}],"replies":[{"embeddable":true,"href":"https:\/\/lasprimeras.com.do\/index.php\/wp-json\/wp\/v2\/comments?post=115614"}],"version-history":[{"count":1,"href":"https:\/\/lasprimeras.com.do\/index.php\/wp-json\/wp\/v2\/posts\/115614\/revisions"}],"predecessor-version":[{"id":115616,"href":"https:\/\/lasprimeras.com.do\/index.php\/wp-json\/wp\/v2\/posts\/115614\/revisions\/115616"}],"wp:featuredmedia":[{"embeddable":true,"href":"https:\/\/lasprimeras.com.do\/index.php\/wp-json\/wp\/v2\/media\/115615"}],"wp:attachment":[{"href":"https:\/\/lasprimeras.com.do\/index.php\/wp-json\/wp\/v2\/media?parent=115614"}],"wp:term":[{"taxonomy":"category","embeddable":true,"href":"https:\/\/lasprimeras.com.do\/index.php\/wp-json\/wp\/v2\/categories?post=115614"},{"taxonomy":"post_tag","embeddable":true,"href":"https:\/\/lasprimeras.com.do\/index.php\/wp-json\/wp\/v2\/tags?post=115614"}],"curies":[{"name":"wp","href":"https:\/\/api.w.org\/{rel}","templated":true}]}}