{"id":115631,"date":"2025-11-24T12:18:42","date_gmt":"2025-11-24T16:18:42","guid":{"rendered":"https:\/\/lasprimeras.com.do\/?p=115631"},"modified":"2025-11-24T12:18:43","modified_gmt":"2025-11-24T16:18:43","slug":"cotui-pimentel-y-norma-diaz-sellan-la-gran-final-u10-de-fedom","status":"publish","type":"post","link":"https:\/\/lasprimeras.com.do\/index.php\/2025\/11\/24\/cotui-pimentel-y-norma-diaz-sellan-la-gran-final-u10-de-fedom\/","title":{"rendered":"Cotu\u00ed, Pimentel y Norma D\u00edaz sellan la gran final U10 de Fedom"},"content":{"rendered":"\n<p><strong>La Copa Nelson Cruz conocer\u00e1 su nuevo campe\u00f3n este pr\u00f3ximo domingo 30 de noviembre.<\/strong><\/p>\n\n\n\n<p>Los representantes de Cotu\u00ed, la Liga Cristi\u00e1n Serrano y la Liga Norma D\u00edaz sellaron sus pases directos para la gran final del 5to. Campeonato Nacional U10 \u201cCopa Nelson Cruz\u201d que se disputar\u00e1 el domingo 30 de noviembre en la sede del Ej\u00e9rcito de Rep\u00fablica Dominicana en la Autopista Duarte.<\/p>\n\n\n\n<p>Para este 2025 tendremos un nuevo monarca en la contienda que organiza la Federaci\u00f3n Dominicana de B\u00e9isbol Inc. (Fedom) y que tiene una dedicatoria especial a la dama de hierro, do\u00f1a Norma D\u00edaz.<\/p>\n\n\n\n<p>64 equipos, m\u00e1s de mil 152 jugadores en edades comprendidas entre los 9 y 10 a\u00f1os, iniciaron el pasado domingo 9 de noviembre en el \u00faltimo evento del a\u00f1o que marca el cierre de los torneos de desarrollo que realiza la Fedom y su titular Juan N\u00fa\u00f1ez, tanto el U6, U8 y U10 son por invitaci\u00f3n para el disfrute de la familia y permite que los peque\u00f1os desde temprana edad se inicien en el deporte rey de los dominicanos.<\/p>\n\n\n\n<p>La Liga Norma D\u00edaz, Cristian Serrano de Pimentel y Cotu\u00ed se abrieron paso en sus respectivos grupos quedando lideres y el cruces fueron dejando a sus contrincantes y se ganaron el derecho de disputarse a partir de las 10:00 de la ma\u00f1ana del domingo 30 de noviembre la gran Copa Nelson Cruz.<\/p>\n\n\n\n<figure class=\"wp-block-image size-large\"><img decoding=\"async\" width=\"1024\" height=\"973\" src=\"https:\/\/lasprimeras.com.do\/wp-content\/uploads\/2025\/11\/Norma-Diaz-1-1024x973.jpeg\" alt=\"\" class=\"wp-image-115633\" srcset=\"https:\/\/lasprimeras.com.do\/wp-content\/uploads\/2025\/11\/Norma-Diaz-1-1024x973.jpeg 1024w, https:\/\/lasprimeras.com.do\/wp-content\/uploads\/2025\/11\/Norma-Diaz-1-300x285.jpeg 300w, https:\/\/lasprimeras.com.do\/wp-content\/uploads\/2025\/11\/Norma-Diaz-1-768x730.jpeg 768w, https:\/\/lasprimeras.com.do\/wp-content\/uploads\/2025\/11\/Norma-Diaz-1-1536x1459.jpeg 1536w, https:\/\/lasprimeras.com.do\/wp-content\/uploads\/2025\/11\/Norma-Diaz-1.jpeg 1600w\" sizes=\"(max-width: 1024px) 100vw, 1024px\" \/><\/figure>\n\n\n\n<p><strong>La Copa \u201cNelson Cruz\u201d.<\/strong><\/p>\n\n\n\n<p>La gran copa lleg\u00f3 de la mano del gerente general del equipo dominicano para el Cl\u00e1sico Mundial de B\u00e9isbol (WBC 2026), Nelson Cruz, quien acompa\u00f1ado de su hijo Ne\u00f3n Cruz, sorprendi\u00f3 a todos los presentes, en donde exhort\u00f3 a los peque\u00f1os a disfrutar como ni\u00f1os y continuar jugando por sus sue\u00f1os.<\/p>\n\n\n\n<p>Los jugadores aprovecharon la oportunidad y compartieron con Cruz, adem\u00e1s de hacerse fotos con el exjugador de Grandes Ligas.<\/p>\n\n\n\n<p>Nelson Cruz hizo entrega a Juan N\u00fa\u00f1ez y al secretario general de la Fedom, Erick Then del trofeo de campeones que espera por conocer su nuevo destino.<\/p>\n\n\n\n<figure class=\"wp-block-video\"><video height=\"480\" style=\"aspect-ratio: 848 \/ 480;\" width=\"848\" controls src=\"https:\/\/lasprimeras.com.do\/wp-content\/uploads\/2025\/11\/WhatsApp-Video-2025-11-09-at-5.59.34-PM.mp4\"><\/video><\/figure>\n\n\n\n<p><strong>Reconocimiento.<\/strong><\/p>\n\n\n\n<p>Durante el desarrollo de la jornada del 5to. Campeonato Nacional U10 la Fedom realiz\u00f3 un reconocimiento al presidente Mundial de Pony Baseball And Softball, Mr. Abraham Key, por el gran trabajo que esta realizando desde la entidad internacional en materia de formaci\u00f3n y crecimiento.<\/p>\n\n\n\n<p>Al momento de recibir la placa, Mr. Key salud\u00f3 y felicit\u00f3 a la Fedom por la organizaci\u00f3n del evento, agradeciendo la distinci\u00f3n que se le hiciera y que mejor escenario que el Campeonato Nacional U10.<\/p>\n\n\n\n<p>El Campeonato Nacional U10 de la Fedom cuenta con el respaldo del Grupo de Medios Panorama, VTV Canal 32, los Comedores Econ\u00f3micos del Estado Dominicano, el Ej\u00e9rcito de la Rep\u00fablica Dominicana y el Ministerio de Deportes.<\/p>\n","protected":false},"excerpt":{"rendered":"<p>La Copa Nelson Cruz conocer\u00e1 su nuevo campe\u00f3n este pr\u00f3ximo domingo 30 de noviembre. Los representantes de Cotu\u00ed, la Liga Cristi\u00e1n Serrano y la Liga Norma D\u00edaz sellaron sus pases&hellip;<\/p>\n","protected":false},"author":10,"featured_media":115632,"comment_status":"open","ping_status":"open","sticky":false,"template":"","format":"standard","meta":{"content-type":"","jetpack_post_was_ever_published":false,"_jetpack_newsletter_access":"","_jetpack_dont_email_post_to_subs":false,"_jetpack_newsletter_tier_id":0,"_jetpack_memberships_contains_paywalled_content":false,"_jetpack_memberships_contains_paid_content":false,"footnotes":""},"categories":[630],"tags":[3258,8251,27684,1510,5624,4690],"class_list":["post-115631","post","type-post","status-publish","format-standard","has-post-thumbnail","hentry","category-deportes","tag-cotui","tag-fedom","tag-gran-final-u10","tag-norma-diaz","tag-pimentel","tag-sellan"],"jetpack_featured_media_url":"https:\/\/lasprimeras.com.do\/wp-content\/uploads\/2025\/11\/Norma-Diaz.jpeg","jetpack-related-posts":[{"id":118242,"url":"https:\/\/lasprimeras.com.do\/index.php\/2025\/12\/24\/liga-cristian-serrano-se-lleva-la-copa-nelson-cruz\/","url_meta":{"origin":115631,"position":0},"title":"Liga Cristi\u00e1n Serrano se lleva la Copa Nelson Cruz","author":"Nelson Feliz","date":"24 de diciembre de 2025","format":false,"excerpt":"Liga deportiva Nelson Cruz","rel":"","context":"En \u00abDEPORTES\u00bb","block_context":{"text":"DEPORTES","link":"https:\/\/lasprimeras.com.do\/index.php\/category\/deportes\/"},"img":{"alt_text":"","src":"https:\/\/i0.wp.com\/lasprimeras.com.do\/wp-content\/uploads\/2025\/12\/IMG-20251201-WA0574.jpg?resize=350%2C200&ssl=1","width":350,"height":200,"srcset":"https:\/\/i0.wp.com\/lasprimeras.com.do\/wp-content\/uploads\/2025\/12\/IMG-20251201-WA0574.jpg?resize=350%2C200&ssl=1 1x, https:\/\/i0.wp.com\/lasprimeras.com.do\/wp-content\/uploads\/2025\/12\/IMG-20251201-WA0574.jpg?resize=525%2C300&ssl=1 1.5x, https:\/\/i0.wp.com\/lasprimeras.com.do\/wp-content\/uploads\/2025\/12\/IMG-20251201-WA0574.jpg?resize=700%2C400&ssl=1 2x, https:\/\/i0.wp.com\/lasprimeras.com.do\/wp-content\/uploads\/2025\/12\/IMG-20251201-WA0574.jpg?resize=1050%2C600&ssl=1 3x, https:\/\/i0.wp.com\/lasprimeras.com.do\/wp-content\/uploads\/2025\/12\/IMG-20251201-WA0574.jpg?resize=1400%2C800&ssl=1 4x"},"classes":[]},{"id":114010,"url":"https:\/\/lasprimeras.com.do\/index.php\/2025\/10\/30\/fedom-dedica-campeonato-nacional-u10-a-dona-norma-diaz\/","url_meta":{"origin":115631,"position":1},"title":"Fedom dedica Campeonato Nacional U10 a Do\u00f1a Norma D\u00edaz","author":"Nelson Feliz","date":"30 de octubre de 2025","format":false,"excerpt":"El 5to Campeonato Nacional tendr\u00e1 la participaci\u00f3n de 74 equipos desde este domingo 2 de noviembre en la disputa de la Copa Nelson Cruz. El Comit\u00e9 Ejecutivo de la Federaci\u00f3n Dominicana de B\u00e9isbol a unanimidad anunci\u00f3 que el V Campeonato Nacional U10 \u201cCopa Nelson Cruz\u201d que se estar\u00e1 iniciando este\u2026","rel":"","context":"En \u00abDEPORTES\u00bb","block_context":{"text":"DEPORTES","link":"https:\/\/lasprimeras.com.do\/index.php\/category\/deportes\/"},"img":{"alt_text":"","src":"https:\/\/i0.wp.com\/lasprimeras.com.do\/wp-content\/uploads\/2025\/11\/Dona-Norma-Diaz-1.jpg?resize=350%2C200&ssl=1","width":350,"height":200,"srcset":"https:\/\/i0.wp.com\/lasprimeras.com.do\/wp-content\/uploads\/2025\/11\/Dona-Norma-Diaz-1.jpg?resize=350%2C200&ssl=1 1x, https:\/\/i0.wp.com\/lasprimeras.com.do\/wp-content\/uploads\/2025\/11\/Dona-Norma-Diaz-1.jpg?resize=525%2C300&ssl=1 1.5x, https:\/\/i0.wp.com\/lasprimeras.com.do\/wp-content\/uploads\/2025\/11\/Dona-Norma-Diaz-1.jpg?resize=700%2C400&ssl=1 2x"},"classes":[]},{"id":62573,"url":"https:\/\/lasprimeras.com.do\/index.php\/2023\/10\/05\/inefi-y-fedom-anuncian-iv-torneonacional-de-beisbol-u10-nelson-cruz-2023\/","url_meta":{"origin":115631,"position":2},"title":"INEFI y FEDOM anuncian IV TorneoNacional de B\u00e9isbol U10 Nelson Cruz 2023","author":"Nelson Feliz","date":"5 de octubre de 2023","format":false,"excerpt":"El Instituto Nacional de Educaci\u00f3n F\u00edsica (INEFI) y la Federaci\u00f3n Dominicana de B\u00e9isbol (FEDOM) anunciaron este jueves la celebraci\u00f3n del IV Torneo Nacional de B\u00e9isbol U10 Nelson Cruz, dedicado al periodista H\u00e9ctor G\u00f3mez, a iniciarse este domingo 8 (10:00 A.M.) en el Estadio Mar\u00eda Auxiliadora de esta ciudad. As\u00ed lo\u2026","rel":"","context":"En \u00abSin categor\u00eda\u00bb","block_context":{"text":"Sin categor\u00eda","link":"https:\/\/lasprimeras.com.do\/index.php\/category\/sin-categoria\/"},"img":{"alt_text":"INEFI","src":"https:\/\/i0.wp.com\/lasprimeras.com.do\/wp-content\/uploads\/2023\/10\/INEFI-1.jpg?resize=350%2C200&ssl=1","width":350,"height":200,"srcset":"https:\/\/i0.wp.com\/lasprimeras.com.do\/wp-content\/uploads\/2023\/10\/INEFI-1.jpg?resize=350%2C200&ssl=1 1x, https:\/\/i0.wp.com\/lasprimeras.com.do\/wp-content\/uploads\/2023\/10\/INEFI-1.jpg?resize=525%2C300&ssl=1 1.5x, https:\/\/i0.wp.com\/lasprimeras.com.do\/wp-content\/uploads\/2023\/10\/INEFI-1.jpg?resize=700%2C400&ssl=1 2x"},"classes":[]},{"id":104784,"url":"https:\/\/lasprimeras.com.do\/index.php\/2025\/07\/27\/dominicana-venezuela-y-canada-se-mediran-en-las-semifinales-del-baseball-classic-u10\/","url_meta":{"origin":115631,"position":3},"title":"Dominicana, Venezuela y Canad\u00e1 se mediran en las semifinales del Baseball Classic U10","author":"Nelson Feliz","date":"27 de julio de 2025","format":false,"excerpt":"Los representativos de Rep\u00fablica Dominicana, Venezuela y Canad\u00e1 clasificaron a las semifinales de la 4ta edici\u00f3n del Pimentel Little League Internacional Baseball Classic U10 2025 copa Seaboard, que tiene una especial dedicatoria a la periodista deportivo, Carmen Aybar. El conjunto dominicano super\u00f3 al equipo de Aruba 10 por 6, para\u2026","rel":"","context":"En \u00abDEPORTES\u00bb","block_context":{"text":"DEPORTES","link":"https:\/\/lasprimeras.com.do\/index.php\/category\/deportes\/"},"img":{"alt_text":"","src":"https:\/\/i0.wp.com\/lasprimeras.com.do\/wp-content\/uploads\/2025\/07\/DOSS-2.jpg?resize=350%2C200&ssl=1","width":350,"height":200,"srcset":"https:\/\/i0.wp.com\/lasprimeras.com.do\/wp-content\/uploads\/2025\/07\/DOSS-2.jpg?resize=350%2C200&ssl=1 1x, https:\/\/i0.wp.com\/lasprimeras.com.do\/wp-content\/uploads\/2025\/07\/DOSS-2.jpg?resize=525%2C300&ssl=1 1.5x, https:\/\/i0.wp.com\/lasprimeras.com.do\/wp-content\/uploads\/2025\/07\/DOSS-2.jpg?resize=700%2C400&ssl=1 2x"},"classes":[]},{"id":54733,"url":"https:\/\/lasprimeras.com.do\/index.php\/2023\/07\/13\/boca-chica-inicia-torneos-u10-y-u12-de-beisbol\/","url_meta":{"origin":115631,"position":4},"title":"Boca Chica inicia torneos U10 y U12 de b\u00e9isbol","author":"Nelson Feliz","date":"13 de julio de 2023","format":false,"excerpt":"Delegaci\u00f3n Fedom reconoce trayectoria del dirigente Damaso Moreno. Los mejores talentos en \u00a0en edades de 10 y 10 a\u00f1os iniciaron hoy la lucha por la Copa Seaboard del Torneo de la Delegaci\u00f3n de B\u00e9isbol Fedom de este municipio. El campeonato fue puesto en marcha con la participaci\u00f3n de m\u00e1s de\u2026","rel":"","context":"En \u00abSin categor\u00eda\u00bb","block_context":{"text":"Sin categor\u00eda","link":"https:\/\/lasprimeras.com.do\/index.php\/category\/sin-categoria\/"},"img":{"alt_text":"","src":"https:\/\/i0.wp.com\/lasprimeras.com.do\/wp-content\/uploads\/2023\/07\/damaso.jpg?resize=350%2C200&ssl=1","width":350,"height":200,"srcset":"https:\/\/i0.wp.com\/lasprimeras.com.do\/wp-content\/uploads\/2023\/07\/damaso.jpg?resize=350%2C200&ssl=1 1x, https:\/\/i0.wp.com\/lasprimeras.com.do\/wp-content\/uploads\/2023\/07\/damaso.jpg?resize=525%2C300&ssl=1 1.5x, https:\/\/i0.wp.com\/lasprimeras.com.do\/wp-content\/uploads\/2023\/07\/damaso.jpg?resize=700%2C400&ssl=1 2x"},"classes":[]},{"id":104115,"url":"https:\/\/lasprimeras.com.do\/index.php\/2025\/07\/21\/celebraran-4ta-edicion-del-pimentel-little-league-international-baseball-classic-u10-2025\/","url_meta":{"origin":115631,"position":5},"title":"Celebrar\u00e1n 4ta edici\u00f3n del Pimentel Little League International Baseball Classic U10 2025","author":"Nelson Feliz","date":"21 de julio de 2025","format":false,"excerpt":"El certamen tendr\u00e1 una especial dedicatoria a la periodista, Carmen Aybar Con la participaci\u00f3n de 6 pa\u00edses, fue anunciada la 4ta edici\u00f3n del Pimentel Little League International Baseball Classic 2025, copa Seaboard y que estar\u00e1 dedicada a la periodista, Carmen Aybar, por su apoyo a las actividades deportivas. La informaci\u00f3n\u2026","rel":"","context":"En \u00abDEPORTES\u00bb","block_context":{"text":"DEPORTES","link":"https:\/\/lasprimeras.com.do\/index.php\/category\/deportes\/"},"img":{"alt_text":"","src":"https:\/\/i0.wp.com\/lasprimeras.com.do\/wp-content\/uploads\/2025\/07\/pimentel.jpg?resize=350%2C200&ssl=1","width":350,"height":200},"classes":[]}],"jetpack_sharing_enabled":true,"_links":{"self":[{"href":"https:\/\/lasprimeras.com.do\/index.php\/wp-json\/wp\/v2\/posts\/115631","targetHints":{"allow":["GET"]}}],"collection":[{"href":"https:\/\/lasprimeras.com.do\/index.php\/wp-json\/wp\/v2\/posts"}],"about":[{"href":"https:\/\/lasprimeras.com.do\/index.php\/wp-json\/wp\/v2\/types\/post"}],"author":[{"embeddable":true,"href":"https:\/\/lasprimeras.com.do\/index.php\/wp-json\/wp\/v2\/users\/10"}],"replies":[{"embeddable":true,"href":"https:\/\/lasprimeras.com.do\/index.php\/wp-json\/wp\/v2\/comments?post=115631"}],"version-history":[{"count":1,"href":"https:\/\/lasprimeras.com.do\/index.php\/wp-json\/wp\/v2\/posts\/115631\/revisions"}],"predecessor-version":[{"id":115635,"href":"https:\/\/lasprimeras.com.do\/index.php\/wp-json\/wp\/v2\/posts\/115631\/revisions\/115635"}],"wp:featuredmedia":[{"embeddable":true,"href":"https:\/\/lasprimeras.com.do\/index.php\/wp-json\/wp\/v2\/media\/115632"}],"wp:attachment":[{"href":"https:\/\/lasprimeras.com.do\/index.php\/wp-json\/wp\/v2\/media?parent=115631"}],"wp:term":[{"taxonomy":"category","embeddable":true,"href":"https:\/\/lasprimeras.com.do\/index.php\/wp-json\/wp\/v2\/categories?post=115631"},{"taxonomy":"post_tag","embeddable":true,"href":"https:\/\/lasprimeras.com.do\/index.php\/wp-json\/wp\/v2\/tags?post=115631"}],"curies":[{"name":"wp","href":"https:\/\/api.w.org\/{rel}","templated":true}]}}