{"id":115636,"date":"2025-11-24T12:44:22","date_gmt":"2025-11-24T16:44:22","guid":{"rendered":"https:\/\/lasprimeras.com.do\/?p=115636"},"modified":"2025-11-24T12:44:24","modified_gmt":"2025-11-24T16:44:24","slug":"alamar-y-caritas-realizan-charla-sobre-igualdad-diversidad-y-violencia-de-genero","status":"publish","type":"post","link":"https:\/\/lasprimeras.com.do\/index.php\/2025\/11\/24\/alamar-y-caritas-realizan-charla-sobre-igualdad-diversidad-y-violencia-de-genero\/","title":{"rendered":"ALAMAR y C\u00e1ritas realizan charla sobre Igualdad, Diversidad y Violencia de G\u00e9nero"},"content":{"rendered":"\n<p>Por Emy Familia<\/p>\n\n\n\n<p><strong>Valencia, Espa\u00f1a.- <\/strong>Con el objetivo de ofrecer herramientas pr\u00e1cticas para la prevenci\u00f3n de la violencia de g\u00e9nero, la Asociaci\u00f3n Lazo de Mar-ALAMAR y C\u00e1ritas realizaron una charla formativa sobre Igualdad, Diversidad y Violencia de G\u00e9nero, en conmemoraci\u00f3n, este martes, del Dia Internacional de la No Violencia contra la Mujer.<\/p>\n\n\n<div class=\"wp-block-image\">\n<figure class=\"alignleft size-large is-resized\"><img decoding=\"async\" width=\"768\" height=\"1024\" src=\"https:\/\/lasprimeras.com.do\/wp-content\/uploads\/2025\/11\/dos-2-768x1024.jpg\" alt=\"\" class=\"wp-image-115638\" style=\"width:205px;height:auto\" srcset=\"https:\/\/lasprimeras.com.do\/wp-content\/uploads\/2025\/11\/dos-2-768x1024.jpg 768w, https:\/\/lasprimeras.com.do\/wp-content\/uploads\/2025\/11\/dos-2-225x300.jpg 225w, https:\/\/lasprimeras.com.do\/wp-content\/uploads\/2025\/11\/dos-2.jpg 900w\" sizes=\"(max-width: 768px) 100vw, 768px\" \/><\/figure>\n<\/div>\n\n\n<p>En 1999, la Organizaci\u00f3n de las Naciones Unidas declar\u00f3 el 25 de noviembre como el Dia de la No Violencia contra la Mujer en memoria de las hermanas Mar\u00eda Teresa, Patria y Minerva Mirabal, quienes junto a su chofer Rufino Antonio de la Cruz, fueron asesinadas en esa fecha pero del 1960 bajo la dictadura de Rafael Le\u00f3nidas Trujillo.<\/p>\n\n\n\n<p>La charla, fue impartido por Miguel Domingo, formador de formadores en violencia de genero, en igualdad y diversidad por el Ministerio de Igualdad, quien ofreci\u00f3 a los asistentes conocimientos esenciales para comprender y prevenir las distintas formas de violencia de genero.<\/p>\n\n\n<div class=\"wp-block-image\">\n<figure class=\"alignright size-large is-resized\"><img decoding=\"async\" width=\"768\" height=\"1024\" src=\"https:\/\/lasprimeras.com.do\/wp-content\/uploads\/2025\/11\/tres-768x1024.jpg\" alt=\"\" class=\"wp-image-115639\" style=\"width:180px;height:auto\" srcset=\"https:\/\/lasprimeras.com.do\/wp-content\/uploads\/2025\/11\/tres-768x1024.jpg 768w, https:\/\/lasprimeras.com.do\/wp-content\/uploads\/2025\/11\/tres-225x300.jpg 225w, https:\/\/lasprimeras.com.do\/wp-content\/uploads\/2025\/11\/tres.jpg 900w\" sizes=\"(max-width: 768px) 100vw, 768px\" \/><\/figure>\n<\/div>\n\n\n<p>Miguel, centr\u00f3 su intervenci\u00f3n en la importancia de las pol\u00edticas p\u00fablicas, la sensibilizaci\u00f3n social y la educaci\u00f3n como pilares claves para construir una convivencia basada en el respeto y la equidad.<\/p>\n\n\n\n<p>La jornada cont\u00f3 tambi\u00e9n con la participaci\u00f3n de la psic\u00f3loga Alicia Macias Carrasco, creadora de proyectos Estelar, quien ofreci\u00f3 una breve reflexi\u00f3n acerca de cuidad la salud mental como parte fundamental del bienestar personal y de la prevenci\u00f3n de situaciones de violencia.<\/p>\n\n\n\n<p>Con esta actividad C\u00e1ritas y ALAMAR, unen sus lazos para aportar herramientas que conlleven a la sensibilizaci\u00f3n y formaci\u00f3n de la ciudadan\u00eda en torno a una de las problem\u00e1ticas sociales m\u00e1s urgentes y extendidas en la actualidad.<\/p>\n\n\n\n<figure class=\"wp-block-image size-full\"><img decoding=\"async\" width=\"900\" height=\"623\" src=\"https:\/\/lasprimeras.com.do\/wp-content\/uploads\/2025\/11\/cuatro.jpg\" alt=\"\" class=\"wp-image-115640\" srcset=\"https:\/\/lasprimeras.com.do\/wp-content\/uploads\/2025\/11\/cuatro.jpg 900w, https:\/\/lasprimeras.com.do\/wp-content\/uploads\/2025\/11\/cuatro-300x208.jpg 300w, https:\/\/lasprimeras.com.do\/wp-content\/uploads\/2025\/11\/cuatro-768x532.jpg 768w\" sizes=\"(max-width: 900px) 100vw, 900px\" \/><\/figure>\n\n\n\n<p>Comprometida con esta causa, la Asociaci\u00f3n Lazos de Mar sostiene que la educaci\u00f3n es la herramienta mas poderosa para erradicar la violencia desde su ra\u00edz.<\/p>\n\n\n<div class=\"wp-block-image\">\n<figure class=\"alignleft size-full is-resized\"><img decoding=\"async\" width=\"900\" height=\"675\" src=\"https:\/\/lasprimeras.com.do\/wp-content\/uploads\/2025\/11\/cinco.jpg\" alt=\"\" class=\"wp-image-115641\" style=\"width:334px;height:auto\" srcset=\"https:\/\/lasprimeras.com.do\/wp-content\/uploads\/2025\/11\/cinco.jpg 900w, https:\/\/lasprimeras.com.do\/wp-content\/uploads\/2025\/11\/cinco-300x225.jpg 300w, https:\/\/lasprimeras.com.do\/wp-content\/uploads\/2025\/11\/cinco-768x576.jpg 768w\" sizes=\"(max-width: 900px) 100vw, 900px\" \/><\/figure>\n<\/div>\n\n\n<p>\u201cLa base de la eliminaci\u00f3n de la violencia es la educaci\u00f3n desde los hogares; debemos formar a ni\u00f1os y ni\u00f1as para que, en el futuro, ninguno de ellos ejerzan ni sufran violencia\u201d, expres\u00f3 Belkis Mej\u00eda, encargada de orientaci\u00f3n de ALAMAR.<\/p>\n\n\n\n<p>En ese mismo orden, Doris Montero, educadora y colaboradora de Caritas, manifest\u00f3 el compromiso de esa instituci\u00f3n con la formaci\u00f3n y la protecci\u00f3n de colectivos vulnerables.<\/p>\n\n\n\n<p>Con actividades como esta, ALAMAR y C\u00e1ritas contin\u00faan fortaleciendo su compromiso con la igualdad, la sensibilidad y la construcci\u00f3n de entornos seguros en la sociedad, porque la violencia no es cuesti\u00f3n de sexo, sino de respeto y solidaridad.<\/p>\n\n\n\n<figure class=\"wp-block-image size-large\"><img decoding=\"async\" width=\"730\" height=\"1024\" src=\"https:\/\/lasprimeras.com.do\/wp-content\/uploads\/2025\/11\/seis-730x1024.jpg\" alt=\"\" class=\"wp-image-115642\" srcset=\"https:\/\/lasprimeras.com.do\/wp-content\/uploads\/2025\/11\/seis-730x1024.jpg 730w, https:\/\/lasprimeras.com.do\/wp-content\/uploads\/2025\/11\/seis-214x300.jpg 214w, https:\/\/lasprimeras.com.do\/wp-content\/uploads\/2025\/11\/seis-768x1078.jpg 768w, https:\/\/lasprimeras.com.do\/wp-content\/uploads\/2025\/11\/seis.jpg 900w\" sizes=\"(max-width: 730px) 100vw, 730px\" \/><\/figure>\n","protected":false},"excerpt":{"rendered":"<p>Por Emy Familia Valencia, Espa\u00f1a.- Con el objetivo de ofrecer herramientas pr\u00e1cticas para la prevenci\u00f3n de la violencia de g\u00e9nero, la Asociaci\u00f3n Lazo de Mar-ALAMAR y C\u00e1ritas realizaron una charla&hellip;<\/p>\n","protected":false},"author":10,"featured_media":115637,"comment_status":"open","ping_status":"open","sticky":false,"template":"","format":"standard","meta":{"content-type":"","jetpack_post_was_ever_published":false,"_jetpack_newsletter_access":"","_jetpack_dont_email_post_to_subs":false,"_jetpack_newsletter_tier_id":0,"_jetpack_memberships_contains_paywalled_content":false,"_jetpack_memberships_contains_paid_content":false,"footnotes":""},"categories":[84,25],"tags":[27685,27687,6059,27686,325,8398],"class_list":["post-115636","post","type-post","status-publish","format-standard","has-post-thumbnail","hentry","category-entretenimiento","category-portada","tag-asociacion-lazo-de-mar","tag-caritas","tag-charla","tag-diversidad","tag-igualdad","tag-violencia-de-genero"],"jetpack_featured_media_url":"https:\/\/lasprimeras.com.do\/wp-content\/uploads\/2025\/11\/una-4.jpg","jetpack-related-posts":[{"id":91457,"url":"https:\/\/lasprimeras.com.do\/index.php\/2024\/11\/24\/angie-brooks-llama-combatir-la-violencia-contra-la-mujer-en-republica-dominicana\/","url_meta":{"origin":115636,"position":0},"title":"Angie Brooks llama combatir la violencia contra la mujer en Rep\u00fablica Dominicana","author":"Nelson Feliz","date":"24 de noviembre de 2024","format":false,"excerpt":"Angie Brooks reitera el compromiso del partido con la protecci\u00f3n de las mujeres y la igualdad La Secretar\u00eda de la Mujer del partido Fuerza del Pueblo (FP)Angie Brooks, llama combatir la violencia de g\u00e9nero que afecta a mujeres, adolescentes y ni\u00f1as en la Rep\u00fablica Dominicana y el mundo. al conmemorarse\u2026","rel":"","context":"En \u00abPORTADA\u00bb","block_context":{"text":"PORTADA","link":"https:\/\/lasprimeras.com.do\/index.php\/category\/portada\/"},"img":{"alt_text":"Angie Brooks","src":"https:\/\/i0.wp.com\/lasprimeras.com.do\/wp-content\/uploads\/2024\/11\/Angie-Brooks.jpg?resize=350%2C200&ssl=1","width":350,"height":200,"srcset":"https:\/\/i0.wp.com\/lasprimeras.com.do\/wp-content\/uploads\/2024\/11\/Angie-Brooks.jpg?resize=350%2C200&ssl=1 1x, https:\/\/i0.wp.com\/lasprimeras.com.do\/wp-content\/uploads\/2024\/11\/Angie-Brooks.jpg?resize=525%2C300&ssl=1 1.5x"},"classes":[]},{"id":57201,"url":"https:\/\/lasprimeras.com.do\/index.php\/2023\/08\/10\/ministerio-de-la-mujer-y-coin-renuevan-acuerdo-para-abordar-violencia-de-genero\/","url_meta":{"origin":115636,"position":1},"title":"Ministerio de la Mujer y COIN renuevan acuerdo para abordar violencia de g\u00e9nero","author":"Nelson Feliz","date":"10 de agosto de 2023","format":false,"excerpt":"En un paso significativo hacia la erradicaci\u00f3n de la violencia de g\u00e9nero y el empoderamiento de las mujeres, el Ministerio de la Mujer (MMUJER) y el Centro de Orientaci\u00f3n e Investigaci\u00f3n Integral (COIN), han alcanzado un acuerdo de colaboraci\u00f3n sin precedentes. El acuerdo establece un compromiso mutuo para abordar la\u2026","rel":"","context":"En \u00abNACIONALES\u00bb","block_context":{"text":"NACIONALES","link":"https:\/\/lasprimeras.com.do\/index.php\/category\/nacionales\/"},"img":{"alt_text":"COIN Y MINISTEIO MUJER","src":"https:\/\/i0.wp.com\/lasprimeras.com.do\/wp-content\/uploads\/2023\/08\/COIN-Y-MINISTEIO-MUJER-3.jpeg?resize=350%2C200&ssl=1","width":350,"height":200},"classes":[]},{"id":91366,"url":"https:\/\/lasprimeras.com.do\/index.php\/2024\/11\/18\/colaboradores-del-senado-reciben-la-charla-el-amor-no-duele\/","url_meta":{"origin":115636,"position":2},"title":"Colaboradores del Senado reciben la charla \u201cEl Amor No Duele\u201d","author":"Nelson Feliz","date":"18 de noviembre de 2024","format":false,"excerpt":"La conferencia \u201cEl Amor No Duele\u201d, se llev\u00f3 a cabo en el marco de la conmemoraci\u00f3n del \u201cD\u00eda Internacional de la Eliminaci\u00f3n de la violencia contra la Mujer\u201d, que se conmemora el 25 de noviembre. El Senado de la Rep\u00fablica, a trav\u00e9s de la Comisi\u00f3n de Asuntos de Familia y\u2026","rel":"","context":"En \u00abENTRETENIMIENTO\u00bb","block_context":{"text":"ENTRETENIMIENTO","link":"https:\/\/lasprimeras.com.do\/index.php\/category\/entretenimiento\/"},"img":{"alt_text":"","src":"https:\/\/i0.wp.com\/lasprimeras.com.do\/wp-content\/uploads\/2024\/11\/doss.jpg?resize=350%2C200&ssl=1","width":350,"height":200,"srcset":"https:\/\/i0.wp.com\/lasprimeras.com.do\/wp-content\/uploads\/2024\/11\/doss.jpg?resize=350%2C200&ssl=1 1x, https:\/\/i0.wp.com\/lasprimeras.com.do\/wp-content\/uploads\/2024\/11\/doss.jpg?resize=525%2C300&ssl=1 1.5x, https:\/\/i0.wp.com\/lasprimeras.com.do\/wp-content\/uploads\/2024\/11\/doss.jpg?resize=700%2C400&ssl=1 2x"},"classes":[]},{"id":91584,"url":"https:\/\/lasprimeras.com.do\/index.php\/2024\/11\/28\/diputadas-del-parlacen-lideran-jornada-por-la-erradicacion-de-la-violencia-de-genero\/","url_meta":{"origin":115636,"position":3},"title":"Diputadas del Parlacen lideran jornada por la erradicaci\u00f3n de la Violencia de G\u00e9nero","author":"Nelson Feliz","date":"28 de noviembre de 2024","format":false,"excerpt":"La Comisi\u00f3n de la Mujer del Parlacen llama a la sociedad a unirse en la lucha contra la violencia hacia las mujeres. La subsede del Parlamento Centroamericano (Parlacen) en la Rep\u00fablica Dominicana, junto con la Comisi\u00f3n de la Mujer, Ni\u00f1ez, Juventud y Familia, conmemor\u00f3 este mi\u00e9rcoles 27 de noviembre el\u2026","rel":"","context":"En \u00abNACIONALES\u00bb","block_context":{"text":"NACIONALES","link":"https:\/\/lasprimeras.com.do\/index.php\/category\/nacionales\/"},"img":{"alt_text":"","src":"https:\/\/i0.wp.com\/lasprimeras.com.do\/wp-content\/uploads\/2024\/11\/Comision-de-la-Mujer-del-Parlacen.jpg?resize=350%2C200&ssl=1","width":350,"height":200,"srcset":"https:\/\/i0.wp.com\/lasprimeras.com.do\/wp-content\/uploads\/2024\/11\/Comision-de-la-Mujer-del-Parlacen.jpg?resize=350%2C200&ssl=1 1x, https:\/\/i0.wp.com\/lasprimeras.com.do\/wp-content\/uploads\/2024\/11\/Comision-de-la-Mujer-del-Parlacen.jpg?resize=525%2C300&ssl=1 1.5x, https:\/\/i0.wp.com\/lasprimeras.com.do\/wp-content\/uploads\/2024\/11\/Comision-de-la-Mujer-del-Parlacen.jpg?resize=700%2C400&ssl=1 2x"},"classes":[]},{"id":69502,"url":"https:\/\/lasprimeras.com.do\/index.php\/2023\/12\/03\/alto-a-la-violencia-contra-la-mujer\/","url_meta":{"origin":115636,"position":4},"title":"Alto a la violencia contra la mujer","author":"Nelson Feliz","date":"3 de diciembre de 2023","format":false,"excerpt":"Por: Luis Fern\u00e1ndezPol\u00edtico, Escritor y Comunicador El pasado 25 de Noviembre se conmemor\u00f3 en todo el mundo, el d\u00eda internacional de la eliminaci\u00f3n de la violencia contra la mujer, fecha en la cual se denunciala violencia que se ejerce sobre las mujeres yse reclaman pol\u00edticas en todos los pa\u00edses para\u2026","rel":"","context":"En \u00abOPINI\u00d3N\u00bb","block_context":{"text":"OPINI\u00d3N","link":"https:\/\/lasprimeras.com.do\/index.php\/category\/opinion\/"},"img":{"alt_text":"violencia contra la mujer","src":"https:\/\/i0.wp.com\/lasprimeras.com.do\/wp-content\/uploads\/2023\/12\/violencia-contra-la-mujer.jpg?resize=350%2C200&ssl=1","width":350,"height":200,"srcset":"https:\/\/i0.wp.com\/lasprimeras.com.do\/wp-content\/uploads\/2023\/12\/violencia-contra-la-mujer.jpg?resize=350%2C200&ssl=1 1x, https:\/\/i0.wp.com\/lasprimeras.com.do\/wp-content\/uploads\/2023\/12\/violencia-contra-la-mujer.jpg?resize=525%2C300&ssl=1 1.5x, https:\/\/i0.wp.com\/lasprimeras.com.do\/wp-content\/uploads\/2023\/12\/violencia-contra-la-mujer.jpg?resize=700%2C400&ssl=1 2x"},"classes":[]},{"id":91495,"url":"https:\/\/lasprimeras.com.do\/index.php\/2024\/11\/25\/rd-ante-la-onu-llama-a-enfrentar-la-violencia-contra-la-mujer-desde-sus-causas-estructurales\/","url_meta":{"origin":115636,"position":5},"title":"RD ante la ONU llama a enfrentar la violencia contra la mujer desde sus causas estructurales","author":"Nelson Feliz","date":"25 de noviembre de 2024","format":false,"excerpt":"El representante de la Rep\u00fablica Dominicano ante Organizaci\u00f3n de las Naciones Unidas (ONU) realiz\u00f3 una reuni\u00f3n de alto nivel para conmemorar el 25 aniversario del D\u00eda Internacional para la Eliminaci\u00f3n de la Violencia contra la Mujer. El embajador dominicano Jos\u00e9 Blanco se\u00f1al\u00f3 que las pol\u00edticas para presentar este flagelo est\u00e1n\u2026","rel":"","context":"En \u00abNACIONALES\u00bb","block_context":{"text":"NACIONALES","link":"https:\/\/lasprimeras.com.do\/index.php\/category\/nacionales\/"},"img":{"alt_text":"Jos\u00e9 Blanco","src":"https:\/\/i0.wp.com\/lasprimeras.com.do\/wp-content\/uploads\/2024\/11\/Jose-Blanco.jpg?resize=350%2C200&ssl=1","width":350,"height":200,"srcset":"https:\/\/i0.wp.com\/lasprimeras.com.do\/wp-content\/uploads\/2024\/11\/Jose-Blanco.jpg?resize=350%2C200&ssl=1 1x, https:\/\/i0.wp.com\/lasprimeras.com.do\/wp-content\/uploads\/2024\/11\/Jose-Blanco.jpg?resize=525%2C300&ssl=1 1.5x, https:\/\/i0.wp.com\/lasprimeras.com.do\/wp-content\/uploads\/2024\/11\/Jose-Blanco.jpg?resize=700%2C400&ssl=1 2x"},"classes":[]}],"jetpack_sharing_enabled":true,"_links":{"self":[{"href":"https:\/\/lasprimeras.com.do\/index.php\/wp-json\/wp\/v2\/posts\/115636","targetHints":{"allow":["GET"]}}],"collection":[{"href":"https:\/\/lasprimeras.com.do\/index.php\/wp-json\/wp\/v2\/posts"}],"about":[{"href":"https:\/\/lasprimeras.com.do\/index.php\/wp-json\/wp\/v2\/types\/post"}],"author":[{"embeddable":true,"href":"https:\/\/lasprimeras.com.do\/index.php\/wp-json\/wp\/v2\/users\/10"}],"replies":[{"embeddable":true,"href":"https:\/\/lasprimeras.com.do\/index.php\/wp-json\/wp\/v2\/comments?post=115636"}],"version-history":[{"count":1,"href":"https:\/\/lasprimeras.com.do\/index.php\/wp-json\/wp\/v2\/posts\/115636\/revisions"}],"predecessor-version":[{"id":115643,"href":"https:\/\/lasprimeras.com.do\/index.php\/wp-json\/wp\/v2\/posts\/115636\/revisions\/115643"}],"wp:featuredmedia":[{"embeddable":true,"href":"https:\/\/lasprimeras.com.do\/index.php\/wp-json\/wp\/v2\/media\/115637"}],"wp:attachment":[{"href":"https:\/\/lasprimeras.com.do\/index.php\/wp-json\/wp\/v2\/media?parent=115636"}],"wp:term":[{"taxonomy":"category","embeddable":true,"href":"https:\/\/lasprimeras.com.do\/index.php\/wp-json\/wp\/v2\/categories?post=115636"},{"taxonomy":"post_tag","embeddable":true,"href":"https:\/\/lasprimeras.com.do\/index.php\/wp-json\/wp\/v2\/tags?post=115636"}],"curies":[{"name":"wp","href":"https:\/\/api.w.org\/{rel}","templated":true}]}}