{"id":115647,"date":"2025-11-24T13:10:44","date_gmt":"2025-11-24T17:10:44","guid":{"rendered":"https:\/\/lasprimeras.com.do\/?p=115647"},"modified":"2025-11-24T13:10:45","modified_gmt":"2025-11-24T17:10:45","slug":"presidente-abinader-y-fellito-avanzan-en-transformacion-del-servicio-de-agua-con-el-nuevo-plan-de-zona-en-gsd","status":"publish","type":"post","link":"https:\/\/lasprimeras.com.do\/index.php\/2025\/11\/24\/presidente-abinader-y-fellito-avanzan-en-transformacion-del-servicio-de-agua-con-el-nuevo-plan-de-zona-en-gsd\/","title":{"rendered":"Presidente Abinader y Fellito avanzan en transformaci\u00f3n del servicio de agua con el nuevo Plan de Zona en GSD"},"content":{"rendered":"\n<p><strong>Con m\u00e1s de RD$ 700 millones, CAASD activa una estructura operativa que moderniza el servicio y analizar atenci\u00f3n inmediata a los hogares de la ciudad.<\/strong><\/p>\n\n\n\n<p>El presidente Luis Abinader y el director de la Corporaci\u00f3n del Acueducto y Alcantarillado de Santo Domingo (CAASD), Fellito Suberv\u00ed, pusieron en marcha el \u201cPlan de Zona\u201d, una nueva estructura operativa dise\u00f1ada para dar respuestas m\u00e1s r\u00e1pidas, mejorar la calidad del servicio y garantizar soluciones m\u00e1s cercanas a m\u00e1s de cuatro millones de personas del Gran Santo Domingo y el Distrito Nacional.<\/p>\n\n\n\n<p>Durante el acto de lanzamiento, el presidente Abinader entreg\u00f3 oficialmente los m\u00e1s de 141 equipos y maquinarias que reforzar\u00e1n la capacidad operativa y de intervenci\u00f3n de la instituci\u00f3n.<\/p>\n\n\n\n<p>Junto a Suberv\u00ed, recorri\u00f3 las instalaciones de la CAASD para conocer c\u00f3mo funcionar\u00e1 este modelo, que organiza el trabajo en 20 grandes zonas operativas, cada una con brigadas especializadas que trabajar\u00e1n 24 horas al d\u00eda.<\/p>\n\n\n\n<figure class=\"wp-block-image size-full\"><img decoding=\"async\" width=\"900\" height=\"616\" src=\"https:\/\/lasprimeras.com.do\/wp-content\/uploads\/2025\/11\/caasd-1.jpg\" alt=\"\" class=\"wp-image-115649\" srcset=\"https:\/\/lasprimeras.com.do\/wp-content\/uploads\/2025\/11\/caasd-1.jpg 900w, https:\/\/lasprimeras.com.do\/wp-content\/uploads\/2025\/11\/caasd-1-300x205.jpg 300w, https:\/\/lasprimeras.com.do\/wp-content\/uploads\/2025\/11\/caasd-1-768x526.jpg 768w\" sizes=\"(max-width: 900px) 100vw, 900px\" \/><\/figure>\n\n\n\n<p>Suberv\u00ed explic\u00f3 que el Plan de Zona representa un cambio profundo en la forma de gestionar el agua y el saneamiento. \u201cCon este plan estamos dando un paso decisivo hacia un servicio m\u00e1s humano, m\u00e1s moderno y m\u00e1s eficiente.<\/p>\n\n\n\n<p>La gente ver\u00e1 m\u00e1s agua en los hogares, menos aver\u00edas y respuestas m\u00e1s r\u00e1pidas. Esta es la transformaci\u00f3n que la ciudad necesita y que estamos comprometidos a entregar\u201d, se\u00f1al\u00f3.<\/p>\n\n\n\n<p>Para lograrlo, se incorporaron camiones hidrolimpiadora, retroexcavadoras, excavadoras, camiones de cama corta, bombas de achique, compresores, camionetas y herramientas totalmente equipadas, listos para actuar ante cualquier incidencia.<\/p>\n\n\n\n<figure class=\"wp-block-image size-full\"><img decoding=\"async\" width=\"900\" height=\"599\" src=\"https:\/\/lasprimeras.com.do\/wp-content\/uploads\/2025\/11\/caasd-2.jpg\" alt=\"\" class=\"wp-image-115650\" srcset=\"https:\/\/lasprimeras.com.do\/wp-content\/uploads\/2025\/11\/caasd-2.jpg 900w, https:\/\/lasprimeras.com.do\/wp-content\/uploads\/2025\/11\/caasd-2-300x200.jpg 300w, https:\/\/lasprimeras.com.do\/wp-content\/uploads\/2025\/11\/caasd-2-768x511.jpg 768w\" sizes=\"(max-width: 900px) 100vw, 900px\" \/><\/figure>\n\n\n\n<p>Estas unidades est\u00e1n conectadas al Centro de Monitoreo de la CAASD, donde cada intervenci\u00f3n ser\u00e1 registrada y georreferenciada, garantizando transparencia, control y eficiencia en tiempo real.<\/p>\n\n\n\n<p>El Plan tambi\u00e9n contempla 54 obras prioritarias que fortalecer\u00e1n la infraestructura existente. Entre ellas, la rehabilitaci\u00f3n de tanques de almacenamiento, la modernizaci\u00f3n de redes de distribuci\u00f3n, nuevos sistemas de bombeo y la mejora de los acueductos Haina-Manoguayabo, La Isabela, El Tamarindo I y II y Valdesia, lo que permitir\u00e1 seguir incrementando la producci\u00f3n de agua potable.<\/p>\n\n\n\n<p>El presidente Abinader destac\u00f3 que este plan no solo moderniza el sistema, sino que se paga una deuda hist\u00f3rica con el Gran Santo Domingo en eficiencia y calidad del servicio y se fortalece la capacidad de respuesta para proteger a las comunidades ante emergencias y mejorar la calidad de vida de miles de familias.<\/p>\n\n\n\n<p>\u201cUn servicio de agua confiable y cercano es fundamental para el bienestar de la gente. Este plan marca un antes y un despu\u00e9s en la forma en que la ciudad recibe y percibe el servicio\u201d, expres\u00f3.<\/p>\n\n\n\n<p>El acto cont\u00f3 con la presencia de funcionarios del Gobierno, ejecutivos y colaboradores de la CAASD, quienes valoraron este modelo como un paso firme hacia un servicio m\u00e1s eficiente, transparente y alineado con las necesidades actuales del Gran Santo Domingo.<\/p>\n","protected":false},"excerpt":{"rendered":"<p>Con m\u00e1s de RD$ 700 millones, CAASD activa una estructura operativa que moderniza el servicio y analizar atenci\u00f3n inmediata a los hogares de la ciudad. El presidente Luis Abinader y&hellip;<\/p>\n","protected":false},"author":10,"featured_media":115648,"comment_status":"open","ping_status":"open","sticky":false,"template":"","format":"standard","meta":{"content-type":"","jetpack_post_was_ever_published":false,"_jetpack_newsletter_access":"","_jetpack_dont_email_post_to_subs":false,"_jetpack_newsletter_tier_id":0,"_jetpack_memberships_contains_paywalled_content":false,"_jetpack_memberships_contains_paid_content":false,"footnotes":""},"categories":[39,25],"tags":[2200,927,67,27689,24623,1592],"class_list":["post-115647","post","type-post","status-publish","format-standard","has-post-thumbnail","hentry","category-economia","category-portada","tag-fellito-subervi","tag-gran-santo-domingo","tag-luis-abinader","tag-plan-de-zona","tag-servicio-de-agua","tag-transformacion"],"jetpack_featured_media_url":"https:\/\/lasprimeras.com.do\/wp-content\/uploads\/2025\/11\/caasd.jpg","jetpack-related-posts":[{"id":122815,"url":"https:\/\/lasprimeras.com.do\/index.php\/2026\/02\/22\/abinader-y-fellito-subervi-ponen-en-servicio-acueducto-por-bombeo-mas-grande-del-pais\/","url_meta":{"origin":115647,"position":0},"title":"Abinader y Fellito Suberv\u00ed ponen en servicio acueducto por bombeo m\u00e1s grande del pa\u00eds","author":"Nelson Feliz","date":"22 de febrero de 2026","format":false,"excerpt":"Felipe -Fellito- Subervi destaca como un hito en la historia de la CAASD la puesta en funcionamiento de la Ampliaci\u00f3n del Acueducto Oriental Barrera de Salinidad recuperado y ampliado para llevar agua potable con mayor presi\u00f3n y continuidad a usuarios de los municipios Santo Domingo Este y Norte. El Presidente\u2026","rel":"","context":"En \u00abNACIONALES\u00bb","block_context":{"text":"NACIONALES","link":"https:\/\/lasprimeras.com.do\/index.php\/category\/nacionales\/"},"img":{"alt_text":"","src":"https:\/\/i0.wp.com\/lasprimeras.com.do\/wp-content\/uploads\/2026\/02\/acueducto.jpg?resize=350%2C200&ssl=1","width":350,"height":200,"srcset":"https:\/\/i0.wp.com\/lasprimeras.com.do\/wp-content\/uploads\/2026\/02\/acueducto.jpg?resize=350%2C200&ssl=1 1x, https:\/\/i0.wp.com\/lasprimeras.com.do\/wp-content\/uploads\/2026\/02\/acueducto.jpg?resize=525%2C300&ssl=1 1.5x, https:\/\/i0.wp.com\/lasprimeras.com.do\/wp-content\/uploads\/2026\/02\/acueducto.jpg?resize=700%2C400&ssl=1 2x"},"classes":[]},{"id":123313,"url":"https:\/\/lasprimeras.com.do\/index.php\/2026\/02\/27\/director-de-la-caasd-la-rendicion-de-cuentas-es-el-reflejo-de-una-gestion-eficiente-moderna-y-transparente\/","url_meta":{"origin":115647,"position":1},"title":"Director de la CAASD: La Rendici\u00f3n de Cuentas es el reflejo de una gesti\u00f3n eficiente, moderna y transparente","author":"Nelson Feliz","date":"27 de febrero de 2026","format":false,"excerpt":"Asegura CAASD mejor\u00f3 producci\u00f3n, distribuci\u00f3n y respuesta operativa durante 2025 Al valorar la Rendici\u00f3n de Cuentas del Presidente Luis Abinader como una pieza fundamentada en la verdad y la transparencia, el director general de la Corporaci\u00f3n del Acueducto y Alcantarillado de Santo Domingo (CAASD), ingeniero Felipe -Fellito- Suberv\u00ed, inform\u00f3 que\u2026","rel":"","context":"En \u00abNACIONALES\u00bb","block_context":{"text":"NACIONALES","link":"https:\/\/lasprimeras.com.do\/index.php\/category\/nacionales\/"},"img":{"alt_text":"Felipe -Fellito- Suberv\u00ed","src":"https:\/\/i0.wp.com\/lasprimeras.com.do\/wp-content\/uploads\/2026\/02\/Felipe-Fellito-Subervi.jpg?resize=350%2C200&ssl=1","width":350,"height":200,"srcset":"https:\/\/i0.wp.com\/lasprimeras.com.do\/wp-content\/uploads\/2026\/02\/Felipe-Fellito-Subervi.jpg?resize=350%2C200&ssl=1 1x, https:\/\/i0.wp.com\/lasprimeras.com.do\/wp-content\/uploads\/2026\/02\/Felipe-Fellito-Subervi.jpg?resize=525%2C300&ssl=1 1.5x, https:\/\/i0.wp.com\/lasprimeras.com.do\/wp-content\/uploads\/2026\/02\/Felipe-Fellito-Subervi.jpg?resize=700%2C400&ssl=1 2x"},"classes":[]},{"id":121371,"url":"https:\/\/lasprimeras.com.do\/index.php\/2026\/02\/03\/fellito-subervi-cerca-de-dos-millones-de-personas-seran-beneficiadas-con-entrada-del-acueducto-barrera-de-salinidad\/","url_meta":{"origin":115647,"position":2},"title":"Fellito Suberv\u00ed: Cerca de dos millones de personas ser\u00e1n beneficiadas con entrada del Acueducto Barrera de Salinidad","author":"Nelson Feliz","date":"3 de febrero de 2026","format":false,"excerpt":"El director de la CAASD anuncia ampliaci\u00f3n y remodelaci\u00f3n de esta planta potabilizadora, que entrar\u00e1 en fase de prueba en las pr\u00f3ximas semanas, constituir\u00e1 un hecho sin precedentes en la historia de la Corporaci\u00f3n del Acueducto y Alcantarillado de Santo Domingo, al producir diariamente m\u00e1s de 136 millones de galones\u2026","rel":"","context":"En \u00abNACIONALES\u00bb","block_context":{"text":"NACIONALES","link":"https:\/\/lasprimeras.com.do\/index.php\/category\/nacionales\/"},"img":{"alt_text":"Fellito Subervi","src":"https:\/\/i0.wp.com\/lasprimeras.com.do\/wp-content\/uploads\/2024\/08\/Fellito-Subervi.jpg?resize=350%2C200&ssl=1","width":350,"height":200,"srcset":"https:\/\/i0.wp.com\/lasprimeras.com.do\/wp-content\/uploads\/2024\/08\/Fellito-Subervi.jpg?resize=350%2C200&ssl=1 1x, https:\/\/i0.wp.com\/lasprimeras.com.do\/wp-content\/uploads\/2024\/08\/Fellito-Subervi.jpg?resize=525%2C300&ssl=1 1.5x, https:\/\/i0.wp.com\/lasprimeras.com.do\/wp-content\/uploads\/2024\/08\/Fellito-Subervi.jpg?resize=700%2C400&ssl=1 2x"},"classes":[]},{"id":109786,"url":"https:\/\/lasprimeras.com.do\/index.php\/2025\/09\/22\/fellito-subervi-destaca-acueducto-barrera-de-salinidad-beneficiara-a-1-8-millones-de-personas-en-el-gsd\/","url_meta":{"origin":115647,"position":3},"title":"Fellito Suberv\u00ed destaca Acueducto Barrera de Salinidad beneficiar\u00e1 a 1.8 millones de personas en el GSD","author":"Nelson Feliz","date":"22 de septiembre de 2025","format":false,"excerpt":"La CAASD ejecuta esta obra clave para fortalecer el abastecimiento de agua potable en el Gran Santo Domingo. El director general de la Corporaci\u00f3n del Acueducto y Alcantarillado de Santo Domingo (CAASD), Fellito Suberv\u00ed inform\u00f3 durante un recorrido de supervisi\u00f3n junto al presidente Luis Abinader, que el Acueducto Oriental Barrera\u2026","rel":"","context":"En \u00abECONOM\u00cdA\u00bb","block_context":{"text":"ECONOM\u00cdA","link":"https:\/\/lasprimeras.com.do\/index.php\/category\/economia\/"},"img":{"alt_text":"","src":"https:\/\/i0.wp.com\/lasprimeras.com.do\/wp-content\/uploads\/2025\/09\/Fellito-Subervi-1.jpg?resize=350%2C200&ssl=1","width":350,"height":200,"srcset":"https:\/\/i0.wp.com\/lasprimeras.com.do\/wp-content\/uploads\/2025\/09\/Fellito-Subervi-1.jpg?resize=350%2C200&ssl=1 1x, https:\/\/i0.wp.com\/lasprimeras.com.do\/wp-content\/uploads\/2025\/09\/Fellito-Subervi-1.jpg?resize=525%2C300&ssl=1 1.5x, https:\/\/i0.wp.com\/lasprimeras.com.do\/wp-content\/uploads\/2025\/09\/Fellito-Subervi-1.jpg?resize=700%2C400&ssl=1 2x"},"classes":[]},{"id":127282,"url":"https:\/\/lasprimeras.com.do\/index.php\/2026\/04\/09\/fellito-subervi-defiende-las-obras-entregadas-desde-la-caasd\/","url_meta":{"origin":115647,"position":4},"title":"Fellito Suberv\u00ed defiende las obras entregadas desde la CAASD","author":"Nelson Feliz","date":"9 de abril de 2026","format":false,"excerpt":"Anunci\u00f3 la intervenci\u00f3n este a\u00f1o de 17 kil\u00f3metros de ca\u00f1adas que sumar\u00edan un total de 63 kil\u00f3metros en el GSD El director general de la Corporaci\u00f3n del Acueducto y Alcantarillado de Santo Domingo (CAASD), Felipe -Fellito- Suberv\u00ed, anuncio este jueves la intervenci\u00f3n de 17 kil\u00f3metros m\u00e1s de ca\u00f1adas, agregados a\u2026","rel":"","context":"En \u00abNACIONALES\u00bb","block_context":{"text":"NACIONALES","link":"https:\/\/lasprimeras.com.do\/index.php\/category\/nacionales\/"},"img":{"alt_text":"Felipe -Fellito- Suberv\u00ed","src":"https:\/\/i0.wp.com\/lasprimeras.com.do\/wp-content\/uploads\/2026\/04\/FELLITO.jpg?resize=350%2C200&ssl=1","width":350,"height":200,"srcset":"https:\/\/i0.wp.com\/lasprimeras.com.do\/wp-content\/uploads\/2026\/04\/FELLITO.jpg?resize=350%2C200&ssl=1 1x, https:\/\/i0.wp.com\/lasprimeras.com.do\/wp-content\/uploads\/2026\/04\/FELLITO.jpg?resize=525%2C300&ssl=1 1.5x, https:\/\/i0.wp.com\/lasprimeras.com.do\/wp-content\/uploads\/2026\/04\/FELLITO.jpg?resize=700%2C400&ssl=1 2x"},"classes":[]},{"id":114677,"url":"https:\/\/lasprimeras.com.do\/index.php\/2025\/11\/16\/fellito-subervi-supervisa-avances-en-trabajos-canada-guajimia\/","url_meta":{"origin":115647,"position":5},"title":"Fellito Suberv\u00ed supervisa avances en trabajos ca\u00f1ada Guajim\u00eda","author":"Nelson Feliz","date":"16 de noviembre de 2025","format":false,"excerpt":"Asegura que, para mediados de 2026, la importante ca\u00f1ada ser\u00e1 entregada, beneficiando a m\u00e1s de 350 mil personas El director general de la Corporaci\u00f3n del Acueducto y Alcantarillado de Santo Domingo (CAASD), ingeniero Fellito Suberv\u00ed, realiz\u00f3 un recorrido de supervisi\u00f3n de los trabajos de saneamiento de la ca\u00f1ada Guajim\u00eda, que\u2026","rel":"","context":"En \u00abNACIONALES\u00bb","block_context":{"text":"NACIONALES","link":"https:\/\/lasprimeras.com.do\/index.php\/category\/nacionales\/"},"img":{"alt_text":"","src":"https:\/\/i0.wp.com\/lasprimeras.com.do\/wp-content\/uploads\/2025\/11\/El-director-de-la-CAASD-en-Guajimia-2.jpg?resize=350%2C200&ssl=1","width":350,"height":200,"srcset":"https:\/\/i0.wp.com\/lasprimeras.com.do\/wp-content\/uploads\/2025\/11\/El-director-de-la-CAASD-en-Guajimia-2.jpg?resize=350%2C200&ssl=1 1x, https:\/\/i0.wp.com\/lasprimeras.com.do\/wp-content\/uploads\/2025\/11\/El-director-de-la-CAASD-en-Guajimia-2.jpg?resize=525%2C300&ssl=1 1.5x, https:\/\/i0.wp.com\/lasprimeras.com.do\/wp-content\/uploads\/2025\/11\/El-director-de-la-CAASD-en-Guajimia-2.jpg?resize=700%2C400&ssl=1 2x"},"classes":[]}],"jetpack_sharing_enabled":true,"_links":{"self":[{"href":"https:\/\/lasprimeras.com.do\/index.php\/wp-json\/wp\/v2\/posts\/115647","targetHints":{"allow":["GET"]}}],"collection":[{"href":"https:\/\/lasprimeras.com.do\/index.php\/wp-json\/wp\/v2\/posts"}],"about":[{"href":"https:\/\/lasprimeras.com.do\/index.php\/wp-json\/wp\/v2\/types\/post"}],"author":[{"embeddable":true,"href":"https:\/\/lasprimeras.com.do\/index.php\/wp-json\/wp\/v2\/users\/10"}],"replies":[{"embeddable":true,"href":"https:\/\/lasprimeras.com.do\/index.php\/wp-json\/wp\/v2\/comments?post=115647"}],"version-history":[{"count":1,"href":"https:\/\/lasprimeras.com.do\/index.php\/wp-json\/wp\/v2\/posts\/115647\/revisions"}],"predecessor-version":[{"id":115651,"href":"https:\/\/lasprimeras.com.do\/index.php\/wp-json\/wp\/v2\/posts\/115647\/revisions\/115651"}],"wp:featuredmedia":[{"embeddable":true,"href":"https:\/\/lasprimeras.com.do\/index.php\/wp-json\/wp\/v2\/media\/115648"}],"wp:attachment":[{"href":"https:\/\/lasprimeras.com.do\/index.php\/wp-json\/wp\/v2\/media?parent=115647"}],"wp:term":[{"taxonomy":"category","embeddable":true,"href":"https:\/\/lasprimeras.com.do\/index.php\/wp-json\/wp\/v2\/categories?post=115647"},{"taxonomy":"post_tag","embeddable":true,"href":"https:\/\/lasprimeras.com.do\/index.php\/wp-json\/wp\/v2\/tags?post=115647"}],"curies":[{"name":"wp","href":"https:\/\/api.w.org\/{rel}","templated":true}]}}