{"id":115663,"date":"2025-11-24T17:28:15","date_gmt":"2025-11-24T21:28:15","guid":{"rendered":"https:\/\/lasprimeras.com.do\/?p=115663"},"modified":"2025-11-24T17:28:17","modified_gmt":"2025-11-24T21:28:17","slug":"abinader-anuncia-entrega-del-doble-sueldo-en-la-primera-semana-de-diciembre","status":"publish","type":"post","link":"https:\/\/lasprimeras.com.do\/index.php\/2025\/11\/24\/abinader-anuncia-entrega-del-doble-sueldo-en-la-primera-semana-de-diciembre\/","title":{"rendered":"Abinader anuncia entrega del doble sueldo en la primera semana de diciembre"},"content":{"rendered":"\n<p><strong>El mandatario dijo que el gobierno entregar\u00e1 un monto superior a los 34 mil 448 millones de pesos<\/strong><\/p>\n\n\n\n<p>El presidente de la Rep\u00fablica, Luis Abinader, anunci\u00f3 este lunes que en la primera semana de diciembre el Gobierno entregar\u00e1 el doble sueldo o regal\u00eda navide\u00f1a. Dijo que el monto ascender\u00e1 a 334 mil 448 millones.<\/p>\n\n\n\n<p>El mandatario hizo el anuncio durante LA Semanal con la Prensa, en la que ofreci\u00f3 detalles de todas las actividades que realiza el Gobierno para beneficio de la poblaci\u00f3n durante las festividades navide\u00f1as.<\/p>\n","protected":false},"excerpt":{"rendered":"<p>El mandatario dijo que el gobierno entregar\u00e1 un monto superior a los 34 mil 448 millones de pesos El presidente de la Rep\u00fablica, Luis Abinader, anunci\u00f3 este lunes que en&hellip;<\/p>\n","protected":false},"author":10,"featured_media":115664,"comment_status":"open","ping_status":"open","sticky":false,"template":"","format":"standard","meta":{"content-type":"","jetpack_post_was_ever_published":false,"_jetpack_newsletter_access":"","_jetpack_dont_email_post_to_subs":false,"_jetpack_newsletter_tier_id":0,"_jetpack_memberships_contains_paywalled_content":false,"_jetpack_memberships_contains_paid_content":false,"footnotes":""},"categories":[39,25],"tags":[9095,10225,67,27699],"class_list":["post-115663","post","type-post","status-publish","format-standard","has-post-thumbnail","hentry","category-economia","category-portada","tag-diciembre","tag-doble-sueldo","tag-luis-abinader","tag-primera-semana"],"jetpack_featured_media_url":"https:\/\/lasprimeras.com.do\/wp-content\/uploads\/2025\/11\/Luis-Abinader-2-2.jpg","jetpack-related-posts":[{"id":115694,"url":"https:\/\/lasprimeras.com.do\/index.php\/2025\/11\/24\/abinader-anuncia-la-brisita-navidena-y-el-doble-sueldo-desde-el-4-de-diciembre\/","url_meta":{"origin":115663,"position":0},"title":"Abinader anuncia \u201cLa Brisita Navide\u00f1a\u201d y el doble sueldo desde el 4 de diciembre","author":"Nelson Feliz","date":"24 de noviembre de 2025","format":false,"excerpt":"Regal\u00eda pascual se entregar\u00e1 primera semana de diciembre por un monto de RD$34,448 millones El presidente Luis Abinader anunci\u00f3, una vez m\u00e1s, c\u00f3mo los dominicanos y dominicanas sentir\u00e1n la brisita navide\u00f1a desde las instituciones p\u00fablicas a partir de este 29 de noviembre hasta el 5 de enero, para garantizar que\u2026","rel":"","context":"En \u00abECONOM\u00cdA\u00bb","block_context":{"text":"ECONOM\u00cdA","link":"https:\/\/lasprimeras.com.do\/index.php\/category\/economia\/"},"img":{"alt_text":"","src":"https:\/\/i0.wp.com\/lasprimeras.com.do\/wp-content\/uploads\/2025\/11\/Luis-Abinader-4-2.jpg?resize=350%2C200&ssl=1","width":350,"height":200,"srcset":"https:\/\/i0.wp.com\/lasprimeras.com.do\/wp-content\/uploads\/2025\/11\/Luis-Abinader-4-2.jpg?resize=350%2C200&ssl=1 1x, https:\/\/i0.wp.com\/lasprimeras.com.do\/wp-content\/uploads\/2025\/11\/Luis-Abinader-4-2.jpg?resize=525%2C300&ssl=1 1.5x, https:\/\/i0.wp.com\/lasprimeras.com.do\/wp-content\/uploads\/2025\/11\/Luis-Abinader-4-2.jpg?resize=700%2C400&ssl=1 2x"},"classes":[]},{"id":91507,"url":"https:\/\/lasprimeras.com.do\/index.php\/2024\/11\/25\/abinader-entregara-doble-sueldo-en-la-primera-semana-de-diciembre\/","url_meta":{"origin":115663,"position":1},"title":"Abinader entregara doble sueldo en la primera semana de diciembre","author":"Nelson Feliz","date":"25 de noviembre de 2024","format":false,"excerpt":"El presidente Luis Abinader entregara Bono Navide\u00f1o y el doble sueldo en la primera semana de diciembre, por un monto de RD 30,777 millones. Con el Bono Navide\u00f1o se beneficiar\u00e1n 3 millones de personas, recibiendo tarjetas precargadas con un monto de RD 1,500 cada una, a ser utilizadas en cualquier\u2026","rel":"","context":"En \u00abECONOM\u00cdA\u00bb","block_context":{"text":"ECONOM\u00cdA","link":"https:\/\/lasprimeras.com.do\/index.php\/category\/economia\/"},"img":{"alt_text":"","src":"https:\/\/i0.wp.com\/lasprimeras.com.do\/wp-content\/uploads\/2024\/11\/doble-sueldo.jpg?resize=350%2C200&ssl=1","width":350,"height":200,"srcset":"https:\/\/i0.wp.com\/lasprimeras.com.do\/wp-content\/uploads\/2024\/11\/doble-sueldo.jpg?resize=350%2C200&ssl=1 1x, https:\/\/i0.wp.com\/lasprimeras.com.do\/wp-content\/uploads\/2024\/11\/doble-sueldo.jpg?resize=525%2C300&ssl=1 1.5x, https:\/\/i0.wp.com\/lasprimeras.com.do\/wp-content\/uploads\/2024\/11\/doble-sueldo.jpg?resize=700%2C400&ssl=1 2x"},"classes":[]},{"id":68811,"url":"https:\/\/lasprimeras.com.do\/index.php\/2023\/11\/28\/doble-sueldo-en-el-sector-publico-se-empezara-a-pagar-a-partir-de-la-proxima-semana\/","url_meta":{"origin":115663,"position":2},"title":"Doble sueldo en el sector p\u00fablico se empezar\u00e1 a pagar a partir de la pr\u00f3xima semana","author":"BIMARY DE JES\u00daS Matos","date":"28 de noviembre de 2023","format":false,"excerpt":"Santo Domingo.-El presidente Luis Abinader inform\u00f3 que a partir de la pr\u00f3xima semana se comenzar\u00e1 a pagar a los trabajadores del sector p\u00fablico la regal\u00eda o doble sueldo. Durante un encuentro con los medios de comunicaci\u00f3n, el mandatario se\u00f1al\u00f3 que el pago de la regal\u00eda este a\u00f1o ascender\u00e1 a la\u2026","rel":"","context":"En \u00abNACIONALES\u00bb","block_context":{"text":"NACIONALES","link":"https:\/\/lasprimeras.com.do\/index.php\/category\/nacionales\/"},"img":{"alt_text":"","src":"https:\/\/i0.wp.com\/lasprimeras.com.do\/wp-content\/uploads\/2023\/11\/Noticias-de-economia-2-1.jpg?resize=350%2C200&ssl=1","width":350,"height":200,"srcset":"https:\/\/i0.wp.com\/lasprimeras.com.do\/wp-content\/uploads\/2023\/11\/Noticias-de-economia-2-1.jpg?resize=350%2C200&ssl=1 1x, https:\/\/i0.wp.com\/lasprimeras.com.do\/wp-content\/uploads\/2023\/11\/Noticias-de-economia-2-1.jpg?resize=525%2C300&ssl=1 1.5x"},"classes":[]},{"id":69898,"url":"https:\/\/lasprimeras.com.do\/index.php\/2023\/12\/06\/gobierno-ha-entregado-rd11589-millones-de-pesos-en-doble-sueldo\/","url_meta":{"origin":115663,"position":3},"title":"Gobierno ha entregado RD$11,589 millones de pesos en doble sueldo","author":"BIMARY DE JES\u00daS Matos","date":"6 de diciembre de 2023","format":false,"excerpt":"Santo Domingo.-El Tesorero Nacional, Luis Delgado S\u00e1nchez, afirm\u00f3 que el Gobierno, a trav\u00e9s de la Tesorer\u00eda Nacional (TN), ha pagado RD$11,589 millones de pesos en Regal\u00eda Pascual y esperan completar el pago total el viernes. Dijo que ese monto se ha pagado en solo dos d\u00edas y se ir\u00e1 completando\u2026","rel":"","context":"En \u00abECONOM\u00cdA\u00bb","block_context":{"text":"ECONOM\u00cdA","link":"https:\/\/lasprimeras.com.do\/index.php\/category\/economia\/"},"img":{"alt_text":"","src":"https:\/\/i0.wp.com\/lasprimeras.com.do\/wp-content\/uploads\/2023\/12\/Diseno-sin-titulo-1-1.jpg?resize=350%2C200&ssl=1","width":350,"height":200,"srcset":"https:\/\/i0.wp.com\/lasprimeras.com.do\/wp-content\/uploads\/2023\/12\/Diseno-sin-titulo-1-1.jpg?resize=350%2C200&ssl=1 1x, https:\/\/i0.wp.com\/lasprimeras.com.do\/wp-content\/uploads\/2023\/12\/Diseno-sin-titulo-1-1.jpg?resize=525%2C300&ssl=1 1.5x"},"classes":[]},{"id":116881,"url":"https:\/\/lasprimeras.com.do\/index.php\/2025\/12\/05\/el-doble-sueldo-asciende-a-poco-mas-de-rd92000-millones-en-la-formalidad-laboral\/","url_meta":{"origin":115663,"position":4},"title":"El doble sueldo asciende a poco m\u00e1s de RD$92,000 millones en la formalidad laboral","author":"Nelson Feliz","date":"5 de diciembre de 2025","format":false,"excerpt":"Durante el mes de diciembre circularan, espec\u00edficamente en manos de la poblaci\u00f3n por concepto del \u201cdoble sueldo\u201d en salarios, pensiones y bonos sociales, se incrementa en alrededor de 100,000 millones, adicionales a la circulaci\u00f3n regular. Si a esos ingresos se agregan los montos regulares de salarios y pensiones, m\u00e1s otros\u2026","rel":"","context":"En \u00abECONOM\u00cdA\u00bb","block_context":{"text":"ECONOM\u00cdA","link":"https:\/\/lasprimeras.com.do\/index.php\/category\/economia\/"},"img":{"alt_text":"","src":"https:\/\/i0.wp.com\/lasprimeras.com.do\/wp-content\/uploads\/2025\/11\/dinero-peso-dominicano.jpeg?resize=350%2C200&ssl=1","width":350,"height":200,"srcset":"https:\/\/i0.wp.com\/lasprimeras.com.do\/wp-content\/uploads\/2025\/11\/dinero-peso-dominicano.jpeg?resize=350%2C200&ssl=1 1x, https:\/\/i0.wp.com\/lasprimeras.com.do\/wp-content\/uploads\/2025\/11\/dinero-peso-dominicano.jpeg?resize=525%2C300&ssl=1 1.5x, https:\/\/i0.wp.com\/lasprimeras.com.do\/wp-content\/uploads\/2025\/11\/dinero-peso-dominicano.jpeg?resize=700%2C400&ssl=1 2x, https:\/\/i0.wp.com\/lasprimeras.com.do\/wp-content\/uploads\/2025\/11\/dinero-peso-dominicano.jpeg?resize=1050%2C600&ssl=1 3x"},"classes":[]},{"id":68799,"url":"https:\/\/lasprimeras.com.do\/index.php\/2023\/11\/27\/abinader-entregara-bono-navideno-de-1500-pesos-y-27-mil-millones-en-regalia-pascual\/","url_meta":{"origin":115663,"position":5},"title":"Abinader entregar\u00e1 bono navide\u00f1o de 1500 pesos y 27 mil millones en regal\u00eda pascual","author":"Nelson Feliz","date":"27 de noviembre de 2023","format":false,"excerpt":"El Plan Social de la Presidencia entregar\u00e1 un mill\u00f3n de raciones alimenticias; los Comedores Econ\u00f3micos ofrecer\u00e1n 2,500 almuerzos navide\u00f1os tipo buffet para 500 personas cada uno. El presidente Luis Abinader anunci\u00f3 la entrega del \u201cmayor bono navide\u00f1o que jam\u00e1s se haya otorgado\u201d en la Rep\u00fablica Dominicana, a trav\u00e9s de cual\u2026","rel":"","context":"En \u00abECONOM\u00cdA\u00bb","block_context":{"text":"ECONOM\u00cdA","link":"https:\/\/lasprimeras.com.do\/index.php\/category\/economia\/"},"img":{"alt_text":"Luis Abinader","src":"https:\/\/i0.wp.com\/lasprimeras.com.do\/wp-content\/uploads\/2023\/11\/Luis-Abinader-3-3.jpg?resize=350%2C200&ssl=1","width":350,"height":200,"srcset":"https:\/\/i0.wp.com\/lasprimeras.com.do\/wp-content\/uploads\/2023\/11\/Luis-Abinader-3-3.jpg?resize=350%2C200&ssl=1 1x, https:\/\/i0.wp.com\/lasprimeras.com.do\/wp-content\/uploads\/2023\/11\/Luis-Abinader-3-3.jpg?resize=525%2C300&ssl=1 1.5x, https:\/\/i0.wp.com\/lasprimeras.com.do\/wp-content\/uploads\/2023\/11\/Luis-Abinader-3-3.jpg?resize=700%2C400&ssl=1 2x"},"classes":[]}],"jetpack_sharing_enabled":true,"_links":{"self":[{"href":"https:\/\/lasprimeras.com.do\/index.php\/wp-json\/wp\/v2\/posts\/115663","targetHints":{"allow":["GET"]}}],"collection":[{"href":"https:\/\/lasprimeras.com.do\/index.php\/wp-json\/wp\/v2\/posts"}],"about":[{"href":"https:\/\/lasprimeras.com.do\/index.php\/wp-json\/wp\/v2\/types\/post"}],"author":[{"embeddable":true,"href":"https:\/\/lasprimeras.com.do\/index.php\/wp-json\/wp\/v2\/users\/10"}],"replies":[{"embeddable":true,"href":"https:\/\/lasprimeras.com.do\/index.php\/wp-json\/wp\/v2\/comments?post=115663"}],"version-history":[{"count":1,"href":"https:\/\/lasprimeras.com.do\/index.php\/wp-json\/wp\/v2\/posts\/115663\/revisions"}],"predecessor-version":[{"id":115665,"href":"https:\/\/lasprimeras.com.do\/index.php\/wp-json\/wp\/v2\/posts\/115663\/revisions\/115665"}],"wp:featuredmedia":[{"embeddable":true,"href":"https:\/\/lasprimeras.com.do\/index.php\/wp-json\/wp\/v2\/media\/115664"}],"wp:attachment":[{"href":"https:\/\/lasprimeras.com.do\/index.php\/wp-json\/wp\/v2\/media?parent=115663"}],"wp:term":[{"taxonomy":"category","embeddable":true,"href":"https:\/\/lasprimeras.com.do\/index.php\/wp-json\/wp\/v2\/categories?post=115663"},{"taxonomy":"post_tag","embeddable":true,"href":"https:\/\/lasprimeras.com.do\/index.php\/wp-json\/wp\/v2\/tags?post=115663"}],"curies":[{"name":"wp","href":"https:\/\/api.w.org\/{rel}","templated":true}]}}