{"id":115674,"date":"2025-11-24T17:57:58","date_gmt":"2025-11-24T21:57:58","guid":{"rendered":"https:\/\/lasprimeras.com.do\/?p=115674"},"modified":"2025-11-24T17:58:00","modified_gmt":"2025-11-24T21:58:00","slug":"inabie-juramenta-su-nuevo-encargado-regional-en-san-jose-de-ocoa","status":"publish","type":"post","link":"https:\/\/lasprimeras.com.do\/index.php\/2025\/11\/24\/inabie-juramenta-su-nuevo-encargado-regional-en-san-jose-de-ocoa\/","title":{"rendered":"INABIE juramenta su nuevo encargado regional en San Jos\u00e9 de Ocoa"},"content":{"rendered":"\n<p>El Instituto Nacional de Bienestar Estudiantil (INABIE) jurament\u00f3 a Amauris A. Rodr\u00edguez como su nuevo encargado regional de San Jos\u00e9 de Ocoa, durante un acto celebrado en la Gobernaci\u00f3n Provincial.<\/p>\n\n\n\n<p>Al encabezar el acto, en representaci\u00f3n del director ejecutivo del INABIE, Adolfo P\u00e9rez, el subdirector, Luis Valdez, resalt\u00f3 el valor de estas designaciones para fortalecer el trabajo territorial del INABIE y continuar mejorando los servicios destinados a la comunidad educativa.<\/p>\n\n\n\n<p>\u201cCada nuevo encargado regional representa un compromiso renovado con la transparencia, la eficiencia y la cercan\u00eda, tal como establece la visi\u00f3n de nuestra Direcci\u00f3n Ejecutiva. El objetivo es que ning\u00fan estudiante quede sin recibir los servicios que merece, y para ello necesitamos equipos locales fuertes y comprometidos\u201d, afirm\u00f3 Valdez.<\/p>\n\n\n\n<p>Luego de ser juramentado, Rodr\u00edguez expres\u00f3 su compromiso de trabajar de manera incansable para garantizar que los estudiantes de San Jos\u00e9 de Ocoa reciban, de forma oportuna y con calidad, todos los servicios que brinda el INABIE, entre ellos la alimentaci\u00f3n escolar balanceada, la utiler\u00eda escolar y el acceso a los programas de salud integral estudiantil.<\/p>\n\n\n\n<p>Asimismo, agradeci\u00f3 al director ejecutivo del INABIE por la confianza depositada en su persona. \u201cEsta designaci\u00f3n es una oportunidad para seguir aportando a la educaci\u00f3n p\u00fablica de nuestra provincia. Asumo este compromiso con responsabilidad, entrega y el firme prop\u00f3sito de servir a nuestra comunidad educativa\u201d, manifest\u00f3 Rodr\u00edguez.<\/p>\n\n\n\n<p>Tambi\u00e9n participaron Santo Gervacio, coordinador de las Oficinas de Representaci\u00f3n Provincial del INABIE; la gobernadora Josefa Oliva Castillo de Peralta; Sandra Encarnaci\u00f3n, directora del Distrito Escolar 03-03; Ambiorix Rosi, alto dirigente del Partido Revolucionario Moderno (PRM) en esta provincia y otras autoridades civiles y militares.<\/p>\n\n\n\n<p>Con esta juramentaci\u00f3n, el INABIE reafirma su compromiso de fortalecer su estructura territorial para brindar un acompa\u00f1amiento m\u00e1s cercano, eficiente y transparente a las comunidades educativas del pa\u00eds.<\/p>\n","protected":false},"excerpt":{"rendered":"<p>El Instituto Nacional de Bienestar Estudiantil (INABIE) jurament\u00f3 a Amauris A. Rodr\u00edguez como su nuevo encargado regional de San Jos\u00e9 de Ocoa, durante un acto celebrado en la Gobernaci\u00f3n Provincial.&hellip;<\/p>\n","protected":false},"author":10,"featured_media":115675,"comment_status":"open","ping_status":"open","sticky":false,"template":"","format":"standard","meta":{"content-type":"","jetpack_post_was_ever_published":false,"_jetpack_newsletter_access":"","_jetpack_dont_email_post_to_subs":false,"_jetpack_newsletter_tier_id":0,"_jetpack_memberships_contains_paywalled_content":false,"_jetpack_memberships_contains_paid_content":false,"footnotes":""},"categories":[39],"tags":[27706,9338,268,4393],"class_list":["post-115674","post","type-post","status-publish","format-standard","has-post-thumbnail","hentry","category-economia","tag-encargado-regional","tag-inabie","tag-juramenta","tag-san-jose-de-ocoa"],"jetpack_featured_media_url":"https:\/\/lasprimeras.com.do\/wp-content\/uploads\/2025\/11\/INABIE-1.jpg","jetpack-related-posts":[{"id":115929,"url":"https:\/\/lasprimeras.com.do\/index.php\/2025\/11\/26\/inabie-juramenta-a-indhira-ovalles-como-su-nueva-encargada-regional-en-la-vega\/","url_meta":{"origin":115674,"position":0},"title":"INABIE juramenta a Indhira Ovalles como su nueva encargada regional en La Vega","author":"Nelson Feliz","date":"26 de noviembre de 2025","format":false,"excerpt":"El subdirector del Instituto Nacional de Bienestar Estudiantil (INABIE), Luis Valdez, en representaci\u00f3n del director ejecutivo de la instituci\u00f3n, Adolfo P\u00e9rez, jurament\u00f3 a Indhira Ovalles como nueva representante provincial del INABIE en La Vega, cargo desde el cual asume la supervisi\u00f3n, coordinaci\u00f3n y seguimiento de todas las acciones institucionales que\u2026","rel":"","context":"En \u00abNACIONALES\u00bb","block_context":{"text":"NACIONALES","link":"https:\/\/lasprimeras.com.do\/index.php\/category\/nacionales\/"},"img":{"alt_text":"","src":"https:\/\/i0.wp.com\/lasprimeras.com.do\/wp-content\/uploads\/2025\/11\/Indhira-Ovalles.jpg?resize=350%2C200&ssl=1","width":350,"height":200,"srcset":"https:\/\/i0.wp.com\/lasprimeras.com.do\/wp-content\/uploads\/2025\/11\/Indhira-Ovalles.jpg?resize=350%2C200&ssl=1 1x, https:\/\/i0.wp.com\/lasprimeras.com.do\/wp-content\/uploads\/2025\/11\/Indhira-Ovalles.jpg?resize=525%2C300&ssl=1 1.5x, https:\/\/i0.wp.com\/lasprimeras.com.do\/wp-content\/uploads\/2025\/11\/Indhira-Ovalles.jpg?resize=700%2C400&ssl=1 2x"},"classes":[]},{"id":106735,"url":"https:\/\/lasprimeras.com.do\/index.php\/2025\/08\/18\/ministro-de-educacion-juramenta-a-rafael-perez-como-nuevo-director-del-inabie\/","url_meta":{"origin":115674,"position":1},"title":"Ministro de Educaci\u00f3n juramenta a Rafael P\u00e9rez como nuevo director del INABIE","author":"Nelson Feliz","date":"18 de agosto de 2025","format":false,"excerpt":"El ministro de Educaci\u00f3n, Luis Miguel De Camps, jurament\u00f3 este lunes a Rafael Adolfo P\u00e9rez De Le\u00f3n como nuevo director ejecutivo del Instituto Nacional de Bienestar Estudiantil (INABIE), en cumplimiento del decreto presidencial 461-25 emitido ayer por el Poder Ejecutivo. P\u00e9rez De Le\u00f3n, ingeniero industrial de profesi\u00f3n, cuenta con formaci\u00f3n\u2026","rel":"","context":"En \u00abECONOM\u00cdA\u00bb","block_context":{"text":"ECONOM\u00cdA","link":"https:\/\/lasprimeras.com.do\/index.php\/category\/economia\/"},"img":{"alt_text":"","src":"https:\/\/i0.wp.com\/lasprimeras.com.do\/wp-content\/uploads\/2025\/08\/inabie-1.jpg?resize=350%2C200&ssl=1","width":350,"height":200,"srcset":"https:\/\/i0.wp.com\/lasprimeras.com.do\/wp-content\/uploads\/2025\/08\/inabie-1.jpg?resize=350%2C200&ssl=1 1x, https:\/\/i0.wp.com\/lasprimeras.com.do\/wp-content\/uploads\/2025\/08\/inabie-1.jpg?resize=525%2C300&ssl=1 1.5x, https:\/\/i0.wp.com\/lasprimeras.com.do\/wp-content\/uploads\/2025\/08\/inabie-1.jpg?resize=700%2C400&ssl=1 2x"},"classes":[]},{"id":123594,"url":"https:\/\/lasprimeras.com.do\/index.php\/2026\/03\/03\/inabie-beneficia-a-mas-de-800-estudiantes-de-puerto-plata-con-atenciones-medicas\/","url_meta":{"origin":115674,"position":2},"title":"INABIE beneficia a m\u00e1s de 800 estudiantes de Puerto Plata con atenciones m\u00e9dicas","author":"Nelson Feliz","date":"3 de marzo de 2026","format":false,"excerpt":"Recibieron servicios de salud bucal, auditiva, visual y preventiva, como parte del cuidado de su bienestar El Instituto Nacional de Bienestar Estudiantil (INABIE) benefici\u00f3 con atenciones m\u00e9dicas a m\u00e1s de 800 estudiantes, de entre 5 y 19 a\u00f1os, de esta provincia durante una jornada de salud integral realizada en el\u2026","rel":"","context":"En \u00abSALUD\u00bb","block_context":{"text":"SALUD","link":"https:\/\/lasprimeras.com.do\/index.php\/category\/salud\/"},"img":{"alt_text":"","src":"https:\/\/i0.wp.com\/lasprimeras.com.do\/wp-content\/uploads\/2026\/03\/INABIE-beneficia-a-mas-de-800-estudiantes-de-Puerto-Plata.jpg?resize=350%2C200&ssl=1","width":350,"height":200,"srcset":"https:\/\/i0.wp.com\/lasprimeras.com.do\/wp-content\/uploads\/2026\/03\/INABIE-beneficia-a-mas-de-800-estudiantes-de-Puerto-Plata.jpg?resize=350%2C200&ssl=1 1x, https:\/\/i0.wp.com\/lasprimeras.com.do\/wp-content\/uploads\/2026\/03\/INABIE-beneficia-a-mas-de-800-estudiantes-de-Puerto-Plata.jpg?resize=525%2C300&ssl=1 1.5x, https:\/\/i0.wp.com\/lasprimeras.com.do\/wp-content\/uploads\/2026\/03\/INABIE-beneficia-a-mas-de-800-estudiantes-de-Puerto-Plata.jpg?resize=700%2C400&ssl=1 2x"},"classes":[]},{"id":103938,"url":"https:\/\/lasprimeras.com.do\/index.php\/2025\/07\/20\/inabie-entrega-utileria-escolar-en-el-distrito-15-03-y-lleva-servicios-de-salud\/","url_meta":{"origin":115674,"position":3},"title":"INABIE entrega utiler\u00eda escolar en el Distrito 15-03 y lleva servicios de salud","author":"Nelson Feliz","date":"20 de julio de 2025","format":false,"excerpt":"El instituto de bienestar entreg\u00f3 20,593 kits escolares en 52 centros beneficiarios del programa de Utiler\u00eda Escolar. El Instituto Nacional de Bienestar Estudiantil (INABIE) complet\u00f3 este s\u00e1bado la entrega de 20,593 kits escolares para el Distrito Educativo 15-03 durante una nueva jornada de \u201cEl Gobierno en las Provincias\u201d en el\u2026","rel":"","context":"En \u00abNACIONALES\u00bb","block_context":{"text":"NACIONALES","link":"https:\/\/lasprimeras.com.do\/index.php\/category\/nacionales\/"},"img":{"alt_text":"","src":"https:\/\/i0.wp.com\/lasprimeras.com.do\/wp-content\/uploads\/2025\/07\/SALUD.jpg?resize=350%2C200&ssl=1","width":350,"height":200,"srcset":"https:\/\/i0.wp.com\/lasprimeras.com.do\/wp-content\/uploads\/2025\/07\/SALUD.jpg?resize=350%2C200&ssl=1 1x, https:\/\/i0.wp.com\/lasprimeras.com.do\/wp-content\/uploads\/2025\/07\/SALUD.jpg?resize=525%2C300&ssl=1 1.5x, https:\/\/i0.wp.com\/lasprimeras.com.do\/wp-content\/uploads\/2025\/07\/SALUD.jpg?resize=700%2C400&ssl=1 2x"},"classes":[]},{"id":116745,"url":"https:\/\/lasprimeras.com.do\/index.php\/2025\/12\/03\/inabie-beneficia-a-mas-de-1300-estudiantes-de-cotui-en-jornada-de-salud-integral\/","url_meta":{"origin":115674,"position":4},"title":"INABIE beneficia a m\u00e1s de 1,300 estudiantes de Cotu\u00ed en Jornada de Salud Integral","author":"Nelson Feliz","date":"3 de diciembre de 2025","format":false,"excerpt":"Fueron ofrecidas atenciones en salud visual, auditiva, bucal, epidemiol\u00f3gica y nutrici\u00f3n M\u00e1s de 1,300 estudiantes de distintos centros educativos fueron beneficiados en una Jornada de Salud Integral realizada por el Instituto Nacional de Bienestar Estudiantil (INABIE) en el Liceo Francisco Henr\u00edquez y Carvajal, como parte de la Ruta del Bienestar\u2026","rel":"","context":"En \u00abSALUD\u00bb","block_context":{"text":"SALUD","link":"https:\/\/lasprimeras.com.do\/index.php\/category\/salud\/"},"img":{"alt_text":"","src":"https:\/\/i0.wp.com\/lasprimeras.com.do\/wp-content\/uploads\/2025\/12\/Salud-integal.jpg?resize=350%2C200&ssl=1","width":350,"height":200,"srcset":"https:\/\/i0.wp.com\/lasprimeras.com.do\/wp-content\/uploads\/2025\/12\/Salud-integal.jpg?resize=350%2C200&ssl=1 1x, https:\/\/i0.wp.com\/lasprimeras.com.do\/wp-content\/uploads\/2025\/12\/Salud-integal.jpg?resize=525%2C300&ssl=1 1.5x, https:\/\/i0.wp.com\/lasprimeras.com.do\/wp-content\/uploads\/2025\/12\/Salud-integal.jpg?resize=700%2C400&ssl=1 2x"},"classes":[]},{"id":100336,"url":"https:\/\/lasprimeras.com.do\/index.php\/2025\/06\/05\/inabie-escuelas-recuperaron-mas-de-323000-cajitas-de-leche-con-fines-de-reciclaje\/","url_meta":{"origin":115674,"position":5},"title":"INABIE: Escuelas recuperaron m\u00e1s de 323,000 cajitas de leche con fines de reciclaje","author":"Nelson Feliz","date":"5 de junio de 2025","format":false,"excerpt":"M\u00e1s de 323,000 cajitas de leche fueron recuperadas para reciclaje por estudiantes y docentes de 70 centros educativos, como parte del programa Escuelas Ambientalmente Sostenibles y Cultura 3Rs (Reducir, Reutilizar y Reciclar) del Instituto Nacional de Bienestar Estudiantil (INABIE). En apenas tres meses, estas escuelas, pertenecientes a la Regional de\u2026","rel":"","context":"En \u00abNACIONALES\u00bb","block_context":{"text":"NACIONALES","link":"https:\/\/lasprimeras.com.do\/index.php\/category\/nacionales\/"},"img":{"alt_text":"","src":"https:\/\/i0.wp.com\/lasprimeras.com.do\/wp-content\/uploads\/2025\/06\/INABIE-SOMOS-3Rs.jpg?resize=350%2C200&ssl=1","width":350,"height":200,"srcset":"https:\/\/i0.wp.com\/lasprimeras.com.do\/wp-content\/uploads\/2025\/06\/INABIE-SOMOS-3Rs.jpg?resize=350%2C200&ssl=1 1x, https:\/\/i0.wp.com\/lasprimeras.com.do\/wp-content\/uploads\/2025\/06\/INABIE-SOMOS-3Rs.jpg?resize=525%2C300&ssl=1 1.5x, https:\/\/i0.wp.com\/lasprimeras.com.do\/wp-content\/uploads\/2025\/06\/INABIE-SOMOS-3Rs.jpg?resize=700%2C400&ssl=1 2x"},"classes":[]}],"jetpack_sharing_enabled":true,"_links":{"self":[{"href":"https:\/\/lasprimeras.com.do\/index.php\/wp-json\/wp\/v2\/posts\/115674","targetHints":{"allow":["GET"]}}],"collection":[{"href":"https:\/\/lasprimeras.com.do\/index.php\/wp-json\/wp\/v2\/posts"}],"about":[{"href":"https:\/\/lasprimeras.com.do\/index.php\/wp-json\/wp\/v2\/types\/post"}],"author":[{"embeddable":true,"href":"https:\/\/lasprimeras.com.do\/index.php\/wp-json\/wp\/v2\/users\/10"}],"replies":[{"embeddable":true,"href":"https:\/\/lasprimeras.com.do\/index.php\/wp-json\/wp\/v2\/comments?post=115674"}],"version-history":[{"count":1,"href":"https:\/\/lasprimeras.com.do\/index.php\/wp-json\/wp\/v2\/posts\/115674\/revisions"}],"predecessor-version":[{"id":115676,"href":"https:\/\/lasprimeras.com.do\/index.php\/wp-json\/wp\/v2\/posts\/115674\/revisions\/115676"}],"wp:featuredmedia":[{"embeddable":true,"href":"https:\/\/lasprimeras.com.do\/index.php\/wp-json\/wp\/v2\/media\/115675"}],"wp:attachment":[{"href":"https:\/\/lasprimeras.com.do\/index.php\/wp-json\/wp\/v2\/media?parent=115674"}],"wp:term":[{"taxonomy":"category","embeddable":true,"href":"https:\/\/lasprimeras.com.do\/index.php\/wp-json\/wp\/v2\/categories?post=115674"},{"taxonomy":"post_tag","embeddable":true,"href":"https:\/\/lasprimeras.com.do\/index.php\/wp-json\/wp\/v2\/tags?post=115674"}],"curies":[{"name":"wp","href":"https:\/\/api.w.org\/{rel}","templated":true}]}}