{"id":115686,"date":"2025-11-24T18:34:11","date_gmt":"2025-11-24T22:34:11","guid":{"rendered":"https:\/\/lasprimeras.com.do\/?p=115686"},"modified":"2025-11-24T18:34:14","modified_gmt":"2025-11-24T22:34:14","slug":"pld-aclara-el-gobierno-reinaugura-carcel-la-nueva-victoria-aumentando-el-costo-en-rd3000-millones","status":"publish","type":"post","link":"https:\/\/lasprimeras.com.do\/index.php\/2025\/11\/24\/pld-aclara-el-gobierno-reinaugura-carcel-la-nueva-victoria-aumentando-el-costo-en-rd3000-millones\/","title":{"rendered":"PLD aclara el Gobierno reinaugura c\u00e1rcel La Nueva Victoria aumentando el costo en RD$3,000 millones"},"content":{"rendered":"\n<p>Los recurrentes desatinos del Gobierno PRM nos convocan nueva vez a dirigirnos al pueblo dominicano para aclarar mentiras, manipulaciones y enga\u00f1os.<\/p>\n\n\n\n<p>Hoy nos dirigimos a ustedes con el compromiso de siempre: hablar con responsabilidad, claridad y respeto a la verdad.<\/p>\n\n\n\n<p>Como es de conocimiento p\u00fablico, los gobiernos del Partido de la Liberaci\u00f3n Dominicana ejecutaron el plan de modernizaci\u00f3n y humanizaci\u00f3n m\u00e1s importante del sistema penitenciario dominicano.<\/p>\n\n\n\n<p>Un programa dise\u00f1ado para transformar los 41 centros penitenciarios del pa\u00eds y la construcci\u00f3n de los nuevos centros necesarios para poner fin a d\u00e9cadas de hacinamiento.<\/p>\n\n\n\n<p>Este plan fue financiado durante a\u00f1os y en el \u00faltimo gobierno 2016-2020 con RD$3,000 millones provenientes del acuerdo con Odebrecht y con RD$6,500 millones del presupuesto nacional. Su objetivo era construir y adecuar recintos dignos, seguros y orientados a la reinserci\u00f3n de los privados de libertad.<\/p>\n\n\n\n<p>Y es precisamente por esa responsabilidad hist\u00f3rica y por ese compromiso con la transparencia que hoy le comunicamos a la ciudadan\u00eda: el recinto La Nueva Victoria, renombrado por el Gobierno como \u201cLas Parras\u201d, fue terminado, equipado, inaugurado y recibido desde el 10 de agosto de 2020.<\/p>\n\n\n\n<p>Es un hecho documentado. La prensa y el pa\u00eds lo vieron. Y el Gobierno lo recibi\u00f3 formalmente en agosto de 2020 y volvi\u00f3 a certificarlo en junio de 2021.<\/p>\n\n\n\n<p>\u00bfQu\u00e9 entregamos en 2020? Una ciudad penitenciaria, construida en 6 millones de metros cuadrados, que estaba lista para iniciar operaciones de inmediato, con una capacidad inicial para recibir 3,000 privados de libertad en ese momento y 5,778 en 45 d\u00edas, con 87 edificios (30 administrativos y 57 de alojamiento), con espacio para 8,778 privados de libertad distribuidos en:<\/p>\n\n\n\n<p>\u2022 1,600 celdas permanentes<br>\u2022 112 celdas de observaci\u00f3n<br>\u2022 80 celdas de reflexi\u00f3n<br>\u2022 48 de m\u00e1xima seguridad<br>\u2022 88 de movilidad reducida<br>\u2022 96 celdas conyugales,<\/p>\n\n\n\n<p>Adem\u00e1s:<\/p>\n\n\n\n<p>\u2022 Un complejo penitenciario con cuatro m\u00f3dulos y 11 c\u00e1rceles independientes<br>\u2022 42 garitas y 13 torres de vigilancia<br>\u2022 M\u00e1s de mil c\u00e1maras de videovigilancia y 77 salas de monitoreo<br>\u2022 Dos salas de audiencias judiciales<br>\u2022 Lagunas productivas con millones de peces, invernaderos, apiarios y talleres industriales<\/p>\n\n\n\n<p>\u2022 Aulas, \u00e1reas materno-infantiles y espacios de formaci\u00f3n<br>\u2022 Una pista ol\u00edmpica multiuso<br>\u2022 22 canchas de baloncesto<br>\u2022 5 estadios de beisbol<br>\u2022 2 rings de boxeo<br>\u2022 Estaci\u00f3n de bomberos con su cami\u00f3n y equipos<br>\u2022 12 perros K9 y su personal de adiestramiento<br>\u2022 Veh\u00edculos operativos, autobuses, microbuses, buggies<br>\u2022 Una estaci\u00f3n de bomberos equipada<br>\u2022 Dispensarios m\u00e9dicos, entre otros.<\/p>\n\n\n\n<p>Todo estaba completo. El 12 de agosto de 2020 deb\u00edan trasladarse los primeros 225 internos desde San Isidro. Ese traslado no se realiz\u00f3 porque la Comisi\u00f3n de Transici\u00f3n del PRM solicit\u00f3 detenerlo. La obra estaba lista. Lo que falt\u00f3 fue voluntad.<\/p>\n\n\n\n<p>Las consecuencias fueron graves<\/p>\n\n\n\n<p>El retraso prolong\u00f3 el hacinamiento cr\u00edtico en La Victoria. En esos a\u00f1os hubo hechos violentos y un incendio que cobr\u00f3 la vida de m\u00e1s de 100 reclusos. Fue una tragedia que pudo evitarse, si los traslados se hubieran realizado a tiempo.<\/p>\n\n\n\n<p>\u00bfQu\u00e9 hizo el Gobierno del PRM con una obra terminada?<\/p>\n\n\n\n<p>Tres cosas:<\/p>\n\n\n\n<p>Primero: La recibi\u00f3 formalmente en agosto de 2020. Luego, con sus propias modificaciones, el gobierno del PRM, a trav\u00e9s de la Procuradur\u00eda General de la Rep\u00fablica, recibi\u00f3 la obra de manera conforme en junio de 2021, seg\u00fan certificaci\u00f3n firmada por la Procuradur\u00eda y la Constructora REMIX de esta misma primera fase.<\/p>\n\n\n\n<p>Con ese acto formal, se reconoci\u00f3 por escrito que La Nueva Victoria estaba terminada, equipada y plenamente operativa. La Procuradur\u00eda certific\u00f3 su terminaci\u00f3n por escrito.<\/p>\n\n\n\n<p>Segundo: Renov\u00f3 los contratos que antes hab\u00eda cuestionado. Al renovarlos, admiti\u00f3 que no hab\u00eda sobrevaluaci\u00f3n, validando as\u00ed que se trataba de las ofertas m\u00e1s econ\u00f3micas, realizando ajustes de estilo por RD$220 millones adicionales.<\/p>\n\n\n\n<p>Incluso, el actual Director General de Servicios Penitenciarios y Correccionales, declar\u00f3 p\u00fablicamente que las adecuaciones que \u00e9l quer\u00eda realizar \u201cse terminaban con RD$280 millones\u201d y que \u201cel Presidente estaba equivocado cuando se\u00f1al\u00f3 que se necesitaban 1,600 millones\u201d.<\/p>\n\n\n\n<p>Tercero: Aument\u00f3 el costo en m\u00e1s de RD$3,000 millones. Entre ellos:<\/p>\n\n\n\n<p>\u2022 RD$220 millones en ajustes est\u00e9ticos.<br>\u2022 RD$385 millones en adendas al Consorcio Grupo Trifortis (diciembre 2023), que inclu\u00eda a BYOTransfalto HAC, una empresa sancionada, inhabilitada permanentemente y con su RNP cancelado por falsificaci\u00f3n de documentos mediante resoluci\u00f3n firme de la Direcci\u00f3n General de Compras y Contrataciones de esta misma gesti\u00f3n.<\/p>\n\n\n\n<p>Pese a estar legalmente impedida, ese Consorcio y BYOTransfalto HAC, recibi\u00f3 pagos posteriores por RD$77 millones, constituyendo un hecho grav\u00edsimo y totalmente inadmisible en la contrataci\u00f3n p\u00fablica.<\/p>\n\n\n\n<p>\u2022 Y luego, se realiz\u00f3 un tercer aumento de RD$2,100 millones a Grupo Malesp\u00edn, m\u00e1s RD$160 millones en equipamiento, en noviembre de 2024.<\/p>\n\n\n\n<p>Lo que se observa, como nuevo, es el cambio de pintura, mallas, cisternas y casetas.<br>Por eso preguntamos con responsabilidad:<\/p>\n\n\n\n<p>\u00bfEso cuesta m\u00e1s de RD$3,000 millones? La verdad es simple.<\/p>\n\n\n\n<p>Lo que hoy se presenta como nuevo ya estaba construido, equipado e inaugurado desde 2020.<br>Lo \u00fanico realmente nuevo es el cambio de pintura, mallas, cisternas y casetas, y el cambio de nombre a \u201cLas Parras\u201d. Invitamos a los medios a revisar sus archivos de agosto de 2020.<br>Las im\u00e1genes hablan por s\u00ed solas y aqu\u00ed se las mostramos.<\/p>\n\n\n\n<p>Es por ello que, con responsabilidad, se\u00f1alamos que la improvisaci\u00f3n y el abandono del gobierno del PRM tuvieron y tienen consecuencias humanas devastadoras. Y se\u00f1alamos que:<\/p>\n\n\n\n<ol class=\"wp-block-list\">\n<li>El Gobierno reinaugura como nuevo algo que ya estaba terminado.<\/li>\n\n\n\n<li>La obra fue entregada y recibida hace casi cinco a\u00f1os.<\/li>\n\n\n\n<li>Se han gastado m\u00e1s de RD$3,000 millones en ajustes que solicitamos puedan ser auditados, pues los ajustes realizados no justifican el gasto incurrido.<br>Y denunciamos que el retraso en operar dicha c\u00e1rcel, provoc\u00f3 tragedias que pudieron evitarse, retras\u00f3 la reeducaci\u00f3n y la reinserci\u00f3n social de miles de privados de libertad que hoy pudieron ser entes productivos, y afect\u00f3 a sus familias.<\/li>\n<\/ol>\n\n\n\n<p>El pa\u00eds merece la verdad por encima de todas las cosas, la transparencia y el respeto. Por eso preguntamos con sentido de Estado: \u00bfEn qu\u00e9 gast\u00f3 el Gobierno m\u00e1s de RD$3,000 millones en una obra terminada, certificada y equipada desde 2020?<\/p>\n\n\n\n<p>\u00bfC\u00f3mo se resarce a los miles de privados de libertad estos 5 a\u00f1os en los que pudieron ser formados en actividades productivas y reeducados para su reinserci\u00f3n social como ordena la Constituci\u00f3n?<\/p>\n\n\n\n<p>El PLD reafirma su compromiso con la institucionalidad, la transparencia y la dignidad humana, por lo que seguiremos defendiendo la verdad y los intereses del pueblo dominicano.<\/p>\n","protected":false},"excerpt":{"rendered":"<p>Los recurrentes desatinos del Gobierno PRM nos convocan nueva vez a dirigirnos al pueblo dominicano para aclarar mentiras, manipulaciones y enga\u00f1os. Hoy nos dirigimos a ustedes con el compromiso de&hellip;<\/p>\n","protected":false},"author":10,"featured_media":115687,"comment_status":"open","ping_status":"open","sticky":false,"template":"","format":"standard","meta":{"content-type":"","jetpack_post_was_ever_published":false,"_jetpack_newsletter_access":"","_jetpack_dont_email_post_to_subs":false,"_jetpack_newsletter_tier_id":0,"_jetpack_memberships_contains_paywalled_content":false,"_jetpack_memberships_contains_paid_content":false,"footnotes":""},"categories":[16559,25],"tags":[27711,27710,171,269,27709],"class_list":["post-115686","post","type-post","status-publish","format-standard","has-post-thumbnail","hentry","category-politica","category-portada","tag-aumenta-el-costo","tag-carcel-la-nueva-victoria","tag-gobierno","tag-pld","tag-reinaugura"],"jetpack_featured_media_url":"https:\/\/lasprimeras.com.do\/wp-content\/uploads\/2025\/11\/PLD-1-1.jpg","jetpack-related-posts":[{"id":115522,"url":"https:\/\/lasprimeras.com.do\/index.php\/2025\/11\/23\/danilo-medina-dice-que-el-inauguro-la-carcel-de-las-parras-lo-unico-es-pintura-y-cambio-de-nombre\/","url_meta":{"origin":115686,"position":0},"title":"Danilo Medina dice que \u00e9l inaugur\u00f3 la c\u00e1rcel de Las Parras: &#8220;lo \u00fanico es pintura y cambio de nombre&#8221;","author":"Nelson Feliz","date":"23 de noviembre de 2025","format":false,"excerpt":"\"No fue una inauguraci\u00f3n. Yo pienso que la abrieron para empezar a dar servicio, porque esa c\u00e1rcel yo la inaugur\u00e9\", declar\u00f3 el exmandatario. El expresidente de la Rep\u00fablica, Danilo Medina, reaccion\u00f3 a la apertura oficial de la c\u00e1rcel de Las Parras \u2014antes denominada La Nueva Victoria\u2014 y asegur\u00f3 que la\u2026","rel":"","context":"En \u00abPOLITICA\u00bb","block_context":{"text":"POLITICA","link":"https:\/\/lasprimeras.com.do\/index.php\/category\/politica\/"},"img":{"alt_text":"","src":"https:\/\/i0.wp.com\/lasprimeras.com.do\/wp-content\/uploads\/2025\/10\/Danilo-Medina-1.jpg?resize=350%2C200&ssl=1","width":350,"height":200,"srcset":"https:\/\/i0.wp.com\/lasprimeras.com.do\/wp-content\/uploads\/2025\/10\/Danilo-Medina-1.jpg?resize=350%2C200&ssl=1 1x, https:\/\/i0.wp.com\/lasprimeras.com.do\/wp-content\/uploads\/2025\/10\/Danilo-Medina-1.jpg?resize=525%2C300&ssl=1 1.5x, https:\/\/i0.wp.com\/lasprimeras.com.do\/wp-content\/uploads\/2025\/10\/Danilo-Medina-1.jpg?resize=700%2C400&ssl=1 2x"},"classes":[]},{"id":88968,"url":"https:\/\/lasprimeras.com.do\/index.php\/2024\/09\/11\/diputado-luis-gomez-es-muy-positivo-construcion-25-nuevas-carceles\/","url_meta":{"origin":115686,"position":1},"title":"Diputado Luis G\u00f3mez: \u201ces muy positivo construci\u00f3n 25 nuevas c\u00e1rceles\u201d","author":"Nelson Feliz","date":"11 de septiembre de 2024","format":false,"excerpt":"Mejorar\u00e1 significativamente la condici\u00f3n de vida de los presos. El diputado Luis G\u00f3mez de San Pedro de Macor\u00eds consider\u00f3 de muy acertada la informaci\u00f3n de que el gobierno construir\u00e1 25 nuevas c\u00e1rceles en diferentes provincias del pa\u00eds, con el prop\u00f3sito de alojar a m\u00e1s de 20 mil 300 personas privada\u2026","rel":"","context":"En \u00abSin categor\u00eda\u00bb","block_context":{"text":"Sin categor\u00eda","link":"https:\/\/lasprimeras.com.do\/index.php\/category\/sin-categoria\/"},"img":{"alt_text":"Luis G\u00f3mez","src":"https:\/\/i0.wp.com\/lasprimeras.com.do\/wp-content\/uploads\/2024\/05\/Luis-Gomez-1.jpg?resize=350%2C200&ssl=1","width":350,"height":200,"srcset":"https:\/\/i0.wp.com\/lasprimeras.com.do\/wp-content\/uploads\/2024\/05\/Luis-Gomez-1.jpg?resize=350%2C200&ssl=1 1x, https:\/\/i0.wp.com\/lasprimeras.com.do\/wp-content\/uploads\/2024\/05\/Luis-Gomez-1.jpg?resize=525%2C300&ssl=1 1.5x, https:\/\/i0.wp.com\/lasprimeras.com.do\/wp-content\/uploads\/2024\/05\/Luis-Gomez-1.jpg?resize=700%2C400&ssl=1 2x"},"classes":[]},{"id":105070,"url":"https:\/\/lasprimeras.com.do\/index.php\/2025\/07\/30\/juan-dionicio-rodriguez-el-ministerio-de-justicia-sera-un-gran-aporte-del-gobierno-de-abinader\/","url_meta":{"origin":115686,"position":2},"title":"Juan Dionicio Rodr\u00edguez: \u201cEl Ministerio de Justicia ser\u00e1 un gran aporte del Gobierno de Abinader\u201d","author":"Nelson Feliz","date":"30 de julio de 2025","format":false,"excerpt":"El exdiputado del Frente Amplio y actual coordinador de Justicia de la Oficina Nacional para el Apoyo a la Reforma Penitenciaria (ONAPREP), Juan Dionicio Rodr\u00edguez, valor\u00f3 como trascendental la creaci\u00f3n del Ministerio de Justicia por parte del Gobierno del presidente Luis Abinader, se\u00f1alando que esta instituci\u00f3n ser\u00e1 clave para transformar\u2026","rel":"","context":"En \u00abPOLITICA\u00bb","block_context":{"text":"POLITICA","link":"https:\/\/lasprimeras.com.do\/index.php\/category\/politica\/"},"img":{"alt_text":"","src":"https:\/\/i0.wp.com\/lasprimeras.com.do\/wp-content\/uploads\/2025\/07\/WhatsApp-Image-2025-07-29-at-7.56.00-PM.jpeg?resize=350%2C200&ssl=1","width":350,"height":200,"srcset":"https:\/\/i0.wp.com\/lasprimeras.com.do\/wp-content\/uploads\/2025\/07\/WhatsApp-Image-2025-07-29-at-7.56.00-PM.jpeg?resize=350%2C200&ssl=1 1x, https:\/\/i0.wp.com\/lasprimeras.com.do\/wp-content\/uploads\/2025\/07\/WhatsApp-Image-2025-07-29-at-7.56.00-PM.jpeg?resize=525%2C300&ssl=1 1.5x, https:\/\/i0.wp.com\/lasprimeras.com.do\/wp-content\/uploads\/2025\/07\/WhatsApp-Image-2025-07-29-at-7.56.00-PM.jpeg?resize=700%2C400&ssl=1 2x, https:\/\/i0.wp.com\/lasprimeras.com.do\/wp-content\/uploads\/2025\/07\/WhatsApp-Image-2025-07-29-at-7.56.00-PM.jpeg?resize=1050%2C600&ssl=1 3x, https:\/\/i0.wp.com\/lasprimeras.com.do\/wp-content\/uploads\/2025\/07\/WhatsApp-Image-2025-07-29-at-7.56.00-PM.jpeg?resize=1400%2C800&ssl=1 4x"},"classes":[]},{"id":108247,"url":"https:\/\/lasprimeras.com.do\/index.php\/2025\/09\/04\/danilo-medina-yo-fui-al-gobierno-a-servir\/","url_meta":{"origin":115686,"position":3},"title":"Danilo Medina: \u201cYo fui al Gobierno a servir, nunca utilice el cargo para hacer negocios\u201d","author":"Nelson Feliz","date":"4 de septiembre de 2025","format":false,"excerpt":"El expresidente de la Rep\u00fablica y actual presidente del Partido de la Liberaci\u00f3n Dominicana (PLD), Danilo Medina S\u00e1nchez, asegur\u00f3 este jueves que nunca utiliz\u00f3 su cargo para hacer negocios y que su \u00fanico prop\u00f3sito durante sus dos gestiones presidenciales fue servir al pueblo dominicano. \u201cYo no fui al gobierno a\u2026","rel":"","context":"En \u00abPOLITICA\u00bb","block_context":{"text":"POLITICA","link":"https:\/\/lasprimeras.com.do\/index.php\/category\/politica\/"},"img":{"alt_text":"Danilo Medina","src":"https:\/\/i0.wp.com\/lasprimeras.com.do\/wp-content\/uploads\/2025\/07\/Danilo-Medina-1-2.jpg?resize=350%2C200&ssl=1","width":350,"height":200,"srcset":"https:\/\/i0.wp.com\/lasprimeras.com.do\/wp-content\/uploads\/2025\/07\/Danilo-Medina-1-2.jpg?resize=350%2C200&ssl=1 1x, https:\/\/i0.wp.com\/lasprimeras.com.do\/wp-content\/uploads\/2025\/07\/Danilo-Medina-1-2.jpg?resize=525%2C300&ssl=1 1.5x"},"classes":[]},{"id":110537,"url":"https:\/\/lasprimeras.com.do\/index.php\/2025\/09\/29\/pld-exige-gobierno-explique-en-que-gasto-775-millones-dolares-que-le-adelanto-aerodom\/","url_meta":{"origin":115686,"position":4},"title":"PLD exige Gobierno explique en qu\u00e9 gast\u00f3 775 millones d\u00f3lares que le adelant\u00f3 AERODOM","author":"Nelson Feliz","date":"29 de septiembre de 2025","format":false,"excerpt":"El opositor Partido de la Liberaci\u00f3n Dominicana (PLD) exigi\u00f3 al Gobierno una explicaci\u00f3n sobre el uso de 775 millones de d\u00f3lares que, como parte de la renegociaci\u00f3n del contrato de concesi\u00f3n para administrar seis aeropuertos del Estado, le adelant\u00f3 la firma Aeropuertos Dominicanos (AERODOM) para obras de infraestructura. El secretario\u2026","rel":"","context":"En \u00abPOLITICA\u00bb","block_context":{"text":"POLITICA","link":"https:\/\/lasprimeras.com.do\/index.php\/category\/politica\/"},"img":{"alt_text":"","src":"https:\/\/i0.wp.com\/lasprimeras.com.do\/wp-content\/uploads\/2025\/09\/Carlos-Manzano-1.jpg?resize=350%2C200&ssl=1","width":350,"height":200,"srcset":"https:\/\/i0.wp.com\/lasprimeras.com.do\/wp-content\/uploads\/2025\/09\/Carlos-Manzano-1.jpg?resize=350%2C200&ssl=1 1x, https:\/\/i0.wp.com\/lasprimeras.com.do\/wp-content\/uploads\/2025\/09\/Carlos-Manzano-1.jpg?resize=525%2C300&ssl=1 1.5x, https:\/\/i0.wp.com\/lasprimeras.com.do\/wp-content\/uploads\/2025\/09\/Carlos-Manzano-1.jpg?resize=700%2C400&ssl=1 2x"},"classes":[]},{"id":110676,"url":"https:\/\/lasprimeras.com.do\/index.php\/2025\/09\/30\/michael-cleto-exige-al-gobierno-el-traslado-inmediato-del-recinto-penitenciario-de-la-victoria-hacia-las-parras\/","url_meta":{"origin":115686,"position":5},"title":"Michael Cleto exige al Gobierno el traslado inmediato del recinto penitenciario de La Victoria hacia Las Parras","author":"Nelson Feliz","date":"30 de septiembre de 2025","format":false,"excerpt":"El dirigente pol\u00edtico de la Fuerza del Pueblo (FP) y aspirante a la alcald\u00eda por el distrito municipal La Victoria, en Santo Domingo Norte, Michael Cleto, exigi\u00f3 al Estado dominicano que disponga de inmediato el traslado de los internos de la Penitenciar\u00eda Nacional de La Victoria, hacia las instalaciones de\u2026","rel":"","context":"En \u00abPOLITICA\u00bb","block_context":{"text":"POLITICA","link":"https:\/\/lasprimeras.com.do\/index.php\/category\/politica\/"},"img":{"alt_text":"","src":"https:\/\/i0.wp.com\/lasprimeras.com.do\/wp-content\/uploads\/2025\/09\/Michael-Cleto.jpg?resize=350%2C200&ssl=1","width":350,"height":200,"srcset":"https:\/\/i0.wp.com\/lasprimeras.com.do\/wp-content\/uploads\/2025\/09\/Michael-Cleto.jpg?resize=350%2C200&ssl=1 1x, https:\/\/i0.wp.com\/lasprimeras.com.do\/wp-content\/uploads\/2025\/09\/Michael-Cleto.jpg?resize=525%2C300&ssl=1 1.5x, https:\/\/i0.wp.com\/lasprimeras.com.do\/wp-content\/uploads\/2025\/09\/Michael-Cleto.jpg?resize=700%2C400&ssl=1 2x"},"classes":[]}],"jetpack_sharing_enabled":true,"_links":{"self":[{"href":"https:\/\/lasprimeras.com.do\/index.php\/wp-json\/wp\/v2\/posts\/115686","targetHints":{"allow":["GET"]}}],"collection":[{"href":"https:\/\/lasprimeras.com.do\/index.php\/wp-json\/wp\/v2\/posts"}],"about":[{"href":"https:\/\/lasprimeras.com.do\/index.php\/wp-json\/wp\/v2\/types\/post"}],"author":[{"embeddable":true,"href":"https:\/\/lasprimeras.com.do\/index.php\/wp-json\/wp\/v2\/users\/10"}],"replies":[{"embeddable":true,"href":"https:\/\/lasprimeras.com.do\/index.php\/wp-json\/wp\/v2\/comments?post=115686"}],"version-history":[{"count":1,"href":"https:\/\/lasprimeras.com.do\/index.php\/wp-json\/wp\/v2\/posts\/115686\/revisions"}],"predecessor-version":[{"id":115688,"href":"https:\/\/lasprimeras.com.do\/index.php\/wp-json\/wp\/v2\/posts\/115686\/revisions\/115688"}],"wp:featuredmedia":[{"embeddable":true,"href":"https:\/\/lasprimeras.com.do\/index.php\/wp-json\/wp\/v2\/media\/115687"}],"wp:attachment":[{"href":"https:\/\/lasprimeras.com.do\/index.php\/wp-json\/wp\/v2\/media?parent=115686"}],"wp:term":[{"taxonomy":"category","embeddable":true,"href":"https:\/\/lasprimeras.com.do\/index.php\/wp-json\/wp\/v2\/categories?post=115686"},{"taxonomy":"post_tag","embeddable":true,"href":"https:\/\/lasprimeras.com.do\/index.php\/wp-json\/wp\/v2\/tags?post=115686"}],"curies":[{"name":"wp","href":"https:\/\/api.w.org\/{rel}","templated":true}]}}