{"id":115710,"date":"2025-11-24T19:36:28","date_gmt":"2025-11-24T23:36:28","guid":{"rendered":"https:\/\/lasprimeras.com.do\/?p=115710"},"modified":"2025-11-24T19:36:30","modified_gmt":"2025-11-24T23:36:30","slug":"senado-de-la-republica-auspicia-conferencia-entendiendo-la-violencia-de-genero-conceptos-contextos-y-casos","status":"publish","type":"post","link":"https:\/\/lasprimeras.com.do\/index.php\/2025\/11\/24\/senado-de-la-republica-auspicia-conferencia-entendiendo-la-violencia-de-genero-conceptos-contextos-y-casos\/","title":{"rendered":"Senado de la Rep\u00fablica auspicia conferencia \u201cEntendiendo la violencia de g\u00e9nero: conceptos, contextos y casos\u201d"},"content":{"rendered":"\n<p>El Senado de la Rep\u00fablica auspici\u00f3 la tarde de este lunes la conferencia magistral \u201cEntendiendo la violencia de g\u00e9nero: conceptos, contextos y casos\u201d, impartida por el especialista espa\u00f1ol Dr. Miguel Lorente, quien advirti\u00f3 sobre la persistencia de estereotipos culturales que contin\u00faan justificando la violencia contra las mujeres en distintos entornos sociales.<\/p>\n\n\n\n<p>Al ofrecer las palabras de bienvenida, el senador Rafael Bar\u00f3n Duluc expres\u00f3 su preocupaci\u00f3n ante la permanencia de discursos que justifican al agresor, revictimizan a las mujeres o minimizan el impacto de estas conductas.<\/p>\n\n\n\n<p>\u201cHoy m\u00e1s que nunca, necesitamos educaci\u00f3n, consciencia y pol\u00edticas serias basadas en evidencia y en experiencias comparadas\u201d, afirm\u00f3, al considerar que la presencia del Dr. Lorente constituye una oportunidad invaluable para elevar el debate nacional.<\/p>\n\n\n\n<p>\u201cComo senador de la Rep\u00fablica, estoy convencido de que esta lucha no debe quedarse en la denuncia y la indignaci\u00f3n. Debe traducirse en reformas concretas, programas sostenidos, fortalecimiento institucional, acceso efectivo a la justicia y mecanismos reales de prevenci\u00f3n\u201d, agreg\u00f3.<\/p>\n\n\n\n<p>Durante su ponencia, el Dr. Lorente explic\u00f3 que la violencia de g\u00e9nero se sostiene sobre dos grandes pilares, por un lado la idea de posesi\u00f3n, propiedad y control sobre las mujeres, y por otro, la cosificaci\u00f3n, que reduce a la mujer a un objeto sin autonom\u00eda.<\/p>\n\n\n\n<p>Se\u00f1al\u00f3 que la violencia contra las mujeres se manifiesta en todos los espacios de la sociedad, adoptando formas tanto visibles como sutiles. Indic\u00f3 que persisten argumentos socialmente aceptados que justifican la agresi\u00f3n, discursos que \u2014subray\u00f3\u2014 no se utilizan para excusar la violencia contra otros grupos.<\/p>\n\n\n\n<p>El especialista aclar\u00f3 que no existe un perfil \u00fanico del agresor, pues cualquier persona puede ejercer violencia sin necesidad de cumplir caracter\u00edsticas predeterminadas.<\/p>\n\n\n\n<p>Asimismo, destac\u00f3 que los agresores suelen aislar a la v\u00edctima de sus redes de apoyo, una t\u00e1ctica que incrementa su vulnerabilidad y dificulta la b\u00fasqueda de ayuda.<\/p>\n\n\n\n<p>Antes de iniciar la conferencia, Syra Taveras Pineda, directora del Centro de Investigaci\u00f3n para la Acci\u00f3n Femenina (CIPAF), se\u00f1al\u00f3 que la violencia de g\u00e9nero afecta a m\u00e1s de la mitad de la poblaci\u00f3n dominicana y que su incremento compromete el desarrollo, la institucionalidad y la credibilidad del Estado.<\/p>\n\n\n\n<p>En el evento participaron los senadores Pedro Catrain, vicepresidente del Senado de la Rep\u00fablica; Antonio Marte; la ministra de la mujer, Mayra Jim\u00e9nez, la directora del programa Sup\u00e9rate, Gloria Reyes, los diputados Selin\u00e9e M\u00e9ndez, Charlie Mariotti Jr., entre otros.<\/p>\n\n\n\n<p>Por Israel Figueroa<\/p>\n","protected":false},"excerpt":{"rendered":"<p>El Senado de la Rep\u00fablica auspici\u00f3 la tarde de este lunes la conferencia magistral \u201cEntendiendo la violencia de g\u00e9nero: conceptos, contextos y casos\u201d, impartida por el especialista espa\u00f1ol Dr. Miguel&hellip;<\/p>\n","protected":false},"author":10,"featured_media":115711,"comment_status":"open","ping_status":"open","sticky":false,"template":"","format":"standard","meta":{"content-type":"","jetpack_post_was_ever_published":false,"_jetpack_newsletter_access":"","_jetpack_dont_email_post_to_subs":false,"_jetpack_newsletter_tier_id":0,"_jetpack_memberships_contains_paywalled_content":false,"_jetpack_memberships_contains_paid_content":false,"footnotes":""},"categories":[35,25],"tags":[293,27720,667,27719,27721,11949,8398],"class_list":["post-115710","post","type-post","status-publish","format-standard","has-post-thumbnail","hentry","category-nacionales","category-portada","tag-casos","tag-conceptos","tag-conferencia","tag-contextos","tag-dr-miguel-lorente","tag-senado-de-la-republica","tag-violencia-de-genero"],"jetpack_featured_media_url":"https:\/\/lasprimeras.com.do\/wp-content\/uploads\/2025\/11\/confe-1.jpg","jetpack-related-posts":[{"id":91366,"url":"https:\/\/lasprimeras.com.do\/index.php\/2024\/11\/18\/colaboradores-del-senado-reciben-la-charla-el-amor-no-duele\/","url_meta":{"origin":115710,"position":0},"title":"Colaboradores del Senado reciben la charla \u201cEl Amor No Duele\u201d","author":"Nelson Feliz","date":"18 de noviembre de 2024","format":false,"excerpt":"La conferencia \u201cEl Amor No Duele\u201d, se llev\u00f3 a cabo en el marco de la conmemoraci\u00f3n del \u201cD\u00eda Internacional de la Eliminaci\u00f3n de la violencia contra la Mujer\u201d, que se conmemora el 25 de noviembre. El Senado de la Rep\u00fablica, a trav\u00e9s de la Comisi\u00f3n de Asuntos de Familia y\u2026","rel":"","context":"En \u00abENTRETENIMIENTO\u00bb","block_context":{"text":"ENTRETENIMIENTO","link":"https:\/\/lasprimeras.com.do\/index.php\/category\/entretenimiento\/"},"img":{"alt_text":"","src":"https:\/\/i0.wp.com\/lasprimeras.com.do\/wp-content\/uploads\/2024\/11\/doss.jpg?resize=350%2C200&ssl=1","width":350,"height":200,"srcset":"https:\/\/i0.wp.com\/lasprimeras.com.do\/wp-content\/uploads\/2024\/11\/doss.jpg?resize=350%2C200&ssl=1 1x, https:\/\/i0.wp.com\/lasprimeras.com.do\/wp-content\/uploads\/2024\/11\/doss.jpg?resize=525%2C300&ssl=1 1.5x, https:\/\/i0.wp.com\/lasprimeras.com.do\/wp-content\/uploads\/2024\/11\/doss.jpg?resize=700%2C400&ssl=1 2x"},"classes":[]},{"id":67740,"url":"https:\/\/lasprimeras.com.do\/index.php\/2023\/11\/17\/senado-auspicia-conferencia-para-detectar-temprano-cancer-prostata-y-diabetes\/","url_meta":{"origin":115710,"position":1},"title":"Senado auspicia conferencia para detectar temprano c\u00e1ncer pr\u00f3stata y diabetes","author":"Nelson Feliz","date":"17 de noviembre de 2023","format":false,"excerpt":"El ciclo de conferencia se ofreci\u00f3 dentro del programa de formaci\u00f3n del Senado a trav\u00e9s de la direcci\u00f3n de Recursos Humanos. Senado auspicia conferencia para la \u201cDetecci\u00f3n temprana del c\u00e1ncer de pr\u00f3stata\u201d, con la finalidad de crear conciencia en hombres sobre la importancia de practicarse chequeos peri\u00f3dicos a partir de\u2026","rel":"","context":"En \u00abSin categor\u00eda\u00bb","block_context":{"text":"Sin categor\u00eda","link":"https:\/\/lasprimeras.com.do\/index.php\/category\/sin-categoria\/"},"img":{"alt_text":"","src":"https:\/\/i0.wp.com\/lasprimeras.com.do\/wp-content\/uploads\/2023\/11\/tres.jpg?resize=350%2C200&ssl=1","width":350,"height":200,"srcset":"https:\/\/i0.wp.com\/lasprimeras.com.do\/wp-content\/uploads\/2023\/11\/tres.jpg?resize=350%2C200&ssl=1 1x, https:\/\/i0.wp.com\/lasprimeras.com.do\/wp-content\/uploads\/2023\/11\/tres.jpg?resize=525%2C300&ssl=1 1.5x"},"classes":[]},{"id":124957,"url":"https:\/\/lasprimeras.com.do\/index.php\/2026\/03\/18\/antoliano-peralta-en-conferencia-sobre-ministerio-de-justicia\/","url_meta":{"origin":115710,"position":2},"title":"Antoliano Peralta en conferencia sobre Ministerio de Justicia","author":"Nelson Feliz","date":"18 de marzo de 2026","format":false,"excerpt":"El ministro de Justicia, Antoniano Peralta, disertar\u00e1 como orador invitado a la conferencia \u201cEl Ministerio de Justicia\u00a0en el marco de la administraci\u00f3n p\u00fablica dominicana\u201d. Esta conferencia la auspicia la Fundaci\u00f3n Dominicana Debate Global PI y la Universidad Cat\u00f3lica Santo Domingo (UCSD). La actividad acad\u00e9mica tendr\u00e1 lugar el pr\u00f3ximo viernes 20\u2026","rel":"","context":"En \u00abNACIONALES\u00bb","block_context":{"text":"NACIONALES","link":"https:\/\/lasprimeras.com.do\/index.php\/category\/nacionales\/"},"img":{"alt_text":"","src":"https:\/\/i0.wp.com\/lasprimeras.com.do\/wp-content\/uploads\/2026\/03\/IMG-20260318-WA0267.jpg?resize=350%2C200&ssl=1","width":350,"height":200,"srcset":"https:\/\/i0.wp.com\/lasprimeras.com.do\/wp-content\/uploads\/2026\/03\/IMG-20260318-WA0267.jpg?resize=350%2C200&ssl=1 1x, https:\/\/i0.wp.com\/lasprimeras.com.do\/wp-content\/uploads\/2026\/03\/IMG-20260318-WA0267.jpg?resize=525%2C300&ssl=1 1.5x, https:\/\/i0.wp.com\/lasprimeras.com.do\/wp-content\/uploads\/2026\/03\/IMG-20260318-WA0267.jpg?resize=700%2C400&ssl=1 2x, https:\/\/i0.wp.com\/lasprimeras.com.do\/wp-content\/uploads\/2026\/03\/IMG-20260318-WA0267.jpg?resize=1050%2C600&ssl=1 3x, https:\/\/i0.wp.com\/lasprimeras.com.do\/wp-content\/uploads\/2026\/03\/IMG-20260318-WA0267.jpg?resize=1400%2C800&ssl=1 4x"},"classes":[]},{"id":65051,"url":"https:\/\/lasprimeras.com.do\/index.php\/2023\/10\/25\/senado-continua-ciclo-talleres-y-conferencias-a-sus-colaboradores\/","url_meta":{"origin":115710,"position":3},"title":"Senado contin\u00faa ciclo talleres y conferencias a sus colaboradores","author":"Nelson Feliz","date":"25 de octubre de 2023","format":false,"excerpt":"Con estas jornadas la C\u00e1mara Alta fortalece la sinergia, el acercamiento entre sus servidores y el fortalecimiento institucional. En la continuaci\u00f3n del ciclo de talleres, charlas, conferencias e interacci\u00f3n entre sus colaboradores, el Senado de la Rep\u00fablica auspici\u00f3 el taller \u201cConstituci\u00f3n; Derechos y Deberes de las Personas y los Valores\u2026","rel":"","context":"En \u00abNACIONALES\u00bb","block_context":{"text":"NACIONALES","link":"https:\/\/lasprimeras.com.do\/index.php\/category\/nacionales\/"},"img":{"alt_text":"Nelson Guzm\u00e1n","src":"https:\/\/i0.wp.com\/lasprimeras.com.do\/wp-content\/uploads\/2023\/10\/Nelson-Guzman.jpg?resize=350%2C200&ssl=1","width":350,"height":200,"srcset":"https:\/\/i0.wp.com\/lasprimeras.com.do\/wp-content\/uploads\/2023\/10\/Nelson-Guzman.jpg?resize=350%2C200&ssl=1 1x, https:\/\/i0.wp.com\/lasprimeras.com.do\/wp-content\/uploads\/2023\/10\/Nelson-Guzman.jpg?resize=525%2C300&ssl=1 1.5x, https:\/\/i0.wp.com\/lasprimeras.com.do\/wp-content\/uploads\/2023\/10\/Nelson-Guzman.jpg?resize=700%2C400&ssl=1 2x"},"classes":[]},{"id":91495,"url":"https:\/\/lasprimeras.com.do\/index.php\/2024\/11\/25\/rd-ante-la-onu-llama-a-enfrentar-la-violencia-contra-la-mujer-desde-sus-causas-estructurales\/","url_meta":{"origin":115710,"position":4},"title":"RD ante la ONU llama a enfrentar la violencia contra la mujer desde sus causas estructurales","author":"Nelson Feliz","date":"25 de noviembre de 2024","format":false,"excerpt":"El representante de la Rep\u00fablica Dominicano ante Organizaci\u00f3n de las Naciones Unidas (ONU) realiz\u00f3 una reuni\u00f3n de alto nivel para conmemorar el 25 aniversario del D\u00eda Internacional para la Eliminaci\u00f3n de la Violencia contra la Mujer. El embajador dominicano Jos\u00e9 Blanco se\u00f1al\u00f3 que las pol\u00edticas para presentar este flagelo est\u00e1n\u2026","rel":"","context":"En \u00abNACIONALES\u00bb","block_context":{"text":"NACIONALES","link":"https:\/\/lasprimeras.com.do\/index.php\/category\/nacionales\/"},"img":{"alt_text":"Jos\u00e9 Blanco","src":"https:\/\/i0.wp.com\/lasprimeras.com.do\/wp-content\/uploads\/2024\/11\/Jose-Blanco.jpg?resize=350%2C200&ssl=1","width":350,"height":200,"srcset":"https:\/\/i0.wp.com\/lasprimeras.com.do\/wp-content\/uploads\/2024\/11\/Jose-Blanco.jpg?resize=350%2C200&ssl=1 1x, https:\/\/i0.wp.com\/lasprimeras.com.do\/wp-content\/uploads\/2024\/11\/Jose-Blanco.jpg?resize=525%2C300&ssl=1 1.5x, https:\/\/i0.wp.com\/lasprimeras.com.do\/wp-content\/uploads\/2024\/11\/Jose-Blanco.jpg?resize=700%2C400&ssl=1 2x"},"classes":[]},{"id":69502,"url":"https:\/\/lasprimeras.com.do\/index.php\/2023\/12\/03\/alto-a-la-violencia-contra-la-mujer\/","url_meta":{"origin":115710,"position":5},"title":"Alto a la violencia contra la mujer","author":"Nelson Feliz","date":"3 de diciembre de 2023","format":false,"excerpt":"Por: Luis Fern\u00e1ndezPol\u00edtico, Escritor y Comunicador El pasado 25 de Noviembre se conmemor\u00f3 en todo el mundo, el d\u00eda internacional de la eliminaci\u00f3n de la violencia contra la mujer, fecha en la cual se denunciala violencia que se ejerce sobre las mujeres yse reclaman pol\u00edticas en todos los pa\u00edses para\u2026","rel":"","context":"En \u00abOPINI\u00d3N\u00bb","block_context":{"text":"OPINI\u00d3N","link":"https:\/\/lasprimeras.com.do\/index.php\/category\/opinion\/"},"img":{"alt_text":"violencia contra la mujer","src":"https:\/\/i0.wp.com\/lasprimeras.com.do\/wp-content\/uploads\/2023\/12\/violencia-contra-la-mujer.jpg?resize=350%2C200&ssl=1","width":350,"height":200,"srcset":"https:\/\/i0.wp.com\/lasprimeras.com.do\/wp-content\/uploads\/2023\/12\/violencia-contra-la-mujer.jpg?resize=350%2C200&ssl=1 1x, https:\/\/i0.wp.com\/lasprimeras.com.do\/wp-content\/uploads\/2023\/12\/violencia-contra-la-mujer.jpg?resize=525%2C300&ssl=1 1.5x, https:\/\/i0.wp.com\/lasprimeras.com.do\/wp-content\/uploads\/2023\/12\/violencia-contra-la-mujer.jpg?resize=700%2C400&ssl=1 2x"},"classes":[]}],"jetpack_sharing_enabled":true,"_links":{"self":[{"href":"https:\/\/lasprimeras.com.do\/index.php\/wp-json\/wp\/v2\/posts\/115710","targetHints":{"allow":["GET"]}}],"collection":[{"href":"https:\/\/lasprimeras.com.do\/index.php\/wp-json\/wp\/v2\/posts"}],"about":[{"href":"https:\/\/lasprimeras.com.do\/index.php\/wp-json\/wp\/v2\/types\/post"}],"author":[{"embeddable":true,"href":"https:\/\/lasprimeras.com.do\/index.php\/wp-json\/wp\/v2\/users\/10"}],"replies":[{"embeddable":true,"href":"https:\/\/lasprimeras.com.do\/index.php\/wp-json\/wp\/v2\/comments?post=115710"}],"version-history":[{"count":1,"href":"https:\/\/lasprimeras.com.do\/index.php\/wp-json\/wp\/v2\/posts\/115710\/revisions"}],"predecessor-version":[{"id":115712,"href":"https:\/\/lasprimeras.com.do\/index.php\/wp-json\/wp\/v2\/posts\/115710\/revisions\/115712"}],"wp:featuredmedia":[{"embeddable":true,"href":"https:\/\/lasprimeras.com.do\/index.php\/wp-json\/wp\/v2\/media\/115711"}],"wp:attachment":[{"href":"https:\/\/lasprimeras.com.do\/index.php\/wp-json\/wp\/v2\/media?parent=115710"}],"wp:term":[{"taxonomy":"category","embeddable":true,"href":"https:\/\/lasprimeras.com.do\/index.php\/wp-json\/wp\/v2\/categories?post=115710"},{"taxonomy":"post_tag","embeddable":true,"href":"https:\/\/lasprimeras.com.do\/index.php\/wp-json\/wp\/v2\/tags?post=115710"}],"curies":[{"name":"wp","href":"https:\/\/api.w.org\/{rel}","templated":true}]}}