{"id":115757,"date":"2025-11-25T09:07:34","date_gmt":"2025-11-25T13:07:34","guid":{"rendered":"https:\/\/lasprimeras.com.do\/?p=115757"},"modified":"2025-11-25T09:07:36","modified_gmt":"2025-11-25T13:07:36","slug":"johnny-pujols-acusa-al-prm-de-hipocresia-en-la-lucha-contra-el-narcotrafico-y-la-corrupcion","status":"publish","type":"post","link":"https:\/\/lasprimeras.com.do\/index.php\/2025\/11\/25\/johnny-pujols-acusa-al-prm-de-hipocresia-en-la-lucha-contra-el-narcotrafico-y-la-corrupcion\/","title":{"rendered":"Johnny Pujols acusa al PRM de hipocres\u00eda en la lucha contra el Narcotr\u00e1fico y la Corrupci\u00f3n"},"content":{"rendered":"\n<p>El secretario general del Partido de la Liberaci\u00f3n Dominicana (PLD), Johnny Pujols Adames, lanz\u00f3 duras cr\u00edticas contra el gobierno y el Partido Revolucionario Moderno (PRM), abordando temas candentes como el narcotr\u00e1fico, la corrupci\u00f3n, la transparencia electoral y la crisis salarial.<\/p>\n\n\n\n<p>Pujols calific\u00f3 de &#8220;arrogancia&#8221; la exigencia de Jos\u00e9 Ignacio Paliza, presidente del PRM, de que se entreguen los involucrados en el narcotr\u00e1fico, y desminti\u00f3 los esfuerzos del gobierno del PRM contra la transparencia.<\/p>\n\n\n\n<p>&#8220;La supuesta tolerancia y combate contra el narcotr\u00e1fico que el Gobierno del PRM se atribuye es, en realidad, un esfuerzo de los Estados Unidos, no del presidente Luis Abinader&#8221;, afirm\u00f3 Pujols.<\/p>\n\n\n\n<p>Se\u00f1al\u00f3 que la infiltraci\u00f3n de personas ligadas al narcotr\u00e1fico es un problema que puede ocurrir en cualquier organizaci\u00f3n, pero subray\u00f3 que es en el partido de gobierno donde m\u00e1s casos se han infiltrado recientemente. Sostuvo que el narcotr\u00e1fico y la corrupci\u00f3n son consecuencias directas de una debilidad institucional de la naci\u00f3n.<\/p>\n\n\n\n<p>El dirigente pol\u00edtico inst\u00f3 a aplicar medidas estrictas para transparentar los recursos econ\u00f3micos invertidos en las campa\u00f1as electorales, poniendo l\u00edmites y transparencia a los fondos de los aspirantes.<\/p>\n\n\n\n<p>Entrevistado en el programa A Diario de la emisora Sentido 89.3, Reiter\u00f3 que el PLD est\u00e1 abierto a cualquier investigaci\u00f3n.<\/p>\n\n\n\n<p>&#8220;Si el PLD tuviera dirigentes narco, ya el gobierno los hubiera buscado y extraditado&#8221;, desafi\u00f3, recordando que en 2010 la entonces presidenta del partido, Alejandrina Germ\u00e1n, suspendi\u00f3 a tres aspirantes supuestamente ligados al narcotr\u00e1fico.<\/p>\n\n\n\n<p>Hizo un llamado a cuidar el sistema de partidos y a erradicar el transfuguismo y el clientelismo en el pa\u00eds, reconociendo la dificultad de regular los tiempos y la organizaci\u00f3n de alianzas y campa\u00f1as pol\u00edticas.<\/p>\n\n\n\n<p>Posici\u00f3n del PLD sobre la Indexaci\u00f3n Salarial<\/p>\n\n\n\n<p>En otro orden, Pujols fij\u00f3 la posici\u00f3n del PLD exigiendo al gobierno que aplique la indexaci\u00f3n salarial. &#8220;Se trata de un derecho de los trabajadores que se les mejoren sus salarios&#8221;, enfatiz\u00f3.<\/p>\n\n\n\n<p>Crisis de Venezuela<\/p>\n\n\n\n<p>Al ser cuestionado sobre asuntos internacionales, Pujols expres\u00f3 que Estados Unidos busca la derrota del r\u00e9gimen de Nicol\u00e1s Maduro.<\/p>\n\n\n\n<p>Considera que hubo una &#8220;usurpaci\u00f3n del gobierno en Venezuela para mantenerse en el poder&#8221; y que se ha violentado la voluntad popular en ese pa\u00eds.<\/p>\n","protected":false},"excerpt":{"rendered":"<p>El secretario general del Partido de la Liberaci\u00f3n Dominicana (PLD), Johnny Pujols Adames, lanz\u00f3 duras cr\u00edticas contra el gobierno y el Partido Revolucionario Moderno (PRM), abordando temas candentes como el&hellip;<\/p>\n","protected":false},"author":10,"featured_media":99803,"comment_status":"open","ping_status":"open","sticky":false,"template":"","format":"standard","meta":{"content-type":"","jetpack_post_was_ever_published":false,"_jetpack_newsletter_access":"","_jetpack_dont_email_post_to_subs":false,"_jetpack_newsletter_tier_id":0,"_jetpack_memberships_contains_paywalled_content":false,"_jetpack_memberships_contains_paid_content":false,"footnotes":""},"categories":[16559,25],"tags":[1841,17521,4341,1020,5724,31],"class_list":["post-115757","post","type-post","status-publish","format-standard","has-post-thumbnail","hentry","category-politica","category-portada","tag-corrupcion","tag-hipocresia","tag-johnny-pujols","tag-lucha","tag-narcotrafico","tag-prm"],"jetpack_featured_media_url":"https:\/\/lasprimeras.com.do\/wp-content\/uploads\/2025\/05\/Johnny-Pujols-2.jpg","jetpack-related-posts":[{"id":112190,"url":"https:\/\/lasprimeras.com.do\/index.php\/2025\/10\/19\/johnny-pujols-el-pld-denuncio-con-tiempo-la-presencia-del-narcotrafico-en-la-campana-electoral-del-prm\/","url_meta":{"origin":115757,"position":0},"title":"Johnny Pujols: &#8220;El PLD denunci\u00f3 con tiempo la presencia del narcotr\u00e1fico en la campa\u00f1a electoral del PRM&#8221;","author":"Nelson Feliz","date":"19 de octubre de 2025","format":false,"excerpt":"El Secretario general del Partido de la Liberaci\u00f3n Dominicana (PLD), Johnny Pujosl, lament\u00f3 que personas vinculadas al narcotr\u00e1fico hayan alcanzado posiciones en el Congreso Nacional, lo que considera resta calidad institucional al tiempo de asegurar que ning\u00fan exfuncionario de los gobiernos peledeistas ha sido solicitado en extradici\u00f3n por narcotr\u00e1fico Pujols\u2026","rel":"","context":"En \u00abPOLITICA\u00bb","block_context":{"text":"POLITICA","link":"https:\/\/lasprimeras.com.do\/index.php\/category\/politica\/"},"img":{"alt_text":"","src":"https:\/\/i0.wp.com\/lasprimeras.com.do\/wp-content\/uploads\/2025\/07\/Johnny-Pujols.jpg?resize=350%2C200&ssl=1","width":350,"height":200,"srcset":"https:\/\/i0.wp.com\/lasprimeras.com.do\/wp-content\/uploads\/2025\/07\/Johnny-Pujols.jpg?resize=350%2C200&ssl=1 1x, https:\/\/i0.wp.com\/lasprimeras.com.do\/wp-content\/uploads\/2025\/07\/Johnny-Pujols.jpg?resize=525%2C300&ssl=1 1.5x, https:\/\/i0.wp.com\/lasprimeras.com.do\/wp-content\/uploads\/2025\/07\/Johnny-Pujols.jpg?resize=700%2C400&ssl=1 2x"},"classes":[]},{"id":123404,"url":"https:\/\/lasprimeras.com.do\/index.php\/2026\/02\/28\/johnny-pujols-decepcion-silenciosa-en-los-hogares-dominicanos\/","url_meta":{"origin":115757,"position":1},"title":"Johnny Pujols: Decepci\u00f3n silenciosa en los hogares dominicanos","author":"Nelson Feliz","date":"28 de febrero de 2026","format":false,"excerpt":"Es notoria la sensaci\u00f3n de pausa de estancamiento que vive la poblaci\u00f3n dominicana, advierte Johnny Pujols, Secretario General del PLD. El secretario general del Partido de la Liberaci\u00f3n Dominicana (PLD), Johnny Pujols ratific\u00f3 que el gobierno del PRM ha generado una p\u00e9rdida notable de la confianza de la ciudadan\u00eda, un\u2026","rel":"","context":"En \u00abPOLITICA\u00bb","block_context":{"text":"POLITICA","link":"https:\/\/lasprimeras.com.do\/index.php\/category\/politica\/"},"img":{"alt_text":"Johnny Pujols","src":"https:\/\/i0.wp.com\/lasprimeras.com.do\/wp-content\/uploads\/2026\/02\/Johnny-Pujols-2.jpg?resize=350%2C200&ssl=1","width":350,"height":200,"srcset":"https:\/\/i0.wp.com\/lasprimeras.com.do\/wp-content\/uploads\/2026\/02\/Johnny-Pujols-2.jpg?resize=350%2C200&ssl=1 1x, https:\/\/i0.wp.com\/lasprimeras.com.do\/wp-content\/uploads\/2026\/02\/Johnny-Pujols-2.jpg?resize=525%2C300&ssl=1 1.5x, https:\/\/i0.wp.com\/lasprimeras.com.do\/wp-content\/uploads\/2026\/02\/Johnny-Pujols-2.jpg?resize=700%2C400&ssl=1 2x"},"classes":[]},{"id":122619,"url":"https:\/\/lasprimeras.com.do\/index.php\/2026\/02\/18\/johnny-pujols-advierte-sobre-el-retroceso-ha-predominado-en-el-gobierno-del-prm\/","url_meta":{"origin":115757,"position":2},"title":"Johnny Pujols advierte sobre el retroceso ha predominado en el Gobierno del PRM","author":"Nelson Feliz","date":"18 de febrero de 2026","format":false,"excerpt":"Johnny Pujols, Secretario General del PLD, advierte sobre los notorios retrocesos en la implementaci\u00f3n de pol\u00edticas p\u00fablicas del Gobierno del PRM. El secretario general del Partido de la Liberaci\u00f3n Dominicana (PLD), Johnny Pujols, advirti\u00f3 sobre los notorios retrocesos en la implementaci\u00f3n de pol\u00edticas p\u00fablicas en la gesti\u00f3n de gobierno del\u2026","rel":"","context":"En \u00abPOLITICA\u00bb","block_context":{"text":"POLITICA","link":"https:\/\/lasprimeras.com.do\/index.php\/category\/politica\/"},"img":{"alt_text":"Johnny Pujols","src":"https:\/\/i0.wp.com\/lasprimeras.com.do\/wp-content\/uploads\/2026\/02\/Johnny-Pujols-1.jpg?resize=350%2C200&ssl=1","width":350,"height":200,"srcset":"https:\/\/i0.wp.com\/lasprimeras.com.do\/wp-content\/uploads\/2026\/02\/Johnny-Pujols-1.jpg?resize=350%2C200&ssl=1 1x, https:\/\/i0.wp.com\/lasprimeras.com.do\/wp-content\/uploads\/2026\/02\/Johnny-Pujols-1.jpg?resize=525%2C300&ssl=1 1.5x, https:\/\/i0.wp.com\/lasprimeras.com.do\/wp-content\/uploads\/2026\/02\/Johnny-Pujols-1.jpg?resize=700%2C400&ssl=1 2x"},"classes":[]},{"id":122518,"url":"https:\/\/lasprimeras.com.do\/index.php\/2026\/02\/18\/johnny-pujols-a-abinader-el-prm-debe-ser-su-propio-gobierno-y-no-el-pasado\/","url_meta":{"origin":115757,"position":3},"title":"Johnny Pujols a Abinader: \u201cEl PRM debe ser su propio Gobierno y no el pasado\u201d","author":"Nelson Feliz","date":"18 de febrero de 2026","format":false,"excerpt":"Advirti\u00f3 sobre los notorios retrocesos en la implementaci\u00f3n de pol\u00edticas p\u00fablicas en la gesti\u00f3n de gobierno del PRM El secretario general del Partido de la Liberaci\u00f3n Dominicana (PLD), Johnny Pujols, reaccion\u00f3 este mi\u00e9rcoles a las declaraciones del presidente Luis Abinader, quien afirm\u00f3 que la oposici\u00f3n a su gobierno le teme\u2026","rel":"","context":"En \u00abPOLITICA\u00bb","block_context":{"text":"POLITICA","link":"https:\/\/lasprimeras.com.do\/index.php\/category\/politica\/"},"img":{"alt_text":"Johnny Pujols","src":"https:\/\/i0.wp.com\/lasprimeras.com.do\/wp-content\/uploads\/2025\/07\/Johnny-Pujols-2.jpg?resize=350%2C200&ssl=1","width":350,"height":200,"srcset":"https:\/\/i0.wp.com\/lasprimeras.com.do\/wp-content\/uploads\/2025\/07\/Johnny-Pujols-2.jpg?resize=350%2C200&ssl=1 1x, https:\/\/i0.wp.com\/lasprimeras.com.do\/wp-content\/uploads\/2025\/07\/Johnny-Pujols-2.jpg?resize=525%2C300&ssl=1 1.5x, https:\/\/i0.wp.com\/lasprimeras.com.do\/wp-content\/uploads\/2025\/07\/Johnny-Pujols-2.jpg?resize=700%2C400&ssl=1 2x"},"classes":[]},{"id":103995,"url":"https:\/\/lasprimeras.com.do\/index.php\/2025\/07\/21\/johnny-pujols-el-gobierno-del-prm-engana-al-pueblo-con-mas-propaganda-que-realizaciones\/","url_meta":{"origin":115757,"position":4},"title":"Johnny Pujols: El gobierno del PRM enga\u00f1a al pueblo con m\u00e1s propaganda que realizaciones","author":"Nelson Feliz","date":"21 de julio de 2025","format":false,"excerpt":"El secretario general del Partido de la Liberaci\u00f3n Dominicana (PLD), Johnny Pujols, afirm\u00f3 este domingo que el gobierno del Partido Revolucionario Moderno (PRM) ha enga\u00f1ado al pueblo dominicano con una estrategia basada en m\u00e1s propaganda que realizaciones concretas. La declaraci\u00f3n fue ofrecida durante una asamblea provincial celebrada en Dajab\u00f3n, con\u2026","rel":"","context":"En \u00abPOLITICA\u00bb","block_context":{"text":"POLITICA","link":"https:\/\/lasprimeras.com.do\/index.php\/category\/politica\/"},"img":{"alt_text":"Johnny Pujols","src":"https:\/\/i0.wp.com\/lasprimeras.com.do\/wp-content\/uploads\/2025\/07\/Johnny-Pujols-1-1.jpg?resize=350%2C200&ssl=1","width":350,"height":200,"srcset":"https:\/\/i0.wp.com\/lasprimeras.com.do\/wp-content\/uploads\/2025\/07\/Johnny-Pujols-1-1.jpg?resize=350%2C200&ssl=1 1x, https:\/\/i0.wp.com\/lasprimeras.com.do\/wp-content\/uploads\/2025\/07\/Johnny-Pujols-1-1.jpg?resize=525%2C300&ssl=1 1.5x, https:\/\/i0.wp.com\/lasprimeras.com.do\/wp-content\/uploads\/2025\/07\/Johnny-Pujols-1-1.jpg?resize=700%2C400&ssl=1 2x"},"classes":[]},{"id":112474,"url":"https:\/\/lasprimeras.com.do\/index.php\/2025\/10\/22\/johnny-pujols-con-el-pld-avanzo-el-pais-con-el-prm-ha-retrocedido\/","url_meta":{"origin":115757,"position":5},"title":"Johnny Pujols: Con el PLD avanz\u00f3 el pa\u00eds, con el PRM ha retrocedido","author":"Nelson Feliz","date":"22 de octubre de 2025","format":false,"excerpt":"El Secretario General del Partido de la Liberaci\u00f3n Dominicana (PLD), Johnny Pujols, advirti\u00f3 sobre los notables retrocesos en la gesti\u00f3n de Gobierno del PRM, en comparaci\u00f3n con los avances de los gobiernos del PLD, que ha provocado el impulso del partido morado y el reencuentro con los electores nacionales. Pujols\u2026","rel":"","context":"En \u00abPOLITICA\u00bb","block_context":{"text":"POLITICA","link":"https:\/\/lasprimeras.com.do\/index.php\/category\/politica\/"},"img":{"alt_text":"","src":"https:\/\/i0.wp.com\/lasprimeras.com.do\/wp-content\/uploads\/2025\/10\/Johnny-Pujols-2.jpg?resize=350%2C200&ssl=1","width":350,"height":200,"srcset":"https:\/\/i0.wp.com\/lasprimeras.com.do\/wp-content\/uploads\/2025\/10\/Johnny-Pujols-2.jpg?resize=350%2C200&ssl=1 1x, https:\/\/i0.wp.com\/lasprimeras.com.do\/wp-content\/uploads\/2025\/10\/Johnny-Pujols-2.jpg?resize=525%2C300&ssl=1 1.5x, https:\/\/i0.wp.com\/lasprimeras.com.do\/wp-content\/uploads\/2025\/10\/Johnny-Pujols-2.jpg?resize=700%2C400&ssl=1 2x"},"classes":[]}],"jetpack_sharing_enabled":true,"_links":{"self":[{"href":"https:\/\/lasprimeras.com.do\/index.php\/wp-json\/wp\/v2\/posts\/115757","targetHints":{"allow":["GET"]}}],"collection":[{"href":"https:\/\/lasprimeras.com.do\/index.php\/wp-json\/wp\/v2\/posts"}],"about":[{"href":"https:\/\/lasprimeras.com.do\/index.php\/wp-json\/wp\/v2\/types\/post"}],"author":[{"embeddable":true,"href":"https:\/\/lasprimeras.com.do\/index.php\/wp-json\/wp\/v2\/users\/10"}],"replies":[{"embeddable":true,"href":"https:\/\/lasprimeras.com.do\/index.php\/wp-json\/wp\/v2\/comments?post=115757"}],"version-history":[{"count":1,"href":"https:\/\/lasprimeras.com.do\/index.php\/wp-json\/wp\/v2\/posts\/115757\/revisions"}],"predecessor-version":[{"id":115758,"href":"https:\/\/lasprimeras.com.do\/index.php\/wp-json\/wp\/v2\/posts\/115757\/revisions\/115758"}],"wp:featuredmedia":[{"embeddable":true,"href":"https:\/\/lasprimeras.com.do\/index.php\/wp-json\/wp\/v2\/media\/99803"}],"wp:attachment":[{"href":"https:\/\/lasprimeras.com.do\/index.php\/wp-json\/wp\/v2\/media?parent=115757"}],"wp:term":[{"taxonomy":"category","embeddable":true,"href":"https:\/\/lasprimeras.com.do\/index.php\/wp-json\/wp\/v2\/categories?post=115757"},{"taxonomy":"post_tag","embeddable":true,"href":"https:\/\/lasprimeras.com.do\/index.php\/wp-json\/wp\/v2\/tags?post=115757"}],"curies":[{"name":"wp","href":"https:\/\/api.w.org\/{rel}","templated":true}]}}