{"id":115786,"date":"2025-11-25T11:09:12","date_gmt":"2025-11-25T15:09:12","guid":{"rendered":"https:\/\/lasprimeras.com.do\/?p=115786"},"modified":"2025-11-25T11:09:14","modified_gmt":"2025-11-25T15:09:14","slug":"sentencia-favorece-a-quienes-ha-sufrido-decisiones-injustas-en-el-gobierno","status":"publish","type":"post","link":"https:\/\/lasprimeras.com.do\/index.php\/2025\/11\/25\/sentencia-favorece-a-quienes-ha-sufrido-decisiones-injustas-en-el-gobierno\/","title":{"rendered":"Sentencia favorece a quienes ha sufrido decisiones injustas en el Gobierno"},"content":{"rendered":"\n<p><strong>TSA anula traslado irregular y ordena reinstalar a Cristina Rodr\u00edguez Mota tras confirmar violaci\u00f3n de derechos laborales.<\/strong><\/p>\n\n\n\n<p>El Tribunal Superior Administrativo (TSA) emiti\u00f3 la sentencia 0030-1642-2025-SSEN-00497, mediante la cual anul\u00f3 la comunicaci\u00f3n del 17 de marzo de 2025 que dispuso el traslado de la servidora p\u00fablica Cristina Rodr\u00edguez Mota, al determinar que dicha actuaci\u00f3n viol\u00f3 derechos laborales, administrativos y garant\u00edas esenciales del debido proceso.<\/p>\n\n\n\n<p>La decisi\u00f3n, emanada de la Cuarta Sala del TSA, establece que el acto del INAFOCAM carec\u00eda de motivaci\u00f3n legal, transgred\u00eda la Constituci\u00f3n, la Ley 41-08 de Funci\u00f3n P\u00fablica, la Ley 107-13 sobre los derechos de las personas frente a la administraci\u00f3n p\u00fablica y el Estatuto Docente, afectando de manera directa la estabilidad laboral de Rodr\u00edguez Mota.<\/p>\n\n\n\n<p>La sentencia declara como nulo de pleno derecho el intento de transferencia de organismo y concluye que Cristina Rodr\u00edguez Mota fue objeto de un acto \u201ccarente de causa leg\u00edtima, sin justificaci\u00f3n administrativa v\u00e1lida y ejecutada sin observar las garant\u00edas m\u00ednimas del proceso administrativo\u201d.<\/p>\n\n\n\n<p>Asimismo, el TSA ordena su restituci\u00f3n inmediata al cargo de Coordinadora Docente Nacional del INAFOCAM, con todos los derechos, beneficios, salario y prerrogativas inherentes a la funci\u00f3n. El \u00f3rgano dispone un plazo de 30 d\u00edas h\u00e1biles para la total ejecuci\u00f3n de la sentencia.<\/p>\n\n\n\n<p>Con esta decisi\u00f3n, el TSA env\u00eda un mensaje claro: la administraci\u00f3n p\u00fablica no puede adoptar medidas discrecionales que afecten la estabilidad, la carrera y la dignidad de los servidores sin cumplir los procedimientos establecidos por la ley.<\/p>\n\n\n\n<p>La sentencia reafirma que la estabilidad laboral es un derecho protegido y que el Estado debe actuar conforme a principios de legalidad, razonabilidad y seguridad jur\u00eddica.<\/p>\n\n\n\n<p>Durante el proceso judicial, Rodr\u00edguez Mota estuvo representada por las abogadas Yulibelys Wandelpool y Yubelka Wandelpool, quienes documentaron y presentaron ante el tribunal las irregularidades del acto, logrando demostrar que se trataba de una decisi\u00f3n administrativa incompatible con las normativas vigentes.<\/p>\n\n\n\n<p>Tras conocerse la decisi\u00f3n, Cristina Rodr\u00edguez Mota, quien es la titular de la secretaria de Igualdad y Equidad de G\u00e9nero del Partido de la Liberaci\u00f3n Dominicana (PLD), declar\u00f3 que la sentencia \u201cconfirma de manera incuestionable la violaci\u00f3n de mis derechos laborales y administrativos, y restituye el respeto que siempre he merecido como servidora p\u00fablica\u201d.<\/p>\n\n\n\n<p>Afirm\u00f3 adem\u00e1s que el fallo no solo la reintegra a su cargo, sino que deja un precedente para cientos de empleados p\u00fablicos que han sido objeto de presiones, traslados arbitrarios o medidas tomadas al margen de la ley.<\/p>\n\n\n\n<p>\u201cEsta sentencia protege no solo mi nombre y mi trayectoria; protege a todo el que ha sufrido decisiones injustas. Es una victoria del Estado de derecho\u201d, expres\u00f3.<\/p>\n","protected":false},"excerpt":{"rendered":"<p>TSA anula traslado irregular y ordena reinstalar a Cristina Rodr\u00edguez Mota tras confirmar violaci\u00f3n de derechos laborales. El Tribunal Superior Administrativo (TSA) emiti\u00f3 la sentencia 0030-1642-2025-SSEN-00497, mediante la cual anul\u00f3&hellip;<\/p>\n","protected":false},"author":10,"featured_media":115784,"comment_status":"open","ping_status":"open","sticky":false,"template":"","format":"standard","meta":{"content-type":"","jetpack_post_was_ever_published":false,"_jetpack_newsletter_access":"","_jetpack_dont_email_post_to_subs":false,"_jetpack_newsletter_tier_id":0,"_jetpack_memberships_contains_paywalled_content":false,"_jetpack_memberships_contains_paid_content":false,"footnotes":""},"categories":[35,25],"tags":[14945,690,171,15237,2304,2713],"class_list":["post-115786","post","type-post","status-publish","format-standard","has-post-thumbnail","hentry","category-nacionales","category-portada","tag-decisiones","tag-favorece","tag-gobierno","tag-injustas","tag-sentencia","tag-tsa"],"jetpack_featured_media_url":"https:\/\/lasprimeras.com.do\/wp-content\/uploads\/2025\/11\/Cristina-Rodriguez-Mota.jpg","jetpack-related-posts":[{"id":88115,"url":"https:\/\/lasprimeras.com.do\/index.php\/2024\/08\/22\/tsa-vuelve-a-fallar-contra-la-concesion-del-teatro-agua-y-luz-a-empresa-de-hijo-de-miguel-vargas\/","url_meta":{"origin":115786,"position":0},"title":"TSA vuelve a fallar contra la concesi\u00f3n del Teatro Agua y Luz a empresa de hijo de Miguel Vargas","author":"Nelson Feliz","date":"22 de agosto de 2024","format":false,"excerpt":"El Tribunal Superior Administrativo (TSA) fall\u00f3 nuevamente a favor de la Direcci\u00f3n General de Contrataciones P\u00fablicas (DGCP) que anul\u00f3 la concesi\u00f3n por 25 a\u00f1os del Teatro Agua y Luz a una empresa del hijo de Miguel Vargas Maldonado, que recurri\u00f3 a la justicia para invalidar la resoluci\u00f3n de la instituci\u00f3n\u2026","rel":"","context":"En \u00abJUSTICIA\u00bb","block_context":{"text":"JUSTICIA","link":"https:\/\/lasprimeras.com.do\/index.php\/category\/justicia\/"},"img":{"alt_text":"La Primera Sala del Tribunal Superior Administrativo consider\u00f3 que DGCP cumpli\u00f3 debido proceso al anular el arrendamiento del Teatro Agua y Luz. (DIARIO LIBRE\/ARCHIVO)","src":"https:\/\/i0.wp.com\/lasprimeras.com.do\/wp-content\/uploads\/2024\/08\/Teatro-Agua-y-Luz.jpg?resize=350%2C200&ssl=1","width":350,"height":200,"srcset":"https:\/\/i0.wp.com\/lasprimeras.com.do\/wp-content\/uploads\/2024\/08\/Teatro-Agua-y-Luz.jpg?resize=350%2C200&ssl=1 1x, https:\/\/i0.wp.com\/lasprimeras.com.do\/wp-content\/uploads\/2024\/08\/Teatro-Agua-y-Luz.jpg?resize=525%2C300&ssl=1 1.5x, https:\/\/i0.wp.com\/lasprimeras.com.do\/wp-content\/uploads\/2024\/08\/Teatro-Agua-y-Luz.jpg?resize=700%2C400&ssl=1 2x"},"classes":[]},{"id":55015,"url":"https:\/\/lasprimeras.com.do\/index.php\/2023\/07\/17\/miguel-valeriojusticia-pone-fin-a-sentencias-impedia-a-construccion-del-aeropuerto-de-bavaro\/","url_meta":{"origin":115786,"position":1},"title":"Miguel Valerio:&#8221;Justicia pone fin a sentencias imped\u00eda a construcci\u00f3n del Aeropuerto de B\u00e1varo&#8221;","author":"Nelson Feliz","date":"17 de julio de 2023","format":false,"excerpt":"Expuso que con estas decisiones se corrigen las irregularidades cometidas a finales del Gobierno pasado y se deja sin causa el decreto que aprob\u00f3 el establecimiento de ese aeropuerto. El abogado de la Corporaci\u00f3n Aeroportuaria del Este, propietaria del Aeropuerto Internacional de Punta Cana y del Grupo Punta Cana, Miguel\u2026","rel":"","context":"En \u00abNACIONALES\u00bb","block_context":{"text":"NACIONALES","link":"https:\/\/lasprimeras.com.do\/index.php\/category\/nacionales\/"},"img":{"alt_text":"Miguel Valerio","src":"https:\/\/i0.wp.com\/lasprimeras.com.do\/wp-content\/uploads\/2023\/07\/Miguel-Valerio.jpg?resize=350%2C200&ssl=1","width":350,"height":200,"srcset":"https:\/\/i0.wp.com\/lasprimeras.com.do\/wp-content\/uploads\/2023\/07\/Miguel-Valerio.jpg?resize=350%2C200&ssl=1 1x, https:\/\/i0.wp.com\/lasprimeras.com.do\/wp-content\/uploads\/2023\/07\/Miguel-Valerio.jpg?resize=525%2C300&ssl=1 1.5x, https:\/\/i0.wp.com\/lasprimeras.com.do\/wp-content\/uploads\/2023\/07\/Miguel-Valerio.jpg?resize=700%2C400&ssl=1 2x"},"classes":[]},{"id":58071,"url":"https:\/\/lasprimeras.com.do\/index.php\/2023\/08\/19\/tsa-revoca-decreto-y-ordena-reintegro-general-de-brigada-romer-lopez\/","url_meta":{"origin":115786,"position":2},"title":"TSA revoca Decreto\u00a0 y ordena reintegro general de brigada Romer L\u00f3pez","author":"Nelson Feliz","date":"19 de agosto de 2023","format":false,"excerpt":"El Tribunal Superior Administrativo Quinta Sala (TSA), revoc\u00f3 el reintegro del general de brigada de la Polic\u00eda Nacional, Francisco Romer L\u00f3pez, a trav\u00e9s del art\u00edculo 6 del Decreto n\u00fam. 102-22, emitido por el Poder Ejecutivo el 01 de marzo del 2022 Una sentencia del TSA, del 21 de julio pasado\u2026","rel":"","context":"En \u00abNACIONALES\u00bb","block_context":{"text":"NACIONALES","link":"https:\/\/lasprimeras.com.do\/index.php\/category\/nacionales\/"},"img":{"alt_text":"Francisco Romer L\u00f3pez","src":"https:\/\/i0.wp.com\/lasprimeras.com.do\/wp-content\/uploads\/2023\/08\/Francisco-Romer-Lopez.jpg?resize=350%2C200&ssl=1","width":350,"height":200,"srcset":"https:\/\/i0.wp.com\/lasprimeras.com.do\/wp-content\/uploads\/2023\/08\/Francisco-Romer-Lopez.jpg?resize=350%2C200&ssl=1 1x, https:\/\/i0.wp.com\/lasprimeras.com.do\/wp-content\/uploads\/2023\/08\/Francisco-Romer-Lopez.jpg?resize=525%2C300&ssl=1 1.5x, https:\/\/i0.wp.com\/lasprimeras.com.do\/wp-content\/uploads\/2023\/08\/Francisco-Romer-Lopez.jpg?resize=700%2C400&ssl=1 2x"},"classes":[]},{"id":93438,"url":"https:\/\/lasprimeras.com.do\/index.php\/2025\/02\/09\/inapa-asegura-gestiona-pago-de-prestaciones-laborales-a-senora-con-cancer-de-mama\/","url_meta":{"origin":115786,"position":3},"title":"Inapa asegura gestiona pago de prestaciones laborales a se\u00f1ora con c\u00e1ncer de mama","author":"Nelson Feliz","date":"9 de febrero de 2025","format":false,"excerpt":"El Instituto Nacional de Aguas Potables y Alcantarillados (Inapa) inform\u00f3 a trav\u00e9s de un comunicado que est\u00e1n agotando los tr\u00e1mites necesarios a los fines de cumplir con el pago que por derecho corresponde a la se\u00f1ora Frandiz Altagracia Herasme Santana. Aseguran estar \"siempre apegados al cumplimiento de la ley, la\u2026","rel":"","context":"En \u00abECONOM\u00cdA\u00bb","block_context":{"text":"ECONOM\u00cdA","link":"https:\/\/lasprimeras.com.do\/index.php\/category\/economia\/"},"img":{"alt_text":"Frandiz Altagracia Herasme Santana","src":"https:\/\/i0.wp.com\/lasprimeras.com.do\/wp-content\/uploads\/2025\/02\/Frandiz-Altagracia-Herasme-Santana.jpg?resize=350%2C200&ssl=1","width":350,"height":200,"srcset":"https:\/\/i0.wp.com\/lasprimeras.com.do\/wp-content\/uploads\/2025\/02\/Frandiz-Altagracia-Herasme-Santana.jpg?resize=350%2C200&ssl=1 1x, https:\/\/i0.wp.com\/lasprimeras.com.do\/wp-content\/uploads\/2025\/02\/Frandiz-Altagracia-Herasme-Santana.jpg?resize=525%2C300&ssl=1 1.5x, https:\/\/i0.wp.com\/lasprimeras.com.do\/wp-content\/uploads\/2025\/02\/Frandiz-Altagracia-Herasme-Santana.jpg?resize=700%2C400&ssl=1 2x"},"classes":[]},{"id":93395,"url":"https:\/\/lasprimeras.com.do\/index.php\/2025\/02\/09\/mujer-con-cancer-de-mama-reclama-a-inapa-pago-de-prestaciones-laborales-ordenadas-por-el-tsa\/","url_meta":{"origin":115786,"position":4},"title":"Mujer con c\u00e1ncer de mama reclama a Inapa pago de prestaciones laborales ordenadas por el TSA","author":"Nelson Feliz","date":"9 de febrero de 2025","format":false,"excerpt":"Los jueces de la Cuarta Sala del TSA dispusieron que Inapa le pague una compensaci\u00f3n econ\u00f3mica a la se\u00f1ora Herasme Santana RD$186,500,00 La se\u00f1ora Frandiz Altagracia Herasme Santana reclama al director del Instituto Nacional de Aguas Potables y Alcantarillados (Inapa), Wellington Arnaud, el pago de RD$186,500,00 que le orden\u00f3 la\u2026","rel":"","context":"En \u00abPORTADA\u00bb","block_context":{"text":"PORTADA","link":"https:\/\/lasprimeras.com.do\/index.php\/category\/portada\/"},"img":{"alt_text":"Frandiz Altagracia Herasme Santana","src":"https:\/\/i0.wp.com\/lasprimeras.com.do\/wp-content\/uploads\/2025\/02\/Frandiz-Altagracia-Herasme-Santana.jpg?resize=350%2C200&ssl=1","width":350,"height":200,"srcset":"https:\/\/i0.wp.com\/lasprimeras.com.do\/wp-content\/uploads\/2025\/02\/Frandiz-Altagracia-Herasme-Santana.jpg?resize=350%2C200&ssl=1 1x, https:\/\/i0.wp.com\/lasprimeras.com.do\/wp-content\/uploads\/2025\/02\/Frandiz-Altagracia-Herasme-Santana.jpg?resize=525%2C300&ssl=1 1.5x, https:\/\/i0.wp.com\/lasprimeras.com.do\/wp-content\/uploads\/2025\/02\/Frandiz-Altagracia-Herasme-Santana.jpg?resize=700%2C400&ssl=1 2x"},"classes":[]},{"id":63205,"url":"https:\/\/lasprimeras.com.do\/index.php\/2023\/10\/11\/tribunal-valida-que-educacion-pueda-imprimir-sus-libros-de-texto\/","url_meta":{"origin":115786,"position":5},"title":"Tribunal valida que Educaci\u00f3n pueda imprimir sus libros de texto","author":"BIMARY DE JES\u00daS Matos","date":"11 de octubre de 2023","format":false,"excerpt":"SANTO DOMINGO.-El Ministerio de Educaci\u00f3n obtuvo ganancia de causa en el Tribunal Superior Administrativo (TSA) y podr\u00e1 elaborar sus propios libros de texto. La alta corte rechaz\u00f3 un recurso contencioso interpuesto por la Editorial Casa Duarte, en contra de la Ordenanza 03-2023 mediante la cual, el Minerd se propon\u00eda imprimir\u2026","rel":"","context":"En \u00abNACIONALES\u00bb","block_context":{"text":"NACIONALES","link":"https:\/\/lasprimeras.com.do\/index.php\/category\/nacionales\/"},"img":{"alt_text":"","src":"https:\/\/i0.wp.com\/lasprimeras.com.do\/wp-content\/uploads\/2023\/10\/IMG-20231010-WA0108-3.webp?resize=350%2C200&ssl=1","width":350,"height":200,"srcset":"https:\/\/i0.wp.com\/lasprimeras.com.do\/wp-content\/uploads\/2023\/10\/IMG-20231010-WA0108-3.webp?resize=350%2C200&ssl=1 1x, https:\/\/i0.wp.com\/lasprimeras.com.do\/wp-content\/uploads\/2023\/10\/IMG-20231010-WA0108-3.webp?resize=525%2C300&ssl=1 1.5x, https:\/\/i0.wp.com\/lasprimeras.com.do\/wp-content\/uploads\/2023\/10\/IMG-20231010-WA0108-3.webp?resize=700%2C400&ssl=1 2x, https:\/\/i0.wp.com\/lasprimeras.com.do\/wp-content\/uploads\/2023\/10\/IMG-20231010-WA0108-3.webp?resize=1050%2C600&ssl=1 3x, https:\/\/i0.wp.com\/lasprimeras.com.do\/wp-content\/uploads\/2023\/10\/IMG-20231010-WA0108-3.webp?resize=1400%2C800&ssl=1 4x"},"classes":[]}],"jetpack_sharing_enabled":true,"_links":{"self":[{"href":"https:\/\/lasprimeras.com.do\/index.php\/wp-json\/wp\/v2\/posts\/115786","targetHints":{"allow":["GET"]}}],"collection":[{"href":"https:\/\/lasprimeras.com.do\/index.php\/wp-json\/wp\/v2\/posts"}],"about":[{"href":"https:\/\/lasprimeras.com.do\/index.php\/wp-json\/wp\/v2\/types\/post"}],"author":[{"embeddable":true,"href":"https:\/\/lasprimeras.com.do\/index.php\/wp-json\/wp\/v2\/users\/10"}],"replies":[{"embeddable":true,"href":"https:\/\/lasprimeras.com.do\/index.php\/wp-json\/wp\/v2\/comments?post=115786"}],"version-history":[{"count":1,"href":"https:\/\/lasprimeras.com.do\/index.php\/wp-json\/wp\/v2\/posts\/115786\/revisions"}],"predecessor-version":[{"id":115787,"href":"https:\/\/lasprimeras.com.do\/index.php\/wp-json\/wp\/v2\/posts\/115786\/revisions\/115787"}],"wp:featuredmedia":[{"embeddable":true,"href":"https:\/\/lasprimeras.com.do\/index.php\/wp-json\/wp\/v2\/media\/115784"}],"wp:attachment":[{"href":"https:\/\/lasprimeras.com.do\/index.php\/wp-json\/wp\/v2\/media?parent=115786"}],"wp:term":[{"taxonomy":"category","embeddable":true,"href":"https:\/\/lasprimeras.com.do\/index.php\/wp-json\/wp\/v2\/categories?post=115786"},{"taxonomy":"post_tag","embeddable":true,"href":"https:\/\/lasprimeras.com.do\/index.php\/wp-json\/wp\/v2\/tags?post=115786"}],"curies":[{"name":"wp","href":"https:\/\/api.w.org\/{rel}","templated":true}]}}