{"id":115798,"date":"2025-11-25T12:19:34","date_gmt":"2025-11-25T16:19:34","guid":{"rendered":"https:\/\/lasprimeras.com.do\/?p=115798"},"modified":"2025-11-25T12:19:36","modified_gmt":"2025-11-25T16:19:36","slug":"banreservas-rescata-historico-hotel-mercedes-para-convertirlo-en-centro-cultural","status":"publish","type":"post","link":"https:\/\/lasprimeras.com.do\/index.php\/2025\/11\/25\/banreservas-rescata-historico-hotel-mercedes-para-convertirlo-en-centro-cultural\/","title":{"rendered":"Banreservas rescata hist\u00f3rico Hotel Mercedes para convertirlo en centro cultural"},"content":{"rendered":"\n<p>Este nuevo Centro Cultural estar\u00e1 funcuionando a partir del 29 de noviembre.<\/p>\n\n\n\n<p>El emblem\u00e1tico edificio del antiguo Hotel Mercedes abrir\u00e1 sus puertas como el Centro Cultural Banreservas de Santiago el pr\u00f3ximo 29 de noviembre, en una ceremonia encabezada por el presidente de la Rep\u00fablica, Luis Abinader.<\/p>\n\n\n\n<p>Tras permanecer cerrado durante m\u00e1s de 40 a\u00f1os, el Banco de Reservas rescat\u00f3 la estructura, siguiendo instrucciones del presidente Abinader, con el objetivo de brindar a la regi\u00f3n Norte un espacio rehabilitado para promover el arte, la cultura y la revitalizaci\u00f3n del casco urbano.<\/p>\n\n\n\n<p>El presidente ejecutivo de la instituci\u00f3n financiera, el doctor Leonardo Aguilera, estar\u00e1 a cargo de su administraci\u00f3n.<\/p>\n\n\n\n<p>El anuncio se realiz\u00f3 durante un encuentro con periodistas de arte y cultura, donde H\u00e9ctor Romero, asesor de Comunicaciones de Banreservas, present\u00f3 los detalles de la iniciativa y la propuesta de inauguraci\u00f3n en nombre del doctor Aguilera.<\/p>\n\n\n\n<p>Romero explic\u00f3 que el presidente ejecutivo conform\u00f3 un equipo especializado del \u00e1mbito cultural para dise\u00f1ar una jornada inaugural que incluir\u00e1 exposiciones de artes pl\u00e1sticas, una experiencia inmersiva, presentaciones musicales y otras sorpresas.<\/p>\n\n\n\n<p>Acompa\u00f1ado por la comunicadora Gladializa Pereyra, parte del equipo responsable del nuevo recinto, Romero indic\u00f3 que la transformaci\u00f3n del antiguo hotel responde a la visi\u00f3n del presidente Abinader, y que el doctor Aguilera ha impulsado este proyecto como un \u201cregalo de Navidad para todos los dominicanos en este 2024\u201d.<\/p>\n\n\n\n<p>\u201cDesde el inicio de la gesti\u00f3n del doctor Leonardo Aguilera, en agosto pasado, \u00e9l asumi\u00f3 el compromiso con el presidente Abinader de trabajar de forma continua, ampliando el equipo t\u00e9cnico encargado de la reconstrucci\u00f3n, para que Santiago contara este mismo a\u00f1o con su Centro Cultural. Ese compromiso se materializar\u00e1 este pr\u00f3ximo viernes\u201d, afirm\u00f3 Romero.<\/p>\n\n\n\n<p>Romero se\u00f1al\u00f3 que el nuevo recinto cultural se estructura sobre tres grandes prop\u00f3sitos: impulsar a los artistas y gestores del Cibao, poniendo a su disposici\u00f3n espacios adecuados para exhibiciones, formaci\u00f3n y proyectos creativos; fortalecer la actividad cultural de Santiago, mediante alianzas con universidades, colectivos art\u00edsticos e instituciones locales que ampl\u00eden la oferta y fomenten el trabajo conjunto; y revitalizar el centro hist\u00f3rico, reanimando uno de los n\u00facleos m\u00e1s representativos de la ciudad para convertirlo en un referente cultural que aporte dinamismo social y urbano a toda la zona.<\/p>\n\n\n\n<p>La intervenci\u00f3n arquitect\u00f3nica fue supervisada por el arquitecto C\u00e9sar Pay\u00e1n, director regional de Patrimonio Monumental, quien asegur\u00f3 la recuperaci\u00f3n estructural y la adecuaci\u00f3n patrimonial del inmueble.<\/p>\n\n\n\n<p>La edificaci\u00f3n fue reorganizada por niveles, con funciones espec\u00edficas:<\/p>\n\n\n\n<ul class=\"wp-block-list\">\n<li>Nivel 1:<\/li>\n\n\n\n<li>Zona de coworking<\/li>\n\n\n\n<li>Cafeter\u00eda bajo el concepto Caf\u00e9 Banreservas, operada junto a Calcal\u00ed Coffee<\/li>\n\n\n\n<li>Tienda cultural (apertura posterior)<\/li>\n\n\n\n<li>Nivel 2:<\/li>\n\n\n\n<li>Museo de Arte de Santiago (MAS), con obras de la Colecci\u00f3n de Artes Visuales de Banreservas, que incluyen piezas de maestros regionales y artistas de reconocimiento nacional.<\/li>\n\n\n\n<li>Niveles 3 y 4 y terraza:<\/li>\n\n\n\n<li>Sala inmersiva permanente<\/li>\n\n\n\n<li>Sala de realidad virtual con experiencias sobre patrimonio, turismo y cultura<\/li>\n\n\n\n<li>Espacios para muestras temporales, actividades educativas y encuentros art\u00edsticos<\/li>\n\n\n\n<li>Terraza panor\u00e1mica para m\u00fasica, teatro y presentaciones esc\u00e9nicas<\/li>\n<\/ul>\n\n\n\n<p>La ceremonia del 29 de noviembre marcar\u00e1 la puesta en marcha del Centro Cultural Banreservas de Santiago, resultado de la recuperaci\u00f3n de un \u00edcono patrimonial y la creaci\u00f3n de un espacio contempor\u00e1neo al servicio del arte y la comunidad.<\/p>\n\n\n\n<p>Luego del acto, iniciar\u00e1 la programaci\u00f3n regular, que incluir\u00e1 exposiciones, experiencias tecnol\u00f3gicas, actividades educativas y una agenda en colaboraci\u00f3n con instituciones y actores culturales de la provincia y de toda la regi\u00f3n Norte.<\/p>\n","protected":false},"excerpt":{"rendered":"<p>Este nuevo Centro Cultural estar\u00e1 funcuionando a partir del 29 de noviembre. El emblem\u00e1tico edificio del antiguo Hotel Mercedes abrir\u00e1 sus puertas como el Centro Cultural Banreservas de Santiago el&hellip;<\/p>\n","protected":false},"author":10,"featured_media":115799,"comment_status":"open","ping_status":"open","sticky":false,"template":"","format":"standard","meta":{"content-type":"","jetpack_post_was_ever_published":false,"_jetpack_newsletter_access":"","_jetpack_dont_email_post_to_subs":false,"_jetpack_newsletter_tier_id":0,"_jetpack_memberships_contains_paywalled_content":false,"_jetpack_memberships_contains_paid_content":false,"footnotes":""},"categories":[39,25],"tags":[726,9070,27752,2745,27753,4542],"class_list":["post-115798","post","type-post","status-publish","format-standard","has-post-thumbnail","hentry","category-economia","category-portada","tag-banreservas","tag-centro-cultural","tag-convertirlo","tag-historico","tag-hotel-mercedes","tag-rescata"],"jetpack_featured_media_url":"https:\/\/lasprimeras.com.do\/wp-content\/uploads\/2025\/11\/Hotel-Mercedes.jpg","jetpack-related-posts":[{"id":116319,"url":"https:\/\/lasprimeras.com.do\/index.php\/2025\/11\/30\/banreservas-inaugura-centro-cultural-en-el-antiguo-hotel-mercedes-de-santiago\/","url_meta":{"origin":115798,"position":0},"title":"Banreservas inaugura Centro Cultural en el antiguo Hotel Mercedes de Santiago","author":"Nelson Feliz","date":"30 de noviembre de 2025","format":false,"excerpt":"El doctor Leonardo Aguilera destaca que el renovado edificio, m\u00e1s que un espacio f\u00edsico, es un faro de cultura y creatividad que se proyectar\u00e1 por generaciones. El Banco de Reservas inaugur\u00f3 el Centro Cultural que funcionar\u00e1 en las restauradas instalaciones del emblem\u00e1tico Hotel Mercedes. La ceremonia fue encabezada por el\u2026","rel":"","context":"En \u00abECONOM\u00cdA\u00bb","block_context":{"text":"ECONOM\u00cdA","link":"https:\/\/lasprimeras.com.do\/index.php\/category\/economia\/"},"img":{"alt_text":"","src":"https:\/\/i0.wp.com\/lasprimeras.com.do\/wp-content\/uploads\/2025\/11\/reservas-1-1.jpg?resize=350%2C200&ssl=1","width":350,"height":200,"srcset":"https:\/\/i0.wp.com\/lasprimeras.com.do\/wp-content\/uploads\/2025\/11\/reservas-1-1.jpg?resize=350%2C200&ssl=1 1x, https:\/\/i0.wp.com\/lasprimeras.com.do\/wp-content\/uploads\/2025\/11\/reservas-1-1.jpg?resize=525%2C300&ssl=1 1.5x, https:\/\/i0.wp.com\/lasprimeras.com.do\/wp-content\/uploads\/2025\/11\/reservas-1-1.jpg?resize=700%2C400&ssl=1 2x"},"classes":[]},{"id":121249,"url":"https:\/\/lasprimeras.com.do\/index.php\/2026\/02\/02\/banreservas-y-dgm-formalizan-marco-de-colaboracion-entre-museos-de-santiago\/","url_meta":{"origin":115798,"position":1},"title":"Banreservas y DGM formalizan marco de colaboraci\u00f3n entre museos de Santiago","author":"Nelson Feliz","date":"2 de febrero de 2026","format":false,"excerpt":"Este convenio asegura la eficiencia en la gesti\u00f3n y el manejo operativo de esas instalaciones. El Banco de Reservas y la Direcci\u00f3n General de Museos (DGM) formalizaron un convenio de colaboraci\u00f3n interinstitucional entre el Centro Cultural Banreservas y el Museo de Arte de Santiago, ambos espacios localizados en el antiguo\u2026","rel":"","context":"En \u00abECONOM\u00cdA\u00bb","block_context":{"text":"ECONOM\u00cdA","link":"https:\/\/lasprimeras.com.do\/index.php\/category\/economia\/"},"img":{"alt_text":"Carlos And\u00fajar, director del DGM; Alieska D\u00edaz, vicepresidenta ejecutiva senior Administrativa de Banreservas; y Daniel Garc\u00eda Archibald, vicepresidente de Relaciones P\u00fablicas de la entidad financiera, firman convenio de colaboraci\u00f3n, en el sal\u00f3n del Consejo de la oficina principal del Banco.","src":"https:\/\/i0.wp.com\/lasprimeras.com.do\/wp-content\/uploads\/2026\/02\/Banreservas.jpg?resize=350%2C200&ssl=1","width":350,"height":200,"srcset":"https:\/\/i0.wp.com\/lasprimeras.com.do\/wp-content\/uploads\/2026\/02\/Banreservas.jpg?resize=350%2C200&ssl=1 1x, https:\/\/i0.wp.com\/lasprimeras.com.do\/wp-content\/uploads\/2026\/02\/Banreservas.jpg?resize=525%2C300&ssl=1 1.5x, https:\/\/i0.wp.com\/lasprimeras.com.do\/wp-content\/uploads\/2026\/02\/Banreservas.jpg?resize=700%2C400&ssl=1 2x"},"classes":[]},{"id":127195,"url":"https:\/\/lasprimeras.com.do\/index.php\/2026\/04\/09\/centro-cultural-banreservas-y-la-fundacion-hnas-mirabal-inauguran-exposicion-inedita-de-minerva-mirabal\/","url_meta":{"origin":115798,"position":2},"title":"Centro Cultural Banreservas y la Fundaci\u00f3n Hnas. Mirabal inauguran exposici\u00f3n in\u00e9dita de Minerva Mirabal","author":"Nelson Feliz","date":"9 de abril de 2026","format":false,"excerpt":"Gladialisa Pereyra, gerente del Centro Cultural Banreservas Santiago; Karina Souffront, directora senior de Negocios Personales Banreservas Zona Norte; Manuel Tav\u00e1rez Mirabal, presidente de la Fundaci\u00f3n Hermanas Mirabal, y Minou Tav\u00e1rez Mirabal, en la inauguraci\u00f3n de la exposici\u00f3n \u201cUn siglo: la dimensi\u00f3n art\u00edstica de Minerva Mirabal\u201d.","rel":"","context":"En \u00abECONOM\u00cdA\u00bb","block_context":{"text":"ECONOM\u00cdA","link":"https:\/\/lasprimeras.com.do\/index.php\/category\/economia\/"},"img":{"alt_text":"Gladialisa Pereyra, gerente del Centro Cultural Banreservas Santiago; Karina Souffront, directora senior de Negocios Personales Banreservas Zona Norte; Manuel Tav\u00e1rez Mirabal, presidente de la Fundaci\u00f3n Hermanas Mirabal, y Minou Tav\u00e1rez Mirabal, en la inauguraci\u00f3n de la exposici\u00f3n \u201cUn siglo: la dimensi\u00f3n art\u00edstica de Minerva Mirabal\u201d.","src":"https:\/\/i0.wp.com\/lasprimeras.com.do\/wp-content\/uploads\/2026\/04\/Fundacion-Banreservas.jpg?resize=350%2C200&ssl=1","width":350,"height":200,"srcset":"https:\/\/i0.wp.com\/lasprimeras.com.do\/wp-content\/uploads\/2026\/04\/Fundacion-Banreservas.jpg?resize=350%2C200&ssl=1 1x, https:\/\/i0.wp.com\/lasprimeras.com.do\/wp-content\/uploads\/2026\/04\/Fundacion-Banreservas.jpg?resize=525%2C300&ssl=1 1.5x, https:\/\/i0.wp.com\/lasprimeras.com.do\/wp-content\/uploads\/2026\/04\/Fundacion-Banreservas.jpg?resize=700%2C400&ssl=1 2x"},"classes":[]},{"id":116957,"url":"https:\/\/lasprimeras.com.do\/index.php\/2025\/12\/06\/centro-cultural-banreservas-santiago-inaugura-sus-primeras-exposiciones-con-obras-de-domingo-batista-y-artistas-cibaenos\/","url_meta":{"origin":115798,"position":3},"title":"Centro Cultural Banreservas Santiago inaugura sus primeras exposiciones con obras de Domingo Batista y artistas cibae\u00f1os","author":"Nelson Feliz","date":"6 de diciembre de 2025","format":false,"excerpt":"Las muestras est\u00e1n abiertas al p\u00fablico desde el 4 de diciembre hasta el mes de marzo y re\u00fanen diversas t\u00e9cnicas y formatos visuales. El Centro Cultural Banreservas Santiago inaugur\u00f3 sus primeras exposiciones: \u201cCaminos de luz, caminos de tierra\u201d, del maestro fot\u00f3grafo Domingo Batista; y \u201cCibae\u00f1os en la Colecci\u00f3n de Artes\u2026","rel":"","context":"En \u00abENTRETENIMIENTO\u00bb","block_context":{"text":"ENTRETENIMIENTO","link":"https:\/\/lasprimeras.com.do\/index.php\/category\/entretenimiento\/"},"img":{"alt_text":"","src":"https:\/\/i0.wp.com\/lasprimeras.com.do\/wp-content\/uploads\/2025\/12\/una.jpg?resize=350%2C200&ssl=1","width":350,"height":200,"srcset":"https:\/\/i0.wp.com\/lasprimeras.com.do\/wp-content\/uploads\/2025\/12\/una.jpg?resize=350%2C200&ssl=1 1x, https:\/\/i0.wp.com\/lasprimeras.com.do\/wp-content\/uploads\/2025\/12\/una.jpg?resize=525%2C300&ssl=1 1.5x, https:\/\/i0.wp.com\/lasprimeras.com.do\/wp-content\/uploads\/2025\/12\/una.jpg?resize=700%2C400&ssl=1 2x"},"classes":[]},{"id":124759,"url":"https:\/\/lasprimeras.com.do\/index.php\/2026\/03\/16\/centro-cultural-banreservas-santiago-presentara-concierto-con-patricia-pereyra\/","url_meta":{"origin":115798,"position":4},"title":"Centro Cultural Banreservas Santiago presentar\u00e1 concierto con Patricia Pereyra","author":"Nelson Feliz","date":"16 de marzo de 2026","format":false,"excerpt":"El Centro Cultural Banreservas Santiago anunci\u00f3 la presentaci\u00f3n del concierto \u201cPat Pereyra & banda\u201d, una velada musical que reunir\u00e1 a destacados m\u00fasicos dominicanos bajo la voz de una de las int\u00e9rpretes m\u00e1s singulares del jazz y el blues en el pa\u00eds. El espect\u00e1culo se realizar\u00e1 el viernes 20 de marzo,\u2026","rel":"","context":"En \u00abENTRETENIMIENTO\u00bb","block_context":{"text":"ENTRETENIMIENTO","link":"https:\/\/lasprimeras.com.do\/index.php\/category\/entretenimiento\/"},"img":{"alt_text":"","src":"https:\/\/i0.wp.com\/lasprimeras.com.do\/wp-content\/uploads\/2026\/03\/Patricia-Pereyra-1.jpg?resize=350%2C200&ssl=1","width":350,"height":200,"srcset":"https:\/\/i0.wp.com\/lasprimeras.com.do\/wp-content\/uploads\/2026\/03\/Patricia-Pereyra-1.jpg?resize=350%2C200&ssl=1 1x, https:\/\/i0.wp.com\/lasprimeras.com.do\/wp-content\/uploads\/2026\/03\/Patricia-Pereyra-1.jpg?resize=525%2C300&ssl=1 1.5x, https:\/\/i0.wp.com\/lasprimeras.com.do\/wp-content\/uploads\/2026\/03\/Patricia-Pereyra-1.jpg?resize=700%2C400&ssl=1 2x"},"classes":[]},{"id":116225,"url":"https:\/\/lasprimeras.com.do\/index.php\/2025\/11\/28\/abinader-sostendra-almuerzo-este-sabado-con-militares-en-el-ministerio-de-defensa\/","url_meta":{"origin":115798,"position":5},"title":"Abinader sostendr\u00e1 almuerzo este s\u00e1bado con militares en el Ministerio de Defensa","author":"Nelson Feliz","date":"28 de noviembre de 2025","format":false,"excerpt":"Tambi\u00e9n en Santiago de los Caballeros inaugurar\u00e1 un centro educativo, dos polideportivos, el Centro Cultural Banreservas, sostendr\u00e1 encuentros con comerciantes e industriales y supervisar\u00e1 el programa de asfaltado en el sector Los Solares. El presidente Luis Abinader encabezar\u00e1 este s\u00e1bado y domingo una serie de actividades en el Distrito Nacional\u2026","rel":"","context":"En \u00abNACIONALES\u00bb","block_context":{"text":"NACIONALES","link":"https:\/\/lasprimeras.com.do\/index.php\/category\/nacionales\/"},"img":{"alt_text":"","src":"https:\/\/i0.wp.com\/lasprimeras.com.do\/wp-content\/uploads\/2025\/11\/Luis-Abinader-10.jpg?resize=350%2C200&ssl=1","width":350,"height":200,"srcset":"https:\/\/i0.wp.com\/lasprimeras.com.do\/wp-content\/uploads\/2025\/11\/Luis-Abinader-10.jpg?resize=350%2C200&ssl=1 1x, https:\/\/i0.wp.com\/lasprimeras.com.do\/wp-content\/uploads\/2025\/11\/Luis-Abinader-10.jpg?resize=525%2C300&ssl=1 1.5x, https:\/\/i0.wp.com\/lasprimeras.com.do\/wp-content\/uploads\/2025\/11\/Luis-Abinader-10.jpg?resize=700%2C400&ssl=1 2x"},"classes":[]}],"jetpack_sharing_enabled":true,"_links":{"self":[{"href":"https:\/\/lasprimeras.com.do\/index.php\/wp-json\/wp\/v2\/posts\/115798","targetHints":{"allow":["GET"]}}],"collection":[{"href":"https:\/\/lasprimeras.com.do\/index.php\/wp-json\/wp\/v2\/posts"}],"about":[{"href":"https:\/\/lasprimeras.com.do\/index.php\/wp-json\/wp\/v2\/types\/post"}],"author":[{"embeddable":true,"href":"https:\/\/lasprimeras.com.do\/index.php\/wp-json\/wp\/v2\/users\/10"}],"replies":[{"embeddable":true,"href":"https:\/\/lasprimeras.com.do\/index.php\/wp-json\/wp\/v2\/comments?post=115798"}],"version-history":[{"count":1,"href":"https:\/\/lasprimeras.com.do\/index.php\/wp-json\/wp\/v2\/posts\/115798\/revisions"}],"predecessor-version":[{"id":115800,"href":"https:\/\/lasprimeras.com.do\/index.php\/wp-json\/wp\/v2\/posts\/115798\/revisions\/115800"}],"wp:featuredmedia":[{"embeddable":true,"href":"https:\/\/lasprimeras.com.do\/index.php\/wp-json\/wp\/v2\/media\/115799"}],"wp:attachment":[{"href":"https:\/\/lasprimeras.com.do\/index.php\/wp-json\/wp\/v2\/media?parent=115798"}],"wp:term":[{"taxonomy":"category","embeddable":true,"href":"https:\/\/lasprimeras.com.do\/index.php\/wp-json\/wp\/v2\/categories?post=115798"},{"taxonomy":"post_tag","embeddable":true,"href":"https:\/\/lasprimeras.com.do\/index.php\/wp-json\/wp\/v2\/tags?post=115798"}],"curies":[{"name":"wp","href":"https:\/\/api.w.org\/{rel}","templated":true}]}}