{"id":115803,"date":"2025-11-25T12:34:56","date_gmt":"2025-11-25T16:34:56","guid":{"rendered":"https:\/\/lasprimeras.com.do\/?p=115803"},"modified":"2025-11-25T12:34:58","modified_gmt":"2025-11-25T16:34:58","slug":"la-casa-blanca-dice-que-falta-dialogo-de-ucrania-y-rusia-para-resolver-algunos-detalles","status":"publish","type":"post","link":"https:\/\/lasprimeras.com.do\/index.php\/2025\/11\/25\/la-casa-blanca-dice-que-falta-dialogo-de-ucrania-y-rusia-para-resolver-algunos-detalles\/","title":{"rendered":"La Casa Blanca dice que falta di\u00e1logo de Ucrania y Rusia para resolver \u00abalgunos detalles\u00bb"},"content":{"rendered":"\n<p>WASHINGTON, EFE.- La Casa Blanca explic\u00f3 este martes que se necesita m\u00e1s di\u00e1logo entre Ucrania y Rusia para lograr un acuerdo ya que todav\u00eda quedan \u00abalgunos detalles delicados\u00bb por resolver del plan de paz propuesto por Estados Unidos, aunque no son \u00abinsalvables\u00bb.<\/p>\n\n\n\n<p>\u00abHay algunos detalles delicados, pero no insalvables, que deben resolverse y que requerir\u00e1n nuevas conversaciones entre Ucrania, Rusia y Estados Unidos\u00bb, asegur\u00f3 en redes sociales la portavoz de la Casa Blanca, Karoline Leavitt.<\/p>\n\n\n\n<p>El presidente estadounidense, Donald Trump, hab\u00eda dado de plazo hasta este jueves, D\u00eda de Acci\u00f3n de Gracias en Estados Unidos, para que Ucrania aceptara el plan de paz negociado inicialmente entre Washington y Mosc\u00fa y posteriormente discutido con Kiev.<\/p>\n\n\n\n<p>Leavitt afirm\u00f3 que durante la \u00faltima semana, Estados Unidos ha logrado \u00abavances significativos hacia un acuerdo de paz\u00bb.<\/p>\n\n\n\n<p>El secretario del Ej\u00e9rcito de Estados Unidos, Daniel Driscoll, se encuentra en Abu Dabi reuni\u00e9ndose con el jefe de la inteligencia militar ucraniana y una delegaci\u00f3n rusa para alcanzar un acuerdo que ponga fin a la guerra, seg\u00fan inform\u00f3 The Financial Times.<\/p>\n\n\n\n<p>El presidente ucraniano, Volod\u00edmir Zelenski, quiere reunirse con Trump antes de firmar el pacto, pero no se ha confirmado el encuentro.<\/p>\n\n\n\n<p>La Administraci\u00f3n de Trump present\u00f3 la semana pasada a Zelenski un plan de paz de 28 puntos negociado con el Kremlin que forzar\u00eda a Ucrania a reducir su ej\u00e9rcito y a ceder territorio a Rusia, incluidas zonas que no han sido conquistadas militarmente.<\/p>\n\n\n\n<p>Tras las negociaciones del fin de semana en Ginebra entre Estados Unidos y Ucrania, surgi\u00f3 una nueva propuesta de acuerdo de 19 puntos, m\u00e1s favorable para Kiev y sus socios europeos, pero Mosc\u00fa los acusa de intentar \u00absocavar\u00bb el proceso de paz.<\/p>\n","protected":false},"excerpt":{"rendered":"<p>WASHINGTON, EFE.- La Casa Blanca explic\u00f3 este martes que se necesita m\u00e1s di\u00e1logo entre Ucrania y Rusia para lograr un acuerdo ya que todav\u00eda quedan \u00abalgunos detalles delicados\u00bb por resolver&hellip;<\/p>\n","protected":false},"author":10,"featured_media":115804,"comment_status":"open","ping_status":"open","sticky":false,"template":"","format":"standard","meta":{"content-type":"","jetpack_post_was_ever_published":false,"_jetpack_newsletter_access":"","_jetpack_dont_email_post_to_subs":false,"_jetpack_newsletter_tier_id":0,"_jetpack_memberships_contains_paywalled_content":false,"_jetpack_memberships_contains_paid_content":false,"footnotes":""},"categories":[16289],"tags":[27755,9107,1119,1108],"class_list":["post-115803","post","type-post","status-publish","format-standard","has-post-thumbnail","hentry","category-internacionales","tag-falta-dialogo","tag-la-casa-blanca","tag-rusia","tag-ucrania"],"jetpack_featured_media_url":"https:\/\/lasprimeras.com.do\/wp-content\/uploads\/2025\/11\/Karoline-Leavitt.jpg","jetpack-related-posts":[{"id":117123,"url":"https:\/\/lasprimeras.com.do\/index.php\/2025\/12\/08\/zelenskyy-viaja-a-londres-para-dialogar-con-aliados-europeos-sobre-plan-de-paz-y-seguridad\/","url_meta":{"origin":115803,"position":0},"title":"Zelenskyy viaja a Londres para dialogar con aliados europeos sobre plan de paz y seguridad","author":"Nelson Feliz","date":"8 de diciembre de 2025","format":false,"excerpt":"POR JILL LAWLESS e ILLIA NOVIKOV LONDRES (AP) \u2014 El presidente de Ucrania, Volodymyr Zelenskyy, se reun\u00eda el lunes con los l\u00edderes de Francia, Alemania y Reino Unido en Londres, mientras los aliados europeos de Kiev intentan reforzar la posici\u00f3n de Ucrania en las complicadas conversaciones sobre un plan respaldado\u2026","rel":"","context":"En \u00abINTERNACIONALES\u00bb","block_context":{"text":"INTERNACIONALES","link":"https:\/\/lasprimeras.com.do\/index.php\/category\/sin-categoria\/internacionales\/"},"img":{"alt_text":"Volodymyr Zelenskyy","src":"https:\/\/i0.wp.com\/lasprimeras.com.do\/wp-content\/uploads\/2025\/12\/Volodymyr-Zelenskyy.jpg?resize=350%2C200&ssl=1","width":350,"height":200,"srcset":"https:\/\/i0.wp.com\/lasprimeras.com.do\/wp-content\/uploads\/2025\/12\/Volodymyr-Zelenskyy.jpg?resize=350%2C200&ssl=1 1x, https:\/\/i0.wp.com\/lasprimeras.com.do\/wp-content\/uploads\/2025\/12\/Volodymyr-Zelenskyy.jpg?resize=525%2C300&ssl=1 1.5x, https:\/\/i0.wp.com\/lasprimeras.com.do\/wp-content\/uploads\/2025\/12\/Volodymyr-Zelenskyy.jpg?resize=700%2C400&ssl=1 2x"},"classes":[]},{"id":93908,"url":"https:\/\/lasprimeras.com.do\/index.php\/2025\/02\/23\/lideres-de-francia-y-reino-unido-viajan-a-washington-para-instar-a-trump-a-no-abandonar-ucrania\/","url_meta":{"origin":115803,"position":1},"title":"L\u00edderes de Francia y Reino Unido viajan a Washington para instar a Trump a no abandonar Ucrania","author":"Nelson Feliz","date":"23 de febrero de 2025","format":false,"excerpt":"POR JILL LAWLESS and SYLVIE CORBET LONDRES (AP) \u2014 Los l\u00edderes de Francia y Reino Unido har\u00e1n visitas conjuntas a Washington esta semana, mientras Europa intenta persuadir al presidente Donald Trump de que no abandone a Ucrania en busca de un acuerdo de paz en la guerra de tres a\u00f1os\u2026","rel":"","context":"En \u00abINTERNACIONALES\u00bb","block_context":{"text":"INTERNACIONALES","link":"https:\/\/lasprimeras.com.do\/index.php\/category\/sin-categoria\/internacionales\/"},"img":{"alt_text":"","src":"https:\/\/i0.wp.com\/lasprimeras.com.do\/wp-content\/uploads\/2025\/02\/Keir-Starmer-y-Emmanuel-Macron.jpg?resize=350%2C200&ssl=1","width":350,"height":200,"srcset":"https:\/\/i0.wp.com\/lasprimeras.com.do\/wp-content\/uploads\/2025\/02\/Keir-Starmer-y-Emmanuel-Macron.jpg?resize=350%2C200&ssl=1 1x, https:\/\/i0.wp.com\/lasprimeras.com.do\/wp-content\/uploads\/2025\/02\/Keir-Starmer-y-Emmanuel-Macron.jpg?resize=525%2C300&ssl=1 1.5x, https:\/\/i0.wp.com\/lasprimeras.com.do\/wp-content\/uploads\/2025\/02\/Keir-Starmer-y-Emmanuel-Macron.jpg?resize=700%2C400&ssl=1 2x"},"classes":[]},{"id":97299,"url":"https:\/\/lasprimeras.com.do\/index.php\/2025\/04\/18\/rubio-sugiere-que-eeuu-abandonara-conversaciones-de-paz-entre-kiev-y-moscu-si-no-hay-avances-pronto\/","url_meta":{"origin":115803,"position":2},"title":"Rubio sugiere que EEUU abandonar\u00e1 conversaciones de paz entre Kiev y Mosc\u00fa si no hay avances pronto","author":"Nelson Feliz","date":"18 de abril de 2025","format":false,"excerpt":"POR ANGELA CHARLTON and HANNA ARHIROVA PAR\u00cdS (AP) \u2014 Washington est\u00e1 dispuesto a \u201cdar vuelta a la p\u00e1gina\u201d en la b\u00fasqueda de un acuerdo de paz entre Rusia y Ucrania en caso de no haber avances en los pr\u00f3ximos d\u00edas, se\u00f1al\u00f3 el viernes el secretario de Estado de Estados Unidos,\u2026","rel":"","context":"En \u00abINTERNACIONALES\u00bb","block_context":{"text":"INTERNACIONALES","link":"https:\/\/lasprimeras.com.do\/index.php\/category\/sin-categoria\/internacionales\/"},"img":{"alt_text":"","src":"https:\/\/i0.wp.com\/lasprimeras.com.do\/wp-content\/uploads\/2025\/04\/RUBIO.jpg?resize=350%2C200&ssl=1","width":350,"height":200,"srcset":"https:\/\/i0.wp.com\/lasprimeras.com.do\/wp-content\/uploads\/2025\/04\/RUBIO.jpg?resize=350%2C200&ssl=1 1x, https:\/\/i0.wp.com\/lasprimeras.com.do\/wp-content\/uploads\/2025\/04\/RUBIO.jpg?resize=525%2C300&ssl=1 1.5x, https:\/\/i0.wp.com\/lasprimeras.com.do\/wp-content\/uploads\/2025\/04\/RUBIO.jpg?resize=700%2C400&ssl=1 2x"},"classes":[]},{"id":95229,"url":"https:\/\/lasprimeras.com.do\/index.php\/2025\/03\/11\/ucrania-y-eeuu-inician-dialogo-para-poner-fin-a-la-guerra-mientras-kiev-ataca-rusia-con-drones\/","url_meta":{"origin":115803,"position":3},"title":"Ucrania y EEUU inician di\u00e1logo para poner fin a la guerra, mientras Kiev ataca Rusia con drones","author":"Nelson Feliz","date":"11 de marzo de 2025","format":false,"excerpt":"POR MATTHEW LEE YEDA, Arabia Saud\u00ed (AP) \u2014 Las conversaciones de alto nivel entre delegaciones de Ucrania y Estados Unidos sobre c\u00f3mo poner fin a la guerra que enfrenta a Kiev y Mosc\u00fa desde hace tres a\u00f1os comenzaron en Arabia Saud\u00ed el martes, horas despu\u00e9s de que las defensas antia\u00e9reas\u2026","rel":"","context":"En \u00abINTERNACIONALES\u00bb","block_context":{"text":"INTERNACIONALES","link":"https:\/\/lasprimeras.com.do\/index.php\/category\/sin-categoria\/internacionales\/"},"img":{"alt_text":"","src":"https:\/\/i0.wp.com\/lasprimeras.com.do\/wp-content\/uploads\/2025\/03\/guerra.png?resize=350%2C200&ssl=1","width":350,"height":200,"srcset":"https:\/\/i0.wp.com\/lasprimeras.com.do\/wp-content\/uploads\/2025\/03\/guerra.png?resize=350%2C200&ssl=1 1x, https:\/\/i0.wp.com\/lasprimeras.com.do\/wp-content\/uploads\/2025\/03\/guerra.png?resize=525%2C300&ssl=1 1.5x, https:\/\/i0.wp.com\/lasprimeras.com.do\/wp-content\/uploads\/2025\/03\/guerra.png?resize=700%2C400&ssl=1 2x"},"classes":[]},{"id":95553,"url":"https:\/\/lasprimeras.com.do\/index.php\/2025\/03\/14\/putin-esta-de-acuerdo-en-principio-con-la-propuesta-de-alto-el-fuego-en-ucrania-y-dice-que-se-necesitan-mas-discusiones\/","url_meta":{"origin":115803,"position":4},"title":"Putin est\u00e1 de acuerdo en principio con la propuesta de alto el fuego en Ucrania y dice que se necesitan m\u00e1s discusiones","author":"Nelson Feliz","date":"14 de marzo de 2025","format":false,"excerpt":"El presidente ruso, Vladimir Putin, dijo el jueves que est\u00e1 de acuerdo en principio con la propuesta estadounidense de un alto el fuego de 30 d\u00edas en Ucrania, pero enfatiz\u00f3 que los t\u00e9rminos a\u00fan est\u00e1n por definirse y agreg\u00f3 que cualquier tregua debe allanar el camino hacia una paz duradera\u2026","rel":"","context":"En \u00abINTERNACIONALES\u00bb","block_context":{"text":"INTERNACIONALES","link":"https:\/\/lasprimeras.com.do\/index.php\/category\/sin-categoria\/internacionales\/"},"img":{"alt_text":"Vladimir Putin","src":"https:\/\/i0.wp.com\/lasprimeras.com.do\/wp-content\/uploads\/2025\/03\/Vladimir-Putin.png?resize=350%2C200&ssl=1","width":350,"height":200,"srcset":"https:\/\/i0.wp.com\/lasprimeras.com.do\/wp-content\/uploads\/2025\/03\/Vladimir-Putin.png?resize=350%2C200&ssl=1 1x, https:\/\/i0.wp.com\/lasprimeras.com.do\/wp-content\/uploads\/2025\/03\/Vladimir-Putin.png?resize=525%2C300&ssl=1 1.5x, https:\/\/i0.wp.com\/lasprimeras.com.do\/wp-content\/uploads\/2025\/03\/Vladimir-Putin.png?resize=700%2C400&ssl=1 2x"},"classes":[]},{"id":118387,"url":"https:\/\/lasprimeras.com.do\/index.php\/2025\/12\/28\/trump-y-zelenskyy-se-reuniran-en-mar-a-lago-para-intentar-concretar-acuerdo-de-paz\/","url_meta":{"origin":115803,"position":5},"title":"Trump y Zelenskyy se reunir\u00e1n en Mar-a-Lago para intentar concretar acuerdo de paz","author":"Nelson Feliz","date":"28 de diciembre de 2025","format":false,"excerpt":"POR WILL WEISSERT, SEUNG MIN KIM and ELISE MORTON WEST PALM BEACH, Florida, EE.UU. (AP) \u2014 El presidente estadounidense Donald Trump recibir\u00e1 el domingo a su hom\u00f3logo ucraniano Volodymyr Zelenskyy para intentar concretar un acuerdo de paz, el cual pondr\u00eda fin a casi cuatro a\u00f1os de guerra tras la invasi\u00f3n\u2026","rel":"","context":"En \u00abINTERNACIONALES\u00bb","block_context":{"text":"INTERNACIONALES","link":"https:\/\/lasprimeras.com.do\/index.php\/category\/sin-categoria\/internacionales\/"},"img":{"alt_text":"Volodymyr Zelenskyy","src":"https:\/\/i0.wp.com\/lasprimeras.com.do\/wp-content\/uploads\/2025\/12\/Volodymyr-Zelenskyy-4.jpg?resize=350%2C200&ssl=1","width":350,"height":200,"srcset":"https:\/\/i0.wp.com\/lasprimeras.com.do\/wp-content\/uploads\/2025\/12\/Volodymyr-Zelenskyy-4.jpg?resize=350%2C200&ssl=1 1x, https:\/\/i0.wp.com\/lasprimeras.com.do\/wp-content\/uploads\/2025\/12\/Volodymyr-Zelenskyy-4.jpg?resize=525%2C300&ssl=1 1.5x, https:\/\/i0.wp.com\/lasprimeras.com.do\/wp-content\/uploads\/2025\/12\/Volodymyr-Zelenskyy-4.jpg?resize=700%2C400&ssl=1 2x"},"classes":[]}],"jetpack_sharing_enabled":true,"_links":{"self":[{"href":"https:\/\/lasprimeras.com.do\/index.php\/wp-json\/wp\/v2\/posts\/115803","targetHints":{"allow":["GET"]}}],"collection":[{"href":"https:\/\/lasprimeras.com.do\/index.php\/wp-json\/wp\/v2\/posts"}],"about":[{"href":"https:\/\/lasprimeras.com.do\/index.php\/wp-json\/wp\/v2\/types\/post"}],"author":[{"embeddable":true,"href":"https:\/\/lasprimeras.com.do\/index.php\/wp-json\/wp\/v2\/users\/10"}],"replies":[{"embeddable":true,"href":"https:\/\/lasprimeras.com.do\/index.php\/wp-json\/wp\/v2\/comments?post=115803"}],"version-history":[{"count":1,"href":"https:\/\/lasprimeras.com.do\/index.php\/wp-json\/wp\/v2\/posts\/115803\/revisions"}],"predecessor-version":[{"id":115805,"href":"https:\/\/lasprimeras.com.do\/index.php\/wp-json\/wp\/v2\/posts\/115803\/revisions\/115805"}],"wp:featuredmedia":[{"embeddable":true,"href":"https:\/\/lasprimeras.com.do\/index.php\/wp-json\/wp\/v2\/media\/115804"}],"wp:attachment":[{"href":"https:\/\/lasprimeras.com.do\/index.php\/wp-json\/wp\/v2\/media?parent=115803"}],"wp:term":[{"taxonomy":"category","embeddable":true,"href":"https:\/\/lasprimeras.com.do\/index.php\/wp-json\/wp\/v2\/categories?post=115803"},{"taxonomy":"post_tag","embeddable":true,"href":"https:\/\/lasprimeras.com.do\/index.php\/wp-json\/wp\/v2\/tags?post=115803"}],"curies":[{"name":"wp","href":"https:\/\/api.w.org\/{rel}","templated":true}]}}