{"id":115808,"date":"2025-11-25T17:45:34","date_gmt":"2025-11-25T21:45:34","guid":{"rendered":"https:\/\/lasprimeras.com.do\/?p=115808"},"modified":"2025-11-25T17:45:36","modified_gmt":"2025-11-25T21:45:36","slug":"asonahores-reconoce-al-ministro-david-collado-por-su-gestion-y-legado-en-el-turismo-dominicano","status":"publish","type":"post","link":"https:\/\/lasprimeras.com.do\/index.php\/2025\/11\/25\/asonahores-reconoce-al-ministro-david-collado-por-su-gestion-y-legado-en-el-turismo-dominicano\/","title":{"rendered":"Asonahores reconoce al ministro David Collado por su gesti\u00f3n y legado en el turismo dominicano"},"content":{"rendered":"\n<p><strong>La distinci\u00f3n fue entregada durante el Foro de Inversi\u00f3n de Turismo Deportivo<\/strong><\/p>\n\n\n\n<p>La Asociaci\u00f3n de Hoteles y Turismo de la Rep\u00fablica Dominicana (Asonahores) otorg\u00f3 este martes un reconocimiento al ministro de Turismo, David Collado, por la solidez de su gesti\u00f3n y el impacto de su legado en el fortalecimiento y proyecci\u00f3n internacional del turismo nacional.<\/p>\n\n\n\n<p>La distinci\u00f3n fue entregada durante el Foro de Inversi\u00f3n de Turismo Deportivo, un espacio que reuni\u00f3 a l\u00edderes del sector, inversionistas, empresarios y figuras del \u00e1mbito deportivo, con la meta com\u00fan de posicionar el turismo deportivo como un nuevo pilar de diversificaci\u00f3n para el pa\u00eds.<\/p>\n\n\n\n<p>Asonahores resalt\u00f3 la visi\u00f3n estrat\u00e9gica, el liderazgo y el compromiso del ministro Collado, atributos que \u2014seg\u00fan la entidad\u2014 resultaron determinantes en la r\u00e1pida recuperaci\u00f3n del sector tras la pandemia, en la consecuci\u00f3n de cifras r\u00e9cord de llegada de visitantes y en la consolidaci\u00f3n de la Rep\u00fablica Dominicana como uno de los destinos m\u00e1s competitivos del Caribe y Am\u00e9rica Latina.<\/p>\n\n\n\n<p>Al agradecer el reconocimiento, Collado destac\u00f3 que el \u00e9xito del sector es fruto del trabajo conjunto entre el Gobierno y la industria, y reafirm\u00f3 su compromiso con un turismo sostenible, innovador y generador de empleos.<\/p>\n\n\n\n<p>Subray\u00f3, adem\u00e1s, la importancia de ampliar y diversificar la oferta tur\u00edstica del pa\u00eds para seguir creando oportunidades que alcancen a m\u00e1s dominicanos.<\/p>\n\n\n\n<p>El Foro de Inversi\u00f3n de Turismo Deportivo se convirti\u00f3 tambi\u00e9n en un escenario para presentar proyectos y estrategias dirigidas a atraer eventos deportivos internacionales, fortalecer nuevas l\u00edneas de negocio y abrir espacios para inversiones orientadas a este creciente nicho del mercado tur\u00edstico.<\/p>\n","protected":false},"excerpt":{"rendered":"<p>La distinci\u00f3n fue entregada durante el Foro de Inversi\u00f3n de Turismo Deportivo La Asociaci\u00f3n de Hoteles y Turismo de la Rep\u00fablica Dominicana (Asonahores) otorg\u00f3 este martes un reconocimiento al ministro&hellip;<\/p>\n","protected":false},"author":10,"featured_media":115809,"comment_status":"open","ping_status":"open","sticky":false,"template":"","format":"standard","meta":{"content-type":"","jetpack_post_was_ever_published":false,"_jetpack_newsletter_access":"","_jetpack_dont_email_post_to_subs":false,"_jetpack_newsletter_tier_id":0,"_jetpack_memberships_contains_paywalled_content":false,"_jetpack_memberships_contains_paid_content":false,"footnotes":""},"categories":[376],"tags":[4613,1498,212,1039,728,11244],"class_list":["post-115808","post","type-post","status-publish","format-standard","has-post-thumbnail","hentry","category-turismo","tag-asonahores","tag-david-collado","tag-gestion","tag-legado","tag-reconoce","tag-turismo-dominicano"],"jetpack_featured_media_url":"https:\/\/lasprimeras.com.do\/wp-content\/uploads\/2025\/11\/asonahores.jpg","jetpack-related-posts":[{"id":115831,"url":"https:\/\/lasprimeras.com.do\/index.php\/2025\/11\/25\/asonahores-reconoce-a-banreservas-por-sus-aportes-al-desarrollo-del-turismo-dominicano\/","url_meta":{"origin":115808,"position":0},"title":"Asonahores reconoce a Banreservas por sus aportes al desarrollo del turismo dominicano","author":"Nelson Feliz","date":"25 de noviembre de 2025","format":false,"excerpt":"Henry Fuentes, vicepresidente ejecutivo de AFP Reservas, recibe el reconocimiento de Juan Bancalari, presidente de Asonahores; en presencia del doctor Leonardo Aguilera, presidente ejecutivo de Banreservas; David Collado, ministro de Turismo; y Aguie Lendor, vicepresidente de esa asociaci\u00f3n en el Foro de Inversi\u00f3n Tur\u00edstica 2025.","rel":"","context":"En \u00abPORTADA\u00bb","block_context":{"text":"PORTADA","link":"https:\/\/lasprimeras.com.do\/index.php\/category\/portada\/"},"img":{"alt_text":"","src":"https:\/\/i0.wp.com\/lasprimeras.com.do\/wp-content\/uploads\/2025\/11\/reservas-1.jpg?resize=350%2C200&ssl=1","width":350,"height":200,"srcset":"https:\/\/i0.wp.com\/lasprimeras.com.do\/wp-content\/uploads\/2025\/11\/reservas-1.jpg?resize=350%2C200&ssl=1 1x, https:\/\/i0.wp.com\/lasprimeras.com.do\/wp-content\/uploads\/2025\/11\/reservas-1.jpg?resize=525%2C300&ssl=1 1.5x, https:\/\/i0.wp.com\/lasprimeras.com.do\/wp-content\/uploads\/2025\/11\/reservas-1.jpg?resize=700%2C400&ssl=1 2x"},"classes":[]},{"id":108809,"url":"https:\/\/lasprimeras.com.do\/index.php\/2025\/09\/10\/presidente-de-asonahores-el-turismo-aporta-uno-de-cada-diez-pesos-al-fisco\/","url_meta":{"origin":115808,"position":1},"title":"Presidente de Asonahores: el turismo aporta uno de cada diez pesos al fisco","author":"Nelson Feliz","date":"10 de septiembre de 2025","format":false,"excerpt":"El gremio inaugura su 37\u00aa Exposici\u00f3n Comercial; ser\u00e1 hasta el viernes 12 Uno de cada 10 pesos que ingresan al fisco dominicano proviene directamente del turismo. Con esta cifra de trasfondo, la Asociaci\u00f3n de Hoteles y Turismo de la Rep\u00fablica Dominicana (Asonahores) inaugur\u00f3 este mi\u00e9rcoles su 37\u00aa Exposici\u00f3n Comercial, reafirmando\u2026","rel":"","context":"En \u00abTURISMO\u00bb","block_context":{"text":"TURISMO","link":"https:\/\/lasprimeras.com.do\/index.php\/category\/turismo\/"},"img":{"alt_text":"","src":"https:\/\/i0.wp.com\/lasprimeras.com.do\/wp-content\/uploads\/2025\/09\/Frank-Garcia-Aguie-Lendor-Juan-Bancalari-David-Collado-Luis-Veluttini-y-Frank-Rainieri.jpg?resize=350%2C200&ssl=1","width":350,"height":200,"srcset":"https:\/\/i0.wp.com\/lasprimeras.com.do\/wp-content\/uploads\/2025\/09\/Frank-Garcia-Aguie-Lendor-Juan-Bancalari-David-Collado-Luis-Veluttini-y-Frank-Rainieri.jpg?resize=350%2C200&ssl=1 1x, https:\/\/i0.wp.com\/lasprimeras.com.do\/wp-content\/uploads\/2025\/09\/Frank-Garcia-Aguie-Lendor-Juan-Bancalari-David-Collado-Luis-Veluttini-y-Frank-Rainieri.jpg?resize=525%2C300&ssl=1 1.5x, https:\/\/i0.wp.com\/lasprimeras.com.do\/wp-content\/uploads\/2025\/09\/Frank-Garcia-Aguie-Lendor-Juan-Bancalari-David-Collado-Luis-Veluttini-y-Frank-Rainieri.jpg?resize=700%2C400&ssl=1 2x"},"classes":[]},{"id":54564,"url":"https:\/\/lasprimeras.com.do\/index.php\/2023\/07\/12\/asonahores-valora-resultados-del-sector-turistico-en-primer-semestre-del-2023\/","url_meta":{"origin":115808,"position":2},"title":"Asonahores valora resultados del sector tur\u00edstico en primer semestre del 2023","author":"Nelson Feliz","date":"12 de julio de 2023","format":false,"excerpt":"El vicepresidente ejecutivo de la Asociaci\u00f3n de Hoteles y Turismo de la Rep\u00fablica Dominicana (Asonahores) Andr\u00e9s Marranzini, aplaudi\u00f3 los resultados del sector tur\u00edstico en los primeros seis meses del a\u00f1o 2023. Seg\u00fan las declaraciones del ministro de Turismo, David Collado, el pa\u00eds alcanz\u00f3 un hito hist\u00f3rico al recibir m\u00e1s de\u2026","rel":"","context":"En \u00abPORTADA\u00bb","block_context":{"text":"PORTADA","link":"https:\/\/lasprimeras.com.do\/index.php\/category\/portada\/"},"img":{"alt_text":"Andr\u00e9s Marranzini","src":"https:\/\/i0.wp.com\/lasprimeras.com.do\/wp-content\/uploads\/2023\/07\/Andres-Marranzini.jpg?resize=350%2C200&ssl=1","width":350,"height":200,"srcset":"https:\/\/i0.wp.com\/lasprimeras.com.do\/wp-content\/uploads\/2023\/07\/Andres-Marranzini.jpg?resize=350%2C200&ssl=1 1x, https:\/\/i0.wp.com\/lasprimeras.com.do\/wp-content\/uploads\/2023\/07\/Andres-Marranzini.jpg?resize=525%2C300&ssl=1 1.5x, https:\/\/i0.wp.com\/lasprimeras.com.do\/wp-content\/uploads\/2023\/07\/Andres-Marranzini.jpg?resize=700%2C400&ssl=1 2x"},"classes":[]},{"id":120069,"url":"https:\/\/lasprimeras.com.do\/index.php\/2026\/01\/20\/bhd-reconoce-en-fitur-labor-de-ministro-david-collado-en-favor-del-turismo\/","url_meta":{"origin":115808,"position":3},"title":"BHD reconoce en FITUR labor de ministro David Collado en favor del turismo","author":"Nelson Feliz","date":"20 de enero de 2026","format":false,"excerpt":"BHD reconoce en FITUR labor de ministro David Collado en favor del turismo","rel":"","context":"En \u00abPORTADA\u00bb","block_context":{"text":"PORTADA","link":"https:\/\/lasprimeras.com.do\/index.php\/category\/portada\/"},"img":{"alt_text":"David Collado","src":"https:\/\/i0.wp.com\/lasprimeras.com.do\/wp-content\/uploads\/2026\/01\/David-Collado.jpg?resize=350%2C200&ssl=1","width":350,"height":200,"srcset":"https:\/\/i0.wp.com\/lasprimeras.com.do\/wp-content\/uploads\/2026\/01\/David-Collado.jpg?resize=350%2C200&ssl=1 1x, https:\/\/i0.wp.com\/lasprimeras.com.do\/wp-content\/uploads\/2026\/01\/David-Collado.jpg?resize=525%2C300&ssl=1 1.5x, https:\/\/i0.wp.com\/lasprimeras.com.do\/wp-content\/uploads\/2026\/01\/David-Collado.jpg?resize=700%2C400&ssl=1 2x"},"classes":[]},{"id":86887,"url":"https:\/\/lasprimeras.com.do\/index.php\/2024\/08\/02\/bancos-popular-bhd-y-reserva-reconocen-trabajo-de-david-collado-en-turismo\/","url_meta":{"origin":115808,"position":4},"title":"Bancos Popular, BHD y Reserva reconocen trabajo de David Collado en turismo","author":"Nelson Feliz","date":"2 de agosto de 2024","format":false,"excerpt":"Destacan los aportes y esfuerzo del funcionario para garantizar el crecimiento sostenible del sector. Los tres principales bancos comerciales de Rep\u00fablica Dominicana reconocieron la destacada labor realizada por David Collado como ministro de Turismo por alcanzar r\u00e9cord extraordinarios en el sector. En el marco de la celebraci\u00f3n del 62 aniversario\u2026","rel":"","context":"En \u00abECONOM\u00cdA\u00bb","block_context":{"text":"ECONOM\u00cdA","link":"https:\/\/lasprimeras.com.do\/index.php\/category\/economia\/"},"img":{"alt_text":"Banca Dominicana reconoce David Collado","src":"https:\/\/i0.wp.com\/lasprimeras.com.do\/wp-content\/uploads\/2024\/08\/Banca-Dominicana-reconoce-David-Collado.jpg?resize=350%2C200&ssl=1","width":350,"height":200,"srcset":"https:\/\/i0.wp.com\/lasprimeras.com.do\/wp-content\/uploads\/2024\/08\/Banca-Dominicana-reconoce-David-Collado.jpg?resize=350%2C200&ssl=1 1x, https:\/\/i0.wp.com\/lasprimeras.com.do\/wp-content\/uploads\/2024\/08\/Banca-Dominicana-reconoce-David-Collado.jpg?resize=525%2C300&ssl=1 1.5x, https:\/\/i0.wp.com\/lasprimeras.com.do\/wp-content\/uploads\/2024\/08\/Banca-Dominicana-reconoce-David-Collado.jpg?resize=700%2C400&ssl=1 2x"},"classes":[]},{"id":100383,"url":"https:\/\/lasprimeras.com.do\/index.php\/2025\/06\/06\/presidente-de-asonahores-vaticina-la-llegada-de-300-a-400-mil-turistas-anuales-a-samana\/","url_meta":{"origin":115808,"position":5},"title":"Presidente de ASONAHORES vaticina la llegada de 300 a 400 mil turistas anuales a Saman\u00e1","author":"Nelson Feliz","date":"6 de junio de 2025","format":false,"excerpt":"Dice, presidente ha cumplido con las obras prometidas. Empresarios e inversionistas de la provincia de Saman\u00e1 agradecieron este domingo al presidente Luis Abinader y al ministro de Turismo, David Collado, por el conjunto de obras entregadas, las cuales dijeron representan un impulso para el desarrollo tur\u00edstico y econ\u00f3mico de la\u2026","rel":"","context":"En \u00abTURISMO\u00bb","block_context":{"text":"TURISMO","link":"https:\/\/lasprimeras.com.do\/index.php\/category\/turismo\/"},"img":{"alt_text":"Juan Bancalari (Papo)","src":"https:\/\/i0.wp.com\/lasprimeras.com.do\/wp-content\/uploads\/2025\/06\/Juan-Bancalari-Papo.jpg?resize=350%2C200&ssl=1","width":350,"height":200,"srcset":"https:\/\/i0.wp.com\/lasprimeras.com.do\/wp-content\/uploads\/2025\/06\/Juan-Bancalari-Papo.jpg?resize=350%2C200&ssl=1 1x, https:\/\/i0.wp.com\/lasprimeras.com.do\/wp-content\/uploads\/2025\/06\/Juan-Bancalari-Papo.jpg?resize=525%2C300&ssl=1 1.5x, https:\/\/i0.wp.com\/lasprimeras.com.do\/wp-content\/uploads\/2025\/06\/Juan-Bancalari-Papo.jpg?resize=700%2C400&ssl=1 2x"},"classes":[]}],"jetpack_sharing_enabled":true,"_links":{"self":[{"href":"https:\/\/lasprimeras.com.do\/index.php\/wp-json\/wp\/v2\/posts\/115808","targetHints":{"allow":["GET"]}}],"collection":[{"href":"https:\/\/lasprimeras.com.do\/index.php\/wp-json\/wp\/v2\/posts"}],"about":[{"href":"https:\/\/lasprimeras.com.do\/index.php\/wp-json\/wp\/v2\/types\/post"}],"author":[{"embeddable":true,"href":"https:\/\/lasprimeras.com.do\/index.php\/wp-json\/wp\/v2\/users\/10"}],"replies":[{"embeddable":true,"href":"https:\/\/lasprimeras.com.do\/index.php\/wp-json\/wp\/v2\/comments?post=115808"}],"version-history":[{"count":1,"href":"https:\/\/lasprimeras.com.do\/index.php\/wp-json\/wp\/v2\/posts\/115808\/revisions"}],"predecessor-version":[{"id":115810,"href":"https:\/\/lasprimeras.com.do\/index.php\/wp-json\/wp\/v2\/posts\/115808\/revisions\/115810"}],"wp:featuredmedia":[{"embeddable":true,"href":"https:\/\/lasprimeras.com.do\/index.php\/wp-json\/wp\/v2\/media\/115809"}],"wp:attachment":[{"href":"https:\/\/lasprimeras.com.do\/index.php\/wp-json\/wp\/v2\/media?parent=115808"}],"wp:term":[{"taxonomy":"category","embeddable":true,"href":"https:\/\/lasprimeras.com.do\/index.php\/wp-json\/wp\/v2\/categories?post=115808"},{"taxonomy":"post_tag","embeddable":true,"href":"https:\/\/lasprimeras.com.do\/index.php\/wp-json\/wp\/v2\/tags?post=115808"}],"curies":[{"name":"wp","href":"https:\/\/api.w.org\/{rel}","templated":true}]}}