{"id":115820,"date":"2025-11-25T18:26:42","date_gmt":"2025-11-25T22:26:42","guid":{"rendered":"https:\/\/lasprimeras.com.do\/?p=115820"},"modified":"2025-11-25T18:26:43","modified_gmt":"2025-11-25T22:26:43","slug":"seni-integra-un-sistema-de-almacenamiento-7-5-megavatios-de-energias-renovables","status":"publish","type":"post","link":"https:\/\/lasprimeras.com.do\/index.php\/2025\/11\/25\/seni-integra-un-sistema-de-almacenamiento-7-5-megavatios-de-energias-renovables\/","title":{"rendered":"SENI integra un sistema de almacenamiento 7.5 megavatios de energ\u00edas renovables"},"content":{"rendered":"\n<p><strong>La infraestructura represent\u00f3 una inversi\u00f3n superior a los US$8 millones<\/strong><\/p>\n\n\n\n<p>Rep\u00fablica Dominicana sigue ganando terreno en el sector de las energ\u00edas renovables. Este martes fue inaugurado el nuevo Sistema de Almacenamiento de Energ\u00eda en Bater\u00edas, con capacidad para integrarse al Sistema El\u00e9ctrico Nacional Interconectado (SENI) con 7.5 megavatios.<\/p>\n\n\n\n<p>La infraestructura, de la Empresa Generadora de Electricidad Itabo, represent\u00f3 una inversi\u00f3n superior a los ocho millones de d\u00f3lares (alrededor de 502 millones de pesos).<\/p>\n\n\n\n<p>La instalaci\u00f3n cuenta con tecnolog\u00eda de bater\u00edas de litio con enfriamiento autom\u00e1tico, lo que permitir\u00e1 una mejor integraci\u00f3n de fuentes renovables y mayor resiliencia ante las variaciones en la demanda.<\/p>\n\n\n\n<figure class=\"wp-block-image size-full\"><img decoding=\"async\" width=\"896\" height=\"504\" src=\"https:\/\/lasprimeras.com.do\/wp-content\/uploads\/2025\/11\/El-sistema-de-almacenamiento-de-baterias-de-Itabo.jpg\" alt=\"\" class=\"wp-image-115822\" srcset=\"https:\/\/lasprimeras.com.do\/wp-content\/uploads\/2025\/11\/El-sistema-de-almacenamiento-de-baterias-de-Itabo.jpg 896w, https:\/\/lasprimeras.com.do\/wp-content\/uploads\/2025\/11\/El-sistema-de-almacenamiento-de-baterias-de-Itabo-300x169.jpg 300w, https:\/\/lasprimeras.com.do\/wp-content\/uploads\/2025\/11\/El-sistema-de-almacenamiento-de-baterias-de-Itabo-768x432.jpg 768w\" sizes=\"(max-width: 896px) 100vw, 896px\" \/><\/figure>\n\n\n\n<p>El ministro de Energ\u00eda y Minas, Joel Santos, indic\u00f3 que este proyecto simboliza la visi\u00f3n de un pa\u00eds que avanza hacia una matriz m\u00e1s limpia, estable y resiliente. Record\u00f3 que el Gobierno tiene la proyecci\u00f3n de integrar al sistema el\u00e9ctrico alrededor de 1,000 megavatios de energ\u00eda renovable.<\/p>\n\n\n\n<p>Santos precis\u00f3 que el almacenamiento de electricidad es el complemento esencial de las energ\u00edas renovables. Se estima que, para alcanzar los niveles proyectados de crecimiento en energ\u00eda limpia, se requieren al menos 500 megavatios.<\/p>\n\n\n\n<p>&#8220;El sistema BESS (por sus siglas en ingl\u00e9s) de Itabo es una pieza clave dentro de la estrategia nacional de transici\u00f3n energ\u00e9tica, ya que contribuye a la estabilizaci\u00f3n de la red, mejora la calidad del suministro y facilita una mayor integraci\u00f3n de fuentes renovables&#8221;, manifest\u00f3.<\/p>\n\n\n\n<figure class=\"wp-block-image size-large\"><img decoding=\"async\" width=\"1024\" height=\"683\" src=\"https:\/\/lasprimeras.com.do\/wp-content\/uploads\/2025\/11\/El-sistema-de-almacenamiento-de-baterias-de-Itabo-1-1024x683.jpg\" alt=\"\" class=\"wp-image-115823\" srcset=\"https:\/\/lasprimeras.com.do\/wp-content\/uploads\/2025\/11\/El-sistema-de-almacenamiento-de-baterias-de-Itabo-1-1024x683.jpg 1024w, https:\/\/lasprimeras.com.do\/wp-content\/uploads\/2025\/11\/El-sistema-de-almacenamiento-de-baterias-de-Itabo-1-300x200.jpg 300w, https:\/\/lasprimeras.com.do\/wp-content\/uploads\/2025\/11\/El-sistema-de-almacenamiento-de-baterias-de-Itabo-1-768x512.jpg 768w, https:\/\/lasprimeras.com.do\/wp-content\/uploads\/2025\/11\/El-sistema-de-almacenamiento-de-baterias-de-Itabo-1-1536x1024.jpg 1536w, https:\/\/lasprimeras.com.do\/wp-content\/uploads\/2025\/11\/El-sistema-de-almacenamiento-de-baterias-de-Itabo-1-2048x1365.jpg 2048w\" sizes=\"(max-width: 1024px) 100vw, 1024px\" \/><\/figure>\n\n\n\n<p>El nuevo sistema de almacenamiento, desarrollado en alianza con Fluence Energy, emplea software con inteligencia artificial capaz de optimizar su rendimiento, anticipar mantenimientos y garantizar la seguridad operativa. En su ejecuci\u00f3n se acumularon m\u00e1s de 26,000 horas-hombre sin accidentes, lo que refleja el compromiso de la empresa con la excelencia y la seguridad laboral.<\/p>\n\n\n\n<p>Se\u00f1al\u00f3, adem\u00e1s, que con iniciativas como esta, Rep\u00fablica Dominicana se consolida como l\u00edder regional en soluciones energ\u00e9ticas innovadoras, alineadas con los Objetivos de Desarrollo Sostenible, el Plan Meta 2036 y los compromisos del pa\u00eds en materia de descarbonizaci\u00f3n.<\/p>\n\n\n\n<p>El acto de inauguraci\u00f3n fue encabezado por el presidente de la Rep\u00fablica, Luis Abinader, y cont\u00f3 con la presencia de los ministros Joel Santos y V\u00edctor Bison\u00f3 (Industria y Comercio), as\u00ed como del presidente del Consejo de Administraci\u00f3n de la Empresa Generadora de Electricidad Itabo (Egeitabo) y Edwin de los Santos es el gerente general de la empresa.<\/p>\n","protected":false},"excerpt":{"rendered":"<p>La infraestructura represent\u00f3 una inversi\u00f3n superior a los US$8 millones Rep\u00fablica Dominicana sigue ganando terreno en el sector de las energ\u00edas renovables. Este martes fue inaugurado el nuevo Sistema de&hellip;<\/p>\n","protected":false},"author":10,"featured_media":115821,"comment_status":"open","ping_status":"open","sticky":false,"template":"","format":"standard","meta":{"content-type":"","jetpack_post_was_ever_published":false,"_jetpack_newsletter_access":"","_jetpack_dont_email_post_to_subs":false,"_jetpack_newsletter_tier_id":0,"_jetpack_memberships_contains_paywalled_content":false,"_jetpack_memberships_contains_paid_content":false,"footnotes":""},"categories":[39],"tags":[27764,4867,16210,23354,27763],"class_list":["post-115820","post","type-post","status-publish","format-standard","has-post-thumbnail","hentry","category-economia","tag-7-5-megavatios","tag-energias-renovables","tag-integra","tag-seni","tag-sistema-de-almacenamiento"],"jetpack_featured_media_url":"https:\/\/lasprimeras.com.do\/wp-content\/uploads\/2025\/11\/abinader.jpg","jetpack-related-posts":[{"id":106767,"url":"https:\/\/lasprimeras.com.do\/index.php\/2025\/08\/18\/ministro-joel-santos-detalla-proyectos-que-aportaran-600-mw-al-seni\/","url_meta":{"origin":115820,"position":0},"title":"Ministro Joel Santos detalla proyectos que aportar\u00e1n 600 MW al SENI","author":"Nelson Feliz","date":"18 de agosto de 2025","format":false,"excerpt":"El ministro de Energ\u00eda y Minas explic\u00f3 que estas iniciativas permitir\u00e1n mayor seguridad al sistema. El ministro de Energ\u00eda y Minas, Joel Santos, resalt\u00f3 que el Gobierno, a trav\u00e9s del Ministerio de Energ\u00eda y Minas, contin\u00faa impulsando una serie de proyectos energ\u00e9ticos que aportar\u00e1n 612 megavatios (MW) al Sistema El\u00e9ctrico\u2026","rel":"","context":"En \u00abECONOM\u00cdA\u00bb","block_context":{"text":"ECONOM\u00cdA","link":"https:\/\/lasprimeras.com.do\/index.php\/category\/economia\/"},"img":{"alt_text":"","src":"https:\/\/i0.wp.com\/lasprimeras.com.do\/wp-content\/uploads\/2025\/08\/Joel-Santos.jpg?resize=350%2C200&ssl=1","width":350,"height":200,"srcset":"https:\/\/i0.wp.com\/lasprimeras.com.do\/wp-content\/uploads\/2025\/08\/Joel-Santos.jpg?resize=350%2C200&ssl=1 1x, https:\/\/i0.wp.com\/lasprimeras.com.do\/wp-content\/uploads\/2025\/08\/Joel-Santos.jpg?resize=525%2C300&ssl=1 1.5x, https:\/\/i0.wp.com\/lasprimeras.com.do\/wp-content\/uploads\/2025\/08\/Joel-Santos.jpg?resize=700%2C400&ssl=1 2x"},"classes":[]},{"id":120531,"url":"https:\/\/lasprimeras.com.do\/index.php\/2026\/01\/25\/gobierno-proyecta-expansion-del-sistema-electrico-con-mas-de-50-adicional-en-energia-base-al-2028\/","url_meta":{"origin":115820,"position":1},"title":"Gobierno proyecta expansi\u00f3n del sistema el\u00e9ctrico con m\u00e1s de 50 % adicional en energ\u00eda base al 2028","author":"Nelson Feliz","date":"25 de enero de 2026","format":false,"excerpt":"El ministro de Energ\u00eda y Minas, Joel Santos, asegur\u00f3 que en los \u00faltimos tres a\u00f1os se habr\u00e1 instalado m\u00e1s de 2,000 megavatios de energ\u00eda base, mientras que en energ\u00edas renovables la cifra rondar\u00e1 los 2,800 MW El ministro de Energ\u00eda y Minas, Joel Santos, inform\u00f3 que Rep\u00fablica Dominicana registrar\u00e1 un\u2026","rel":"","context":"En \u00abNACIONALES\u00bb","block_context":{"text":"NACIONALES","link":"https:\/\/lasprimeras.com.do\/index.php\/category\/nacionales\/"},"img":{"alt_text":"Joel Santos","src":"https:\/\/i0.wp.com\/lasprimeras.com.do\/wp-content\/uploads\/2025\/12\/Joel-Santos.jpg?resize=350%2C200&ssl=1","width":350,"height":200,"srcset":"https:\/\/i0.wp.com\/lasprimeras.com.do\/wp-content\/uploads\/2025\/12\/Joel-Santos.jpg?resize=350%2C200&ssl=1 1x, https:\/\/i0.wp.com\/lasprimeras.com.do\/wp-content\/uploads\/2025\/12\/Joel-Santos.jpg?resize=525%2C300&ssl=1 1.5x, https:\/\/i0.wp.com\/lasprimeras.com.do\/wp-content\/uploads\/2025\/12\/Joel-Santos.jpg?resize=700%2C400&ssl=1 2x"},"classes":[]},{"id":126272,"url":"https:\/\/lasprimeras.com.do\/index.php\/2026\/03\/31\/la-termoelectrica-de-manzanillo-fortalece-el-sistema-electrico-y-es-de-las-mas-modernas-del-caribe\/","url_meta":{"origin":115820,"position":2},"title":"La termoel\u00e9ctrica de Manzanillo fortalece el sistema el\u00e9ctrico y es de las m\u00e1s modernas del Caribe","author":"Nelson Feliz","date":"31 de marzo de 2026","format":false,"excerpt":"Joel Santos tambi\u00e9n afirma que en gesti\u00f3n de Abinader casi se ha cuadruplicado la generaci\u00f3n de energ\u00eda renovable El ministro de Energ\u00eda y Minas, Joel Santos,resalt\u00f3 la importancia de la nueva central termoel\u00e9ctrica Manzanillo Power Land, la cual defini\u00f3 como la m\u00e1s moderna del Caribe, e incorpora 414 megavatios (MW)\u2026","rel":"","context":"En \u00abNACIONALES\u00bb","block_context":{"text":"NACIONALES","link":"https:\/\/lasprimeras.com.do\/index.php\/category\/nacionales\/"},"img":{"alt_text":"","src":"https:\/\/i0.wp.com\/lasprimeras.com.do\/wp-content\/uploads\/2025\/08\/Joel-Santos.jpg?resize=350%2C200&ssl=1","width":350,"height":200,"srcset":"https:\/\/i0.wp.com\/lasprimeras.com.do\/wp-content\/uploads\/2025\/08\/Joel-Santos.jpg?resize=350%2C200&ssl=1 1x, https:\/\/i0.wp.com\/lasprimeras.com.do\/wp-content\/uploads\/2025\/08\/Joel-Santos.jpg?resize=525%2C300&ssl=1 1.5x, https:\/\/i0.wp.com\/lasprimeras.com.do\/wp-content\/uploads\/2025\/08\/Joel-Santos.jpg?resize=700%2C400&ssl=1 2x"},"classes":[]},{"id":56491,"url":"https:\/\/lasprimeras.com.do\/index.php\/2023\/08\/02\/administrador-de-etedel-gobierno-va-delante-de-la-demanda-electrica-en-el-pais\/","url_meta":{"origin":115820,"position":3},"title":"Administrador de ETED:&#8221;El Gobierno va delante de la demanda el\u00e9ctrica en el pa\u00eds&#8221;","author":"Nelson Feliz","date":"2 de agosto de 2023","format":false,"excerpt":"Por Mart\u00edn Restituyo El administrador de la Empresa de Transmisi\u00f3n El\u00e9ctrica Dominicana (ETED), Mart\u00edn Robles Morillo, afirm\u00f3 que el Gobierno dominicano va delante de la proyecci\u00f3n de la demanda el\u00e9ctrica en el pa\u00eds, logrando instalar unos mil megavatios al Sistema El\u00e9ctrico Nacional en menos de tres a\u00f1os de la actual\u2026","rel":"","context":"En \u00abECONOM\u00cdA\u00bb","block_context":{"text":"ECONOM\u00cdA","link":"https:\/\/lasprimeras.com.do\/index.php\/category\/economia\/"},"img":{"alt_text":"Mart\u00edn Robles","src":"https:\/\/i0.wp.com\/lasprimeras.com.do\/wp-content\/uploads\/2023\/08\/Martin-Robles.jpg?resize=350%2C200&ssl=1","width":350,"height":200,"srcset":"https:\/\/i0.wp.com\/lasprimeras.com.do\/wp-content\/uploads\/2023\/08\/Martin-Robles.jpg?resize=350%2C200&ssl=1 1x, https:\/\/i0.wp.com\/lasprimeras.com.do\/wp-content\/uploads\/2023\/08\/Martin-Robles.jpg?resize=525%2C300&ssl=1 1.5x, https:\/\/i0.wp.com\/lasprimeras.com.do\/wp-content\/uploads\/2023\/08\/Martin-Robles.jpg?resize=700%2C400&ssl=1 2x"},"classes":[]},{"id":123288,"url":"https:\/\/lasprimeras.com.do\/index.php\/2026\/02\/27\/presidente-abinader-anuncia-inversiones-para-garantizar-estabilidad-del-sistema-electrico\/","url_meta":{"origin":115820,"position":4},"title":"Presidente Abinader anuncia inversiones para garantizar estabilidad del sistema el\u00e9ctrico","author":"Nelson Feliz","date":"27 de febrero de 2026","format":false,"excerpt":"Mandatario destaca sector miner\u00eda marc\u00f3 r\u00e9cord de US$2,600 millones en exportaciones y se confirmaron m\u00e1s de 150 millones de toneladas de tierras raras para futura explotaci\u00f3n. El presidente Luis Abinader anunci\u00f3 este viernes inversiones estrat\u00e9gicas en la transmisi\u00f3n el\u00e9ctrica para reforzar su extensi\u00f3n y seguridad, con el apoyo de compa\u00f1\u00edas\u2026","rel":"","context":"En \u00abECONOM\u00cdA\u00bb","block_context":{"text":"ECONOM\u00cdA","link":"https:\/\/lasprimeras.com.do\/index.php\/category\/economia\/"},"img":{"alt_text":"","src":"https:\/\/i0.wp.com\/lasprimeras.com.do\/wp-content\/uploads\/2025\/06\/ETED.jpg?resize=350%2C200&ssl=1","width":350,"height":200,"srcset":"https:\/\/i0.wp.com\/lasprimeras.com.do\/wp-content\/uploads\/2025\/06\/ETED.jpg?resize=350%2C200&ssl=1 1x, https:\/\/i0.wp.com\/lasprimeras.com.do\/wp-content\/uploads\/2025\/06\/ETED.jpg?resize=525%2C300&ssl=1 1.5x, https:\/\/i0.wp.com\/lasprimeras.com.do\/wp-content\/uploads\/2025\/06\/ETED.jpg?resize=700%2C400&ssl=1 2x"},"classes":[]},{"id":66067,"url":"https:\/\/lasprimeras.com.do\/index.php\/2023\/11\/02\/eted-apuesta-por-la-transformacion-del-sector-electrico-para-el-desarrollo-economico-del-pais\/","url_meta":{"origin":115820,"position":5},"title":"ETED apuesta por la transformaci\u00f3n del sector el\u00e9ctrico para el desarrollo econ\u00f3mico del pa\u00eds","author":"Nelson Feliz","date":"2 de noviembre de 2023","format":false,"excerpt":"Celebra diecis\u00e9is a\u00f1os trabajando en la calidad, permanencia, eficiencia y estabilidad del servicio el\u00e9ctrico; reduce las p\u00e9rdidas en transmisi\u00f3n a un promedio de 1.65%. Arribando a su decimosexto aniversario, la Empresa de Transmisi\u00f3n El\u00e9ctrica Dominicana (ETED) ha impulsado el desarrollo y crecimiento de la econom\u00eda dominicana a trav\u00e9s del sector\u2026","rel":"","context":"En \u00abECONOM\u00cdA\u00bb","block_context":{"text":"ECONOM\u00cdA","link":"https:\/\/lasprimeras.com.do\/index.php\/category\/economia\/"},"img":{"alt_text":"Martin Robles","src":"https:\/\/i0.wp.com\/lasprimeras.com.do\/wp-content\/uploads\/2023\/11\/Martin-Robles.jpg?resize=350%2C200&ssl=1","width":350,"height":200,"srcset":"https:\/\/i0.wp.com\/lasprimeras.com.do\/wp-content\/uploads\/2023\/11\/Martin-Robles.jpg?resize=350%2C200&ssl=1 1x, https:\/\/i0.wp.com\/lasprimeras.com.do\/wp-content\/uploads\/2023\/11\/Martin-Robles.jpg?resize=525%2C300&ssl=1 1.5x, https:\/\/i0.wp.com\/lasprimeras.com.do\/wp-content\/uploads\/2023\/11\/Martin-Robles.jpg?resize=700%2C400&ssl=1 2x"},"classes":[]}],"jetpack_sharing_enabled":true,"_links":{"self":[{"href":"https:\/\/lasprimeras.com.do\/index.php\/wp-json\/wp\/v2\/posts\/115820","targetHints":{"allow":["GET"]}}],"collection":[{"href":"https:\/\/lasprimeras.com.do\/index.php\/wp-json\/wp\/v2\/posts"}],"about":[{"href":"https:\/\/lasprimeras.com.do\/index.php\/wp-json\/wp\/v2\/types\/post"}],"author":[{"embeddable":true,"href":"https:\/\/lasprimeras.com.do\/index.php\/wp-json\/wp\/v2\/users\/10"}],"replies":[{"embeddable":true,"href":"https:\/\/lasprimeras.com.do\/index.php\/wp-json\/wp\/v2\/comments?post=115820"}],"version-history":[{"count":1,"href":"https:\/\/lasprimeras.com.do\/index.php\/wp-json\/wp\/v2\/posts\/115820\/revisions"}],"predecessor-version":[{"id":115824,"href":"https:\/\/lasprimeras.com.do\/index.php\/wp-json\/wp\/v2\/posts\/115820\/revisions\/115824"}],"wp:featuredmedia":[{"embeddable":true,"href":"https:\/\/lasprimeras.com.do\/index.php\/wp-json\/wp\/v2\/media\/115821"}],"wp:attachment":[{"href":"https:\/\/lasprimeras.com.do\/index.php\/wp-json\/wp\/v2\/media?parent=115820"}],"wp:term":[{"taxonomy":"category","embeddable":true,"href":"https:\/\/lasprimeras.com.do\/index.php\/wp-json\/wp\/v2\/categories?post=115820"},{"taxonomy":"post_tag","embeddable":true,"href":"https:\/\/lasprimeras.com.do\/index.php\/wp-json\/wp\/v2\/tags?post=115820"}],"curies":[{"name":"wp","href":"https:\/\/api.w.org\/{rel}","templated":true}]}}