{"id":115866,"date":"2025-11-25T20:49:33","date_gmt":"2025-11-26T00:49:33","guid":{"rendered":"https:\/\/lasprimeras.com.do\/?p=115866"},"modified":"2025-11-25T20:49:36","modified_gmt":"2025-11-26T00:49:36","slug":"altos-mandos-militares-de-eeuu-visitan-a-lideres-caribenos-mientras-trump-evalua-proximos-pasos","status":"publish","type":"post","link":"https:\/\/lasprimeras.com.do\/index.php\/2025\/11\/25\/altos-mandos-militares-de-eeuu-visitan-a-lideres-caribenos-mientras-trump-evalua-proximos-pasos\/","title":{"rendered":"Altos mandos militares de EEUU visitan a l\u00edderes caribe\u00f1os mientras Trump eval\u00faa pr\u00f3ximos pasos"},"content":{"rendered":"\n<p>POR KONSTANTIN TOROPIN<\/p>\n\n\n\n<p>WASHINGTON (AP) \u2014 Altos funcionarios militares de Estados Unidos se est\u00e1n reuniendo con mandatarios de naciones caribe\u00f1as esta semana, luego de que el gobierno de Donald Trump increment\u00f3 su presencia naval en la regi\u00f3n como parte de lo que llama una campa\u00f1a contra el narcotr\u00e1fico.<\/p>\n\n\n\n<p>El secretario de Defensa estadounidense, Pete Hegseth, viajar\u00e1 a Santo Domingo, Rep\u00fablica Dominicana, y se reunir\u00e1 el mi\u00e9rcoles con los principales l\u00edderes del pa\u00eds, incluido el presidente Luis Abinader, el ministro de Defensa, teniente general Carlos Antonio Fern\u00e1ndez Onofre, y otros funcionarios, inform\u00f3 el Pent\u00e1gono el martes.<\/p>\n\n\n\n<p>El anuncio se produjo el mismo d\u00eda en que el general Dan Caine, jefe del Estado Mayor Conjunto y principal asesor militar de Trump, se reuni\u00f3 con la primera ministra de Trinidad y Tobago, Kamla Persad-Bissessar.<\/p>\n\n\n\n<p>Seg\u00fan un resumen publicado por la oficina de Caine, \u201cintercambiaron puntos de vista sobre los desaf\u00edos que afectan a la regi\u00f3n del Caribe, incluidos los efectos desestabilizadores de los narc\u00f3ticos il\u00edcitos, el tr\u00e1fico de armas y personas, y las actividades de organizaciones criminales transnacionales\u201d.<\/p>\n\n\n\n<p>El ej\u00e9rcito de Estados Unidos ha desplegado su mayor presencia en la regi\u00f3n en generaciones, y desde principios de septiembre ha estado atacando lanchas que seg\u00fan dice son usadas para el contrabando de drogas. Hasta la fecha, el ej\u00e9rcito estadounidense, bajo el mando de Hegseth, ha atacado a 21 de dichas embarcaciones y matado al menos a 83 personas.<\/p>\n\n\n\n<p>Las acciones son vistas por muchos como una t\u00e1ctica de presi\u00f3n para que el presidente venezolano Nicol\u00e1s Maduro renuncie. Las visitas de Hegseth y Caine esta semana se producen mientras Trump eval\u00faa si tomar acci\u00f3n militar contra Venezuela, lo cual no ha descartado a pesar de haber planteado la posibilidad de conversaciones con Maduro, quien ha sido acusado de narcoterrorismo por Estados Unidos.<\/p>\n\n\n\n<p>El gobierno de Trump a\u00f1adi\u00f3 m\u00e1s presi\u00f3n el lunes al designar oficialmente al C\u00e1rtel de los Soles como una organizaci\u00f3n terrorista extranjera, aunque la entidad que Estados Unidos alega est\u00e1 liderada por Maduro no es un c\u00e1rtel per se.<\/p>\n\n\n\n<p>Si bien la mayor\u00eda de los gobiernos caribe\u00f1os han mantenido una respuesta moderada a los ataques contra lanchas que supuestamente transportan drogas, y han instado a la paz y al di\u00e1logo, Persad-Bissessar se ha destacado por elogiar p\u00fablicamente los mortales ataques.<\/p>\n\n\n\n<p>A principios de septiembre, la mandataria dijo que no sent\u00eda compasi\u00f3n por los narcotraficantes y que \u201cel ej\u00e9rcito de Estados Unidos deber\u00eda matarlos a todos violentamente\u201d. Sus comentarios y apoyo a los ataques han sido condenados por algunos l\u00edderes de la oposici\u00f3n y por funcionarios regionales.<\/p>\n\n\n\n<p>Amery Browne, exministro de Asuntos Exteriores de Trinidad, dijo al peri\u00f3dico local Newsday que la postura de Persad-Bissessar es \u201cimprudente\u201d y que se ha aislado del Caricom, un bloque comercial regional.<\/p>\n\n\n\n<p>Seg\u00fan el Pent\u00e1gono, el viaje de Hegseth a la Rep\u00fablica Dominicana tendr\u00e1 como objetivo \u201cfortalecer las relaciones de defensa y reafirmar el compromiso de Estados Unidos de defender la patria\u201d.<\/p>\n\n\n\n<p>Mientras tanto, Caine tambi\u00e9n aprovech\u00f3 su tiempo en la regi\u00f3n para visitar a las tropas estadounidenses en Puerto Rico y en un barco de la Marina de Estados Unidos, donde agradeci\u00f3 a los militares por su servicio y sacrificio durante el feriado de Acci\u00f3n de Gracias, inform\u00f3 el Pent\u00e1gono.<\/p>\n\n\n\n<p>Caine y Hegseth tambi\u00e9n visitaron la regi\u00f3n en septiembre, yendo a Puerto Rico despu\u00e9s de que barcos con cientos de marines estadounidenses llegaron para lo que los funcionarios dijeron que era un ejercicio de entrenamiento.<\/p>\n","protected":false},"excerpt":{"rendered":"<p>POR KONSTANTIN TOROPIN WASHINGTON (AP) \u2014 Altos funcionarios militares de Estados Unidos se est\u00e1n reuniendo con mandatarios de naciones caribe\u00f1as esta semana, luego de que el gobierno de Donald Trump&hellip;<\/p>\n","protected":false},"author":10,"featured_media":115867,"comment_status":"open","ping_status":"open","sticky":false,"template":"","format":"standard","meta":{"content-type":"","jetpack_post_was_ever_published":false,"_jetpack_newsletter_access":"","_jetpack_dont_email_post_to_subs":false,"_jetpack_newsletter_tier_id":0,"_jetpack_memberships_contains_paywalled_content":false,"_jetpack_memberships_contains_paid_content":false,"footnotes":""},"categories":[16289],"tags":[5948,978,979,98,27782,27781,27783],"class_list":["post-115866","post","type-post","status-publish","format-standard","has-post-thumbnail","hentry","category-internacionales","tag-altos","tag-donald-trump","tag-eeuu","tag-estados-unidos","tag-lideres-caribenos","tag-mandos-militares","tag-visitan"],"jetpack_featured_media_url":"https:\/\/lasprimeras.com.do\/wp-content\/uploads\/2025\/11\/Pete-Hegseth-2.jpg","jetpack-related-posts":[{"id":122207,"url":"https:\/\/lasprimeras.com.do\/index.php\/2026\/02\/15\/ministro-de-defensa-participa-en-reunion-hemisferica-de-altos-mandos-militares-convocada-por-estados-unidos\/","url_meta":{"origin":115866,"position":0},"title":"Ministro de Defensa participa en reuni\u00f3n hemisf\u00e9rica de altos mandos militares convocada por Estados Unidos","author":"Nelson Feliz","date":"15 de febrero de 2026","format":false,"excerpt":"John D. Caine","rel":"","context":"En \u00abMILITARES\u00bb","block_context":{"text":"MILITARES","link":"https:\/\/lasprimeras.com.do\/index.php\/category\/militares\/"},"img":{"alt_text":"John D. Caine","src":"https:\/\/i0.wp.com\/lasprimeras.com.do\/wp-content\/uploads\/2026\/02\/John-D.-Caine.jpg?resize=350%2C200&ssl=1","width":350,"height":200,"srcset":"https:\/\/i0.wp.com\/lasprimeras.com.do\/wp-content\/uploads\/2026\/02\/John-D.-Caine.jpg?resize=350%2C200&ssl=1 1x, https:\/\/i0.wp.com\/lasprimeras.com.do\/wp-content\/uploads\/2026\/02\/John-D.-Caine.jpg?resize=525%2C300&ssl=1 1.5x, https:\/\/i0.wp.com\/lasprimeras.com.do\/wp-content\/uploads\/2026\/02\/John-D.-Caine.jpg?resize=700%2C400&ssl=1 2x"},"classes":[]},{"id":110638,"url":"https:\/\/lasprimeras.com.do\/index.php\/2025\/09\/30\/trump-y-hegseth-declaran-el-fin-de-lo-politicamente-correcto-en-el-ejercito-de-eeuu\/","url_meta":{"origin":115866,"position":1},"title":"Trump y Hegseth declaran el fin de lo \u201cpol\u00edticamente correcto\u201d en el Ej\u00e9rcito de EEUU","author":"Nelson Feliz","date":"30 de septiembre de 2025","format":false,"excerpt":"POR BEN FINLEY, KONSTANTIN TOROPIN and EVAN VUCCI QUANTICO, Virginia, EE.UU. (AP) \u2014 El presidente Donald Trump y el secretario de Defensa, Pete Hegseth, declararon el fin de la cultura \u201cwoke\u201d en el Ej\u00e9rcito y apuntaron a otras pol\u00edticas de administraciones pasadas el martes ante cientos de altos funcionarios militares\u2026","rel":"","context":"En \u00abINTERNACIONALES\u00bb","block_context":{"text":"INTERNACIONALES","link":"https:\/\/lasprimeras.com.do\/index.php\/category\/sin-categoria\/internacionales\/"},"img":{"alt_text":"","src":"https:\/\/i0.wp.com\/lasprimeras.com.do\/wp-content\/uploads\/2025\/09\/Donald-Trump-4.jpg?resize=350%2C200&ssl=1","width":350,"height":200,"srcset":"https:\/\/i0.wp.com\/lasprimeras.com.do\/wp-content\/uploads\/2025\/09\/Donald-Trump-4.jpg?resize=350%2C200&ssl=1 1x, https:\/\/i0.wp.com\/lasprimeras.com.do\/wp-content\/uploads\/2025\/09\/Donald-Trump-4.jpg?resize=525%2C300&ssl=1 1.5x, https:\/\/i0.wp.com\/lasprimeras.com.do\/wp-content\/uploads\/2025\/09\/Donald-Trump-4.jpg?resize=700%2C400&ssl=1 2x"},"classes":[]},{"id":93908,"url":"https:\/\/lasprimeras.com.do\/index.php\/2025\/02\/23\/lideres-de-francia-y-reino-unido-viajan-a-washington-para-instar-a-trump-a-no-abandonar-ucrania\/","url_meta":{"origin":115866,"position":2},"title":"L\u00edderes de Francia y Reino Unido viajan a Washington para instar a Trump a no abandonar Ucrania","author":"Nelson Feliz","date":"23 de febrero de 2025","format":false,"excerpt":"POR JILL LAWLESS and SYLVIE CORBET LONDRES (AP) \u2014 Los l\u00edderes de Francia y Reino Unido har\u00e1n visitas conjuntas a Washington esta semana, mientras Europa intenta persuadir al presidente Donald Trump de que no abandone a Ucrania en busca de un acuerdo de paz en la guerra de tres a\u00f1os\u2026","rel":"","context":"En \u00abINTERNACIONALES\u00bb","block_context":{"text":"INTERNACIONALES","link":"https:\/\/lasprimeras.com.do\/index.php\/category\/sin-categoria\/internacionales\/"},"img":{"alt_text":"","src":"https:\/\/i0.wp.com\/lasprimeras.com.do\/wp-content\/uploads\/2025\/02\/Keir-Starmer-y-Emmanuel-Macron.jpg?resize=350%2C200&ssl=1","width":350,"height":200,"srcset":"https:\/\/i0.wp.com\/lasprimeras.com.do\/wp-content\/uploads\/2025\/02\/Keir-Starmer-y-Emmanuel-Macron.jpg?resize=350%2C200&ssl=1 1x, https:\/\/i0.wp.com\/lasprimeras.com.do\/wp-content\/uploads\/2025\/02\/Keir-Starmer-y-Emmanuel-Macron.jpg?resize=525%2C300&ssl=1 1.5x, https:\/\/i0.wp.com\/lasprimeras.com.do\/wp-content\/uploads\/2025\/02\/Keir-Starmer-y-Emmanuel-Macron.jpg?resize=700%2C400&ssl=1 2x"},"classes":[]},{"id":93291,"url":"https:\/\/lasprimeras.com.do\/index.php\/2025\/02\/06\/eeuu-incautaria-avion-de-maduro-retenido-en-rd-durante-visita-de-rubio\/","url_meta":{"origin":115866,"position":3},"title":"EEUU incautar\u00eda avi\u00f3n de Maduro retenido en RD durante visita de Rubio","author":"Nelson Feliz","date":"6 de febrero de 2025","format":false,"excerpt":"El gobierno del presidente estadounidense Donald Trump planea confiscar un segundo avi\u00f3n perteneciente al gobierno del mandatario venezolano Nicol\u00e1s Maduro que actualmente se encuentra en la Rep\u00fablica Dominicana. El secretario de Estado Marco Rubio pretende anunciar la incautaci\u00f3n el jueves durante una visita a Santo Domingo, la \u00faltima parada de\u2026","rel":"","context":"En \u00abNACIONALES\u00bb","block_context":{"text":"NACIONALES","link":"https:\/\/lasprimeras.com.do\/index.php\/category\/nacionales\/"},"img":{"alt_text":"","src":"https:\/\/i0.wp.com\/lasprimeras.com.do\/wp-content\/uploads\/2025\/02\/mm.jpg?resize=350%2C200&ssl=1","width":350,"height":200,"srcset":"https:\/\/i0.wp.com\/lasprimeras.com.do\/wp-content\/uploads\/2025\/02\/mm.jpg?resize=350%2C200&ssl=1 1x, https:\/\/i0.wp.com\/lasprimeras.com.do\/wp-content\/uploads\/2025\/02\/mm.jpg?resize=525%2C300&ssl=1 1.5x, https:\/\/i0.wp.com\/lasprimeras.com.do\/wp-content\/uploads\/2025\/02\/mm.jpg?resize=700%2C400&ssl=1 2x"},"classes":[]},{"id":96640,"url":"https:\/\/lasprimeras.com.do\/index.php\/2025\/04\/05\/zelenskyy-se-reune-con-lideres-militares-europeos\/","url_meta":{"origin":115866,"position":4},"title":"Zelenskyy se re\u00fane con l\u00edderes militares europeos","author":"Nelson Feliz","date":"5 de abril de 2025","format":false,"excerpt":"Planifica fuerza de mantenimiento de la paz KIEV, Ucrania (AP) \u2014 El presidente ucraniano Volodymyr Zelenskyy se reuni\u00f3 el s\u00e1bado en Kiev con los l\u00edderes de las fuerzas armadas brit\u00e1nicas y francesas para discutir el posible despliegue de una fuerza multinacional de mantenimiento de la paz en Ucrania, a pesar\u2026","rel":"","context":"En \u00abINTERNACIONALES\u00bb","block_context":{"text":"INTERNACIONALES","link":"https:\/\/lasprimeras.com.do\/index.php\/category\/sin-categoria\/internacionales\/"},"img":{"alt_text":"","src":"https:\/\/i0.wp.com\/lasprimeras.com.do\/wp-content\/uploads\/2025\/04\/ataque-2.jpg?resize=350%2C200&ssl=1","width":350,"height":200,"srcset":"https:\/\/i0.wp.com\/lasprimeras.com.do\/wp-content\/uploads\/2025\/04\/ataque-2.jpg?resize=350%2C200&ssl=1 1x, https:\/\/i0.wp.com\/lasprimeras.com.do\/wp-content\/uploads\/2025\/04\/ataque-2.jpg?resize=525%2C300&ssl=1 1.5x, https:\/\/i0.wp.com\/lasprimeras.com.do\/wp-content\/uploads\/2025\/04\/ataque-2.jpg?resize=700%2C400&ssl=1 2x"},"classes":[]},{"id":117344,"url":"https:\/\/lasprimeras.com.do\/index.php\/2025\/12\/10\/eeuu-envia-2-aviones-de-combate-al-golfo-de-venezuela\/","url_meta":{"origin":115866,"position":5},"title":"EEUU env\u00eda 2 aviones de combate al Golfo de Venezuela","author":"Nelson Feliz","date":"10 de diciembre de 2025","format":false,"excerpt":"Sigue escrutinio por ataques a botes. POR KONSTANTIN TOROPIN WASHINGTON (AP) \u2014 El ej\u00e9rcito de Estados Unidos vol\u00f3 un par de aviones de combate sobre el Golfo de Venezuela en lo que parece ser la aproximaci\u00f3n m\u00e1s cercana de aeronaves de guerra estadounidenses al espacio a\u00e9reo del pa\u00eds sudamericano desde\u2026","rel":"","context":"En \u00abINTERNACIONALES\u00bb","block_context":{"text":"INTERNACIONALES","link":"https:\/\/lasprimeras.com.do\/index.php\/category\/sin-categoria\/internacionales\/"},"img":{"alt_text":"EEUU env\u00eda 2 aviones de combate al Golfo de Venezuela","src":"https:\/\/i0.wp.com\/lasprimeras.com.do\/wp-content\/uploads\/2025\/12\/EEUU-envia-2-aviones-de-combate-al-Golfo-de-Venezuela.jpg?resize=350%2C200&ssl=1","width":350,"height":200,"srcset":"https:\/\/i0.wp.com\/lasprimeras.com.do\/wp-content\/uploads\/2025\/12\/EEUU-envia-2-aviones-de-combate-al-Golfo-de-Venezuela.jpg?resize=350%2C200&ssl=1 1x, https:\/\/i0.wp.com\/lasprimeras.com.do\/wp-content\/uploads\/2025\/12\/EEUU-envia-2-aviones-de-combate-al-Golfo-de-Venezuela.jpg?resize=525%2C300&ssl=1 1.5x, https:\/\/i0.wp.com\/lasprimeras.com.do\/wp-content\/uploads\/2025\/12\/EEUU-envia-2-aviones-de-combate-al-Golfo-de-Venezuela.jpg?resize=700%2C400&ssl=1 2x"},"classes":[]}],"jetpack_sharing_enabled":true,"_links":{"self":[{"href":"https:\/\/lasprimeras.com.do\/index.php\/wp-json\/wp\/v2\/posts\/115866","targetHints":{"allow":["GET"]}}],"collection":[{"href":"https:\/\/lasprimeras.com.do\/index.php\/wp-json\/wp\/v2\/posts"}],"about":[{"href":"https:\/\/lasprimeras.com.do\/index.php\/wp-json\/wp\/v2\/types\/post"}],"author":[{"embeddable":true,"href":"https:\/\/lasprimeras.com.do\/index.php\/wp-json\/wp\/v2\/users\/10"}],"replies":[{"embeddable":true,"href":"https:\/\/lasprimeras.com.do\/index.php\/wp-json\/wp\/v2\/comments?post=115866"}],"version-history":[{"count":1,"href":"https:\/\/lasprimeras.com.do\/index.php\/wp-json\/wp\/v2\/posts\/115866\/revisions"}],"predecessor-version":[{"id":115868,"href":"https:\/\/lasprimeras.com.do\/index.php\/wp-json\/wp\/v2\/posts\/115866\/revisions\/115868"}],"wp:featuredmedia":[{"embeddable":true,"href":"https:\/\/lasprimeras.com.do\/index.php\/wp-json\/wp\/v2\/media\/115867"}],"wp:attachment":[{"href":"https:\/\/lasprimeras.com.do\/index.php\/wp-json\/wp\/v2\/media?parent=115866"}],"wp:term":[{"taxonomy":"category","embeddable":true,"href":"https:\/\/lasprimeras.com.do\/index.php\/wp-json\/wp\/v2\/categories?post=115866"},{"taxonomy":"post_tag","embeddable":true,"href":"https:\/\/lasprimeras.com.do\/index.php\/wp-json\/wp\/v2\/tags?post=115866"}],"curies":[{"name":"wp","href":"https:\/\/api.w.org\/{rel}","templated":true}]}}