{"id":115869,"date":"2025-11-25T20:53:43","date_gmt":"2025-11-26T00:53:43","guid":{"rendered":"https:\/\/lasprimeras.com.do\/?p=115869"},"modified":"2025-11-25T20:53:45","modified_gmt":"2025-11-26T00:53:45","slug":"seguidores-del-presidente-nicolas-maduro-marchan-en-venezuela-en-medio-de-tensiones-con-eeuu","status":"publish","type":"post","link":"https:\/\/lasprimeras.com.do\/index.php\/2025\/11\/25\/seguidores-del-presidente-nicolas-maduro-marchan-en-venezuela-en-medio-de-tensiones-con-eeuu\/","title":{"rendered":"Seguidores del presidente Nicol\u00e1s Maduro marchan en Venezuela en medio de tensiones con EEUU"},"content":{"rendered":"\n<p>CARACAS (AP) \u2014 Con banderas de su pa\u00eds, los seguidores del gobierno venezolano marcharon el martes por las calles del suroeste de Caracas en apoyo al presidente Nicol\u00e1s Maduro y para rememorar las gestas independentistas del siglo XIX en medio de tensiones con Estados Unidos, pa\u00eds al que Venezuela se\u00f1ala de planear un ataque militar para provocar un cambio de r\u00e9gimen en el pa\u00eds sudamericano.<\/p>\n\n\n\n<p>\u201cNosotros tenemos que ser capaces de defender cada palmo de esta tierra bendita de cualquier amenaza o agresi\u00f3n imperialista, venga de donde venga\u201d, dijo Maduro, vestido con traje camuflado, en la Academia Militar de Venezuela, luego de incorporarse en el \u00faltimo tramo de la llamada movilizaci\u00f3n \u201cc\u00edvico, militar y policial\u201d.<\/p>\n\n\n\n<p>\u201cProhibido fallar en esta coyuntura decisiva para la existencia de la Rep\u00fablica\u201d, agreg\u00f3.<\/p>\n\n\n\n<p>La marcha se produjo en momentos de crecientes tensiones tras el despliegue desde septiembre de fuerzas militares estadounidenses que ejecutan una serie de ataques contra embarcaciones sospechosas de traficar drogas en aguas internacionales del Caribe y el oc\u00e9ano Pac\u00edfico, incluidas varias embarcaciones que, afirman, partieron de Venezuela. Al menos 80 personas han muerto.<\/p>\n\n\n\n<p>La administraci\u00f3n del presidente Donald Trump dice que el despliegue naval busca combatir las amenazas de los c\u00e1rteles de drogas latinoamericanos. Maduro, por su parte, describe el despliegue como un ataque a la soberan\u00eda de la naci\u00f3n y parte de un esfuerzo por derrocarlo.<\/p>\n\n\n\n<p>La caminata, seg\u00fan los organizadores del oficialismo, ten\u00eda como prop\u00f3sito reafirmar el \u201cesp\u00edritu antiimperialista\u201d de la llamada \u201cRevoluci\u00f3n Bolivariana\u201d, el proyecto pol\u00edtico ideado por el ahora fallecido presidente Hugo Ch\u00e1vez, antecesor y mentor pol\u00edtico de Maduro.<\/p>\n\n\n\n<p>Durante el recorrido, sobre un caballo blanco, fue exhibida la espada enjoyada conocida como \u201cSol del Per\u00fa\u201d del pr\u00f3cer de la independencia sudamericana Sim\u00f3n Bol\u00edvar, un regalo de la municipalidad de Lima en 1825 en reconocimiento a sus victorias en las batallas de Jun\u00edn y Ayacucho.<\/p>\n\n\n\n<p>En vida el entonces presidente Ch\u00e1vez dec\u00eda que Bol\u00edvar era m\u00e1s que un Libertador que deb\u00eda ser homenajeado. Afirmaba que representaba el \u00edcono y la inspiraci\u00f3n de la que llam\u00f3 su \u201crevoluci\u00f3n\u201d socialista.<\/p>\n\n\n\n<p>Ch\u00e1vez, quien muri\u00f3 el 5 de marzo de 2013, se consideraba a s\u00ed mismo disc\u00edpulo moderno de Bol\u00edvar, por lo que encontraba paralelismos entre los esfuerzos de su h\u00e9roe para liberar a Sudam\u00e9rica del dominio espa\u00f1ol y su propia lucha para desafiar la influencia estadounidense en la regi\u00f3n.<\/p>\n","protected":false},"excerpt":{"rendered":"<p>CARACAS (AP) \u2014 Con banderas de su pa\u00eds, los seguidores del gobierno venezolano marcharon el martes por las calles del suroeste de Caracas en apoyo al presidente Nicol\u00e1s Maduro y&hellip;<\/p>\n","protected":false},"author":10,"featured_media":115870,"comment_status":"open","ping_status":"open","sticky":false,"template":"","format":"standard","meta":{"content-type":"","jetpack_post_was_ever_published":false,"_jetpack_newsletter_access":"","_jetpack_dont_email_post_to_subs":false,"_jetpack_newsletter_tier_id":0,"_jetpack_memberships_contains_paywalled_content":false,"_jetpack_memberships_contains_paid_content":false,"footnotes":""},"categories":[16289],"tags":[979,3108,15768,1604,935,2093,5223,420],"class_list":["post-115869","post","type-post","status-publish","format-standard","has-post-thumbnail","hentry","category-internacionales","tag-eeuu","tag-marchan","tag-medio","tag-nicolas-maduro","tag-presidente","tag-seguidores","tag-tensiones","tag-venezuela"],"jetpack_featured_media_url":"https:\/\/lasprimeras.com.do\/wp-content\/uploads\/2025\/11\/vene.jpg","jetpack-related-posts":[{"id":118778,"url":"https:\/\/lasprimeras.com.do\/index.php\/2026\/01\/03\/el-mundo-bajo-tension-maxima-tras-las-impactantes-declaraciones-de-trump-sobre-la-captura-de-nicolas-maduro\/","url_meta":{"origin":115869,"position":0},"title":"El mundo bajo tensi\u00f3n m\u00e1xima tras las impactantes declaraciones de Trump sobre la captura de Nicol\u00e1s Maduro","author":"Nelson Feliz","date":"3 de enero de 2026","format":false,"excerpt":"El mundo entero est\u00e1 en m\u00e1xima tensi\u00f3n tras las impactantes declaraciones del presidente de Estados Unidos, Donald Trump, quien asegur\u00f3 que fuerzas estadounidenses habr\u00edan ejecutado una operaci\u00f3n militar en Venezuela y capturado al presidente Nicol\u00e1s Maduro y a su esposa, traslad\u00e1ndolos fuera del pa\u00eds por v\u00eda a\u00e9rea. Seg\u00fan estas informaciones,\u2026","rel":"","context":"En \u00abINTERNACIONALES\u00bb","block_context":{"text":"INTERNACIONALES","link":"https:\/\/lasprimeras.com.do\/index.php\/category\/sin-categoria\/internacionales\/"},"img":{"alt_text":"Donald Trump","src":"https:\/\/i0.wp.com\/lasprimeras.com.do\/wp-content\/uploads\/2026\/01\/Donald-Trump-1.jpg?resize=350%2C200&ssl=1","width":350,"height":200,"srcset":"https:\/\/i0.wp.com\/lasprimeras.com.do\/wp-content\/uploads\/2026\/01\/Donald-Trump-1.jpg?resize=350%2C200&ssl=1 1x, https:\/\/i0.wp.com\/lasprimeras.com.do\/wp-content\/uploads\/2026\/01\/Donald-Trump-1.jpg?resize=525%2C300&ssl=1 1.5x, https:\/\/i0.wp.com\/lasprimeras.com.do\/wp-content\/uploads\/2026\/01\/Donald-Trump-1.jpg?resize=700%2C400&ssl=1 2x"},"classes":[]},{"id":118776,"url":"https:\/\/lasprimeras.com.do\/index.php\/2026\/01\/03\/la-embajada-de-ee-uu-en-republica-dominicana-sobre-captura-de-nicolas-maduro-que-ejecuto-con-exito\/","url_meta":{"origin":115869,"position":1},"title":"La Embajada de EE.UU. en Rep\u00fablica Dominicana sobre captura de Nicol\u00e1s Maduro, que ejecut\u00f3 con \u00e9xito","author":"Nelson Feliz","date":"3 de enero de 2026","format":false,"excerpt":"La ofensiva se produce tras meses de tensiones entre Washington y Caracas, marcados por el despliegue militar estadounidense en el Caribe y las denuncias del gobierno venezolano sobre amenazas de intervenci\u00f3n. La Casa Blanca anunci\u00f3 este s\u00e1bado que Estados Unidos ejecut\u00f3 con \u00e9xito un ataque militar de gran escala contra\u2026","rel":"","context":"En \u00abNACIONALES\u00bb","block_context":{"text":"NACIONALES","link":"https:\/\/lasprimeras.com.do\/index.php\/category\/nacionales\/"},"img":{"alt_text":"","src":"https:\/\/i0.wp.com\/lasprimeras.com.do\/wp-content\/uploads\/2025\/01\/Embajada-de-EE.UU_.-en-RD.jpg?resize=350%2C200&ssl=1","width":350,"height":200,"srcset":"https:\/\/i0.wp.com\/lasprimeras.com.do\/wp-content\/uploads\/2025\/01\/Embajada-de-EE.UU_.-en-RD.jpg?resize=350%2C200&ssl=1 1x, https:\/\/i0.wp.com\/lasprimeras.com.do\/wp-content\/uploads\/2025\/01\/Embajada-de-EE.UU_.-en-RD.jpg?resize=525%2C300&ssl=1 1.5x"},"classes":[]},{"id":111217,"url":"https:\/\/lasprimeras.com.do\/index.php\/2025\/10\/06\/venezuela-denuncia-supuesto-plan-de-extremistas-para-atacar-embajada-de-eeuu\/","url_meta":{"origin":115869,"position":2},"title":"Venezuela denuncia supuesto plan de \u201cextremistas\u201d para atacar embajada de EEUU","author":"Nelson Feliz","date":"6 de octubre de 2025","format":false,"excerpt":"CARACAS (AP) \u2014 Venezuela alert\u00f3 el lunes sobre un supuesto plan de extremistas para atacar con explosivos la sede de la embajada de Estados Unidos en Caracas, en medio de la creciente tensi\u00f3n bilateral por el despliegue militar de Washington en el Caribe. Jorge Rodr\u00edguez, jefe de la delegaci\u00f3n de\u2026","rel":"","context":"En \u00abINTERNACIONALES\u00bb","block_context":{"text":"INTERNACIONALES","link":"https:\/\/lasprimeras.com.do\/index.php\/category\/sin-categoria\/internacionales\/"},"img":{"alt_text":"","src":"https:\/\/i0.wp.com\/lasprimeras.com.do\/wp-content\/uploads\/2025\/08\/Nicolas-Maduro.jpg?resize=350%2C200&ssl=1","width":350,"height":200,"srcset":"https:\/\/i0.wp.com\/lasprimeras.com.do\/wp-content\/uploads\/2025\/08\/Nicolas-Maduro.jpg?resize=350%2C200&ssl=1 1x, https:\/\/i0.wp.com\/lasprimeras.com.do\/wp-content\/uploads\/2025\/08\/Nicolas-Maduro.jpg?resize=525%2C300&ssl=1 1.5x, https:\/\/i0.wp.com\/lasprimeras.com.do\/wp-content\/uploads\/2025\/08\/Nicolas-Maduro.jpg?resize=700%2C400&ssl=1 2x"},"classes":[]},{"id":118830,"url":"https:\/\/lasprimeras.com.do\/index.php\/2026\/01\/03\/brasil-considera-a-delcy-rodriguez-la-presidenta-interina-de-venezuela-en-ausencia-de-maduro-2\/","url_meta":{"origin":115869,"position":3},"title":"Brasil considera a Delcy Rodr\u00edguez la presidenta interina de Venezuela en ausencia de Maduro","author":"Nelson Feliz","date":"3 de enero de 2026","format":false,"excerpt":"\"Hay un solo presidente en el pa\u00eds, que se llama Nicol\u00e1s Maduro Moros\", expres\u00f3 en la v\u00edspera la vicepresidenta venezolana Delcy Rodr\u00edguez. Brasil, RT- El Ministerio de Relaciones Exteriores de Brasil fij\u00f3 su postura este s\u00e1bado sobre el jefe de Estado a cargo de Venezuela, tras el secuestro del presidente\u2026","rel":"","context":"En \u00abINTERNACIONALES\u00bb","block_context":{"text":"INTERNACIONALES","link":"https:\/\/lasprimeras.com.do\/index.php\/category\/sin-categoria\/internacionales\/"},"img":{"alt_text":"El presidente de Venezuela, Nicol\u00e1s Maduro (c), junto a la vicepresidenta Delcy Rodriguez (i) y la primera dama Cilia Flores (d), en Caracas, Venezuela, 24 de mayo del 2018.","src":"https:\/\/i0.wp.com\/lasprimeras.com.do\/wp-content\/uploads\/2026\/01\/vene.jpg?resize=350%2C200&ssl=1","width":350,"height":200,"srcset":"https:\/\/i0.wp.com\/lasprimeras.com.do\/wp-content\/uploads\/2026\/01\/vene.jpg?resize=350%2C200&ssl=1 1x, https:\/\/i0.wp.com\/lasprimeras.com.do\/wp-content\/uploads\/2026\/01\/vene.jpg?resize=525%2C300&ssl=1 1.5x, https:\/\/i0.wp.com\/lasprimeras.com.do\/wp-content\/uploads\/2026\/01\/vene.jpg?resize=700%2C400&ssl=1 2x"},"classes":[]},{"id":116339,"url":"https:\/\/lasprimeras.com.do\/index.php\/2025\/11\/30\/congresista-confirma-que-trump-ofrecio-a-maduro-una-salida-negociada\/","url_meta":{"origin":115869,"position":4},"title":"Congresista confirma que Trump ofreci\u00f3 a Maduro una salida negociada","author":"Nelson Feliz","date":"30 de noviembre de 2025","format":false,"excerpt":"Mar\u00eda Elvira Salazar, legisladora republicana, asegur\u00f3 que el mandatario teme abandonar Caracas. La congresista republicana Mar\u00eda Elvira Salazar afirm\u00f3 en una entrevista con Fox News que el presidente estadounidense Donald Trump sostuvo una conversaci\u00f3n con Nicol\u00e1s Maduro en la que le ofreci\u00f3 una salida negociada en medio del aumento de\u2026","rel":"","context":"En \u00abINTERNACIONALES\u00bb","block_context":{"text":"INTERNACIONALES","link":"https:\/\/lasprimeras.com.do\/index.php\/category\/sin-categoria\/internacionales\/"},"img":{"alt_text":"Mar\u00eda Elvira Salazar afirm\u00f3 en una entrevista concedida a Fox News que Donald Trump sostuvo una conversaci\u00f3n con Nicol\u00e1s Maduro en la que le ofreci\u00f3 una salida negociada. (FUENTE EXTERNA)","src":"https:\/\/i0.wp.com\/lasprimeras.com.do\/wp-content\/uploads\/2025\/11\/Maria-Elvira-Salazar.jpg?resize=350%2C200&ssl=1","width":350,"height":200,"srcset":"https:\/\/i0.wp.com\/lasprimeras.com.do\/wp-content\/uploads\/2025\/11\/Maria-Elvira-Salazar.jpg?resize=350%2C200&ssl=1 1x, https:\/\/i0.wp.com\/lasprimeras.com.do\/wp-content\/uploads\/2025\/11\/Maria-Elvira-Salazar.jpg?resize=525%2C300&ssl=1 1.5x, https:\/\/i0.wp.com\/lasprimeras.com.do\/wp-content\/uploads\/2025\/11\/Maria-Elvira-Salazar.jpg?resize=700%2C400&ssl=1 2x"},"classes":[]},{"id":118769,"url":"https:\/\/lasprimeras.com.do\/index.php\/2026\/01\/03\/chavistas-exigen-en-caracas-que-devuelvan-a-nicolas-maduro-tras-captura-por-ee-uu\/","url_meta":{"origin":115869,"position":5},"title":"Chavistas exigen en Caracas que devuelvan a Nicol\u00e1s Maduro tras captura por EE.UU.","author":"Nelson Feliz","date":"3 de enero de 2026","format":false,"excerpt":"\"Queremos a Maduro\", gritaban los chavistas concentrados en espacios cercanos al palacio presidencial de Miraflores. Caracas, EFE.- Chavistas salieron este s\u00e1bado a las calles del centro de Caracas para exigir que \"devuelvan\" al mandatario venezolano, Nicol\u00e1s Maduro, luego de que el l\u00edder estadounidense, Donald Trump, anunciara la captura del gobernante\u2026","rel":"","context":"En \u00abINTERNACIONALES\u00bb","block_context":{"text":"INTERNACIONALES","link":"https:\/\/lasprimeras.com.do\/index.php\/category\/sin-categoria\/internacionales\/"},"img":{"alt_text":"Carmen Mel\u00e9ndez","src":"https:\/\/i0.wp.com\/lasprimeras.com.do\/wp-content\/uploads\/2026\/01\/Carmen-Melendez.jpg?resize=350%2C200&ssl=1","width":350,"height":200,"srcset":"https:\/\/i0.wp.com\/lasprimeras.com.do\/wp-content\/uploads\/2026\/01\/Carmen-Melendez.jpg?resize=350%2C200&ssl=1 1x, https:\/\/i0.wp.com\/lasprimeras.com.do\/wp-content\/uploads\/2026\/01\/Carmen-Melendez.jpg?resize=525%2C300&ssl=1 1.5x, https:\/\/i0.wp.com\/lasprimeras.com.do\/wp-content\/uploads\/2026\/01\/Carmen-Melendez.jpg?resize=700%2C400&ssl=1 2x"},"classes":[]}],"jetpack_sharing_enabled":true,"_links":{"self":[{"href":"https:\/\/lasprimeras.com.do\/index.php\/wp-json\/wp\/v2\/posts\/115869","targetHints":{"allow":["GET"]}}],"collection":[{"href":"https:\/\/lasprimeras.com.do\/index.php\/wp-json\/wp\/v2\/posts"}],"about":[{"href":"https:\/\/lasprimeras.com.do\/index.php\/wp-json\/wp\/v2\/types\/post"}],"author":[{"embeddable":true,"href":"https:\/\/lasprimeras.com.do\/index.php\/wp-json\/wp\/v2\/users\/10"}],"replies":[{"embeddable":true,"href":"https:\/\/lasprimeras.com.do\/index.php\/wp-json\/wp\/v2\/comments?post=115869"}],"version-history":[{"count":1,"href":"https:\/\/lasprimeras.com.do\/index.php\/wp-json\/wp\/v2\/posts\/115869\/revisions"}],"predecessor-version":[{"id":115871,"href":"https:\/\/lasprimeras.com.do\/index.php\/wp-json\/wp\/v2\/posts\/115869\/revisions\/115871"}],"wp:featuredmedia":[{"embeddable":true,"href":"https:\/\/lasprimeras.com.do\/index.php\/wp-json\/wp\/v2\/media\/115870"}],"wp:attachment":[{"href":"https:\/\/lasprimeras.com.do\/index.php\/wp-json\/wp\/v2\/media?parent=115869"}],"wp:term":[{"taxonomy":"category","embeddable":true,"href":"https:\/\/lasprimeras.com.do\/index.php\/wp-json\/wp\/v2\/categories?post=115869"},{"taxonomy":"post_tag","embeddable":true,"href":"https:\/\/lasprimeras.com.do\/index.php\/wp-json\/wp\/v2\/tags?post=115869"}],"curies":[{"name":"wp","href":"https:\/\/api.w.org\/{rel}","templated":true}]}}