{"id":115875,"date":"2025-11-25T23:03:38","date_gmt":"2025-11-26T03:03:38","guid":{"rendered":"https:\/\/lasprimeras.com.do\/?p=115875"},"modified":"2025-11-25T23:03:41","modified_gmt":"2025-11-26T03:03:41","slug":"dga-marca-record-historico-con-700-empresas-en-el-programa-oea","status":"publish","type":"post","link":"https:\/\/lasprimeras.com.do\/index.php\/2025\/11\/25\/dga-marca-record-historico-con-700-empresas-en-el-programa-oea\/","title":{"rendered":"DGA marca r\u00e9cord hist\u00f3rico con 700 empresas en el programa OEA"},"content":{"rendered":"\n<p><strong>Nuevas empresas se suman al modelo de cumplimiento y seguridad aduanera.<\/strong><\/p>\n\n\n\n<p>La Direcci\u00f3n General de Aduanas (DGA) certific\u00f3 a 15 nuevas empresas en el programa de Operador Econ\u00f3mico Autorizado (OEA), alcanzando el pa\u00eds un hito de 700 empresas acreditadas bajo este esquema de cumplimiento y seguridad en la cadena log\u00edstica.<\/p>\n\n\n\n<p>De las nuevas certificaciones, 8 corresponden al r\u00e9gimen OEA Simplificado y 7 a la categor\u00eda OEA Internacional, fortaleciendo la confianza y la transparencia de las operaciones comerciales del pa\u00eds.<\/p>\n\n\n<div class=\"wp-block-image\">\n<figure class=\"alignleft size-full is-resized\"><img decoding=\"async\" width=\"900\" height=\"619\" src=\"https:\/\/lasprimeras.com.do\/wp-content\/uploads\/2025\/11\/Yayo-Sanz-Lovaton.jpg\" alt=\"\" class=\"wp-image-115877\" style=\"width:408px;height:auto\" srcset=\"https:\/\/lasprimeras.com.do\/wp-content\/uploads\/2025\/11\/Yayo-Sanz-Lovaton.jpg 900w, https:\/\/lasprimeras.com.do\/wp-content\/uploads\/2025\/11\/Yayo-Sanz-Lovaton-300x206.jpg 300w, https:\/\/lasprimeras.com.do\/wp-content\/uploads\/2025\/11\/Yayo-Sanz-Lovaton-768x528.jpg 768w\" sizes=\"(max-width: 900px) 100vw, 900px\" \/><\/figure>\n<\/div>\n\n\n<p>Al encabezar el acto, el director general de Aduanas, Yayo Sanz Lovat\u00f3n, destac\u00f3 que \u201cel programa OEA demuestra lo mejor que podemos hacer como Estado dominicano.<\/p>\n\n\n\n<p>Hoy, al superar la cifra de 700 certificaciones, reafirmamos que somos l\u00edderes en la regi\u00f3n, capaces de hacer las cosas con integridad, continuidad y excelencia\u201d.<\/p>\n\n\n\n<p>Sanz Lovat\u00f3n expres\u00f3 que \u201ceste avance refleja el futuro del comercio dominicano\u201d, al consolidar un sistema m\u00e1s seguro, competitivo y confiable para los socios comerciales del pa\u00eds.<\/p>\n\n\n\n<p>El director tambi\u00e9n resalt\u00f3 la importancia de promover la certificaci\u00f3n entre m\u00e1s empresas: \u201cD\u00edganle a sus socios, a sus clientes. Cada certificado OEA es una prueba de que se pueden hacer negocios con seguridad, planificaci\u00f3n y confianza\u201d.<\/p>\n\n\n\n<p>Durante la entrega, 29 empresas renovaron sus certificados, los cuales son revisados cada dos a\u00f1os. De estas, 11 revalidaron su estatus Simplificado y 18 su categor\u00eda Internacional.<\/p>\n\n\n<div class=\"wp-block-image\">\n<figure class=\"alignright size-full is-resized\"><img decoding=\"async\" width=\"900\" height=\"599\" src=\"https:\/\/lasprimeras.com.do\/wp-content\/uploads\/2025\/11\/Lucia-Zorrilla.jpg\" alt=\"\" class=\"wp-image-115878\" style=\"width:427px;height:auto\" srcset=\"https:\/\/lasprimeras.com.do\/wp-content\/uploads\/2025\/11\/Lucia-Zorrilla.jpg 900w, https:\/\/lasprimeras.com.do\/wp-content\/uploads\/2025\/11\/Lucia-Zorrilla-300x200.jpg 300w, https:\/\/lasprimeras.com.do\/wp-content\/uploads\/2025\/11\/Lucia-Zorrilla-768x511.jpg 768w\" sizes=\"(max-width: 900px) 100vw, 900px\" \/><\/figure>\n<\/div>\n\n\n<p>La subdirectora general de Aduanas, Luc\u00eda Zorrilla, felicit\u00f3 a las empresas acreditadas y reconoci\u00f3 el trabajo del equipo del programa OEA, destacando que esta certificaci\u00f3n acredita \u201cel cumplimiento de est\u00e1ndares de seguridad, integridad y buenas pr\u00e1cticas empresariales\u201d.<\/p>\n\n\n\n<p>Se\u00f1al\u00f3 que el programa avanza gracias al trabajo conjunto entre la Aduana y el sector privado, promoviendo una cultura de cumplimiento voluntario y colaboraci\u00f3n permanente.<\/p>\n\n\n\n<p>En representaci\u00f3n de las empresas revalidadas, Manuel Machado, gerente general de Almafr\u00edo SRL, dio testimonio sobre como la certificaci\u00f3n OEA ha sido determinante para fortalecer los procesos log\u00edsticos y operativos de la compa\u00f1\u00eda.<\/p>\n\n\n\n<figure class=\"wp-block-image size-full\"><img decoding=\"async\" width=\"900\" height=\"599\" src=\"https:\/\/lasprimeras.com.do\/wp-content\/uploads\/2025\/11\/publico.jpg\" alt=\"\" class=\"wp-image-115879\" srcset=\"https:\/\/lasprimeras.com.do\/wp-content\/uploads\/2025\/11\/publico.jpg 900w, https:\/\/lasprimeras.com.do\/wp-content\/uploads\/2025\/11\/publico-300x200.jpg 300w, https:\/\/lasprimeras.com.do\/wp-content\/uploads\/2025\/11\/publico-768x511.jpg 768w\" sizes=\"(max-width: 900px) 100vw, 900px\" \/><\/figure>\n\n\n\n<p>\u201cGracias a este programa hemos logrado reducir costos, optimizar procesos y mejorar los tiempos de nuestra cadena log\u00edstica. Esto se traduce en mayor calidad, precisi\u00f3n y seguridad para nuestros clientes\u201d, indic\u00f3 Machado.<\/p>\n\n\n\n<figure class=\"wp-block-image size-full\"><img decoding=\"async\" width=\"900\" height=\"599\" src=\"https:\/\/lasprimeras.com.do\/wp-content\/uploads\/2025\/11\/tres-3.jpg\" alt=\"\" class=\"wp-image-115880\" srcset=\"https:\/\/lasprimeras.com.do\/wp-content\/uploads\/2025\/11\/tres-3.jpg 900w, https:\/\/lasprimeras.com.do\/wp-content\/uploads\/2025\/11\/tres-3-300x200.jpg 300w, https:\/\/lasprimeras.com.do\/wp-content\/uploads\/2025\/11\/tres-3-768x511.jpg 768w\" sizes=\"(max-width: 900px) 100vw, 900px\" \/><\/figure>\n\n\n\n<p>Las nuevas certificaciones OEA Internacional fueron otorgadas a las empresas: Comercial Abreu, Congelados Express AH SRL, Congelados AM, Distribuidora de Equipos Industriales y de Seguridad, Reid &amp; Compa\u00f1\u00eda S. A., Terratrans Logistics SRL y WAT Insumos.<\/p>\n\n\n\n<p>Mientras que las nuevas certificaciones OEA Simplificado correspondieron a: CCT Critical Care Technologies SRL, Corporaci\u00f3n para el Desarrollo de la Seguridad y Defensa (CODESED) SRL, Compa\u00f1\u00eda de Electricidad de Bayah\u00edbe (CEB), Conelec SRL, Daniel Espinal SAS, Dynamic Solutions Global SRL, Se\u00f1or Vino SRL y Tony Manzana SRL.<\/p>\n","protected":false},"excerpt":{"rendered":"<p>Nuevas empresas se suman al modelo de cumplimiento y seguridad aduanera. La Direcci\u00f3n General de Aduanas (DGA) certific\u00f3 a 15 nuevas empresas en el programa de Operador Econ\u00f3mico Autorizado (OEA),&hellip;<\/p>\n","protected":false},"author":10,"featured_media":115876,"comment_status":"open","ping_status":"open","sticky":false,"template":"","format":"standard","meta":{"content-type":"","jetpack_post_was_ever_published":false,"_jetpack_newsletter_access":"","_jetpack_dont_email_post_to_subs":false,"_jetpack_newsletter_tier_id":0,"_jetpack_memberships_contains_paywalled_content":false,"_jetpack_memberships_contains_paid_content":false,"footnotes":""},"categories":[39],"tags":[27790,3019,2745,27789,3583,198],"class_list":["post-115875","post","type-post","status-publish","format-standard","has-post-thumbnail","hentry","category-economia","tag-700-empresas","tag-dga","tag-historico","tag-marca-record","tag-oea","tag-programa"],"jetpack_featured_media_url":"https:\/\/lasprimeras.com.do\/wp-content\/uploads\/2025\/11\/principal.jpg","jetpack-related-posts":[{"id":78863,"url":"https:\/\/lasprimeras.com.do\/index.php\/2024\/03\/21\/direccion-aduanas-certifica-22-empresas\/","url_meta":{"origin":115875,"position":0},"title":"Direcci\u00f3n Aduanas certifica 22 empresas","author":"BIMARY DE JES\u00daS Matos","date":"21 de marzo de 2024","format":false,"excerpt":"Santo Domingo.-Comercio. La Direcci\u00f3n General de Aduanas (DGA) certific\u00f3 22 empresas como Operador Econ\u00f3mico Autorizado (OEA), con el prop\u00f3sito de asegurar y facilitar el comercio internacional, adem\u00e1s de consolidar la confianza en la seguridad de la cadena log\u00edstica de Rep\u00fablica Dominicana. El Programa OEA ha certificado en tres a\u00f1os 313\u2026","rel":"","context":"En \u00abNACIONALES\u00bb","block_context":{"text":"NACIONALES","link":"https:\/\/lasprimeras.com.do\/index.php\/category\/nacionales\/"},"img":{"alt_text":"","src":"https:\/\/i0.wp.com\/lasprimeras.com.do\/wp-content\/uploads\/2024\/03\/WhatsApp-Image-2024-03-20-at-7.40.02-AM-2-scaled.jpeg?resize=350%2C200&ssl=1","width":350,"height":200,"srcset":"https:\/\/i0.wp.com\/lasprimeras.com.do\/wp-content\/uploads\/2024\/03\/WhatsApp-Image-2024-03-20-at-7.40.02-AM-2-scaled.jpeg?resize=350%2C200&ssl=1 1x, https:\/\/i0.wp.com\/lasprimeras.com.do\/wp-content\/uploads\/2024\/03\/WhatsApp-Image-2024-03-20-at-7.40.02-AM-2-scaled.jpeg?resize=525%2C300&ssl=1 1.5x, https:\/\/i0.wp.com\/lasprimeras.com.do\/wp-content\/uploads\/2024\/03\/WhatsApp-Image-2024-03-20-at-7.40.02-AM-2-scaled.jpeg?resize=700%2C400&ssl=1 2x, https:\/\/i0.wp.com\/lasprimeras.com.do\/wp-content\/uploads\/2024\/03\/WhatsApp-Image-2024-03-20-at-7.40.02-AM-2-scaled.jpeg?resize=1050%2C600&ssl=1 3x, https:\/\/i0.wp.com\/lasprimeras.com.do\/wp-content\/uploads\/2024\/03\/WhatsApp-Image-2024-03-20-at-7.40.02-AM-2-scaled.jpeg?resize=1400%2C800&ssl=1 4x"},"classes":[]},{"id":107474,"url":"https:\/\/lasprimeras.com.do\/index.php\/2025\/08\/27\/dga-y-hit-anuncian-horario-extendido-en-puerto-rio-haina\/","url_meta":{"origin":115875,"position":1},"title":"DGA y HIT anuncian horario extendido en Puerto R\u00edo Haina","author":"Nelson Feliz","date":"27 de agosto de 2025","format":false,"excerpt":"Hasta la fecha, el programa Despacho en 24 Horas (D24H), ha generado m\u00e1s de RD$1,700 millones en ahorros a los contribuyentes, as\u00ed como el incremento en la capacidad operativa. La Direcci\u00f3n General de Aduanas (DGA) y HIT Puerto R\u00edo Haina, anunciaron la implementaci\u00f3n del nuevo horario Extendido 24 horas en\u2026","rel":"","context":"En \u00abECONOM\u00cdA\u00bb","block_context":{"text":"ECONOM\u00cdA","link":"https:\/\/lasprimeras.com.do\/index.php\/category\/economia\/"},"img":{"alt_text":"De izquierda a derecha: Juan Vicens, asesor de la Direcci\u00f3n General de Aduanas; Alvin Bautista, administrador de Aduanas en HIT; Raquel Soriano, gerente de Inteligencia en DGA; Armando Rivas, vicepresidente de operaciones de HIT; Yayo Sanz Lovat\u00f3n, director general DGA; Erick Alma, CEO de HIT; Amada M\u00e9ndez, gerente de Recursos Humanos DGA; Daniel Pe\u00f1a, subdirector en DGA y Elvyn G\u00f3mez, asesor de Tecnolog\u00eda en DGA.","src":"https:\/\/i0.wp.com\/lasprimeras.com.do\/wp-content\/uploads\/2025\/08\/dga.jpg?resize=350%2C200&ssl=1","width":350,"height":200,"srcset":"https:\/\/i0.wp.com\/lasprimeras.com.do\/wp-content\/uploads\/2025\/08\/dga.jpg?resize=350%2C200&ssl=1 1x, https:\/\/i0.wp.com\/lasprimeras.com.do\/wp-content\/uploads\/2025\/08\/dga.jpg?resize=525%2C300&ssl=1 1.5x, https:\/\/i0.wp.com\/lasprimeras.com.do\/wp-content\/uploads\/2025\/08\/dga.jpg?resize=700%2C400&ssl=1 2x"},"classes":[]},{"id":59529,"url":"https:\/\/lasprimeras.com.do\/index.php\/2023\/09\/05\/direccion-general-de-aduanas-llama-a-proceso-de-otorgamiento-de-licencias\/","url_meta":{"origin":115875,"position":2},"title":"Direcci\u00f3n General de Aduanas llama a proceso de otorgamiento de licencias","author":"Nelson Feliz","date":"5 de septiembre de 2023","format":false,"excerpt":"La Direcci\u00f3n General de Aduanas (DGA) anunci\u00f3 la puesta en marcha de un plan de trabajo, acorde al programa de gobierno \u201cBurocracia Cero\u201d para mejorar, eficientizar, transparentar y acelerar la expedici\u00f3n de las licencias que otorga la entidad a los operadores aduaneros. Con el prop\u00f3sito de informar al p\u00fablico en\u2026","rel":"","context":"En \u00abECONOM\u00cdA\u00bb","block_context":{"text":"ECONOM\u00cdA","link":"https:\/\/lasprimeras.com.do\/index.php\/category\/economia\/"},"img":{"alt_text":"DGA","src":"https:\/\/i0.wp.com\/lasprimeras.com.do\/wp-content\/uploads\/2023\/09\/DGA.jpg?resize=350%2C200&ssl=1","width":350,"height":200,"srcset":"https:\/\/i0.wp.com\/lasprimeras.com.do\/wp-content\/uploads\/2023\/09\/DGA.jpg?resize=350%2C200&ssl=1 1x, https:\/\/i0.wp.com\/lasprimeras.com.do\/wp-content\/uploads\/2023\/09\/DGA.jpg?resize=525%2C300&ssl=1 1.5x, https:\/\/i0.wp.com\/lasprimeras.com.do\/wp-content\/uploads\/2023\/09\/DGA.jpg?resize=700%2C400&ssl=1 2x"},"classes":[]},{"id":101489,"url":"https:\/\/lasprimeras.com.do\/index.php\/2025\/06\/22\/jce-firma-acuerdo-con-la-oea-y-otro-con-ifes-para-el-plan-estrategico-2024-2028\/","url_meta":{"origin":115875,"position":3},"title":"JCE firma acuerdo con la OEA y otro con IFES para el Plan Estrat\u00e9gico 2024-2028","author":"Nelson Feliz","date":"22 de junio de 2025","format":false,"excerpt":"JCE firma acuerdo con la OEA para la norma ISO Antisoborno y otro con IFES para el Plan Estrat\u00e9gico 2024-2028 Una comisi\u00f3n de la Junta Central Electoral (JCE), encabezada por su presidente, Rom\u00e1n Andr\u00e9s J\u00e1quez Liranzo e integrada por la miembro titular del Pleno Hirayda Marcelle Fern\u00e1ndez Guzm\u00e1n y por\u2026","rel":"","context":"En \u00abNACIONALES\u00bb","block_context":{"text":"NACIONALES","link":"https:\/\/lasprimeras.com.do\/index.php\/category\/nacionales\/"},"img":{"alt_text":"","src":"https:\/\/i0.wp.com\/lasprimeras.com.do\/wp-content\/uploads\/2025\/06\/jce.jpg?resize=350%2C200&ssl=1","width":350,"height":200,"srcset":"https:\/\/i0.wp.com\/lasprimeras.com.do\/wp-content\/uploads\/2025\/06\/jce.jpg?resize=350%2C200&ssl=1 1x, https:\/\/i0.wp.com\/lasprimeras.com.do\/wp-content\/uploads\/2025\/06\/jce.jpg?resize=525%2C300&ssl=1 1.5x, https:\/\/i0.wp.com\/lasprimeras.com.do\/wp-content\/uploads\/2025\/06\/jce.jpg?resize=700%2C400&ssl=1 2x"},"classes":[]},{"id":65183,"url":"https:\/\/lasprimeras.com.do\/index.php\/2023\/10\/26\/jce-logra-certificaciones-en-las-normas-iso-9001-27001-y-54001\/","url_meta":{"origin":115875,"position":4},"title":"JCE logra certificaciones en las Normas ISO 9001, 27001 y 54001","author":"Nelson Feliz","date":"26 de octubre de 2023","format":false,"excerpt":"OEA dice \u00f3rgano electoral de RD es un referente regional. Certificaciones fueron entregadas por la empresa espa\u00f1ola AENOR luego de rigurosa auditor\u00eda. La Junta Central Electoral logr\u00f3 las certificaciones en las Normas ISO 9001, de Sistema de Gesti\u00f3n de Calidad; en la 27001, de Sistema de Gesti\u00f3n de la Seguridad\u2026","rel":"","context":"En \u00abNACIONALES\u00bb","block_context":{"text":"NACIONALES","link":"https:\/\/lasprimeras.com.do\/index.php\/category\/nacionales\/"},"img":{"alt_text":"Junta Central Electoral","src":"https:\/\/i0.wp.com\/lasprimeras.com.do\/wp-content\/uploads\/2023\/10\/ISO-4.jpg?resize=350%2C200&ssl=1","width":350,"height":200,"srcset":"https:\/\/i0.wp.com\/lasprimeras.com.do\/wp-content\/uploads\/2023\/10\/ISO-4.jpg?resize=350%2C200&ssl=1 1x, https:\/\/i0.wp.com\/lasprimeras.com.do\/wp-content\/uploads\/2023\/10\/ISO-4.jpg?resize=525%2C300&ssl=1 1.5x"},"classes":[]},{"id":103569,"url":"https:\/\/lasprimeras.com.do\/index.php\/2025\/07\/16\/durante-reunion-en-rd-oea-urge-renovar-instituciones-policiales-por-alza-del-crimen-en-la-region\/","url_meta":{"origin":115875,"position":5},"title":"Durante reuni\u00f3n en RD: OEA urge renovar instituciones policiales por alza del crimen en la regi\u00f3n","author":"Nelson Feliz","date":"16 de julio de 2025","format":false,"excerpt":"El representante de la OEA tambi\u00e9n destac\u00f3 que m\u00e1s de la mitad de la poblaci\u00f3n de la regi\u00f3n se siente insegura. El secretario de Seguridad Multidimensional de la Organizaci\u00f3n de Estados Americanos (OEA), Iv\u00e1n Marques, alert\u00f3 sobre el deterioro de la seguridad p\u00fablica en la regi\u00f3n y la necesidad urgente\u2026","rel":"","context":"En \u00abNACIONALES\u00bb","block_context":{"text":"NACIONALES","link":"https:\/\/lasprimeras.com.do\/index.php\/category\/nacionales\/"},"img":{"alt_text":"","src":"https:\/\/i0.wp.com\/lasprimeras.com.do\/wp-content\/uploads\/2025\/07\/OEA.jpeg?resize=350%2C200&ssl=1","width":350,"height":200,"srcset":"https:\/\/i0.wp.com\/lasprimeras.com.do\/wp-content\/uploads\/2025\/07\/OEA.jpeg?resize=350%2C200&ssl=1 1x, https:\/\/i0.wp.com\/lasprimeras.com.do\/wp-content\/uploads\/2025\/07\/OEA.jpeg?resize=525%2C300&ssl=1 1.5x, https:\/\/i0.wp.com\/lasprimeras.com.do\/wp-content\/uploads\/2025\/07\/OEA.jpeg?resize=700%2C400&ssl=1 2x, https:\/\/i0.wp.com\/lasprimeras.com.do\/wp-content\/uploads\/2025\/07\/OEA.jpeg?resize=1050%2C600&ssl=1 3x, https:\/\/i0.wp.com\/lasprimeras.com.do\/wp-content\/uploads\/2025\/07\/OEA.jpeg?resize=1400%2C800&ssl=1 4x"},"classes":[]}],"jetpack_sharing_enabled":true,"_links":{"self":[{"href":"https:\/\/lasprimeras.com.do\/index.php\/wp-json\/wp\/v2\/posts\/115875","targetHints":{"allow":["GET"]}}],"collection":[{"href":"https:\/\/lasprimeras.com.do\/index.php\/wp-json\/wp\/v2\/posts"}],"about":[{"href":"https:\/\/lasprimeras.com.do\/index.php\/wp-json\/wp\/v2\/types\/post"}],"author":[{"embeddable":true,"href":"https:\/\/lasprimeras.com.do\/index.php\/wp-json\/wp\/v2\/users\/10"}],"replies":[{"embeddable":true,"href":"https:\/\/lasprimeras.com.do\/index.php\/wp-json\/wp\/v2\/comments?post=115875"}],"version-history":[{"count":1,"href":"https:\/\/lasprimeras.com.do\/index.php\/wp-json\/wp\/v2\/posts\/115875\/revisions"}],"predecessor-version":[{"id":115881,"href":"https:\/\/lasprimeras.com.do\/index.php\/wp-json\/wp\/v2\/posts\/115875\/revisions\/115881"}],"wp:featuredmedia":[{"embeddable":true,"href":"https:\/\/lasprimeras.com.do\/index.php\/wp-json\/wp\/v2\/media\/115876"}],"wp:attachment":[{"href":"https:\/\/lasprimeras.com.do\/index.php\/wp-json\/wp\/v2\/media?parent=115875"}],"wp:term":[{"taxonomy":"category","embeddable":true,"href":"https:\/\/lasprimeras.com.do\/index.php\/wp-json\/wp\/v2\/categories?post=115875"},{"taxonomy":"post_tag","embeddable":true,"href":"https:\/\/lasprimeras.com.do\/index.php\/wp-json\/wp\/v2\/tags?post=115875"}],"curies":[{"name":"wp","href":"https:\/\/api.w.org\/{rel}","templated":true}]}}