{"id":115898,"date":"2025-11-26T07:17:41","date_gmt":"2025-11-26T11:17:41","guid":{"rendered":"https:\/\/lasprimeras.com.do\/?p=115898"},"modified":"2025-11-26T07:17:42","modified_gmt":"2025-11-26T11:17:42","slug":"videos-incendio-devora-varios-rascacielos-residenciales-en-hong-kong","status":"publish","type":"post","link":"https:\/\/lasprimeras.com.do\/index.php\/2025\/11\/26\/videos-incendio-devora-varios-rascacielos-residenciales-en-hong-kong\/","title":{"rendered":"VIDEOS: Incendio devora varios rascacielos residenciales en Hong Kong"},"content":{"rendered":"\n<p>Seg\u00fan informes, cuatro personas, incluido un bombero, han muerto y al menos otras tres resultaron heridas.<\/p>\n\n\n\n<p>CHINA, RT.-.Un feroz incendio arras\u00f3 este mi\u00e9rcoles varios edificios de un complejo residencial del distrito de Tai Po, en el norte de Hong Kong.<\/p>\n\n\n\n<figure class=\"wp-block-embed is-type-rich is-provider-twitter wp-block-embed-twitter\"><div class=\"wp-block-embed__wrapper\">\n<div class=\"embed-twitter\"><blockquote class=\"twitter-tweet\" data-width=\"500\" data-dnt=\"true\"><p lang=\"es\" dir=\"ltr\">Incendio devora varios rascacielos residenciales en Hong Kong<br><br>Un feroz incendio arras\u00f3 este mi\u00e9rcoles varios edificios de un complejo residencial del distrito de Tai Po, en el norte de Hong Kong. <a href=\"https:\/\/t.co\/rMs9iDYjb2\">pic.twitter.com\/rMs9iDYjb2<\/a><\/p>&mdash; RT en Espa\u00f1ol (@ActualidadRT) <a href=\"https:\/\/twitter.com\/ActualidadRT\/status\/1993623293270913495?ref_src=twsrc%5Etfw\">November 26, 2025<\/a><\/blockquote><script async src=\"https:\/\/platform.twitter.com\/widgets.js\" charset=\"utf-8\"><\/script><\/div>\n<\/div><\/figure>\n\n\n\n<p>Seg\u00fan informes, cuatro personas, incluido un bombero, han muerto y al menos otras tres resultaron heridas.<\/p>\n\n\n\n<p>Adem\u00e1s, se reporta que hay varios residentes atrapados mientras densas columnas de humo cubren la zona y las llamas avanzan r\u00e1pidamente.<\/p>\n\n\n\n<figure class=\"wp-block-embed is-type-rich is-provider-twitter wp-block-embed-twitter\"><div class=\"wp-block-embed__wrapper\">\n<div class=\"embed-twitter\"><blockquote class=\"twitter-tweet\" data-width=\"500\" data-dnt=\"true\"><p lang=\"es\" dir=\"ltr\">\ud83d\udd25\ud83c\udde8\ud83c\uddf3 URGENTE | INCENDIO EN HONG KONG<br><br>Al menos cuatro muertos en un enorme incendio que envuelve bloques de apartamentos de gran altura en Hong Kong <a href=\"https:\/\/t.co\/R9uXiF1Fu8\">pic.twitter.com\/R9uXiF1Fu8<\/a><\/p>&mdash; RT en Espa\u00f1ol (@ActualidadRT) <a href=\"https:\/\/twitter.com\/ActualidadRT\/status\/1993620367353778540?ref_src=twsrc%5Etfw\">November 26, 2025<\/a><\/blockquote><script async src=\"https:\/\/platform.twitter.com\/widgets.js\" charset=\"utf-8\"><\/script><\/div>\n<\/div><\/figure>\n\n\n\n<p>Las autoridades informaron que el incendio fue reportado a las 2:51 p. m. (hora local) en el complejo Wang Fuk Court, compuesto por ocho bloques y cerca de 2.000 apartamentos, y que apenas 40 minutos despu\u00e9s, la alarma se elev\u00f3 al nivel 4, el segundo m\u00e1s alto del sistema de emergencias.<\/p>\n\n\n\n<p>Varios de estos rascacielos contaban con andamios de bamb\u00fa en su exterior, lo que facilit\u00f3 la propagaci\u00f3n de las llamas.<\/p>\n\n\n\n<p>En la actualidad, Hong Kong es uno de los pocos lugares en el mundo en donde todav\u00eda se utiliza ampliamente este material para andamios en las construcciones.<\/p>\n\n\n\n<p>Como consecuencia del siniestro, el Departamento de Transporte local cerr\u00f3 por completo un tramo de la autopista Tai Po.<\/p>\n\n\n\n<p>Mientras tanto, las operaciones de rescate contin\u00faan: los equipos trabajan para localizar a quienes se encuentran atrapados y controlar el fuego.<\/p>\n","protected":false},"excerpt":{"rendered":"<p>Seg\u00fan informes, cuatro personas, incluido un bombero, han muerto y al menos otras tres resultaron heridas. CHINA, RT.-.Un feroz incendio arras\u00f3 este mi\u00e9rcoles varios edificios de un complejo residencial del&hellip;<\/p>\n","protected":false},"author":10,"featured_media":115899,"comment_status":"open","ping_status":"open","sticky":false,"template":"","format":"standard","meta":{"content-type":"","jetpack_post_was_ever_published":false,"_jetpack_newsletter_access":"","_jetpack_dont_email_post_to_subs":false,"_jetpack_newsletter_tier_id":0,"_jetpack_memberships_contains_paywalled_content":false,"_jetpack_memberships_contains_paid_content":false,"footnotes":""},"categories":[16289],"tags":[14462,5591,1399,2549,11832,13297],"class_list":["post-115898","post","type-post","status-publish","format-standard","has-post-thumbnail","hentry","category-internacionales","tag-devora","tag-hong-kong","tag-incendio","tag-rascacielos","tag-residenciales","tag-videos"],"jetpack_featured_media_url":"https:\/\/lasprimeras.com.do\/wp-content\/uploads\/2025\/11\/El-humo-se-eleva-despues-de-un-incendio-en-un-complejo-residencial-en-el-distrito-de-Tai-Po-Hong-Kong.jpg","jetpack-related-posts":[{"id":116009,"url":"https:\/\/lasprimeras.com.do\/index.php\/2025\/11\/26\/incendio-en-rascacielos-de-hong-kong-deja-al-menos-44-muertos-279-desaparecidos-y-tres-arrestados\/","url_meta":{"origin":115898,"position":0},"title":"Incendio en rascacielos de Hong Kong deja al menos 44 muertos, 279 desaparecidos y tres arrestados","author":"Nelson Feliz","date":"26 de noviembre de 2025","format":false,"excerpt":"POR CHAN HO-HIM and KEN MORITSUGU HONG KONG (AP) \u2014 El peor incendio que se haya registrado en Hong Kong en varios a\u00f1os ardi\u00f3 durante toda la noche, dejando al menos 44 muertos y 279 personas desaparecidas, mientras los rescatistas segu\u00edan sacando a los residentes de los edificios en llamas.\u2026","rel":"","context":"En \u00abINTERNACIONALES\u00bb","block_context":{"text":"INTERNACIONALES","link":"https:\/\/lasprimeras.com.do\/index.php\/category\/sin-categoria\/internacionales\/"},"img":{"alt_text":"","src":"https:\/\/i0.wp.com\/lasprimeras.com.do\/wp-content\/uploads\/2025\/11\/incendio.jpg?resize=350%2C200&ssl=1","width":350,"height":200,"srcset":"https:\/\/i0.wp.com\/lasprimeras.com.do\/wp-content\/uploads\/2025\/11\/incendio.jpg?resize=350%2C200&ssl=1 1x, https:\/\/i0.wp.com\/lasprimeras.com.do\/wp-content\/uploads\/2025\/11\/incendio.jpg?resize=525%2C300&ssl=1 1.5x, https:\/\/i0.wp.com\/lasprimeras.com.do\/wp-content\/uploads\/2025\/11\/incendio.jpg?resize=700%2C400&ssl=1 2x"},"classes":[]},{"id":116179,"url":"https:\/\/lasprimeras.com.do\/index.php\/2025\/11\/27\/al-menos-94-muertos-por-incendio-en-hong-kong-mientras-bomberos-luchan-contra-las-llamas-por-2do-dia\/","url_meta":{"origin":115898,"position":1},"title":"Al menos 94 muertos por incendio en Hong Kong mientras bomberos luchan contra las llamas por 2do d\u00eda","author":"Nelson Feliz","date":"27 de noviembre de 2025","format":false,"excerpt":"POR CHAN HO-HIM and HUIZHONG WU HONG KONG (AP) \u2014 La cifra de muertos por un enorme incendio en un complejo de apartamentos residenciales en Hong Kong aument\u00f3 a 94 el jueves, mientras los bomberos combat\u00edan las llamas por segundo d\u00eda. Se trata de uno de los incendios m\u00e1s mortales\u2026","rel":"","context":"En \u00abINTERNACIONALES\u00bb","block_context":{"text":"INTERNACIONALES","link":"https:\/\/lasprimeras.com.do\/index.php\/category\/sin-categoria\/internacionales\/"},"img":{"alt_text":"","src":"https:\/\/i0.wp.com\/lasprimeras.com.do\/wp-content\/uploads\/2025\/11\/torres-de-apartamentos-en-Hong-Kong.jpg?resize=350%2C200&ssl=1","width":350,"height":200,"srcset":"https:\/\/i0.wp.com\/lasprimeras.com.do\/wp-content\/uploads\/2025\/11\/torres-de-apartamentos-en-Hong-Kong.jpg?resize=350%2C200&ssl=1 1x, https:\/\/i0.wp.com\/lasprimeras.com.do\/wp-content\/uploads\/2025\/11\/torres-de-apartamentos-en-Hong-Kong.jpg?resize=525%2C300&ssl=1 1.5x, https:\/\/i0.wp.com\/lasprimeras.com.do\/wp-content\/uploads\/2025\/11\/torres-de-apartamentos-en-Hong-Kong.jpg?resize=700%2C400&ssl=1 2x"},"classes":[]},{"id":116065,"url":"https:\/\/lasprimeras.com.do\/index.php\/2025\/11\/27\/el-incendio-en-torres-de-apartamentos-en-hong-kong-sigue-ardiendo-la-cifra-de-muertos-sube-a-55\/","url_meta":{"origin":115898,"position":2},"title":"El incendio en torres de apartamentos en Hong Kong sigue ardiendo. La cifra de muertos sube a 55","author":"Nelson Feliz","date":"27 de noviembre de 2025","format":false,"excerpt":"POR CHAN HO-HIM and HUIZHONG WU HONG KONG (AP) \u2014 La cifra de muertos por un enorme incendio en un complejo de apartamentos residenciales en Hong Kong ha aumentado a 55 mientras los bomberos contin\u00faan luchando contra el fuego, uno de los m\u00e1s mortales en la historia moderna de la\u2026","rel":"","context":"En \u00abINTERNACIONALES\u00bb","block_context":{"text":"INTERNACIONALES","link":"https:\/\/lasprimeras.com.do\/index.php\/category\/sin-categoria\/internacionales\/"},"img":{"alt_text":"","src":"https:\/\/i0.wp.com\/lasprimeras.com.do\/wp-content\/uploads\/2025\/11\/torres-de-apartamentos-en-Hong-Kong.jpg?resize=350%2C200&ssl=1","width":350,"height":200,"srcset":"https:\/\/i0.wp.com\/lasprimeras.com.do\/wp-content\/uploads\/2025\/11\/torres-de-apartamentos-en-Hong-Kong.jpg?resize=350%2C200&ssl=1 1x, https:\/\/i0.wp.com\/lasprimeras.com.do\/wp-content\/uploads\/2025\/11\/torres-de-apartamentos-en-Hong-Kong.jpg?resize=525%2C300&ssl=1 1.5x, https:\/\/i0.wp.com\/lasprimeras.com.do\/wp-content\/uploads\/2025\/11\/torres-de-apartamentos-en-Hong-Kong.jpg?resize=700%2C400&ssl=1 2x"},"classes":[]},{"id":116263,"url":"https:\/\/lasprimeras.com.do\/index.php\/2025\/11\/30\/hong-kong-llora-a-las-victimas-del-incendio-mientras-la-cifra-de-muertos-sube-a-146\/","url_meta":{"origin":115898,"position":3},"title":"Hong Kong llora a las v\u00edctimas del incendio mientras la cifra de muertos sube a 146","author":"Nelson Feliz","date":"30 de noviembre de 2025","format":false,"excerpt":"POR DAVID RISING HONG KONG (AP) \u2014 El n\u00famero de muertos por el incendio en un complejo de apartamentos en Hong Kong ha aumentado a 146 despu\u00e9s de que los investigadores encontraran m\u00e1s cuerpos en los edificios calcinados. Un flujo constante de personas ha llevado ramos de flores a un\u2026","rel":"","context":"En \u00abINTERNACIONALES\u00bb","block_context":{"text":"INTERNACIONALES","link":"https:\/\/lasprimeras.com.do\/index.php\/category\/sin-categoria\/internacionales\/"},"img":{"alt_text":"","src":"https:\/\/i0.wp.com\/lasprimeras.com.do\/wp-content\/uploads\/2025\/11\/Hong-Kong-llora-a-las-victimas-del-incendio.jpg?resize=350%2C200&ssl=1","width":350,"height":200,"srcset":"https:\/\/i0.wp.com\/lasprimeras.com.do\/wp-content\/uploads\/2025\/11\/Hong-Kong-llora-a-las-victimas-del-incendio.jpg?resize=350%2C200&ssl=1 1x, https:\/\/i0.wp.com\/lasprimeras.com.do\/wp-content\/uploads\/2025\/11\/Hong-Kong-llora-a-las-victimas-del-incendio.jpg?resize=525%2C300&ssl=1 1.5x, https:\/\/i0.wp.com\/lasprimeras.com.do\/wp-content\/uploads\/2025\/11\/Hong-Kong-llora-a-las-victimas-del-incendio.jpg?resize=700%2C400&ssl=1 2x"},"classes":[]},{"id":92111,"url":"https:\/\/lasprimeras.com.do\/index.php\/2024\/12\/29\/pandas-en-el-cielo-hong-kong-realiza-espectaculo-de-drones-pirotecnicos\/","url_meta":{"origin":115898,"position":4},"title":"Pandas en el cielo: Hong Kong realiza espect\u00e1culo de drones pirot\u00e9cnicos","author":"Nelson Feliz","date":"29 de diciembre de 2024","format":false,"excerpt":"By ZEN SOO HONK KONG (AP) \u2014 Cientos de personas se reunieron en Hong Kong el s\u00e1bado para presenciar el primer espect\u00e1culo de drones pirot\u00e9cnicos de la ciudad, como parte de una campa\u00f1a para concientizar sobre la conservaci\u00f3n de los pandas. El espect\u00e1culo dur\u00f3 10 minutos e incluy\u00f3 1.000 drones,\u2026","rel":"","context":"En \u00abINTERNACIONALES\u00bb","block_context":{"text":"INTERNACIONALES","link":"https:\/\/lasprimeras.com.do\/index.php\/category\/sin-categoria\/internacionales\/"},"img":{"alt_text":"","src":"https:\/\/i0.wp.com\/lasprimeras.com.do\/wp-content\/uploads\/2024\/12\/pandas.jpg?resize=350%2C200&ssl=1","width":350,"height":200,"srcset":"https:\/\/i0.wp.com\/lasprimeras.com.do\/wp-content\/uploads\/2024\/12\/pandas.jpg?resize=350%2C200&ssl=1 1x, https:\/\/i0.wp.com\/lasprimeras.com.do\/wp-content\/uploads\/2024\/12\/pandas.jpg?resize=525%2C300&ssl=1 1.5x, https:\/\/i0.wp.com\/lasprimeras.com.do\/wp-content\/uploads\/2024\/12\/pandas.jpg?resize=700%2C400&ssl=1 2x"},"classes":[]},{"id":56316,"url":"https:\/\/lasprimeras.com.do\/index.php\/2023\/07\/30\/muere-remi-lucidi-al-caer-desde-un-edificio-en-hong-kong\/","url_meta":{"origin":115898,"position":5},"title":"Muere Remi Lucidi al caer desde un edificio en Hong Kong","author":"Nelson Feliz","date":"30 de julio de 2023","format":false,"excerpt":"Las muertes por deportes extremos, aunque son poco comunes, suelen ocurrir ante la falta de precauci\u00f3n por parte de las personas que lo practican. Tal es el caso de un acr\u00f3bata franc\u00e9s reconocido por practicar deportes de aventura quien falleci\u00f3 despu\u00e9s de caerse de un edificio de gran altura en\u2026","rel":"","context":"En \u00abSin categor\u00eda\u00bb","block_context":{"text":"Sin categor\u00eda","link":"https:\/\/lasprimeras.com.do\/index.php\/category\/sin-categoria\/"},"img":{"alt_text":"Remi Lucidi","src":"https:\/\/i0.wp.com\/lasprimeras.com.do\/wp-content\/uploads\/2023\/07\/Remi-Lucidi.jpg?resize=350%2C200&ssl=1","width":350,"height":200,"srcset":"https:\/\/i0.wp.com\/lasprimeras.com.do\/wp-content\/uploads\/2023\/07\/Remi-Lucidi.jpg?resize=350%2C200&ssl=1 1x, https:\/\/i0.wp.com\/lasprimeras.com.do\/wp-content\/uploads\/2023\/07\/Remi-Lucidi.jpg?resize=525%2C300&ssl=1 1.5x, https:\/\/i0.wp.com\/lasprimeras.com.do\/wp-content\/uploads\/2023\/07\/Remi-Lucidi.jpg?resize=700%2C400&ssl=1 2x"},"classes":[]}],"jetpack_sharing_enabled":true,"_links":{"self":[{"href":"https:\/\/lasprimeras.com.do\/index.php\/wp-json\/wp\/v2\/posts\/115898","targetHints":{"allow":["GET"]}}],"collection":[{"href":"https:\/\/lasprimeras.com.do\/index.php\/wp-json\/wp\/v2\/posts"}],"about":[{"href":"https:\/\/lasprimeras.com.do\/index.php\/wp-json\/wp\/v2\/types\/post"}],"author":[{"embeddable":true,"href":"https:\/\/lasprimeras.com.do\/index.php\/wp-json\/wp\/v2\/users\/10"}],"replies":[{"embeddable":true,"href":"https:\/\/lasprimeras.com.do\/index.php\/wp-json\/wp\/v2\/comments?post=115898"}],"version-history":[{"count":1,"href":"https:\/\/lasprimeras.com.do\/index.php\/wp-json\/wp\/v2\/posts\/115898\/revisions"}],"predecessor-version":[{"id":115900,"href":"https:\/\/lasprimeras.com.do\/index.php\/wp-json\/wp\/v2\/posts\/115898\/revisions\/115900"}],"wp:featuredmedia":[{"embeddable":true,"href":"https:\/\/lasprimeras.com.do\/index.php\/wp-json\/wp\/v2\/media\/115899"}],"wp:attachment":[{"href":"https:\/\/lasprimeras.com.do\/index.php\/wp-json\/wp\/v2\/media?parent=115898"}],"wp:term":[{"taxonomy":"category","embeddable":true,"href":"https:\/\/lasprimeras.com.do\/index.php\/wp-json\/wp\/v2\/categories?post=115898"},{"taxonomy":"post_tag","embeddable":true,"href":"https:\/\/lasprimeras.com.do\/index.php\/wp-json\/wp\/v2\/tags?post=115898"}],"curies":[{"name":"wp","href":"https:\/\/api.w.org\/{rel}","templated":true}]}}