{"id":115901,"date":"2025-11-26T07:35:54","date_gmt":"2025-11-26T11:35:54","guid":{"rendered":"https:\/\/lasprimeras.com.do\/?p=115901"},"modified":"2025-11-26T07:35:56","modified_gmt":"2025-11-26T11:35:56","slug":"diosdado-cabello-quien-ose-poner-un-pie-sobre-venezuela-sera-aniquilado-por-nuestro-pueblo","status":"publish","type":"post","link":"https:\/\/lasprimeras.com.do\/index.php\/2025\/11\/26\/diosdado-cabello-quien-ose-poner-un-pie-sobre-venezuela-sera-aniquilado-por-nuestro-pueblo\/","title":{"rendered":"Diosdado Cabello: &#8220;Quien ose poner un pie sobre Venezuela, ser\u00e1 aniquilado por nuestro pueblo&#8221;"},"content":{"rendered":"\n<p><strong>El alto funcionario asegur\u00f3 que &#8220;las \u00ednfulas de conquistador que tiene Marco Rubio&#8221; se estrellar\u00e1n contra la voluntad de lucha de los venezolanos.<\/strong><\/p>\n\n\n\n<p><strong>Venezuela,RT.-. <\/strong>La aniquilaci\u00f3n es lo que les espera a quienes emprendan actos hostiles contra el territorio venezolano, asegur\u00f3 este martes el ministro de Interior, Justicia y Paz de ese pa\u00eds suramericano, Diosdado Cabello, al reiterar que la poblaci\u00f3n est\u00e1 dispuesta a defender la naci\u00f3n de cualquier amenaza externa, tal y como lo hicieron en su d\u00eda los pr\u00f3ceres de la independencia.<\/p>\n\n\n\n<p>&#8220;Quien ose poner un pie sobre Venezuela, ser\u00e1 aniquilado por nuestro pueblo. Aniquilado. Es el t\u00e9rmino que quiero utilizar, porque el suelo venezolano se respeta. Y las \u00ednfulas de conquistador que tiene Marco Rubio, aqu\u00ed se van a estrellar, como se han estrellado las \u00ednfulas de muchos payasos que han tenido la osad\u00eda de intervenir sobre Venezuela&#8221;, sostuvo el alto funcionario ante la prensa mientras participaba de una movilizaci\u00f3n popular en Caracas.<\/p>\n\n\n\n<figure class=\"wp-block-embed is-type-rich is-provider-twitter wp-block-embed-twitter\"><div class=\"wp-block-embed__wrapper\">\n<div class=\"embed-twitter\"><blockquote class=\"twitter-tweet\" data-width=\"500\" data-dnt=\"true\"><p lang=\"es\" dir=\"ltr\">\u201cEs muy dif\u00edcil conseguir un secretario de Estado m\u00e1s imb\u00e9cil que Marco Rubio(\u2026)Quien ose poner un pie sobre Venezuela ser\u00e1 aniquilado por nuestro pueblo. Es el t\u00e9rmino que quiero utilizar\u201d, dice Diosdado Cabello que rest\u00f3 importancia a decisiones de EEUU <a href=\"https:\/\/t.co\/2bQLDpttPU\">pic.twitter.com\/2bQLDpttPU<\/a><\/p>&mdash; Gabriela Gonzalez (@GabyGabyGG) <a href=\"https:\/\/twitter.com\/GabyGabyGG\/status\/1993413122263040116?ref_src=twsrc%5Etfw\">November 25, 2025<\/a><\/blockquote><script async src=\"https:\/\/platform.twitter.com\/widgets.js\" charset=\"utf-8\"><\/script><\/div>\n<\/div><\/figure>\n\n\n\n<p>En la misma l\u00ednea, recalc\u00f3 que &#8220;el que trate de hacer algo contra Venezuela y ponga un pie&#8221; en suelo de su pa\u00eds, &#8220;entra en una zona prohibida&#8221;.<br>&#8220;Nosotros nos vamos a defender con lo que tengamos. Se quedar\u00e1n cortos nuestros hermanos caribes de la \u00e9poca de la Conquista. Se quedar\u00e1n cortos con lo que va a hacer este pueblo&#8221;, advirti\u00f3.<\/p>\n\n\n\n<p>&#8220;Viven amenazando y tienen su narrativa. Que la tengan [\u2026]. El d\u00eda que ellos [EE.UU.] intenten algo contra Venezuela, van a saber [c\u00f3mo es] la respuesta de un pueblo&#8221;, apunt\u00f3.<\/p>\n\n\n\n<p><strong>&#8220;Seguir enga\u00f1ando&#8221;<\/strong><\/p>\n\n\n\n<p>Desde otro costado, Cabello afirm\u00f3 que &#8220;las amenazas&#8221;, &#8220;los ataques&#8221; y &#8220;el asedio del imperialismo&#8221; y de quienes &#8220;creen que gobiernan el mundo entero&#8221;, &#8220;se han incrementado&#8221; y &#8220;han subido de tono&#8221;.<\/p>\n\n\n\n<p>A su parecer, el inter\u00e9s de Washington con estas tentativas ser\u00eda &#8220;seguir enga\u00f1ando&#8221; al resto del mundo.<\/p>\n\n\n\n<p>&#8220;Ya nadie habla de narcotr\u00e1fico, ya nadie habla del &#8216;Cartel de los Soles&#8217;, ya nadie habla de grupos terroristas. Nadie, nadie habla de eso. Est\u00e1 claro para el mundo. [\u2026]. Ya nadie habla de que en Venezuela est\u00e1 el &#8216;Tren de Aragua&#8217;. Ya, para el mundo entero, est\u00e1 claro que EE.UU. lo que quiere es robarse \u2013y quiero ser enf\u00e1tico en el t\u00e9rmino\u2013 los recursos naturales de Venezuela&#8221;, argument\u00f3.<\/p>\n\n\n\n<p>A este respecto, valor\u00f3 que &#8220;la excusa&#8221; de la Casa Blanca para agredir a la naci\u00f3n bolivariana es su pretensi\u00f3n de concretar un &#8220;cambio de r\u00e9gimen&#8221;, bajo la alegaci\u00f3n falsa de que es gobernado por una &#8220;dictadura&#8221;. Todo ello, asever\u00f3, ser\u00eda obra del secretario de Estado, Marco Rubio, a quien tach\u00f3 de &#8220;imb\u00e9cil&#8221;.<\/p>\n\n\n\n<p>&#8220;Es imposible conseguir a un secretario de Estado de EE.UU. m\u00e1s imb\u00e9cil que Marco Rubio&#8221;, fustig\u00f3. A ello sum\u00f3 que &#8220;la mentira&#8221; del alto cargo estadounidense y su &#8220;imbecilidad&#8221;, &#8220;se van a estrellar contra la dignidad&#8221; del pueblo venezolano.<\/p>\n\n\n\n<p>&#8220;A Venezuela no la ataca nadie. Venezuela es un pa\u00eds de paz, Venezuela es un pa\u00eds de tranquilidad, Venezuela es un pa\u00eds solidario con el resto de los pa\u00edses del mundo, pero a la hora de defender lo nuestro, lo haremos con todos los instrumentos que tengamos a mano. Con todos&#8221;, complet\u00f3.<\/p>\n\n\n\n<p><strong>La agresi\u00f3n de EE.UU. en s\u00edntesis<\/strong><\/p>\n\n\n\n<p>Despliegue militar: desde agosto pasado, EE.UU. mantiene desplegada una fuerza militar significativa frente a las costas de Venezuela, justific\u00e1ndola como parte de la lucha antidrogas.<\/p>\n\n\n\n<p>Washington anunci\u00f3 posteriormente la operaci\u00f3n Lanza del Sur, con el prop\u00f3sito oficial de &#8220;eliminar a los narcoterroristas&#8221; del hemisferio occidental y &#8220;proteger&#8221; a EE.UU. &#8220;de las drogas que est\u00e1n matando&#8221; a sus ciudadanos.<\/p>\n\n\n\n<p>Operativos letales: como parte de estas operaciones se han realizado bombardeos contra presuntas embarcaciones de narcotraficantes, con un saldo de m\u00e1s de 70 personas muertas y sin pruebas de que realmente traficaran con estupefacientes.<\/p>\n\n\n\n<p>Acusaciones y recompensa: Washington ha acusado sin pruebas a Maduro de liderar un c\u00e1rtel de narcotr\u00e1fico y ha duplicado la recompensa por su captura.<\/p>\n\n\n\n<p>Postura venezolana: Maduro denuncia que el objetivo real de EE.UU. es un &#8220;cambio de r\u00e9gimen&#8221; para apoderarse de las inmensas riquezas petroleras y gas\u00edsticas de Venezuela.<\/p>\n\n\n\n<p>Falta de sustento: organismos como la ONU y la propia Administraci\u00f3n de Control de Drogas de EE.UU. (DEA) se\u00f1alan que Venezuela no es una ruta principal para el narcotr\u00e1fico hacia EE.UU., ya que m\u00e1s de 80 % de las drogas utilizan la ruta del Pac\u00edfico.<\/p>\n\n\n\n<p>Condena internacional: Rusia, el Alto Comisionado de la ONU para los Derechos Humanos y los Gobiernos de Colombia, M\u00e9xico y Brasil han condenado las acciones estadounidenses.<\/p>\n\n\n\n<p>Expertos califican los ataques a embarcaciones como &#8220;ejecuciones sumarias&#8221; que violan el derecho internacional.<\/p>\n","protected":false},"excerpt":{"rendered":"<p>El alto funcionario asegur\u00f3 que &#8220;las \u00ednfulas de conquistador que tiene Marco Rubio&#8221; se estrellar\u00e1n contra la voluntad de lucha de los venezolanos. Venezuela,RT.-. La aniquilaci\u00f3n es lo que les&hellip;<\/p>\n","protected":false},"author":10,"featured_media":115902,"comment_status":"open","ping_status":"open","sticky":false,"template":"","format":"standard","meta":{"content-type":"","jetpack_post_was_ever_published":false,"_jetpack_newsletter_access":"","_jetpack_dont_email_post_to_subs":false,"_jetpack_newsletter_tier_id":0,"_jetpack_memberships_contains_paywalled_content":false,"_jetpack_memberships_contains_paid_content":false,"footnotes":""},"categories":[16289],"tags":[434,27793,5605,2566,15380,420],"class_list":["post-115901","post","type-post","status-publish","format-standard","has-post-thumbnail","hentry","category-internacionales","tag-amenaza","tag-aniquilado","tag-ataques","tag-dictadura","tag-diosdado-cabello","tag-venezuela"],"jetpack_featured_media_url":"https:\/\/lasprimeras.com.do\/wp-content\/uploads\/2025\/11\/Diosdado-Cabello.jpg","jetpack-related-posts":[{"id":118763,"url":"https:\/\/lasprimeras.com.do\/index.php\/2026\/01\/03\/venezuela-en-tension-i-diosdado-cabello-no-facilitarle-las-cosas-al-enemigo-tras-ataque-de-ee-uu\/","url_meta":{"origin":115901,"position":0},"title":"Venezuela en Tensi\u00f3n I Diosdado Cabello: &#8220;no facilitarle las cosas al enemigo tras ataque de EE.UU.\u201d","author":"Nelson Feliz","date":"3 de enero de 2026","format":false,"excerpt":"Cabello calific\u00f3 la ofensiva como un acto \u201ccriminal y terrorista\u201d y asegur\u00f3 que el pa\u00eds se mantiene en resistencia frente a lo que considera una agresi\u00f3n militar. El ministro de Interior de Venezuela, Diosdado Cabello, pidi\u00f3 este s\u00e1bado a la poblaci\u00f3n mantener la calma y no \u201cfacilitarle las cosas al\u2026","rel":"","context":"En \u00abINTERNACIONALES\u00bb","block_context":{"text":"INTERNACIONALES","link":"https:\/\/lasprimeras.com.do\/index.php\/category\/sin-categoria\/internacionales\/"},"img":{"alt_text":"Diosdado Cabello","src":"https:\/\/i0.wp.com\/lasprimeras.com.do\/wp-content\/uploads\/2026\/01\/Diosdado-Cabello.jpg?resize=350%2C200&ssl=1","width":350,"height":200,"srcset":"https:\/\/i0.wp.com\/lasprimeras.com.do\/wp-content\/uploads\/2026\/01\/Diosdado-Cabello.jpg?resize=350%2C200&ssl=1 1x, https:\/\/i0.wp.com\/lasprimeras.com.do\/wp-content\/uploads\/2026\/01\/Diosdado-Cabello.jpg?resize=525%2C300&ssl=1 1.5x, https:\/\/i0.wp.com\/lasprimeras.com.do\/wp-content\/uploads\/2026\/01\/Diosdado-Cabello.jpg?resize=700%2C400&ssl=1 2x"},"classes":[]},{"id":92325,"url":"https:\/\/lasprimeras.com.do\/index.php\/2025\/01\/02\/en-venezuela-asesinan-al-jefe-de-seguridad-de-diosdado-cabello\/","url_meta":{"origin":115901,"position":1},"title":"En Venezuela asesinan al jefe de seguridad de Diosdado Cabello","author":"Nelson Feliz","date":"2 de enero de 2025","format":false,"excerpt":"Caracas, AP.-.Capit\u00e1n de la Guardia Nacional Bolivariana (GNB) y jefe de seguridad del ministro de Interior y Justicia de Venezuela, Diosdado Cabello, fue encontrado muerto dentro de un veh\u00edculo en el distribuidor La Castellana, en Caracas. Este crimen ha sacudido la esfera pol\u00edtica y de seguridad del pa\u00eds, debido al\u2026","rel":"","context":"En \u00abINTERNACIONALES\u00bb","block_context":{"text":"INTERNACIONALES","link":"https:\/\/lasprimeras.com.do\/index.php\/category\/sin-categoria\/internacionales\/"},"img":{"alt_text":"","src":"https:\/\/i0.wp.com\/lasprimeras.com.do\/wp-content\/uploads\/2025\/01\/seguridad.jpg?resize=350%2C200&ssl=1","width":350,"height":200,"srcset":"https:\/\/i0.wp.com\/lasprimeras.com.do\/wp-content\/uploads\/2025\/01\/seguridad.jpg?resize=350%2C200&ssl=1 1x, https:\/\/i0.wp.com\/lasprimeras.com.do\/wp-content\/uploads\/2025\/01\/seguridad.jpg?resize=525%2C300&ssl=1 1.5x"},"classes":[]},{"id":89012,"url":"https:\/\/lasprimeras.com.do\/index.php\/2024\/09\/14\/caracas-dice-que-espana-iba-a-suministrar-mercenarios-para-operacion-contra-venezuela\/","url_meta":{"origin":115901,"position":2},"title":"Caracas dice que Espa\u00f1a &#8220;iba a suministrar mercenarios&#8221; para operaci\u00f3n contra Venezuela","author":"Nelson Feliz","date":"14 de septiembre de 2024","format":false,"excerpt":"Caracas, (EFE).- El ministro del Interior de Venezuela, Diosdado Cabello, dijo este s\u00e1bado que Espa\u00f1a \"iba a suministrar mercenarios\" para una supuesta operaci\u00f3n -dirigida por Estados Unidos- contra el pa\u00eds caribe\u00f1o, por la que est\u00e1n detenidos dos ciudadanos de la naci\u00f3n europea, que ten\u00eda como objetivo llevar a cabo actos\u2026","rel":"","context":"En \u00abSin categor\u00eda\u00bb","block_context":{"text":"Sin categor\u00eda","link":"https:\/\/lasprimeras.com.do\/index.php\/category\/sin-categoria\/"},"img":{"alt_text":"Diosdado Cabello","src":"https:\/\/i0.wp.com\/lasprimeras.com.do\/wp-content\/uploads\/2024\/09\/Diosdado-Cabello.jpg?resize=350%2C200&ssl=1","width":350,"height":200,"srcset":"https:\/\/i0.wp.com\/lasprimeras.com.do\/wp-content\/uploads\/2024\/09\/Diosdado-Cabello.jpg?resize=350%2C200&ssl=1 1x, https:\/\/i0.wp.com\/lasprimeras.com.do\/wp-content\/uploads\/2024\/09\/Diosdado-Cabello.jpg?resize=525%2C300&ssl=1 1.5x, https:\/\/i0.wp.com\/lasprimeras.com.do\/wp-content\/uploads\/2024\/09\/Diosdado-Cabello.jpg?resize=700%2C400&ssl=1 2x"},"classes":[]},{"id":108568,"url":"https:\/\/lasprimeras.com.do\/index.php\/2025\/09\/08\/abinader-da-raspa-polvo-a-diosdado-cabello-aclara-se-refirio-al-cartel-de-los-soles-no-a-venezuela\/","url_meta":{"origin":115901,"position":3},"title":"Abinader da &#8220;raspa polvo a Diosdado Cabello&#8221;, aclara se refiri\u00f3 al C\u00e1rtel de Los Soles, no a Venezuela\u201d","author":"Nelson Feliz","date":"8 de septiembre de 2025","format":false,"excerpt":"El presidente Luis Abinader respondi\u00f3 este lunes a las declaraciones del dirigente venezolano Diosdado Cabello, quien lo atac\u00f3 verbalmente tras la decisi\u00f3n del Gobierno dominicano de declarar al C\u00e1rtel de Los Soles como organizaci\u00f3n terrorista. El mandatario aclar\u00f3 que su pronunciamiento nunca estuvo dirigido a Venezuela ni a funcionarios de\u2026","rel":"","context":"En \u00abNACIONALES\u00bb","block_context":{"text":"NACIONALES","link":"https:\/\/lasprimeras.com.do\/index.php\/category\/nacionales\/"},"img":{"alt_text":"","src":"https:\/\/i0.wp.com\/lasprimeras.com.do\/wp-content\/uploads\/2025\/09\/LA.jpg?resize=350%2C200&ssl=1","width":350,"height":200,"srcset":"https:\/\/i0.wp.com\/lasprimeras.com.do\/wp-content\/uploads\/2025\/09\/LA.jpg?resize=350%2C200&ssl=1 1x, https:\/\/i0.wp.com\/lasprimeras.com.do\/wp-content\/uploads\/2025\/09\/LA.jpg?resize=525%2C300&ssl=1 1.5x, https:\/\/i0.wp.com\/lasprimeras.com.do\/wp-content\/uploads\/2025\/09\/LA.jpg?resize=700%2C400&ssl=1 2x"},"classes":[]},{"id":108571,"url":"https:\/\/lasprimeras.com.do\/index.php\/2025\/09\/08\/diosdado-cabello-llama-pillo-estupido-a-luis-abinader\/","url_meta":{"origin":115901,"position":4},"title":"Diosdado Cabello llama \u00abpillo est\u00fapido\u00bb a Luis Abinader","author":"Nelson Feliz","date":"8 de septiembre de 2025","format":false,"excerpt":"CARACAS.- El primer vicepresidente del Partido Socialista Unido de Venezuela (PSUV), Diosdado Cabello, critic\u00f3 duramente a varios l\u00edderes extranjeros, incluyendo al presidente dominicano Luis Abinader, por su presunto apoyo a la destrucci\u00f3n de un barco acusado de transportar drogas por parte de Estados Unidos. En una declaraci\u00f3n cargada de insultos\u2026","rel":"","context":"En \u00abINTERNACIONALES\u00bb","block_context":{"text":"INTERNACIONALES","link":"https:\/\/lasprimeras.com.do\/index.php\/category\/sin-categoria\/internacionales\/"},"img":{"alt_text":"","src":"https:\/\/i0.wp.com\/lasprimeras.com.do\/wp-content\/uploads\/2025\/09\/Cabello.jpg?resize=350%2C200&ssl=1","width":350,"height":200,"srcset":"https:\/\/i0.wp.com\/lasprimeras.com.do\/wp-content\/uploads\/2025\/09\/Cabello.jpg?resize=350%2C200&ssl=1 1x, https:\/\/i0.wp.com\/lasprimeras.com.do\/wp-content\/uploads\/2025\/09\/Cabello.jpg?resize=525%2C300&ssl=1 1.5x, https:\/\/i0.wp.com\/lasprimeras.com.do\/wp-content\/uploads\/2025\/09\/Cabello.jpg?resize=700%2C400&ssl=1 2x"},"classes":[]},{"id":98958,"url":"https:\/\/lasprimeras.com.do\/index.php\/2025\/05\/14\/llega-a-venezuela-nina-de-2-anos-separada-de-sus-padres-deportados-de-estados-unidos\/","url_meta":{"origin":115901,"position":5},"title":"Llega a Venezuela ni\u00f1a de 2 a\u00f1os separada de sus padres deportados de Estados Unidos","author":"Nelson Feliz","date":"14 de mayo de 2025","format":false,"excerpt":"CARACAS (AP) \u2014 La ni\u00f1a de dos a\u00f1os que permanec\u00eda en territorio estadounidense luego de que las autoridades deportaran a sus padres venezolanos lleg\u00f3 el mi\u00e9rcoles a Venezuela en un vuelo de migrantes deportados desde Estados Unidos. El gobierno del presidente Nicol\u00e1s Maduro hab\u00eda denunciado repetidamente que se trataba de\u2026","rel":"","context":"En \u00abINTERNACIONALES\u00bb","block_context":{"text":"INTERNACIONALES","link":"https:\/\/lasprimeras.com.do\/index.php\/category\/sin-categoria\/internacionales\/"},"img":{"alt_text":"","src":"https:\/\/i0.wp.com\/lasprimeras.com.do\/wp-content\/uploads\/2024\/09\/Nicolas-Maduro.jpg?resize=350%2C200&ssl=1","width":350,"height":200},"classes":[]}],"jetpack_sharing_enabled":true,"_links":{"self":[{"href":"https:\/\/lasprimeras.com.do\/index.php\/wp-json\/wp\/v2\/posts\/115901","targetHints":{"allow":["GET"]}}],"collection":[{"href":"https:\/\/lasprimeras.com.do\/index.php\/wp-json\/wp\/v2\/posts"}],"about":[{"href":"https:\/\/lasprimeras.com.do\/index.php\/wp-json\/wp\/v2\/types\/post"}],"author":[{"embeddable":true,"href":"https:\/\/lasprimeras.com.do\/index.php\/wp-json\/wp\/v2\/users\/10"}],"replies":[{"embeddable":true,"href":"https:\/\/lasprimeras.com.do\/index.php\/wp-json\/wp\/v2\/comments?post=115901"}],"version-history":[{"count":1,"href":"https:\/\/lasprimeras.com.do\/index.php\/wp-json\/wp\/v2\/posts\/115901\/revisions"}],"predecessor-version":[{"id":115903,"href":"https:\/\/lasprimeras.com.do\/index.php\/wp-json\/wp\/v2\/posts\/115901\/revisions\/115903"}],"wp:featuredmedia":[{"embeddable":true,"href":"https:\/\/lasprimeras.com.do\/index.php\/wp-json\/wp\/v2\/media\/115902"}],"wp:attachment":[{"href":"https:\/\/lasprimeras.com.do\/index.php\/wp-json\/wp\/v2\/media?parent=115901"}],"wp:term":[{"taxonomy":"category","embeddable":true,"href":"https:\/\/lasprimeras.com.do\/index.php\/wp-json\/wp\/v2\/categories?post=115901"},{"taxonomy":"post_tag","embeddable":true,"href":"https:\/\/lasprimeras.com.do\/index.php\/wp-json\/wp\/v2\/tags?post=115901"}],"curies":[{"name":"wp","href":"https:\/\/api.w.org\/{rel}","templated":true}]}}