{"id":115904,"date":"2025-11-26T07:46:18","date_gmt":"2025-11-26T11:46:18","guid":{"rendered":"https:\/\/lasprimeras.com.do\/?p=115904"},"modified":"2025-11-26T07:46:20","modified_gmt":"2025-11-26T11:46:20","slug":"trump-amenaza-a-venezuela-si-podemos-por-las-buenas-bien-si-toca-por-las-malas-pues-tambien","status":"publish","type":"post","link":"https:\/\/lasprimeras.com.do\/index.php\/2025\/11\/26\/trump-amenaza-a-venezuela-si-podemos-por-las-buenas-bien-si-toca-por-las-malas-pues-tambien\/","title":{"rendered":"Trump amenaza a Venezuela: &#8220;Si podemos por las buenas, bien; si toca por las malas, pues tambi\u00e9n&#8221;"},"content":{"rendered":"\n<p><strong>El mandatario estadounidense, al mismo tiempo, no descart\u00f3 un di\u00e1logo con Nicol\u00e1s Maduro.<\/strong><\/p>\n\n\n\n<p><strong>Washington, RT &#8211;<\/strong> El presidente de Estados Unidos, Donald Trump, volvi\u00f3 a amenazar a Venezuela este martes, en medio de la continua agresi\u00f3n.<\/p>\n\n\n\n<p>&#8220;Si podemos salvar vidas, si podemos hacerlo de la manera f\u00e1cil, est\u00e1 bien. Y si toca por las malas, pues tambi\u00e9n&#8221;, declar\u00f3 desde el Air Force One, respondiendo a preguntas de la prensa sobre por qu\u00e9 quiere hablar con el l\u00edder venezolano, Nicol\u00e1s Maduro.<\/p>\n\n\n\n<figure class=\"wp-block-embed is-type-rich is-provider-twitter wp-block-embed-twitter\"><div class=\"wp-block-embed__wrapper\">\n<div class=\"embed-twitter\"><blockquote class=\"twitter-tweet\" data-width=\"500\" data-dnt=\"true\"><p lang=\"es\" dir=\"ltr\">\ud83c\uddfa\ud83c\uddf8\ud83c\uddfb\ud83c\uddea Trump amenaza a Venezuela<br><br>El presidente de Estados Unidos, Donald Trump, volvi\u00f3 a amenazar a Venezuela este 25 de noviembre, en medio de la continua agresi\u00f3n.<a href=\"https:\/\/t.co\/8vSJ0Rqfxv\">https:\/\/t.co\/8vSJ0Rqfxv<\/a> <a href=\"https:\/\/t.co\/o9CLVYbscQ\">pic.twitter.com\/o9CLVYbscQ<\/a><\/p>&mdash; RT en Espa\u00f1ol (@ActualidadRT) <a href=\"https:\/\/twitter.com\/ActualidadRT\/status\/1993503359152820232?ref_src=twsrc%5Etfw\">November 26, 2025<\/a><\/blockquote><script async src=\"https:\/\/platform.twitter.com\/widgets.js\" charset=\"utf-8\"><\/script><\/div>\n<\/div><\/figure>\n\n\n\n<p>Previamente, el Departamento de Estado oficializ\u00f3 la inclusi\u00f3n del llamado &#8216;C\u00e1rtel de los Soles&#8217; en el listado de organizaciones terroristas extranjeras.<\/p>\n\n\n\n<p>Esta catalogaci\u00f3n fue rechazada por Caracas, que la tach\u00f3 de &#8220;rid\u00edcula patra\u00f1a&#8221;, al tiempo que reiter\u00f3 la inexistencia de esa organizaci\u00f3n y advirti\u00f3 que se trata de &#8220;una infame y vil mentira para justificar una intervenci\u00f3n ileg\u00edtima e ilegal contra Venezuela, bajo el cl\u00e1sico formato estadounidense de cambio de r\u00e9gimen&#8221;.<\/p>\n\n\n\n<p>La agresi\u00f3n de EE.UU. en s\u00edntesis<\/p>\n\n\n\n<p>Despliegue militar: desde agosto pasado, EE.UU. mantiene desplegada una fuerza militar significativa frente a las costas de Venezuela, justific\u00e1ndola como parte de la lucha antidrogas.<\/p>\n\n\n\n<p>Washington anunci\u00f3 posteriormente la operaci\u00f3n Lanza del Sur, con el prop\u00f3sito oficial de &#8220;eliminar a los narcoterroristas&#8221; del hemisferio occidental y &#8220;proteger&#8221; a EE.UU. &#8220;de las drogas que est\u00e1n matando&#8221; a sus ciudadanos.<\/p>\n\n\n\n<p>Operativos letales: como parte de estas operaciones se han realizado bombardeos contra presuntas embarcaciones de narcotraficantes, con un saldo de m\u00e1s de 70 personas muertas y sin pruebas de que realmente traficaran con estupefacientes.<\/p>\n\n\n\n<p>Acusaciones y recompensa: Washington ha acusado sin pruebas a Maduro de liderar un c\u00e1rtel de narcotr\u00e1fico y ha duplicado la recompensa por su captura.<\/p>\n\n\n\n<p>Postura venezolana: Maduro denuncia que el objetivo real de EE.UU. es un &#8220;cambio de r\u00e9gimen&#8221; para apoderarse de las inmensas riquezas petroleras y gas\u00edsticas de Venezuela.<\/p>\n\n\n\n<p>Falta de sustento: organismos como la ONU y la propia Administraci\u00f3n de Control de Drogas de EE.UU. (DEA) se\u00f1alan que Venezuela no es una ruta principal para el narcotr\u00e1fico hacia EE.UU., ya que m\u00e1s de 80 % de las drogas utilizan la ruta del Pac\u00edfico.<\/p>\n\n\n\n<p>Condena internacional: Rusia, el Alto Comisionado de la ONU para los Derechos Humanos y los Gobiernos de Colombia, M\u00e9xico y Brasil han condenado las acciones estadounidenses. Expertos califican los ataques a embarcaciones como &#8220;ejecuciones sumarias&#8221; que violan el derecho internacional.<\/p>\n","protected":false},"excerpt":{"rendered":"<p>El mandatario estadounidense, al mismo tiempo, no descart\u00f3 un di\u00e1logo con Nicol\u00e1s Maduro. Washington, RT &#8211; El presidente de Estados Unidos, Donald Trump, volvi\u00f3 a amenazar a Venezuela este martes,&hellip;<\/p>\n","protected":false},"author":10,"featured_media":115905,"comment_status":"open","ping_status":"open","sticky":false,"template":"","format":"standard","meta":{"content-type":"","jetpack_post_was_ever_published":false,"_jetpack_newsletter_access":"","_jetpack_dont_email_post_to_subs":false,"_jetpack_newsletter_tier_id":0,"_jetpack_memberships_contains_paywalled_content":false,"_jetpack_memberships_contains_paid_content":false,"footnotes":""},"categories":[16289],"tags":[434,978,98,420],"class_list":["post-115904","post","type-post","status-publish","format-standard","has-post-thumbnail","hentry","category-internacionales","tag-amenaza","tag-donald-trump","tag-estados-unidos","tag-venezuela"],"jetpack_featured_media_url":"https:\/\/lasprimeras.com.do\/wp-content\/uploads\/2025\/11\/Donald-Trump-2.jpg","jetpack-related-posts":[{"id":92563,"url":"https:\/\/lasprimeras.com.do\/index.php\/2025\/01\/07\/hipolito-mejia-dice-maduro-y-trump-irrespetan-la-dignidad-humana\/","url_meta":{"origin":115904,"position":0},"title":"Hip\u00f3lito Mej\u00eda dice Maduro y Trump irrespetan la dignidad humana","author":"Nelson Feliz","date":"7 de enero de 2025","format":false,"excerpt":"El expresidente dominicano Hip\u00f3lito Mej\u00eda manifest\u00f3 que los presidentes de Estados Unidos, Donald Trump y de Venezuela Nicol\u00e1s Maduro irrespetan la \u201cdignidad humana\u201d por sus \u201cextremismos\u201d pol\u00edticos. Mej\u00eda, dijo que repudia las ideolog\u00edas o movimientos que han caracterizado tanto al presidente de Venezuela como al de Estados Unidos. \u201cYo no\u2026","rel":"","context":"En \u00abPOLITICA\u00bb","block_context":{"text":"POLITICA","link":"https:\/\/lasprimeras.com.do\/index.php\/category\/politica\/"},"img":{"alt_text":"Hip\u00f3lito Mej\u00eda","src":"https:\/\/i0.wp.com\/lasprimeras.com.do\/wp-content\/uploads\/2025\/01\/Hipolito-Mejia.jpg?resize=350%2C200&ssl=1","width":350,"height":200,"srcset":"https:\/\/i0.wp.com\/lasprimeras.com.do\/wp-content\/uploads\/2025\/01\/Hipolito-Mejia.jpg?resize=350%2C200&ssl=1 1x, https:\/\/i0.wp.com\/lasprimeras.com.do\/wp-content\/uploads\/2025\/01\/Hipolito-Mejia.jpg?resize=525%2C300&ssl=1 1.5x, https:\/\/i0.wp.com\/lasprimeras.com.do\/wp-content\/uploads\/2025\/01\/Hipolito-Mejia.jpg?resize=700%2C400&ssl=1 2x"},"classes":[]},{"id":118001,"url":"https:\/\/lasprimeras.com.do\/index.php\/2025\/12\/19\/marco-rubio-evade-confirmacion-sobre-estrategia-para-sacar-a-nicolas-maduro-de-venezuela\/","url_meta":{"origin":115904,"position":1},"title":"Marco Rubio evade confirmaci\u00f3n sobre estrategia para sacar a Nicol\u00e1s Maduro de Venezuela","author":"Nelson Feliz","date":"19 de diciembre de 2025","format":false,"excerpt":"El jefe de la diplomacia estadounidense subray\u00f3 que el objetivo del Gobierno estadounidense \"es la estabilidad y la seguridad regional\" y \"proteger los intereses de Estados Unidos\". Washington, EFE - El secretario de Estado de Estados Unidos, Marco Rubio, evit\u00f3 responder este viernes si la Administraci\u00f3n de Donald Trump busca\u2026","rel":"","context":"En \u00abINTERNACIONALES\u00bb","block_context":{"text":"INTERNACIONALES","link":"https:\/\/lasprimeras.com.do\/index.php\/category\/sin-categoria\/internacionales\/"},"img":{"alt_text":"\"Estados Unidos est\u00e1 siendo atacado por organizaciones criminales terroristas en nuestro hemisferio y el presidente (Donald Trump) est\u00e1 respondiendo en defensa de nuestro pa\u00eds\", a\u00f1adi\u00f3.AP","src":"https:\/\/i0.wp.com\/lasprimeras.com.do\/wp-content\/uploads\/2025\/12\/Marco-Rubio.jpg?resize=350%2C200&ssl=1","width":350,"height":200,"srcset":"https:\/\/i0.wp.com\/lasprimeras.com.do\/wp-content\/uploads\/2025\/12\/Marco-Rubio.jpg?resize=350%2C200&ssl=1 1x, https:\/\/i0.wp.com\/lasprimeras.com.do\/wp-content\/uploads\/2025\/12\/Marco-Rubio.jpg?resize=525%2C300&ssl=1 1.5x, https:\/\/i0.wp.com\/lasprimeras.com.do\/wp-content\/uploads\/2025\/12\/Marco-Rubio.jpg?resize=700%2C400&ssl=1 2x"},"classes":[]},{"id":86567,"url":"https:\/\/lasprimeras.com.do\/index.php\/2024\/07\/28\/elecciones-clave-en-venezuela-maduro-se-juega-un-proyecto-de-25-anos-ante-un-frente-opositor-unido\/","url_meta":{"origin":115904,"position":2},"title":"Elecciones clave en Venezuela: Maduro se juega un proyecto de 25 a\u00f1os ante un frente opositor unido","author":"Nelson Feliz","date":"28 de julio de 2024","format":false,"excerpt":"BY JORGE RUEDA AND FABIOLA S\u00c1NCHEZ CARACAS (AP) \u2014 Los venezolanos votan el domingo en una elecci\u00f3n presidencial que podr\u00eda marcar el mayor cambio pol\u00edtico en el pa\u00eds de los \u00faltimos 25 a\u00f1os o extender por seis a\u00f1os m\u00e1s un gobierno autoproclamado como socialista. El presidente Nicol\u00e1s Maduro, de 61\u2026","rel":"","context":"En \u00abPORTADA\u00bb","block_context":{"text":"PORTADA","link":"https:\/\/lasprimeras.com.do\/index.php\/category\/portada\/"},"img":{"alt_text":"","src":"https:\/\/i0.wp.com\/lasprimeras.com.do\/wp-content\/uploads\/2024\/07\/elecciones.png?resize=350%2C200&ssl=1","width":350,"height":200,"srcset":"https:\/\/i0.wp.com\/lasprimeras.com.do\/wp-content\/uploads\/2024\/07\/elecciones.png?resize=350%2C200&ssl=1 1x, https:\/\/i0.wp.com\/lasprimeras.com.do\/wp-content\/uploads\/2024\/07\/elecciones.png?resize=525%2C300&ssl=1 1.5x, https:\/\/i0.wp.com\/lasprimeras.com.do\/wp-content\/uploads\/2024\/07\/elecciones.png?resize=700%2C400&ssl=1 2x"},"classes":[]},{"id":117912,"url":"https:\/\/lasprimeras.com.do\/index.php\/2025\/12\/18\/algunos-buques-petroleros-sancionados-evitan-ir-a-venezuela-ante-amenaza-de-trump\/","url_meta":{"origin":115904,"position":3},"title":"Algunos buques petroleros sancionados evitan ir a Venezuela ante amenaza de Trump","author":"Nelson Feliz","date":"18 de diciembre de 2025","format":false,"excerpt":"El presidente venezolano Nicol\u00e1s Maduro en un mitin con partidarios, el 10 de diciembre de 2025, en Caracas. (AP foto\/Ariana Cubillos)","rel":"","context":"En \u00abINTERNACIONALES\u00bb","block_context":{"text":"INTERNACIONALES","link":"https:\/\/lasprimeras.com.do\/index.php\/category\/sin-categoria\/internacionales\/"},"img":{"alt_text":"El presidente venezolano Nicol\u00e1s Maduro en un mitin con partidarios, el 10 de diciembre de 2025, en Caracas. (AP foto\/Ariana Cubillos)","src":"https:\/\/i0.wp.com\/lasprimeras.com.do\/wp-content\/uploads\/2025\/12\/Nicolas-Maduro-1.jpg?resize=350%2C200&ssl=1","width":350,"height":200,"srcset":"https:\/\/i0.wp.com\/lasprimeras.com.do\/wp-content\/uploads\/2025\/12\/Nicolas-Maduro-1.jpg?resize=350%2C200&ssl=1 1x, https:\/\/i0.wp.com\/lasprimeras.com.do\/wp-content\/uploads\/2025\/12\/Nicolas-Maduro-1.jpg?resize=525%2C300&ssl=1 1.5x, https:\/\/i0.wp.com\/lasprimeras.com.do\/wp-content\/uploads\/2025\/12\/Nicolas-Maduro-1.jpg?resize=700%2C400&ssl=1 2x"},"classes":[]},{"id":93434,"url":"https:\/\/lasprimeras.com.do\/index.php\/2025\/02\/09\/nicolas-maduro-cataloga-de-ladron-a-marco-rubio-por-incautacion-de-aeronave-en-rd\/","url_meta":{"origin":115904,"position":4},"title":"Nicol\u00e1s Maduro cataloga de \u201cladr\u00f3n\u201d a Marco Rubio por incautaci\u00f3n de aeronave en RD","author":"Nelson Feliz","date":"9 de febrero de 2025","format":false,"excerpt":"Venezuela asegur\u00f3 adem\u00e1s que \"tomar\u00e1 todas las acciones necesarias para denunciar este robo y exigir la devoluci\u00f3n inmediata de su aeronave\". Caracas, Venezuela, AFP.-. Venezuela calific\u00f3 este viernes de \"robo descarado\" la confiscaci\u00f3n de una segunda aeronave en Rep\u00fablica Dominicana por Estados Unidos, al tiempo que se refiri\u00f3 al jefe\u2026","rel":"","context":"En \u00abINTERNACIONALES\u00bb","block_context":{"text":"INTERNACIONALES","link":"https:\/\/lasprimeras.com.do\/index.php\/category\/sin-categoria\/internacionales\/"},"img":{"alt_text":"Nicol\u00e1s Maduro","src":"https:\/\/i0.wp.com\/lasprimeras.com.do\/wp-content\/uploads\/2025\/02\/Nicolas-Maduro.jpeg?resize=350%2C200&ssl=1","width":350,"height":200,"srcset":"https:\/\/i0.wp.com\/lasprimeras.com.do\/wp-content\/uploads\/2025\/02\/Nicolas-Maduro.jpeg?resize=350%2C200&ssl=1 1x, https:\/\/i0.wp.com\/lasprimeras.com.do\/wp-content\/uploads\/2025\/02\/Nicolas-Maduro.jpeg?resize=525%2C300&ssl=1 1.5x, https:\/\/i0.wp.com\/lasprimeras.com.do\/wp-content\/uploads\/2025\/02\/Nicolas-Maduro.jpeg?resize=700%2C400&ssl=1 2x"},"classes":[]},{"id":53245,"url":"https:\/\/lasprimeras.com.do\/index.php\/2023\/06\/24\/maduro-condena-amenaza-irracional-del-grupo-wagner-de-promover-una-insurreccion-armada-en-rusia\/","url_meta":{"origin":115904,"position":5},"title":"Maduro condena &#8220;amenaza irracional&#8221; del grupo Wagner de &#8220;promover una insurrecci\u00f3n armada&#8221; en Rusia","author":"Nelson Feliz","date":"24 de junio de 2023","format":false,"excerpt":"El presidente de Venezuela, Nicol\u00e1s Maduro, ha condenado la \"amenaza irracional\" del grupo Wagner y de su dirigente, Yevgueni Prigozhin, de \"promover una insurrecci\u00f3n armada\" en Rusia \"a trav\u00e9s de m\u00e9todos terroristas\", seg\u00fan un comunicado publicado este s\u00e1bado por el Ministerio del Poder Popular para la Comunicaci\u00f3n y la Informaci\u00f3n\u2026","rel":"","context":"En \u00abSin categor\u00eda\u00bb","block_context":{"text":"Sin categor\u00eda","link":"https:\/\/lasprimeras.com.do\/index.php\/category\/sin-categoria\/"},"img":{"alt_text":"","src":"https:\/\/i0.wp.com\/lasprimeras.com.do\/wp-content\/uploads\/2023\/06\/Nicolas-Maduro.jpg?resize=350%2C200&ssl=1","width":350,"height":200,"srcset":"https:\/\/i0.wp.com\/lasprimeras.com.do\/wp-content\/uploads\/2023\/06\/Nicolas-Maduro.jpg?resize=350%2C200&ssl=1 1x, https:\/\/i0.wp.com\/lasprimeras.com.do\/wp-content\/uploads\/2023\/06\/Nicolas-Maduro.jpg?resize=525%2C300&ssl=1 1.5x, https:\/\/i0.wp.com\/lasprimeras.com.do\/wp-content\/uploads\/2023\/06\/Nicolas-Maduro.jpg?resize=700%2C400&ssl=1 2x"},"classes":[]}],"jetpack_sharing_enabled":true,"_links":{"self":[{"href":"https:\/\/lasprimeras.com.do\/index.php\/wp-json\/wp\/v2\/posts\/115904","targetHints":{"allow":["GET"]}}],"collection":[{"href":"https:\/\/lasprimeras.com.do\/index.php\/wp-json\/wp\/v2\/posts"}],"about":[{"href":"https:\/\/lasprimeras.com.do\/index.php\/wp-json\/wp\/v2\/types\/post"}],"author":[{"embeddable":true,"href":"https:\/\/lasprimeras.com.do\/index.php\/wp-json\/wp\/v2\/users\/10"}],"replies":[{"embeddable":true,"href":"https:\/\/lasprimeras.com.do\/index.php\/wp-json\/wp\/v2\/comments?post=115904"}],"version-history":[{"count":1,"href":"https:\/\/lasprimeras.com.do\/index.php\/wp-json\/wp\/v2\/posts\/115904\/revisions"}],"predecessor-version":[{"id":115906,"href":"https:\/\/lasprimeras.com.do\/index.php\/wp-json\/wp\/v2\/posts\/115904\/revisions\/115906"}],"wp:featuredmedia":[{"embeddable":true,"href":"https:\/\/lasprimeras.com.do\/index.php\/wp-json\/wp\/v2\/media\/115905"}],"wp:attachment":[{"href":"https:\/\/lasprimeras.com.do\/index.php\/wp-json\/wp\/v2\/media?parent=115904"}],"wp:term":[{"taxonomy":"category","embeddable":true,"href":"https:\/\/lasprimeras.com.do\/index.php\/wp-json\/wp\/v2\/categories?post=115904"},{"taxonomy":"post_tag","embeddable":true,"href":"https:\/\/lasprimeras.com.do\/index.php\/wp-json\/wp\/v2\/tags?post=115904"}],"curies":[{"name":"wp","href":"https:\/\/api.w.org\/{rel}","templated":true}]}}