{"id":115907,"date":"2025-11-26T07:56:12","date_gmt":"2025-11-26T11:56:12","guid":{"rendered":"https:\/\/lasprimeras.com.do\/?p=115907"},"modified":"2025-11-26T07:56:13","modified_gmt":"2025-11-26T11:56:13","slug":"ee-uu-realiza-vuelos-nocturnos-en-el-caribe-desde-el-portaviones-mas-grande-del-mundo","status":"publish","type":"post","link":"https:\/\/lasprimeras.com.do\/index.php\/2025\/11\/26\/ee-uu-realiza-vuelos-nocturnos-en-el-caribe-desde-el-portaviones-mas-grande-del-mundo\/","title":{"rendered":"EE.UU. realiza vuelos nocturnos en el Caribe desde el portaviones m\u00e1s grande del mundo"},"content":{"rendered":"\n<p><strong>El despliegue militar a\u00e9reo coincide con la visita del jefe del Estado Mayor Conjunto de las Fuerzas Armadas de EE.UU., Dan Caine, a Trinidad y Tobago.<\/strong><\/p>\n\n\n\n<p>Las fuerzas militares de EE.UU. realiza operaciones de vuelo nocturno como parte de sus actividades militares en el mar Caribe, inform\u00f3 este martes la Marina estadounidense en la red social X.<\/p>\n\n\n\n<p>&#8220;La cubierta de vuelo nunca duerme&#8221; expres\u00f3 el componente de la Armada, al se\u00f1alar que estos vuelos se realizan desde el portaviones m\u00e1s grande del mundo, el Ford USS Gerald R. Ford, que se encuentra en las aguas del Caribe desde hace varias semanas en medio de la escalada de tensiones surgidas por la agresi\u00f3n continuada de EE.UU. contra Venezuela.<\/p>\n\n\n\n<p>Seg\u00fan el cuerpo del Pent\u00e1gono, &#8220;las fuerzas militares estadounidenses est\u00e1n desplegadas en el Caribe en apoyo de la misi\u00f3n del Comando Sur&#8221;, as\u00ed como tambi\u00e9n a &#8220;las operaciones dirigidas por el Departamento de Guerra y las prioridades del presidente&#8221;, Donald Trump, &#8220;para interrumpir el tr\u00e1fico il\u00edcito de drogas y proteger el territorio nacional&#8221;.<\/p>\n\n\n\n<figure class=\"wp-block-image size-full\"><img decoding=\"async\" width=\"755\" height=\"684\" src=\"https:\/\/lasprimeras.com.do\/wp-content\/uploads\/2025\/11\/IMAGEN.jpg\" alt=\"\" class=\"wp-image-115908\" srcset=\"https:\/\/lasprimeras.com.do\/wp-content\/uploads\/2025\/11\/IMAGEN.jpg 755w, https:\/\/lasprimeras.com.do\/wp-content\/uploads\/2025\/11\/IMAGEN-300x272.jpg 300w\" sizes=\"(max-width: 755px) 100vw, 755px\" \/><\/figure>\n\n\n\n<p>El despliegue militar a\u00e9reo coincide con la visita del jefe del Estado Mayor Conjunto de las Fuerzas Armadas de EE.UU., Dan Caine, a Trinidad y Tobago, donde se reuni\u00f3 con la primera ministra, Kamla Persad-Bissessar, en medio de las nuevas amenazas de la administraci\u00f3n Trump contra Caracas, que desde la semana pasada defini\u00f3 como &#8220;potencialmente peligrosa&#8221; la zona a\u00e9rea pr\u00f3xima a Venezuela.<\/p>\n\n\n\n<p>Medios locales informaron que Caine, el principal asesor militar de Trump, arrib\u00f3 a Trinidad y Tobago alrededor de las 11 de la ma\u00f1ana.<\/p>\n\n\n\n<p>En un escueto comunicado, la Embajada de EE.UU. en Trinidad inform\u00f3 el lunes que la visita se centrar\u00eda en la &#8220;s\u00f3lida relaci\u00f3n bilateral entre ambas naciones, el fortalecimiento de la estabilidad regional y la unidad regional sobre la vital importancia de combatir el tr\u00e1fico il\u00edcito y las organizaciones criminales transnacionales&#8221;.<\/p>\n\n\n\n<p>Previamente, Caine estuvo en Puerto Rico, donde comparti\u00f3 con un batall\u00f3n de soldados norteamericanos que realizan ejercicios militares, como parte de las operaciones estadounidenses en la zona, ahora englobabas en la operaci\u00f3n &#8216;Lanza del Sur&#8217;.<\/p>\n\n\n\n<p><strong>Agresi\u00f3n de EE.UU. en contexto<\/strong><\/p>\n\n\n\n<p>Despliegue militar: desde agosto pasado, EE.UU. mantiene desplegada una fuerza militar significativa frente a las costas de Venezuela, justific\u00e1ndola como parte de la lucha antidrogas.<\/p>\n\n\n\n<p>Washington anunci\u00f3 posteriormente la operaci\u00f3n &#8216;Lanza del Sur&#8217;, con el prop\u00f3sito oficial de &#8220;eliminar a los narcoterroristas&#8221; del hemisferio occidental y &#8220;proteger&#8221; a EE.UU. &#8220;de las drogas que est\u00e1n matando&#8221; a sus ciudadanos.<\/p>\n\n\n\n<p>Operativos letales: como parte de estas operaciones se han realizado bombardeos contra presuntas embarcaciones de narcotraficantes, con un saldo de m\u00e1s de 70 personas muertas y sin pruebas de que realmente traficaran con estupefacientes.<\/p>\n\n\n\n<p>Acusaciones y recompensa: Washington ha acusado sin presentar evidencias al presidente venezolano, Nicol\u00e1s Maduro, de liderar un c\u00e1rtel de narcotr\u00e1fico y ha duplicado la recompensa por su captura.<\/p>\n\n\n\n<p>Postura venezolana: Maduro denuncia que el objetivo real de EE.UU. es un &#8220;cambio de r\u00e9gimen&#8221; para apoderarse de las inmensas riquezas petroleras y gas\u00edsticas de Venezuela.<\/p>\n\n\n\n<p>Falta de sustento: organismos como Naciones Unidas y la propia Administraci\u00f3n de Control de Drogas (DEA) de EE.UU. se\u00f1alan que Venezuela no es una ruta principal para el narcotr\u00e1fico hacia suelo estadounidense, ya que m\u00e1s de 80 % de las drogas utilizan la ruta del Pac\u00edfico.<\/p>\n\n\n\n<p>Condena internacional: Rusia, el alto comisionado de las Naciones Unidas para los Derechos Humanos y los Gobiernos de Colombia, M\u00e9xico y Brasil han condenado las acciones estadounidenses.<\/p>\n\n\n\n<p>Expertos califican los ataques a embarcaciones como &#8220;ejecuciones sumarias&#8221; que violan el derecho internacional.<\/p>\n","protected":false},"excerpt":{"rendered":"<p>Piloto de la Fuerza Armada de EE.UU. en un operativo en el Caribe, el 25 de noviembre de 2025<\/p>\n","protected":false},"author":10,"featured_media":115909,"comment_status":"open","ping_status":"open","sticky":false,"template":"","format":"standard","meta":{"content-type":"","jetpack_post_was_ever_published":false,"_jetpack_newsletter_access":"","_jetpack_dont_email_post_to_subs":false,"_jetpack_newsletter_tier_id":0,"_jetpack_memberships_contains_paywalled_content":false,"_jetpack_memberships_contains_paid_content":false,"footnotes":""},"categories":[16289],"tags":[259,27695,206,2957,13296,27794],"class_list":["post-115907","post","type-post","status-publish","format-standard","has-post-thumbnail","hentry","category-internacionales","tag-caribe","tag-dan-caine","tag-ee-uu","tag-fuerzas-armadas","tag-trinidad-y-tobago","tag-vuelos-nocturnos"],"jetpack_featured_media_url":"https:\/\/lasprimeras.com.do\/wp-content\/uploads\/2025\/11\/EE.UU_.-realiza-vuelos-nocturnos-en-el-Caribe.jpg","jetpack-related-posts":[{"id":117411,"url":"https:\/\/lasprimeras.com.do\/index.php\/2025\/12\/10\/el-radar-de-estados-unidos-instalado-en-trinidad-y-tobago-ya-esta-operativo\/","url_meta":{"origin":115907,"position":0},"title":"El radar de Estados Unidos instalado en Trinidad y Tobago ya est\u00e1 operativo","author":"Nelson Feliz","date":"10 de diciembre de 2025","format":false,"excerpt":"La instalaci\u00f3n de este dispositivo se dio en medio de un despliegue militar de Washington sin precedentes en el Caribe Puerto Espa\u00f1a, AFP - El radar instalado en noviembre por Estados Unidos en Trinidad y Tobago est\u00e1 operativo y sus datos \"se comparten\" entre estadounidenses y trinitenses, inform\u00f3 a la\u2026","rel":"","context":"En \u00abINTERNACIONALES\u00bb","block_context":{"text":"INTERNACIONALES","link":"https:\/\/lasprimeras.com.do\/index.php\/category\/sin-categoria\/internacionales\/"},"img":{"alt_text":"","src":"https:\/\/i0.wp.com\/lasprimeras.com.do\/wp-content\/uploads\/2025\/12\/trinidad-y-tobago.jpg?resize=350%2C200&ssl=1","width":350,"height":200,"srcset":"https:\/\/i0.wp.com\/lasprimeras.com.do\/wp-content\/uploads\/2025\/12\/trinidad-y-tobago.jpg?resize=350%2C200&ssl=1 1x, https:\/\/i0.wp.com\/lasprimeras.com.do\/wp-content\/uploads\/2025\/12\/trinidad-y-tobago.jpg?resize=525%2C300&ssl=1 1.5x, https:\/\/i0.wp.com\/lasprimeras.com.do\/wp-content\/uploads\/2025\/12\/trinidad-y-tobago.jpg?resize=700%2C400&ssl=1 2x"},"classes":[]},{"id":112252,"url":"https:\/\/lasprimeras.com.do\/index.php\/2025\/10\/20\/embajada-de-ee-uu-emite-advertencia-en-trinidad-y-tobago-ante-crecientes-tensiones-con-venezuela\/","url_meta":{"origin":115907,"position":1},"title":"Embajada de EE.UU. emite advertencia en Trinidad y Tobago ante crecientes tensiones con Venezuela","author":"Nelson Feliz","date":"20 de octubre de 2025","format":false,"excerpt":"Por Anselmo Gibbs PUERTO ESPA\u00d1A, Trinidad (AP) \u2014 La embajada de Estados Unidos en Trinidad y Tobago advirti\u00f3 a los estadounidenses que se mantengan alejados de las instalaciones del gobierno estadounidense en la naci\u00f3n de dos islas. Fue una advertencia inusual que se produjo mientras aumentan las tensiones entre Estados\u2026","rel":"","context":"En \u00abINTERNACIONALES\u00bb","block_context":{"text":"INTERNACIONALES","link":"https:\/\/lasprimeras.com.do\/index.php\/category\/sin-categoria\/internacionales\/"},"img":{"alt_text":"","src":"https:\/\/i0.wp.com\/lasprimeras.com.do\/wp-content\/uploads\/2025\/10\/Donald-Trump-1-1.jpg?resize=350%2C200&ssl=1","width":350,"height":200,"srcset":"https:\/\/i0.wp.com\/lasprimeras.com.do\/wp-content\/uploads\/2025\/10\/Donald-Trump-1-1.jpg?resize=350%2C200&ssl=1 1x, https:\/\/i0.wp.com\/lasprimeras.com.do\/wp-content\/uploads\/2025\/10\/Donald-Trump-1-1.jpg?resize=525%2C300&ssl=1 1.5x, https:\/\/i0.wp.com\/lasprimeras.com.do\/wp-content\/uploads\/2025\/10\/Donald-Trump-1-1.jpg?resize=700%2C400&ssl=1 2x"},"classes":[]},{"id":115655,"url":"https:\/\/lasprimeras.com.do\/index.php\/2025\/11\/24\/el-jefe-del-estado-mayor-de-ee-uu-visita-puerto-rico-en-medio-de-tensiones-con-venezuela\/","url_meta":{"origin":115907,"position":2},"title":"El jefe del Estado Mayor de EE. UU. visita Puerto Rico en medio de tensiones con Venezuela","author":"Nelson Feliz","date":"24 de noviembre de 2025","format":false,"excerpt":"Dan Caine supervisa en el Caribe la operaci\u00f3n \"Lanza del Sur\", el mayor despliegue militar regional desde la Crisis de los Misiles Washington, EFE - El jefe del Estado Mayor de Estados Unidos, Dan Caine, visita este lunes Puerto Rico y uno de los nav\u00edos de guerra que Washington mantiene\u2026","rel":"","context":"En \u00abINTERNACIONALES\u00bb","block_context":{"text":"INTERNACIONALES","link":"https:\/\/lasprimeras.com.do\/index.php\/category\/sin-categoria\/internacionales\/"},"img":{"alt_text":"","src":"https:\/\/i0.wp.com\/lasprimeras.com.do\/wp-content\/uploads\/2025\/11\/Dan-Caine.jpg?resize=350%2C200&ssl=1","width":350,"height":200,"srcset":"https:\/\/i0.wp.com\/lasprimeras.com.do\/wp-content\/uploads\/2025\/11\/Dan-Caine.jpg?resize=350%2C200&ssl=1 1x, https:\/\/i0.wp.com\/lasprimeras.com.do\/wp-content\/uploads\/2025\/11\/Dan-Caine.jpg?resize=525%2C300&ssl=1 1.5x, https:\/\/i0.wp.com\/lasprimeras.com.do\/wp-content\/uploads\/2025\/11\/Dan-Caine.jpg?resize=700%2C400&ssl=1 2x"},"classes":[]},{"id":107423,"url":"https:\/\/lasprimeras.com.do\/index.php\/2025\/08\/26\/ee-uu-presume-de-coalicion-internacional-contra-los-carteles-que-paises-latinoamericanos-se-suman\/","url_meta":{"origin":115907,"position":3},"title":"EE.UU. presume de coalici\u00f3n internacional contra los c\u00e1rteles: qu\u00e9 pa\u00edses latinoamericanos se suman","author":"Nelson Feliz","date":"26 de agosto de 2025","format":false,"excerpt":"Las autoridades se\u00f1alan que cuentan con una cooperaci\u00f3n \"incre\u00edble\", no solo en esa materia, sino tambi\u00e9n en relaci\u00f3n a la migraci\u00f3n ilegal. El secretario de Estado de EE.UU., Marco Rubio, afirm\u00f3 este martes, en una reuni\u00f3n del gabinete de la Administraci\u00f3n de Donald Trump, que por primera vez \"en la\u2026","rel":"","context":"En \u00abINTERNACIONALES\u00bb","block_context":{"text":"INTERNACIONALES","link":"https:\/\/lasprimeras.com.do\/index.php\/category\/sin-categoria\/internacionales\/"},"img":{"alt_text":"","src":"https:\/\/i0.wp.com\/lasprimeras.com.do\/wp-content\/uploads\/2025\/08\/Marco-Rubio-y-Donald-Trump-en-reunion-con-la-prensa-en-Washington.jpg?resize=350%2C200&ssl=1","width":350,"height":200,"srcset":"https:\/\/i0.wp.com\/lasprimeras.com.do\/wp-content\/uploads\/2025\/08\/Marco-Rubio-y-Donald-Trump-en-reunion-con-la-prensa-en-Washington.jpg?resize=350%2C200&ssl=1 1x, https:\/\/i0.wp.com\/lasprimeras.com.do\/wp-content\/uploads\/2025\/08\/Marco-Rubio-y-Donald-Trump-en-reunion-con-la-prensa-en-Washington.jpg?resize=525%2C300&ssl=1 1.5x, https:\/\/i0.wp.com\/lasprimeras.com.do\/wp-content\/uploads\/2025\/08\/Marco-Rubio-y-Donald-Trump-en-reunion-con-la-prensa-en-Washington.jpg?resize=700%2C400&ssl=1 2x, https:\/\/i0.wp.com\/lasprimeras.com.do\/wp-content\/uploads\/2025\/08\/Marco-Rubio-y-Donald-Trump-en-reunion-con-la-prensa-en-Washington.jpg?resize=1050%2C600&ssl=1 3x"},"classes":[]},{"id":118755,"url":"https:\/\/lasprimeras.com.do\/index.php\/2026\/01\/03\/captura-de-nicolas-maduro-participo-trinidad-y-tobago-en-el-operativo-militar-de-ee-uu-contra-venezuela\/","url_meta":{"origin":115907,"position":4},"title":"Captura de Nicol\u00e1s Maduro \u00bfParticip\u00f3 Trinidad y Tobago en el operativo militar de EE. UU. contra Venezuela?","author":"Nelson Feliz","date":"3 de enero de 2026","format":false,"excerpt":"A\u00f1adi\u00f3 que Trinidad y Tobago \"contin\u00faa manteniendo relaciones de paz con la gente de Venezuela\". San Juan, (EFE).- La primera ministra de Trinidad y Tobago, Kamla Persad-Bissessar, asegur\u00f3 este s\u00e1bado que su pa\u00eds no particip\u00f3 en el operativo militar de Estados Unidos contra Venezuela, que incluy\u00f3 la captura del presidente\u2026","rel":"","context":"En \u00abINTERNACIONALES\u00bb","block_context":{"text":"INTERNACIONALES","link":"https:\/\/lasprimeras.com.do\/index.php\/category\/sin-categoria\/internacionales\/"},"img":{"alt_text":"Kamla Persad-Bissessar","src":"https:\/\/i0.wp.com\/lasprimeras.com.do\/wp-content\/uploads\/2026\/01\/Kamla-Persad-Bissessar.jpg?resize=350%2C200&ssl=1","width":350,"height":200,"srcset":"https:\/\/i0.wp.com\/lasprimeras.com.do\/wp-content\/uploads\/2026\/01\/Kamla-Persad-Bissessar.jpg?resize=350%2C200&ssl=1 1x, https:\/\/i0.wp.com\/lasprimeras.com.do\/wp-content\/uploads\/2026\/01\/Kamla-Persad-Bissessar.jpg?resize=525%2C300&ssl=1 1.5x, https:\/\/i0.wp.com\/lasprimeras.com.do\/wp-content\/uploads\/2026\/01\/Kamla-Persad-Bissessar.jpg?resize=700%2C400&ssl=1 2x"},"classes":[]},{"id":114769,"url":"https:\/\/lasprimeras.com.do\/index.php\/2025\/11\/17\/trump-eeuu-podria-sostener-conversaciones-con-maduro-aumenta-su-presencia-militar-en-el-caribe\/","url_meta":{"origin":115907,"position":5},"title":"Trump: EEUU podr\u00eda sostener conversaciones con Maduro; aumenta su presencia militar en el Caribe","author":"Nelson Feliz","date":"17 de noviembre de 2025","format":false,"excerpt":"POR BEN FINLEYand CHRIS MEGERIAN WEST PALM BEACH, Florida, EE.UU. (AP) \u2014 Estados Unidos \u201cpodr\u00eda sostener conversaciones\u201d con el presidente venezolano Nicol\u00e1s Maduro, indic\u00f3 el domingo el mandatario estadounidense Donald Trump, lo que representa una posible v\u00eda diplom\u00e1tica al tiempo que Estados Unidos sigue aumentando su presencia militar cerca del\u2026","rel":"","context":"En \u00abINTERNACIONALES\u00bb","block_context":{"text":"INTERNACIONALES","link":"https:\/\/lasprimeras.com.do\/index.php\/category\/sin-categoria\/internacionales\/"},"img":{"alt_text":"","src":"https:\/\/i0.wp.com\/lasprimeras.com.do\/wp-content\/uploads\/2025\/11\/El-portaaviones-USS-Gerald-R.-Ford-saliendo-de-la-Base-Naval-Norfolk.jpg?resize=350%2C200&ssl=1","width":350,"height":200,"srcset":"https:\/\/i0.wp.com\/lasprimeras.com.do\/wp-content\/uploads\/2025\/11\/El-portaaviones-USS-Gerald-R.-Ford-saliendo-de-la-Base-Naval-Norfolk.jpg?resize=350%2C200&ssl=1 1x, https:\/\/i0.wp.com\/lasprimeras.com.do\/wp-content\/uploads\/2025\/11\/El-portaaviones-USS-Gerald-R.-Ford-saliendo-de-la-Base-Naval-Norfolk.jpg?resize=525%2C300&ssl=1 1.5x, https:\/\/i0.wp.com\/lasprimeras.com.do\/wp-content\/uploads\/2025\/11\/El-portaaviones-USS-Gerald-R.-Ford-saliendo-de-la-Base-Naval-Norfolk.jpg?resize=700%2C400&ssl=1 2x"},"classes":[]}],"jetpack_sharing_enabled":true,"_links":{"self":[{"href":"https:\/\/lasprimeras.com.do\/index.php\/wp-json\/wp\/v2\/posts\/115907","targetHints":{"allow":["GET"]}}],"collection":[{"href":"https:\/\/lasprimeras.com.do\/index.php\/wp-json\/wp\/v2\/posts"}],"about":[{"href":"https:\/\/lasprimeras.com.do\/index.php\/wp-json\/wp\/v2\/types\/post"}],"author":[{"embeddable":true,"href":"https:\/\/lasprimeras.com.do\/index.php\/wp-json\/wp\/v2\/users\/10"}],"replies":[{"embeddable":true,"href":"https:\/\/lasprimeras.com.do\/index.php\/wp-json\/wp\/v2\/comments?post=115907"}],"version-history":[{"count":1,"href":"https:\/\/lasprimeras.com.do\/index.php\/wp-json\/wp\/v2\/posts\/115907\/revisions"}],"predecessor-version":[{"id":115910,"href":"https:\/\/lasprimeras.com.do\/index.php\/wp-json\/wp\/v2\/posts\/115907\/revisions\/115910"}],"wp:featuredmedia":[{"embeddable":true,"href":"https:\/\/lasprimeras.com.do\/index.php\/wp-json\/wp\/v2\/media\/115909"}],"wp:attachment":[{"href":"https:\/\/lasprimeras.com.do\/index.php\/wp-json\/wp\/v2\/media?parent=115907"}],"wp:term":[{"taxonomy":"category","embeddable":true,"href":"https:\/\/lasprimeras.com.do\/index.php\/wp-json\/wp\/v2\/categories?post=115907"},{"taxonomy":"post_tag","embeddable":true,"href":"https:\/\/lasprimeras.com.do\/index.php\/wp-json\/wp\/v2\/tags?post=115907"}],"curies":[{"name":"wp","href":"https:\/\/api.w.org\/{rel}","templated":true}]}}