{"id":115934,"date":"2025-11-25T21:11:00","date_gmt":"2025-11-26T01:11:00","guid":{"rendered":"https:\/\/lasprimeras.com.do\/?p=115934"},"modified":"2025-11-26T09:25:44","modified_gmt":"2025-11-26T13:25:44","slug":"festival-cultural-hermanas-mirabal-2025-concluye-con-actos-en-honor-a-las-hermanas-mirabal","status":"publish","type":"post","link":"https:\/\/lasprimeras.com.do\/index.php\/2025\/11\/25\/festival-cultural-hermanas-mirabal-2025-concluye-con-actos-en-honor-a-las-hermanas-mirabal\/","title":{"rendered":"Festival Cultural Hermanas Mirabal 2025 concluye con actos en honor a las Hermanas Mirabal"},"content":{"rendered":"\n<p><strong>Este 25 de noviembre se conmemora el 65 aniversario del asesinato de Las Mariposas.<\/strong><\/p>\n\n\n\n<p>El Festival Cultural Hermanas Mirabal 2025 concluy\u00f3 de manera exitosa con una serie de actos conmemorativos que resaltaron el compromiso y el liderazgo de la legisladora Mar\u00eda Mercedes Ortiz Dilon\u00e9, quien tambi\u00e9n es presidenta ejecutiva del Comit\u00e9 Organizador del evento.<\/p>\n\n\n\n<p>La representante de la provincia en la C\u00e1mara Alta destac\u00f3 el deber de mantener viva la memoria de las Hermanas Mirabal: \u201cUn d\u00eda como hoy representa un gran compromiso. Representa la continuidad de un legado que tenemos como generaci\u00f3n viva, y que adem\u00e1s debemos refrendar frente a las futuras generaciones\u201d.<\/p>\n\n\n\n<p>Al conmemorarse el 65 aniversario del cruel asesinato de Patria, Minerva y Mar\u00eda Teresa Mirabal, afirm\u00f3 que \u201chonramos su memoria, su legado y su valent\u00eda.<\/p>\n\n\n<div class=\"wp-block-image\">\n<figure class=\"alignleft size-full is-resized\"><img decoding=\"async\" width=\"900\" height=\"600\" src=\"https:\/\/lasprimeras.com.do\/wp-content\/uploads\/2025\/11\/Festival-Cultural-Hermanas-Mirabal-2025-B.jpg\" alt=\"\" class=\"wp-image-115936\" style=\"width:385px;height:auto\" srcset=\"https:\/\/lasprimeras.com.do\/wp-content\/uploads\/2025\/11\/Festival-Cultural-Hermanas-Mirabal-2025-B.jpg 900w, https:\/\/lasprimeras.com.do\/wp-content\/uploads\/2025\/11\/Festival-Cultural-Hermanas-Mirabal-2025-B-300x200.jpg 300w, https:\/\/lasprimeras.com.do\/wp-content\/uploads\/2025\/11\/Festival-Cultural-Hermanas-Mirabal-2025-B-768x512.jpg 768w\" sizes=\"(max-width: 900px) 100vw, 900px\" \/><\/figure>\n<\/div>\n\n\n<p>Como hija de Salcedo, enviamos un mensaje a todo el pa\u00eds para que sigamos luchando contra la violencia hacia la mujer; para que sigamos honrando su legado sobre la base del compromiso de hacer realidad lo que ellas so\u00f1aron: construir un pa\u00eds m\u00e1s justo, m\u00e1s solidario, m\u00e1s equitativo, con mayores oportunidades para las mujeres, para los ni\u00f1os y para los envejecientes\u201d.<\/p>\n\n\n\n<p>Ortiz hizo un llamado a las nuevas generaciones a emular el legado de Las Mariposas, para que \u201cla sangre derramada por nuestras Hermanas Mirabal haya valido la pena\u201d.<\/p>\n\n\n\n<p><strong>Dedicatoria especial de la edici\u00f3n 2027<\/strong><\/p>\n\n\n\n<p>Durante el acto, la senadora Mar\u00eda Mercedes Ortiz anunci\u00f3 la dedicatoria especial de la pr\u00f3xima edici\u00f3n del festival, correspondiente al a\u00f1o 2027, al presidente del Senado, Ricardo de los Santos, quien recibi\u00f3 el anuncio con alegr\u00eda.<\/p>\n\n\n\n<figure class=\"wp-block-image size-large\"><img decoding=\"async\" width=\"683\" height=\"1024\" src=\"https:\/\/lasprimeras.com.do\/wp-content\/uploads\/2025\/11\/Festival-Cultural-Hermanas-Mirabal-2025-A-683x1024.jpg\" alt=\"\" class=\"wp-image-115939\" srcset=\"https:\/\/lasprimeras.com.do\/wp-content\/uploads\/2025\/11\/Festival-Cultural-Hermanas-Mirabal-2025-A-683x1024.jpg 683w, https:\/\/lasprimeras.com.do\/wp-content\/uploads\/2025\/11\/Festival-Cultural-Hermanas-Mirabal-2025-A-200x300.jpg 200w, https:\/\/lasprimeras.com.do\/wp-content\/uploads\/2025\/11\/Festival-Cultural-Hermanas-Mirabal-2025-A-768x1151.jpg 768w, https:\/\/lasprimeras.com.do\/wp-content\/uploads\/2025\/11\/Festival-Cultural-Hermanas-Mirabal-2025-A.jpg 854w\" sizes=\"(max-width: 683px) 100vw, 683px\" \/><\/figure>\n\n\n\n<p>\u201cPara m\u00ed es un gran orgullo recibir la distinci\u00f3n de esta dedicatoria, en un evento que, adem\u00e1s de enaltecer la cultura y las costumbres de la provincia, simboliza un homenaje a las Hermanas Mirabal, quienes fueron cruelmente asesinadas durante la f\u00e9rrea dictadura de Rafael Le\u00f3nidas Trujillo\u201d, expres\u00f3 De los Santos.<\/p>\n\n\n\n<p>Este evento, que celebrar\u00e1 sus 20 a\u00f1os de trayectoria, ser\u00e1 dedicado tambi\u00e9n a la provincia S\u00e1nchez Ram\u00edrez y a Colombia, dando continuidad a una tradici\u00f3n que se ha convertido en un espacio emblem\u00e1tico para promover la identidad cultural y el legado de las Hermanas Mirabal.<\/p>\n\n\n<div class=\"wp-block-image\">\n<figure class=\"alignright size-full is-resized\"><img decoding=\"async\" width=\"900\" height=\"600\" src=\"https:\/\/lasprimeras.com.do\/wp-content\/uploads\/2025\/11\/Festival-Cultural-Hermanas-Mirabal-2025-C.jpg\" alt=\"\" class=\"wp-image-115937\" style=\"width:409px;height:auto\" srcset=\"https:\/\/lasprimeras.com.do\/wp-content\/uploads\/2025\/11\/Festival-Cultural-Hermanas-Mirabal-2025-C.jpg 900w, https:\/\/lasprimeras.com.do\/wp-content\/uploads\/2025\/11\/Festival-Cultural-Hermanas-Mirabal-2025-C-300x200.jpg 300w, https:\/\/lasprimeras.com.do\/wp-content\/uploads\/2025\/11\/Festival-Cultural-Hermanas-Mirabal-2025-C-768x512.jpg 768w\" sizes=\"(max-width: 900px) 100vw, 900px\" \/><\/figure>\n<\/div>\n\n\n<p><strong>Actividades conmemorativas<\/strong><\/p>\n\n\n\n<p>Los actos continuaron con el dep\u00f3sito de ofrendas florales en la Casa Museo donde vivieron las hero\u00ednas. Estuvieron presentes Jaime David Fern\u00e1ndez Mirabal, Minou Tav\u00e1rez Mirabal, Noris Gonz\u00e1lez Mirabal, Ra\u00fal Gonz\u00e1lez Mirabal y Jaqueline Guzm\u00e1n Mirabal, junto a autoridades locales, quienes realizaron un recorrido por los espacios hist\u00f3ricos que preservan objetos de las hermanas.<\/p>\n\n\n\n<p>El Festival Cultural Hermanas Mirabal concluy\u00f3 con una misa solemne en la parroquia San Rafael Arc\u00e1ngel, del municipio de Villa Tapia.<\/p>\n\n\n\n<p>Durante la eucarist\u00eda, Mar\u00eda Mercedes Ortiz estuvo acompa\u00f1ada por el senador de la provincia Duarte, Franklin Romero, adem\u00e1s de familiares de las Mirabal.<\/p>\n\n\n\n<p>Adem\u00e1s, durante la clausura se realiz\u00f3 un desfile militar con una brigada del Ej\u00e9rcito de la Rep\u00fablica Dominicana, que cont\u00f3 tambi\u00e9n con la participaci\u00f3n de estudiantes y miembros de la sociedad civil.<\/p>\n\n\n\n<p>El festival, que se celebra cada dos a\u00f1os, se ha consolidado como un espacio para promover la identidad cultural y fortalecer la integraci\u00f3n ciudadana mediante diversas actividades, tales como exposiciones de artes pl\u00e1sticas, muestras gastron\u00f3micas, talleres literarios, conversatorios sobre identidad y memoria hist\u00f3rica, entre otras.<\/p>\n\n\n\n<figure class=\"wp-block-image size-full\"><img decoding=\"async\" width=\"900\" height=\"600\" src=\"https:\/\/lasprimeras.com.do\/wp-content\/uploads\/2025\/11\/Festival-Cultural-Hermanas-Mirabal-2025-D.jpg\" alt=\"\" class=\"wp-image-115938\" srcset=\"https:\/\/lasprimeras.com.do\/wp-content\/uploads\/2025\/11\/Festival-Cultural-Hermanas-Mirabal-2025-D.jpg 900w, https:\/\/lasprimeras.com.do\/wp-content\/uploads\/2025\/11\/Festival-Cultural-Hermanas-Mirabal-2025-D-300x200.jpg 300w, https:\/\/lasprimeras.com.do\/wp-content\/uploads\/2025\/11\/Festival-Cultural-Hermanas-Mirabal-2025-D-768x512.jpg 768w\" sizes=\"(max-width: 900px) 100vw, 900px\" \/><\/figure>\n\n\n\n<p><strong>Legado de las Hermanas Mirabal<\/strong><\/p>\n\n\n\n<p>Las Hermanas Mirabal \u2013Patria, Minerva y Mar\u00eda Teresa\u2013 fueron asesinadas el 25 de noviembre de 1960 por su firme oposici\u00f3n a la dictadura de Trujillo. Su legado ha sido reconocido internacionalmente; tanto as\u00ed que, en 1999, la Asamblea General de las Naciones Unidas proclam\u00f3 el 25 de noviembre como el D\u00eda Internacional de la Eliminaci\u00f3n de la Violencia contra la Mujer.<\/p>\n","protected":false},"excerpt":{"rendered":"<p>Este 25 de noviembre se conmemora el 65 aniversario del asesinato de Las Mariposas. El Festival Cultural Hermanas Mirabal 2025 concluy\u00f3 de manera exitosa con una serie de actos conmemorativos&hellip;<\/p>\n","protected":false},"author":10,"featured_media":115935,"comment_status":"open","ping_status":"open","sticky":false,"template":"","format":"standard","meta":{"content-type":"","jetpack_post_was_ever_published":false,"_jetpack_newsletter_access":"","_jetpack_dont_email_post_to_subs":false,"_jetpack_newsletter_tier_id":0,"_jetpack_memberships_contains_paywalled_content":false,"_jetpack_memberships_contains_paid_content":false,"footnotes":""},"categories":[84],"tags":[27807,3292,27808],"class_list":["post-115934","post","type-post","status-publish","format-standard","has-post-thumbnail","hentry","category-entretenimiento","tag-festival-cultural-hermanas-mirabal-2025","tag-hermanas-mirabal","tag-las-mariposas"],"jetpack_featured_media_url":"https:\/\/lasprimeras.com.do\/wp-content\/uploads\/2025\/11\/Festival-Cultural-Hermanas-Mirabal-2025.jpg","jetpack-related-posts":[{"id":115313,"url":"https:\/\/lasprimeras.com.do\/index.php\/2025\/11\/20\/propeep-inaugura-dos-paseos-de-los-colores-en-villa-tapia-en-honor-a-las-hermanas-mirabal\/","url_meta":{"origin":115934,"position":0},"title":"Propeep inaugura dos Paseos de los Colores en Villa Tapia en honor a las hermanas Mirabal","author":"Nelson Feliz","date":"20 de noviembre de 2025","format":false,"excerpt":"El pr\u00f3ximo 25 de noviembre, se conmemora el D\u00eda Internacional de la Eliminaci\u00f3n de la Violencia contra la Mujer, establecido por la ONU; en honor a Patria, Minerva y Mar\u00eda Teresa Mirabal En el marco del Festival Cultural Hermanas Mirabal \u201cVilla Tapia est\u00e1 en Festival\u201d, la Direcci\u00f3n de los Proyectos\u2026","rel":"","context":"En \u00abNACIONALES\u00bb","block_context":{"text":"NACIONALES","link":"https:\/\/lasprimeras.com.do\/index.php\/category\/nacionales\/"},"img":{"alt_text":"","src":"https:\/\/i0.wp.com\/lasprimeras.com.do\/wp-content\/uploads\/2025\/11\/Paseos-de-los-Colores-1.jpg?resize=350%2C200&ssl=1","width":350,"height":200,"srcset":"https:\/\/i0.wp.com\/lasprimeras.com.do\/wp-content\/uploads\/2025\/11\/Paseos-de-los-Colores-1.jpg?resize=350%2C200&ssl=1 1x, https:\/\/i0.wp.com\/lasprimeras.com.do\/wp-content\/uploads\/2025\/11\/Paseos-de-los-Colores-1.jpg?resize=525%2C300&ssl=1 1.5x, https:\/\/i0.wp.com\/lasprimeras.com.do\/wp-content\/uploads\/2025\/11\/Paseos-de-los-Colores-1.jpg?resize=700%2C400&ssl=1 2x"},"classes":[]},{"id":124479,"url":"https:\/\/lasprimeras.com.do\/index.php\/2026\/03\/12\/abinader-destaca-a-minerva-mirabal-como-pilar-de-la-democracia\/","url_meta":{"origin":115934,"position":1},"title":"Abinader destaca a Minerva Mirabal como pilar de la democracia","author":"Nelson Feliz","date":"12 de marzo de 2026","format":false,"excerpt":"El presidente Luis Abinader encabez\u00f3 este jueves los actos conmemorativos del centenario del nacimiento de Minerva Mirabal, donde resalt\u00f3 su liderazgo, su valent\u00eda frente a la tiran\u00eda y el legado de libertad que dej\u00f3 para la Rep\u00fablica Dominicana y el mundo. Durante su intervenci\u00f3n, el mandatario manifest\u00f3 que Minerva Mirabal\u2026","rel":"","context":"En \u00abNACIONALES\u00bb","block_context":{"text":"NACIONALES","link":"https:\/\/lasprimeras.com.do\/index.php\/category\/nacionales\/"},"img":{"alt_text":"Luis Abinader","src":"https:\/\/i0.wp.com\/lasprimeras.com.do\/wp-content\/uploads\/2026\/03\/Luis-Abinader-2.jpg?resize=350%2C200&ssl=1","width":350,"height":200,"srcset":"https:\/\/i0.wp.com\/lasprimeras.com.do\/wp-content\/uploads\/2026\/03\/Luis-Abinader-2.jpg?resize=350%2C200&ssl=1 1x, https:\/\/i0.wp.com\/lasprimeras.com.do\/wp-content\/uploads\/2026\/03\/Luis-Abinader-2.jpg?resize=525%2C300&ssl=1 1.5x, https:\/\/i0.wp.com\/lasprimeras.com.do\/wp-content\/uploads\/2026\/03\/Luis-Abinader-2.jpg?resize=700%2C400&ssl=1 2x"},"classes":[]},{"id":127195,"url":"https:\/\/lasprimeras.com.do\/index.php\/2026\/04\/09\/centro-cultural-banreservas-y-la-fundacion-hnas-mirabal-inauguran-exposicion-inedita-de-minerva-mirabal\/","url_meta":{"origin":115934,"position":2},"title":"Centro Cultural Banreservas y la Fundaci\u00f3n Hnas. Mirabal inauguran exposici\u00f3n in\u00e9dita de Minerva Mirabal","author":"Nelson Feliz","date":"9 de abril de 2026","format":false,"excerpt":"Gladialisa Pereyra, gerente del Centro Cultural Banreservas Santiago; Karina Souffront, directora senior de Negocios Personales Banreservas Zona Norte; Manuel Tav\u00e1rez Mirabal, presidente de la Fundaci\u00f3n Hermanas Mirabal, y Minou Tav\u00e1rez Mirabal, en la inauguraci\u00f3n de la exposici\u00f3n \u201cUn siglo: la dimensi\u00f3n art\u00edstica de Minerva Mirabal\u201d.","rel":"","context":"En \u00abECONOM\u00cdA\u00bb","block_context":{"text":"ECONOM\u00cdA","link":"https:\/\/lasprimeras.com.do\/index.php\/category\/economia\/"},"img":{"alt_text":"Gladialisa Pereyra, gerente del Centro Cultural Banreservas Santiago; Karina Souffront, directora senior de Negocios Personales Banreservas Zona Norte; Manuel Tav\u00e1rez Mirabal, presidente de la Fundaci\u00f3n Hermanas Mirabal, y Minou Tav\u00e1rez Mirabal, en la inauguraci\u00f3n de la exposici\u00f3n \u201cUn siglo: la dimensi\u00f3n art\u00edstica de Minerva Mirabal\u201d.","src":"https:\/\/i0.wp.com\/lasprimeras.com.do\/wp-content\/uploads\/2026\/04\/Fundacion-Banreservas.jpg?resize=350%2C200&ssl=1","width":350,"height":200,"srcset":"https:\/\/i0.wp.com\/lasprimeras.com.do\/wp-content\/uploads\/2026\/04\/Fundacion-Banreservas.jpg?resize=350%2C200&ssl=1 1x, https:\/\/i0.wp.com\/lasprimeras.com.do\/wp-content\/uploads\/2026\/04\/Fundacion-Banreservas.jpg?resize=525%2C300&ssl=1 1.5x, https:\/\/i0.wp.com\/lasprimeras.com.do\/wp-content\/uploads\/2026\/04\/Fundacion-Banreservas.jpg?resize=700%2C400&ssl=1 2x"},"classes":[]},{"id":121076,"url":"https:\/\/lasprimeras.com.do\/index.php\/2026\/01\/31\/recordamos-a-belgica-adela-mirabal-reyes-la-unica-hermana-mirabal-reyes-que-sobrevivio-a-trujillo\/","url_meta":{"origin":115934,"position":3},"title":"Recordamos a B\u00e9lgica Adela Mirabal Reyes, la \u00fanica hermana Mirabal Reyes , que sobrevivi\u00f3 a Trujillo","author":"Nelson Feliz","date":"31 de enero de 2026","format":false,"excerpt":"B\u00e9lgica Adela Mirabal Reyes, la \u00fanica hermana Mirabal Reyes , que sobrevivi\u00f3 a Trujillo, record\u00e1ndola en el d\u00eda de su fallecimiento. Do\u00f1a Ded\u00e9 como se le conoc\u00eda, naci\u00f3 en Ojo de Agua, Salcedo, un 28 de febrero de 1925 y declarada el 1 de marzo, fecha en la que celebra\u2026","rel":"","context":"En \u00abHISTORIA\u00bb","block_context":{"text":"HISTORIA","link":"https:\/\/lasprimeras.com.do\/index.php\/category\/historia\/"},"img":{"alt_text":"B\u00e9lgica Adela Mirabal Reyes","src":"https:\/\/i0.wp.com\/lasprimeras.com.do\/wp-content\/uploads\/2026\/01\/Belgica-Adela-Mirabal-Reyes.jpg?resize=350%2C200&ssl=1","width":350,"height":200},"classes":[]},{"id":52293,"url":"https:\/\/lasprimeras.com.do\/index.php\/2023\/06\/08\/bauta-rojas-anuncia-que-aspirara-nueva-vez-a-la-senaduria-de-hermanas-mirabal\/","url_meta":{"origin":115934,"position":4},"title":"Bauta Rojas anuncia que aspirara nueva vez a la senadur\u00eda de Hermanas Mirabal","author":"prenxa100","date":"8 de junio de 2023","format":false,"excerpt":"El senador de la Fuerza del Pueblo por la provincia Hermanas Mirabal, doctor Bautista Rojas G\u00f3mez, anunci\u00f3 que asumi\u00f3 el compromiso de continuar siendo su representante en el Senado de la Rep\u00fablica. Rojas G\u00f3mez, dijo que est\u00e1 convencido y comprometido con el desarrollo social y econ\u00f3mico de la provincia Hermanas\u2026","rel":"","context":"En \u00abPORTADA\u00bb","block_context":{"text":"PORTADA","link":"https:\/\/lasprimeras.com.do\/index.php\/category\/portada\/"},"img":{"alt_text":"","src":"","width":0,"height":0},"classes":[]},{"id":93610,"url":"https:\/\/lasprimeras.com.do\/index.php\/2025\/02\/15\/jaime-david-fernandez-pide-resolver-males-en-hermanas-mirabal\/","url_meta":{"origin":115934,"position":5},"title":"Jaime David Fern\u00e1ndez pide resolver males en Hermanas Mirabal","author":"Nelson Feliz","date":"15 de febrero de 2025","format":false,"excerpt":"El exvicepresidente de la Rep\u00fablica, Jaime David Fern\u00e1ndez llam\u00f3 a las autoridades de la provincia Hermanas Mirabal a que den la cara y resuelvan todas las problem\u00e1ticas de esta demarcaci\u00f3n. Fern\u00e1ndez, dijo confiar en el di\u00e1logo como alternativa. En un documento colgado en sus redes sociales, el exvicemandatario manifest\u00f3 una\u2026","rel":"","context":"En \u00abPOLITICA\u00bb","block_context":{"text":"POLITICA","link":"https:\/\/lasprimeras.com.do\/index.php\/category\/politica\/"},"img":{"alt_text":"Jaime David Fern\u00e1ndez Mirabal","src":"https:\/\/i0.wp.com\/lasprimeras.com.do\/wp-content\/uploads\/2024\/06\/Jaime-David-Fernandez-Mirabal.jpg?resize=350%2C200&ssl=1","width":350,"height":200,"srcset":"https:\/\/i0.wp.com\/lasprimeras.com.do\/wp-content\/uploads\/2024\/06\/Jaime-David-Fernandez-Mirabal.jpg?resize=350%2C200&ssl=1 1x, https:\/\/i0.wp.com\/lasprimeras.com.do\/wp-content\/uploads\/2024\/06\/Jaime-David-Fernandez-Mirabal.jpg?resize=525%2C300&ssl=1 1.5x, https:\/\/i0.wp.com\/lasprimeras.com.do\/wp-content\/uploads\/2024\/06\/Jaime-David-Fernandez-Mirabal.jpg?resize=700%2C400&ssl=1 2x"},"classes":[]}],"jetpack_sharing_enabled":true,"_links":{"self":[{"href":"https:\/\/lasprimeras.com.do\/index.php\/wp-json\/wp\/v2\/posts\/115934","targetHints":{"allow":["GET"]}}],"collection":[{"href":"https:\/\/lasprimeras.com.do\/index.php\/wp-json\/wp\/v2\/posts"}],"about":[{"href":"https:\/\/lasprimeras.com.do\/index.php\/wp-json\/wp\/v2\/types\/post"}],"author":[{"embeddable":true,"href":"https:\/\/lasprimeras.com.do\/index.php\/wp-json\/wp\/v2\/users\/10"}],"replies":[{"embeddable":true,"href":"https:\/\/lasprimeras.com.do\/index.php\/wp-json\/wp\/v2\/comments?post=115934"}],"version-history":[{"count":1,"href":"https:\/\/lasprimeras.com.do\/index.php\/wp-json\/wp\/v2\/posts\/115934\/revisions"}],"predecessor-version":[{"id":115940,"href":"https:\/\/lasprimeras.com.do\/index.php\/wp-json\/wp\/v2\/posts\/115934\/revisions\/115940"}],"wp:featuredmedia":[{"embeddable":true,"href":"https:\/\/lasprimeras.com.do\/index.php\/wp-json\/wp\/v2\/media\/115935"}],"wp:attachment":[{"href":"https:\/\/lasprimeras.com.do\/index.php\/wp-json\/wp\/v2\/media?parent=115934"}],"wp:term":[{"taxonomy":"category","embeddable":true,"href":"https:\/\/lasprimeras.com.do\/index.php\/wp-json\/wp\/v2\/categories?post=115934"},{"taxonomy":"post_tag","embeddable":true,"href":"https:\/\/lasprimeras.com.do\/index.php\/wp-json\/wp\/v2\/tags?post=115934"}],"curies":[{"name":"wp","href":"https:\/\/api.w.org\/{rel}","templated":true}]}}