{"id":115946,"date":"2025-11-26T09:51:37","date_gmt":"2025-11-26T13:51:37","guid":{"rendered":"https:\/\/lasprimeras.com.do\/?p=115946"},"modified":"2025-11-26T09:51:39","modified_gmt":"2025-11-26T13:51:39","slug":"apresamiento-de-alcalde-de-nisibon-tiene-clara-motivacion-politica","status":"publish","type":"post","link":"https:\/\/lasprimeras.com.do\/index.php\/2025\/11\/26\/apresamiento-de-alcalde-de-nisibon-tiene-clara-motivacion-politica\/","title":{"rendered":"Apresamiento de Alcalde de Nisib\u00f3n tiene clara motivaci\u00f3n pol\u00edtica"},"content":{"rendered":"\n<p><strong>El Partido de la Liberaci\u00f3n Dominicana (PLD) condena el apresamiento de que fue objeto el alcalde de Las Lagunas de Nisib\u00f3n, Rub\u00e9n Mont\u00e1s Santana.<\/strong><\/p>\n\n\n\n<p>El Partido de la Liberaci\u00f3n Dominicana (PLD) emiti\u00f3 una nota de condena por el apresamiento de que fue objeto el alcalde de Las Lagunas de Nisib\u00f3n, Rub\u00e9n Mont\u00e1s, quien es miembro del Comit\u00e9 Central de la organizaci\u00f3n pol\u00edtica.<\/p>\n\n\n\n<p>\u201cCon profunda indignaci\u00f3n condenamos desde el PLD el arbitrario apresamiento del compa\u00f1ero, alcalde de Nisib\u00f3n, en un intento de intimidarlo y agredirlo\u201d, escribi\u00f3 Johnny Pujols, secretario general peledeista, expresando as\u00ed la protesta de la organizaci\u00f3n pol\u00edtica.<\/p>\n\n\n\n<p>En horas de la ma\u00f1ana del martes, el alcalde del Distrito Municipal de Nisib\u00f3n, Rub\u00e9n Mont\u00e1s Santana, fue detenido mientras acud\u00eda a verificar el traslado de un transformador perteneciente a la subestaci\u00f3n el\u00e9ctrica local, el cual estaba siendo movilizado hacia el municipio de Miches, informaron los medios noticiosos locales.<\/p>\n\n\n\n<p>\u201cEs imposible no vincular su detenci\u00f3n abusiva con la exposici\u00f3n \u2014respetuosa y a la altura de su investidura\u2014 en la que expres\u00f3 las dificultades reales que enfrenta su comunidad. Eso, en cualquier democracia sana, debe ser aplaudido y emulado, no castigado\u201d, declar\u00f3 Pujols refiriendo la participaci\u00f3n de Mont\u00e1s Santana en el encuentro denominado \u201cGobierno Contigo\u201d que encabez\u00f3 el Presidente Luis Abinader el pasado fin de semana en la provincia La Altagracia.<\/p>\n\n\n\n<p>En sus declaraciones el Secretario General del PLD resalt\u00f3 la integridad y responsabilidad exhibida por el alcalde de Nisib\u00f3n: \u201cLa conducta del compa\u00f1ero Rub\u00e9n Mont\u00e1s ha sido siempre la de un alcalde \u00edntegro.<\/p>\n\n\n\n<p>Felicitamos y reconocemos su actitud seria y valiente, as\u00ed como la unidad y firmeza mostrada por toda la dirigencia de PLD en La Altagracia, que se moviliz\u00f3 de inmediato en defensa de lo correcto\u201d. Apunt\u00f3<\/p>\n\n\n\n<p>Johnny Pujols reiter\u00f3 su condena a la detenci\u00f3n injustificada, del alcalde Ruben Mont\u00e1s Santana, explicando que tiene una clara motivaci\u00f3n pol\u00edtica<\/p>\n\n\n\n<p>\u201cExigimos una investigaci\u00f3n inmediata que esclarezca este atropello y esta pretensi\u00f3n de humillar a un servidor p\u00fablico que ha actuado con altura.\u201d, apunt\u00f3.<\/p>\n\n\n\n<p>El Secretario General del PLD rechaz\u00f3 las explicaciones por la distribuidora de electricidad EDEEste, de que se trat\u00f3 de un supuesto conflicto. \u201cEso no resiste an\u00e1lisis. Ha habido discrepancias anteriores por el mismo tema sin que jam\u00e1s se produjera una detenci\u00f3n\u201d, acot\u00f3.<\/p>\n","protected":false},"excerpt":{"rendered":"<p>El Partido de la Liberaci\u00f3n Dominicana (PLD) condena el apresamiento de que fue objeto el alcalde de Las Lagunas de Nisib\u00f3n, Rub\u00e9n Mont\u00e1s Santana. El Partido de la Liberaci\u00f3n Dominicana&hellip;<\/p>\n","protected":false},"author":10,"featured_media":115947,"comment_status":"open","ping_status":"open","sticky":false,"template":"","format":"standard","meta":{"content-type":"","jetpack_post_was_ever_published":false,"_jetpack_newsletter_access":"","_jetpack_dont_email_post_to_subs":false,"_jetpack_newsletter_tier_id":0,"_jetpack_memberships_contains_paywalled_content":false,"_jetpack_memberships_contains_paid_content":false,"footnotes":""},"categories":[16559,25],"tags":[27811,19465,4278,269,52,27812],"class_list":["post-115946","post","type-post","status-publish","format-standard","has-post-thumbnail","hentry","category-politica","category-portada","tag-alcalde-de-nisibon","tag-apresamiento","tag-motivacion","tag-pld","tag-politica-2","tag-ruben-montas-santana"],"jetpack_featured_media_url":"https:\/\/lasprimeras.com.do\/wp-content\/uploads\/2025\/11\/Ruben-Montas-Santana.jpg","jetpack-related-posts":[{"id":115882,"url":"https:\/\/lasprimeras.com.do\/index.php\/2025\/11\/25\/edeeste-traslada-transformador-de-potencia-hacia-miches\/","url_meta":{"origin":115946,"position":0},"title":"Edeeste traslada transformador de potencia hacia Miches","author":"Nelson Feliz","date":"25 de noviembre de 2025","format":false,"excerpt":"Aclara incidente que involucr\u00f3 al s\u00edndico de Nisib\u00f3n durante operativo t\u00e9cnico La Empresa Distribuidora de Electricidad del Este (Edeeste) traslad\u00f3 un transformador de potencia desde la subestaci\u00f3n del distrito municipal Las Lagunas de Nisib\u00f3n hacia la subestaci\u00f3n de Miches, donde ser\u00e1 instalado para fortalecer la capacidad operativa del sistema el\u00e9ctrico\u2026","rel":"","context":"En \u00abNACIONALES\u00bb","block_context":{"text":"NACIONALES","link":"https:\/\/lasprimeras.com.do\/index.php\/category\/nacionales\/"},"img":{"alt_text":"","src":"https:\/\/i0.wp.com\/lasprimeras.com.do\/wp-content\/uploads\/2025\/11\/Edeeste-1-1.jpg?resize=350%2C200&ssl=1","width":350,"height":200,"srcset":"https:\/\/i0.wp.com\/lasprimeras.com.do\/wp-content\/uploads\/2025\/11\/Edeeste-1-1.jpg?resize=350%2C200&ssl=1 1x, https:\/\/i0.wp.com\/lasprimeras.com.do\/wp-content\/uploads\/2025\/11\/Edeeste-1-1.jpg?resize=525%2C300&ssl=1 1.5x, https:\/\/i0.wp.com\/lasprimeras.com.do\/wp-content\/uploads\/2025\/11\/Edeeste-1-1.jpg?resize=700%2C400&ssl=1 2x"},"classes":[]},{"id":93660,"url":"https:\/\/lasprimeras.com.do\/index.php\/2025\/02\/16\/danilo-medina-situacion-economica-del-pais-es-dificil-y-muy-complicada\/","url_meta":{"origin":115946,"position":1},"title":"Danilo Medina: \u201cSituaci\u00f3n econ\u00f3mica del pa\u00eds es dif\u00edcil y muy complicada\u201d","author":"Nelson Feliz","date":"16 de febrero de 2025","format":false,"excerpt":"El exmandatario pregunt\u00f3 al Presidente Luis Abinader, \u00bfPor qu\u00e9 volvieron los apagones?\u00bb El ex presidente Danilo Medina, Presidente del Partido de la Liberaci\u00f3n Dominicana (PLD), ratific\u00f3 la apreciaci\u00f3n de la poblaci\u00f3n sobre la situaci\u00f3n econ\u00f3mica de Rep\u00fablica Dominicana, afirmando que la misma \u201ces dif\u00edcil y complicada\u201d En ese orden y\u2026","rel":"","context":"En \u00abPOLITICA\u00bb","block_context":{"text":"POLITICA","link":"https:\/\/lasprimeras.com.do\/index.php\/category\/politica\/"},"img":{"alt_text":"","src":"https:\/\/i0.wp.com\/lasprimeras.com.do\/wp-content\/uploads\/2025\/02\/Danilo-Medina-1.jpg?resize=350%2C200&ssl=1","width":350,"height":200,"srcset":"https:\/\/i0.wp.com\/lasprimeras.com.do\/wp-content\/uploads\/2025\/02\/Danilo-Medina-1.jpg?resize=350%2C200&ssl=1 1x, https:\/\/i0.wp.com\/lasprimeras.com.do\/wp-content\/uploads\/2025\/02\/Danilo-Medina-1.jpg?resize=525%2C300&ssl=1 1.5x, https:\/\/i0.wp.com\/lasprimeras.com.do\/wp-content\/uploads\/2025\/02\/Danilo-Medina-1.jpg?resize=700%2C400&ssl=1 2x"},"classes":[]},{"id":106435,"url":"https:\/\/lasprimeras.com.do\/index.php\/2025\/08\/15\/carolina-respalda-impulsar-turismo-religioso-en-higuey\/","url_meta":{"origin":115946,"position":2},"title":"Carolina respalda impulsar turismo religioso en Hig\u00fcey","author":"Nelson Feliz","date":"15 de agosto de 2025","format":false,"excerpt":"\u2022Apoya crear condiciones de seguridad para los feligreses en el camino de peregrinaci\u00f3n desde Bayaguana a la Bas\u00edlica de Hig\u00fcey. La precandidata presidencial del Partido Revolucionario Moderno (PRM)Carolina Mej\u00eda respald\u00f3 este jueves la creaci\u00f3n de medidas de seguridad en el camino de peregrinaci\u00f3n desde Bayaguana hacia la Bas\u00edlica Catedral Nuestra\u2026","rel":"","context":"En \u00abPORTADA\u00bb","block_context":{"text":"PORTADA","link":"https:\/\/lasprimeras.com.do\/index.php\/category\/portada\/"},"img":{"alt_text":"Carolina Mej\u00eda","src":"https:\/\/i0.wp.com\/lasprimeras.com.do\/wp-content\/uploads\/2025\/08\/Carolina-Mejia-2.jpg?resize=350%2C200&ssl=1","width":350,"height":200,"srcset":"https:\/\/i0.wp.com\/lasprimeras.com.do\/wp-content\/uploads\/2025\/08\/Carolina-Mejia-2.jpg?resize=350%2C200&ssl=1 1x, https:\/\/i0.wp.com\/lasprimeras.com.do\/wp-content\/uploads\/2025\/08\/Carolina-Mejia-2.jpg?resize=525%2C300&ssl=1 1.5x, https:\/\/i0.wp.com\/lasprimeras.com.do\/wp-content\/uploads\/2025\/08\/Carolina-Mejia-2.jpg?resize=700%2C400&ssl=1 2x"},"classes":[]},{"id":107798,"url":"https:\/\/lasprimeras.com.do\/index.php\/2025\/08\/31\/danilo-medina-la-gente-reconoce-que-con-el-pld-se-vivia-mejor\/","url_meta":{"origin":115946,"position":3},"title":"Danilo Medina : La gente reconoce que con el PLD se vivia mejor","author":"Nelson Feliz","date":"31 de agosto de 2025","format":false,"excerpt":"Danilo Medina: \u201cTenemos la certeza de que el a\u00f1o que viene, a m\u00e1s tardar, el PLD estar\u00e1 encabezando la preferencia electoral en la Rep\u00fablica Dominicana\u201d. El expresidente de la Rep\u00fablica y actual presidente del Partido de la Liberaci\u00f3n Dominicana (PLD), Danilo Medina, afirm\u00f3 que el repunte que muestran las recientes\u2026","rel":"","context":"En \u00abPOLITICA\u00bb","block_context":{"text":"POLITICA","link":"https:\/\/lasprimeras.com.do\/index.php\/category\/politica\/"},"img":{"alt_text":"","src":"https:\/\/i0.wp.com\/lasprimeras.com.do\/wp-content\/uploads\/2025\/08\/DANILO-MEDINA-1-1.jpg?resize=350%2C200&ssl=1","width":350,"height":200,"srcset":"https:\/\/i0.wp.com\/lasprimeras.com.do\/wp-content\/uploads\/2025\/08\/DANILO-MEDINA-1-1.jpg?resize=350%2C200&ssl=1 1x, https:\/\/i0.wp.com\/lasprimeras.com.do\/wp-content\/uploads\/2025\/08\/DANILO-MEDINA-1-1.jpg?resize=525%2C300&ssl=1 1.5x, https:\/\/i0.wp.com\/lasprimeras.com.do\/wp-content\/uploads\/2025\/08\/DANILO-MEDINA-1-1.jpg?resize=700%2C400&ssl=1 2x"},"classes":[]},{"id":106068,"url":"https:\/\/lasprimeras.com.do\/index.php\/2025\/08\/10\/danilo-denuncia-el-abandono-de-hospitales-y-de-la-salud-de-la-gente\/","url_meta":{"origin":115946,"position":4},"title":"Danilo denuncia el abandono de hospitales y de la salud de la gente","author":"Nelson Feliz","date":"10 de agosto de 2025","format":false,"excerpt":"\u201cLas cifras que yo doy\u2026 Ese es el legado del PLD al desarrollo del pa\u00eds\u201d, afirma el expresidente Danilo Medina. El expresidente de la Rep\u00fablica y Presidente del Partido de la Liberaci\u00f3n Dominicana (PLD), Danilo Medina, denunci\u00f3 el abandono generalizado en que se encuentran los hospitales del pa\u00eds, incluyendo centros\u2026","rel":"","context":"En \u00abPOLITICA\u00bb","block_context":{"text":"POLITICA","link":"https:\/\/lasprimeras.com.do\/index.php\/category\/politica\/"},"img":{"alt_text":"","src":"https:\/\/i0.wp.com\/lasprimeras.com.do\/wp-content\/uploads\/2025\/08\/Danilo-Medina.jpg?resize=350%2C200&ssl=1","width":350,"height":200,"srcset":"https:\/\/i0.wp.com\/lasprimeras.com.do\/wp-content\/uploads\/2025\/08\/Danilo-Medina.jpg?resize=350%2C200&ssl=1 1x, https:\/\/i0.wp.com\/lasprimeras.com.do\/wp-content\/uploads\/2025\/08\/Danilo-Medina.jpg?resize=525%2C300&ssl=1 1.5x, https:\/\/i0.wp.com\/lasprimeras.com.do\/wp-content\/uploads\/2025\/08\/Danilo-Medina.jpg?resize=700%2C400&ssl=1 2x"},"classes":[]},{"id":107086,"url":"https:\/\/lasprimeras.com.do\/index.php\/2025\/08\/22\/ruben-bichara-poblacion-recibe-duro-golpe-por-apagones\/","url_meta":{"origin":115946,"position":5},"title":"Rub\u00e9n Bichara: Poblaci\u00f3n recibe duro golpe por apagones","author":"Nelson Feliz","date":"22 de agosto de 2025","format":false,"excerpt":"Rep\u00fablica Dominicana en el sector el\u00e9ctrico est\u00e1 perdiendo 150 mil d\u00f3lares por minuto, denuncia Rub\u00e9n Bichara El miembro del Comit\u00e9 pol\u00edtico del Partido de la Liberaci\u00f3n Dominicana (PLD) y ex vicepresidente ejecutivo de la Corporaci\u00f3n Dominicana de Empresas El\u00e9ctricas Estatales (CDEEE), Rub\u00e9n Bichara, considera como un duro golpe para la\u2026","rel":"","context":"En \u00abPOLITICA\u00bb","block_context":{"text":"POLITICA","link":"https:\/\/lasprimeras.com.do\/index.php\/category\/politica\/"},"img":{"alt_text":"","src":"https:\/\/i0.wp.com\/lasprimeras.com.do\/wp-content\/uploads\/2025\/08\/Bichara.jpg?resize=350%2C200&ssl=1","width":350,"height":200},"classes":[]}],"jetpack_sharing_enabled":true,"_links":{"self":[{"href":"https:\/\/lasprimeras.com.do\/index.php\/wp-json\/wp\/v2\/posts\/115946","targetHints":{"allow":["GET"]}}],"collection":[{"href":"https:\/\/lasprimeras.com.do\/index.php\/wp-json\/wp\/v2\/posts"}],"about":[{"href":"https:\/\/lasprimeras.com.do\/index.php\/wp-json\/wp\/v2\/types\/post"}],"author":[{"embeddable":true,"href":"https:\/\/lasprimeras.com.do\/index.php\/wp-json\/wp\/v2\/users\/10"}],"replies":[{"embeddable":true,"href":"https:\/\/lasprimeras.com.do\/index.php\/wp-json\/wp\/v2\/comments?post=115946"}],"version-history":[{"count":1,"href":"https:\/\/lasprimeras.com.do\/index.php\/wp-json\/wp\/v2\/posts\/115946\/revisions"}],"predecessor-version":[{"id":115948,"href":"https:\/\/lasprimeras.com.do\/index.php\/wp-json\/wp\/v2\/posts\/115946\/revisions\/115948"}],"wp:featuredmedia":[{"embeddable":true,"href":"https:\/\/lasprimeras.com.do\/index.php\/wp-json\/wp\/v2\/media\/115947"}],"wp:attachment":[{"href":"https:\/\/lasprimeras.com.do\/index.php\/wp-json\/wp\/v2\/media?parent=115946"}],"wp:term":[{"taxonomy":"category","embeddable":true,"href":"https:\/\/lasprimeras.com.do\/index.php\/wp-json\/wp\/v2\/categories?post=115946"},{"taxonomy":"post_tag","embeddable":true,"href":"https:\/\/lasprimeras.com.do\/index.php\/wp-json\/wp\/v2\/tags?post=115946"}],"curies":[{"name":"wp","href":"https:\/\/api.w.org\/{rel}","templated":true}]}}