{"id":115949,"date":"2025-11-25T09:54:15","date_gmt":"2025-11-25T13:54:15","guid":{"rendered":"https:\/\/lasprimeras.com.do\/?p=115949"},"modified":"2025-11-26T09:59:31","modified_gmt":"2025-11-26T13:59:31","slug":"infiltracion-del-narcotrafico-en-la-politica-no-puede-quedarse-en-discursos","status":"publish","type":"post","link":"https:\/\/lasprimeras.com.do\/index.php\/2025\/11\/25\/infiltracion-del-narcotrafico-en-la-politica-no-puede-quedarse-en-discursos\/","title":{"rendered":"Infiltraci\u00f3n del narcotr\u00e1fico en la pol\u00edtica \u201cno puede quedarse en discursos\u201d"},"content":{"rendered":"\n<p><strong>Charles Mariotti a Paliza: \u201cHablemos de la silla vac\u00eda; el PRM tiene que asumir su responsabilidad\u201d<\/strong><\/p>\n\n\n\n<p>El miembro del Comit\u00e9 Pol\u00edtico del Partido de la Liberaci\u00f3n Dominicana (PLD) Charles Mariotti, respondi\u00f3 las declaraciones del presidente del PRM, Jos\u00e9 Ignacio Paliza, afirmando que la lucha contra la infiltraci\u00f3n del narcotr\u00e1fico en la pol\u00edtica \u201cno puede quedarse en discursos, exhortaciones y transferencia de responsabilidad\u201d, e insisti\u00f3 en que los partidos \u2014incluido el oficialismo\u2014 deben asumir responsabilidad real ante cada caso.<\/p>\n\n\n\n<p>Mariotti reiter\u00f3 su propuesta de instaurar la figura de la \u201csilla vac\u00eda\u201d para los legisladores y autoridades locales que sean arrestados, extraditados o formalmente acusados por narcotr\u00e1fico o crimen organizado, como un mecanismo institucional que obligue a los partidos a enfrentar las consecuencias pol\u00edticas de los hechos.<\/p>\n\n\n\n<p>\u201cSi queremos hablar de transparencia de verdad, entonces hablemos de la silla vac\u00eda. Los partidos debemos asumir un precio, y el PRM tiene que asumir responsabilidad por sus propios casos. No se trata solo de llamar a entregarse, se trata de asumir consecuencias como organizaci\u00f3n pol\u00edtica\u201d, declar\u00f3.<\/p>\n\n\n\n<p>El exsenador y exsecretario general del PLD aclar\u00f3 que la propuesta no vulnera la presunci\u00f3n de inocencia, pues establece consecuencias pol\u00edticas, no penales.<\/p>\n\n\n\n<p>Su objetivo, dijo, es impedir que el control partidario sobre una curul se mantenga intacto mientras su titular enfrenta acusaciones graves, lo que afecta la credibilidad institucional.<\/p>\n\n\n\n<p>\u00abLa gente est\u00e1 cansada de que cada partido se lave las manos diciendo que la culpa es personal. Si un legislador cae en manos de la justicia por casos as\u00ed, el partido no puede seguir como si nada. La silla vac\u00eda env\u00eda el mensaje de que la pol\u00edtica no es un refugio\u201d, agreg\u00f3.<\/p>\n\n\n\n<p>Mariotti afirm\u00f3 que este es un debate que la sociedad dominicana exige con urgencia y que debe trascender la coyuntura.<\/p>\n\n\n\n<p>\u201cEl pa\u00eds est\u00e1 pidiendo acciones, no cadenas de palabras. El PRM debe responder por los casos propios, y el PLD tambi\u00e9n asumir\u00e1 lo que tenga que asumir. Pero el mecanismo institucional que nos permitir\u00e1 hacerlo es la silla vac\u00eda\u201d, sostuvo.<\/p>\n\n\n\n<p>Asimismo, dirigente pelede\u00edsta invit\u00f3 al liderazgo nacional a un di\u00e1logo serio para adoptar medidas que fortalezcan la integridad del Congreso, los gobiernos locales y el sistema de partidos.<\/p>\n","protected":false},"excerpt":{"rendered":"<p>Charles Mariotti a Paliza: \u201cHablemos de la silla vac\u00eda; el PRM tiene que asumir su responsabilidad\u201d El miembro del Comit\u00e9 Pol\u00edtico del Partido de la Liberaci\u00f3n Dominicana (PLD) Charles Mariotti,&hellip;<\/p>\n","protected":false},"author":10,"featured_media":115950,"comment_status":"open","ping_status":"open","sticky":false,"template":"","format":"standard","meta":{"content-type":"","jetpack_post_was_ever_published":false,"_jetpack_newsletter_access":"","_jetpack_dont_email_post_to_subs":false,"_jetpack_newsletter_tier_id":0,"_jetpack_memberships_contains_paywalled_content":false,"_jetpack_memberships_contains_paid_content":false,"footnotes":""},"categories":[16559,25],"tags":[735,27813,1420,27814],"class_list":["post-115949","post","type-post","status-publish","format-standard","has-post-thumbnail","hentry","category-politica","category-portada","tag-charles-mariotti","tag-hablemos-de-la-silla-vacia","tag-jose-ignacio-paliza","tag-prm-tiene-que-asumir-su-responsabilidad"],"jetpack_featured_media_url":"https:\/\/lasprimeras.com.do\/wp-content\/uploads\/2025\/11\/Charles-Mariotti.jpg","jetpack-related-posts":[{"id":116027,"url":"https:\/\/lasprimeras.com.do\/index.php\/2025\/11\/26\/fp-exige-al-prm-revelar-nombres-de-funcionarios-vinculados-al-narcotrafico-a-los-que-hizo-alusion-paliza\/","url_meta":{"origin":115949,"position":0},"title":"FP exige al PRM revelar nombres de funcionarios vinculados al narcotr\u00e1fico, a los que hizo alusi\u00f3n Paliza","author":"Nelson Feliz","date":"26 de noviembre de 2025","format":false,"excerpt":"\u201cPaliza debe decir qui\u00e9nes son\u201d, afirma Ra\u00fal Mart\u00ednez. El partido Fuerza del Pueblo (FP) exigi\u00f3 al Partido Revolucionario Moderno (PRM) que revele los nombres de los funcionarios electos y dirigentes de su propia organizaci\u00f3n que estar\u00edan vinculados al narcotr\u00e1fico y al crimen organizado, como lo dio a entender recientemente su\u2026","rel":"","context":"En \u00abPOLITICA\u00bb","block_context":{"text":"POLITICA","link":"https:\/\/lasprimeras.com.do\/index.php\/category\/politica\/"},"img":{"alt_text":"","src":"https:\/\/i0.wp.com\/lasprimeras.com.do\/wp-content\/uploads\/2025\/11\/Raul-Martinez.jpg?resize=350%2C200&ssl=1","width":350,"height":200,"srcset":"https:\/\/i0.wp.com\/lasprimeras.com.do\/wp-content\/uploads\/2025\/11\/Raul-Martinez.jpg?resize=350%2C200&ssl=1 1x, https:\/\/i0.wp.com\/lasprimeras.com.do\/wp-content\/uploads\/2025\/11\/Raul-Martinez.jpg?resize=525%2C300&ssl=1 1.5x, https:\/\/i0.wp.com\/lasprimeras.com.do\/wp-content\/uploads\/2025\/11\/Raul-Martinez.jpg?resize=700%2C400&ssl=1 2x"},"classes":[]},{"id":115811,"url":"https:\/\/lasprimeras.com.do\/index.php\/2025\/11\/25\/diputada-del-prm-pide-a-paliza-disculparse-con-el-pais-por-candidatos-vinculados-al-narco\/","url_meta":{"origin":115949,"position":1},"title":"Diputada del PRM pide a Paliza disculparse con el pa\u00eds por candidatos vinculados al narco","author":"Nelson Feliz","date":"25 de noviembre de 2025","format":false,"excerpt":"El presidente del PRM habl\u00f3 de los recientes casos de narcotr\u00e1fico en la pol\u00edtica. La diputada oficialista Soraya Su\u00e1rez consider\u00f3 este martes que el presidente del Partido Revolucionario Moderno (PRM), Jos\u00e9 Ignacio Paliza, debi\u00f3 pedir disculpas a la ciudadan\u00eda al referirse anoche a los casos de pol\u00edticos vinculados al narcotr\u00e1fico\u2026","rel":"","context":"En \u00abPOLITICA\u00bb","block_context":{"text":"POLITICA","link":"https:\/\/lasprimeras.com.do\/index.php\/category\/politica\/"},"img":{"alt_text":"","src":"https:\/\/i0.wp.com\/lasprimeras.com.do\/wp-content\/uploads\/2025\/11\/Soraya-Suarez.jpg?resize=350%2C200&ssl=1","width":350,"height":200,"srcset":"https:\/\/i0.wp.com\/lasprimeras.com.do\/wp-content\/uploads\/2025\/11\/Soraya-Suarez.jpg?resize=350%2C200&ssl=1 1x, https:\/\/i0.wp.com\/lasprimeras.com.do\/wp-content\/uploads\/2025\/11\/Soraya-Suarez.jpg?resize=525%2C300&ssl=1 1.5x"},"classes":[]},{"id":75845,"url":"https:\/\/lasprimeras.com.do\/index.php\/2024\/02\/02\/charles-mariotti-pld-no-atentaria-jamas-contra-la-estabilidad-sistemica-economica-y-social-que-creo-ni-contra-la-paz\/","url_meta":{"origin":115949,"position":2},"title":"Charles Mariotti: \u201cPLD no atentar\u00eda jam\u00e1s contra la estabilidad sist\u00e9mica, econ\u00f3mica y social que cre\u00f3, ni contra la paz\u201d","author":"Nelson Feliz","date":"2 de febrero de 2024","format":false,"excerpt":"Fueron los candidatos (as) del PRM quienes recibieron recursos del Narcotr\u00e1fico. El secretario general del Partido de la Liberaci\u00f3n Dominicana (PLD), Charles Mariotti, explic\u00f3 que las leyes electorales dejan bien claro lo roles de los partidos pol\u00edticos y la Junta Central Electoral en los procesos comiciales, exponiendo que esa organizaci\u00f3n\u2026","rel":"","context":"En \u00abPORTADA\u00bb","block_context":{"text":"PORTADA","link":"https:\/\/lasprimeras.com.do\/index.php\/category\/portada\/"},"img":{"alt_text":"Charles Mariotti","src":"https:\/\/i0.wp.com\/lasprimeras.com.do\/wp-content\/uploads\/2024\/02\/Charles-Mariotti.jpeg?resize=350%2C200&ssl=1","width":350,"height":200},"classes":[]},{"id":88808,"url":"https:\/\/lasprimeras.com.do\/index.php\/2024\/09\/07\/gobierno-de-luis-abinader-ha-democratizado-la-pobreza\/","url_meta":{"origin":115949,"position":3},"title":"Gobierno de Luis Abinader ha democratizado la pobreza","author":"Nelson Feliz","date":"7 de septiembre de 2024","format":false,"excerpt":"Charles Mariotti a Paliza: \u201cEl verdadero peligro es que el PRM repita en 2028 El Secretario General del Partido de la Liberaci\u00f3n Dominicana (PLD) Charles Mariotti, advirti\u00f3 que el gran peligro en materia pol\u00edtica en nuestro pa\u00eds es que el PRM repita en las elecciones del a\u00f1o 2028. Mariotti respondi\u00f3\u2026","rel":"","context":"En \u00abPORTADA\u00bb","block_context":{"text":"PORTADA","link":"https:\/\/lasprimeras.com.do\/index.php\/category\/portada\/"},"img":{"alt_text":"Charles Mariotti","src":"https:\/\/i0.wp.com\/lasprimeras.com.do\/wp-content\/uploads\/2024\/09\/Charles-Mariotti-1.jpg?resize=350%2C200&ssl=1","width":350,"height":200,"srcset":"https:\/\/i0.wp.com\/lasprimeras.com.do\/wp-content\/uploads\/2024\/09\/Charles-Mariotti-1.jpg?resize=350%2C200&ssl=1 1x, https:\/\/i0.wp.com\/lasprimeras.com.do\/wp-content\/uploads\/2024\/09\/Charles-Mariotti-1.jpg?resize=525%2C300&ssl=1 1.5x"},"classes":[]},{"id":115791,"url":"https:\/\/lasprimeras.com.do\/index.php\/2025\/11\/25\/jose-dantes-responde-a-paliza-escandalos-y-extradiciones-por-narcotrafico-provienen-de-dirigentes-y-allegados-al-prm\/","url_meta":{"origin":115949,"position":4},"title":"Jos\u00e9 Dant\u00e9s responde a Paliza: Esc\u00e1ndalos y extradiciones por narcotr\u00e1fico provienen de dirigentes y allegados al PRM","author":"Nelson Feliz","date":"25 de noviembre de 2025","format":false,"excerpt":"El miembro del Comit\u00e9 Pol\u00edtico del Partido de la Liberaci\u00f3n Dominicana (PLD), Jos\u00e9 Dant\u00e9s D\u00edaz, record\u00f3 que la docena de casos, esc\u00e1ndalos y extradiciones por el crimen de narcotr\u00e1fico provienen de dirigentes y allegados al PRM, \u201cno del sistema ni de otros partidos\u201d. El secretario de Asuntos Jur\u00eddicos del PLD,\u2026","rel":"","context":"En \u00abPOLITICA\u00bb","block_context":{"text":"POLITICA","link":"https:\/\/lasprimeras.com.do\/index.php\/category\/politica\/"},"img":{"alt_text":"","src":"https:\/\/i0.wp.com\/lasprimeras.com.do\/wp-content\/uploads\/2025\/11\/Jose-Dantes.jpg?resize=350%2C200&ssl=1","width":350,"height":200,"srcset":"https:\/\/i0.wp.com\/lasprimeras.com.do\/wp-content\/uploads\/2025\/11\/Jose-Dantes.jpg?resize=350%2C200&ssl=1 1x, https:\/\/i0.wp.com\/lasprimeras.com.do\/wp-content\/uploads\/2025\/11\/Jose-Dantes.jpg?resize=525%2C300&ssl=1 1.5x, https:\/\/i0.wp.com\/lasprimeras.com.do\/wp-content\/uploads\/2025\/11\/Jose-Dantes.jpg?resize=700%2C400&ssl=1 2x"},"classes":[]},{"id":75848,"url":"https:\/\/lasprimeras.com.do\/index.php\/2024\/02\/05\/mariotti-advierte-que-el-prm-se-propone-ganar-elecciones-con-los-recursos-del-gobierno\/","url_meta":{"origin":115949,"position":5},"title":"Mariotti advierte que el PRM se propone ganar elecciones con los recursos del Gobierno","author":"Nelson Feliz","date":"5 de febrero de 2024","format":false,"excerpt":"El secretario general del Partido de la Liberaci\u00f3n Dominicana (PLD), Charles Mariotti, advirti\u00f3 que el oficialismo y el PRM se proponen apabullar los candidatos y candidatas de esa organizaci\u00f3n con el dinero del Gobierno, objetivo que debe ser enfrentado con el trabajo y vigilancia del Partido de la Liberaci\u00f3n Dominicana\u2026","rel":"","context":"En \u00abPORTADA\u00bb","block_context":{"text":"PORTADA","link":"https:\/\/lasprimeras.com.do\/index.php\/category\/portada\/"},"img":{"alt_text":"Charles Mariotti","src":"https:\/\/i0.wp.com\/lasprimeras.com.do\/wp-content\/uploads\/2024\/02\/Charles-Mariotti-1.jpg?resize=350%2C200&ssl=1","width":350,"height":200,"srcset":"https:\/\/i0.wp.com\/lasprimeras.com.do\/wp-content\/uploads\/2024\/02\/Charles-Mariotti-1.jpg?resize=350%2C200&ssl=1 1x, https:\/\/i0.wp.com\/lasprimeras.com.do\/wp-content\/uploads\/2024\/02\/Charles-Mariotti-1.jpg?resize=525%2C300&ssl=1 1.5x, https:\/\/i0.wp.com\/lasprimeras.com.do\/wp-content\/uploads\/2024\/02\/Charles-Mariotti-1.jpg?resize=700%2C400&ssl=1 2x"},"classes":[]}],"jetpack_sharing_enabled":true,"_links":{"self":[{"href":"https:\/\/lasprimeras.com.do\/index.php\/wp-json\/wp\/v2\/posts\/115949","targetHints":{"allow":["GET"]}}],"collection":[{"href":"https:\/\/lasprimeras.com.do\/index.php\/wp-json\/wp\/v2\/posts"}],"about":[{"href":"https:\/\/lasprimeras.com.do\/index.php\/wp-json\/wp\/v2\/types\/post"}],"author":[{"embeddable":true,"href":"https:\/\/lasprimeras.com.do\/index.php\/wp-json\/wp\/v2\/users\/10"}],"replies":[{"embeddable":true,"href":"https:\/\/lasprimeras.com.do\/index.php\/wp-json\/wp\/v2\/comments?post=115949"}],"version-history":[{"count":1,"href":"https:\/\/lasprimeras.com.do\/index.php\/wp-json\/wp\/v2\/posts\/115949\/revisions"}],"predecessor-version":[{"id":115951,"href":"https:\/\/lasprimeras.com.do\/index.php\/wp-json\/wp\/v2\/posts\/115949\/revisions\/115951"}],"wp:featuredmedia":[{"embeddable":true,"href":"https:\/\/lasprimeras.com.do\/index.php\/wp-json\/wp\/v2\/media\/115950"}],"wp:attachment":[{"href":"https:\/\/lasprimeras.com.do\/index.php\/wp-json\/wp\/v2\/media?parent=115949"}],"wp:term":[{"taxonomy":"category","embeddable":true,"href":"https:\/\/lasprimeras.com.do\/index.php\/wp-json\/wp\/v2\/categories?post=115949"},{"taxonomy":"post_tag","embeddable":true,"href":"https:\/\/lasprimeras.com.do\/index.php\/wp-json\/wp\/v2\/tags?post=115949"}],"curies":[{"name":"wp","href":"https:\/\/api.w.org\/{rel}","templated":true}]}}